{"id":41589,"date":"2019-11-27T12:46:16","date_gmt":"2019-11-27T18:46:16","guid":{"rendered":"http:\/\/www.grieta.org.mx\/?p=41589"},"modified":"2019-11-27T14:59:01","modified_gmt":"2019-11-27T20:59:01","slug":"protestan-trabajadores-de-salud-de-yucatan-por-falta-de-pago-piden-renuncia-de-su-lider-sindical","status":"publish","type":"post","link":"https:\/\/www.grieta.org.mx\/index.php\/2019\/11\/27\/protestan-trabajadores-de-salud-de-yucatan-por-falta-de-pago-piden-renuncia-de-su-lider-sindical\/","title":{"rendered":"Protestan trabajadores de salud de Yucat\u00e1n por falta de pago; piden renuncia de su l\u00edder sindical"},"content":{"rendered":"<p><img loading=\"lazy\" decoding=\"async\" data-attachment-id=\"41590\" data-permalink=\"https:\/\/www.grieta.org.mx\/index.php\/2019\/11\/27\/protestan-trabajadores-de-salud-de-yucatan-por-falta-de-pago-piden-renuncia-de-su-lider-sindical\/saludsindicalizados2-jpg_1084667573\/\" data-orig-file=\"https:\/\/www.grieta.org.mx\/wp-content\/uploads\/2019\/11\/saludsindicalizados2.jpg_1084667573.jpg\" data-orig-size=\"600,316\" data-comments-opened=\"0\" data-image-meta=\"{&quot;aperture&quot;:&quot;0&quot;,&quot;credit&quot;:&quot;&quot;,&quot;camera&quot;:&quot;&quot;,&quot;caption&quot;:&quot;&quot;,&quot;created_timestamp&quot;:&quot;0&quot;,&quot;copyright&quot;:&quot;&quot;,&quot;focal_length&quot;:&quot;0&quot;,&quot;iso&quot;:&quot;0&quot;,&quot;shutter_speed&quot;:&quot;0&quot;,&quot;title&quot;:&quot;&quot;,&quot;orientation&quot;:&quot;0&quot;}\" data-image-title=\"saludsindicalizados2.jpg_1084667573\" data-image-description=\"\" data-image-caption=\"\" data-medium-file=\"https:\/\/www.grieta.org.mx\/wp-content\/uploads\/2019\/11\/saludsindicalizados2.jpg_1084667573-300x158.jpg\" data-large-file=\"https:\/\/www.grieta.org.mx\/wp-content\/uploads\/2019\/11\/saludsindicalizados2.jpg_1084667573.jpg\" src=\"http:\/\/www.grieta.org.mx\/wp-content\/uploads\/2019\/11\/saludsindicalizados2.jpg_1084667573.jpg\" alt=\"\" width=\"600\" height=\"316\" class=\"aligncenter size-full wp-image-41590\" srcset=\"https:\/\/www.grieta.org.mx\/wp-content\/uploads\/2019\/11\/saludsindicalizados2.jpg_1084667573.jpg 600w, https:\/\/www.grieta.org.mx\/wp-content\/uploads\/2019\/11\/saludsindicalizados2.jpg_1084667573-300x158.jpg 300w\" sizes=\"auto, (max-width: 600px) 100vw, 600px\" \/><br \/>\nRebeca Gonz\u00e1lez\/La Verdad<\/p>\n<blockquote><p>Trabajadores sindicalizados del sector salud realizaron una breve protesta en las propias instalaciones del Hospital General Agust\u00edn O\u2019Hor\u00e1n de Yucat\u00e1n, por la falta del pago de retroactivo; acusaron que el dirigente sindical Eulogio Pi\u00f1a se la pasa paseando en vez de atender los problemas de los trabajadores.<\/p><\/blockquote>\n<p>Trabajadores del sector salud, adheridos a la Secci\u00f3n 67 del Sindicato Nacional de Salud, pidieron la salida inmediata del secretario Eulogio Pi\u00f1a Brice\u00f1o, a quien acusaron de hacer oidos sordos a sus demandas adem\u00e1s que tiene un mes que no les da cara porque prefiere salir de Yucat\u00e1n a Congresos Nacionales.<\/p>\n<p>Mediante una breve manifestaci\u00f3n llevada a cabo por los inconformes en la explanada del Hospital General Agust\u00edn O\u2019Hor\u00e1n, informaron que las autoridades de salud que en el estado encabeza Mauricio Sauri Vivas, no han  cumplido con el pago de salarios retroactivos, les deben los d\u00edas festivos y tampoco les han entregado nuevos uniformes.<\/p>\n<p>Los sindicalizados hicieron hincapi\u00e9 en que su dirigente sindical, el doctor Eulogio Pi\u00f1a, se hace el escurridizo cada vez que acuden a su oficina, donde les informan que se encuentra en \u201cun congreso nacional y por eso no puede atenderlos\u201d.<\/p>\n<p>La manifestaci\u00f3n de los trabajadores de salud en el Hospital Agust\u00edn O\u2019Hor\u00e1n, coincidi\u00f3 en la ma\u00f1ana con un recorrido programado por el jefe del ejecutivo estatal Mauricio Vila Dosal, quien al ser abordado por los manifestantes se comprometi\u00f3 a revisar su problema.<\/p>\n<p>El titular de salud en Yucat\u00e1n Mauricio Sauri Vivas constantemente se ha visto envuelto en pol\u00e9micas, ocasionadas por la desatenci\u00f3n, malos tratos y despidos injustificados a la clase trabajadora, cr\u00edticas a las que se suma la falta de vacunas contra la influenza y neumococo en centros de salud rurales.<\/p>\n<p><a href=\"https:\/\/laverdadnoticias.com\/yucatan\/Protestan-trabajadores-de-salud-de-Yucatan-por-falta-de-pago-piden-renuncia-de-su-lider-sindical-20191127-0146.html\" rel=\"noopener noreferrer\" target=\"_blank\">https:\/\/laverdadnoticias.com\/yucatan\/Protestan-trabajadores-de-salud-de-Yucatan-por-falta-de-pago-piden-renuncia-de-su-lider-sindical-20191127-0146.html<\/a><\/p>\n","protected":false},"excerpt":{"rendered":"<p>Rebeca Gonz\u00e1lez\/La Verdad Trabajadores sindicalizados del sector salud realizaron una breve protesta en las propias instalaciones del Hospital General Agust\u00edn O\u2019Hor\u00e1n de Yucat\u00e1n, por la falta del pago de retroactivo; &hellip; <a href=\"https:\/\/www.grieta.org.mx\/index.php\/2019\/11\/27\/protestan-trabajadores-de-salud-de-yucatan-por-falta-de-pago-piden-renuncia-de-su-lider-sindical\/\" class=\"more-link\">Leer m\u00e1s<\/a><\/p>\n","protected":false},"author":2,"featured_media":41590,"comment_status":"closed","ping_status":"closed","sticky":false,"template":"","format":"standard","meta":{"ngg_post_thumbnail":0,"_jetpack_newsletter_access":"","_jetpack_dont_email_post_to_subs":false,"_jetpack_newsletter_tier_id":0,"_jetpack_memberships_contains_paywalled_content":false,"_jetpack_memberships_contains_paid_content":false,"footnotes":""},"categories":[80,1105,2,36],"tags":[2102,2367],"class_list":["post-41589","post","type-post","status-publish","format-standard","has-post-thumbnail","hentry","category-cintillo","category-desmantelamiento-del-sector-salud-en-yucatan","category-noticias-nacionales","category-yucatan","tag-conflicto-laboral","tag-crisis-en-el-sector-salud","entry"],"jetpack_featured_media_url":"https:\/\/www.grieta.org.mx\/wp-content\/uploads\/2019\/11\/saludsindicalizados2.jpg_1084667573.jpg","jetpack_sharing_enabled":true,"jetpack_shortlink":"https:\/\/wp.me\/p7ZJR4-aON","jetpack_likes_enabled":false,"jetpack-related-posts":[{"id":29850,"url":"https:\/\/www.grieta.org.mx\/index.php\/2019\/02\/27\/hospitales-de-yucatan-carecen-de-infraestructura\/","url_meta":{"origin":41589,"position":0},"title":"Hospitales de Yucat\u00e1n carecen de infraestructura","author":"grieta","date":"27 febrero, 2019","format":false,"excerpt":"Eliza Ongay\/La Verdad Las afectaciones en los hospitales de Yucat\u00e1n, no son solo paa los trabajadores sino tambi\u00e9n de los usuarios, uno de los problemas es que la cocina del O\u00b4hor\u00e1n est\u00e1 en condiciones insalubres. De acuerdo con Eulogio Pi\u00f1a Brice\u00f1o, l\u00edder del Sindicato Nacional de Trabajadores de la Secretar\u00eda\u2026","rel":"","context":"En &quot;CINTILLO&quot;","block_context":{"text":"CINTILLO","link":"https:\/\/www.grieta.org.mx\/index.php\/category\/cintillo\/"},"img":{"alt_text":"","src":"https:\/\/i0.wp.com\/www.grieta.org.mx\/wp-content\/uploads\/2019\/03\/SectorSaludYucatan.png?resize=350%2C200&ssl=1","width":350,"height":200,"srcset":"https:\/\/i0.wp.com\/www.grieta.org.mx\/wp-content\/uploads\/2019\/03\/SectorSaludYucatan.png?resize=350%2C200&ssl=1 1x, https:\/\/i0.wp.com\/www.grieta.org.mx\/wp-content\/uploads\/2019\/03\/SectorSaludYucatan.png?resize=525%2C300&ssl=1 1.5x, https:\/\/i0.wp.com\/www.grieta.org.mx\/wp-content\/uploads\/2019\/03\/SectorSaludYucatan.png?resize=700%2C400&ssl=1 2x"},"classes":[]},{"id":42888,"url":"https:\/\/www.grieta.org.mx\/index.php\/2020\/01\/10\/sindicalizados-de-salud-se-van-a-paro-de-brazos-caidos-en-yucatan\/","url_meta":{"origin":41589,"position":1},"title":"Sindicalizados de Salud se van a paro de brazos ca\u00eddos en Yucat\u00e1n","author":"grieta","date":"10 enero, 2020","format":false,"excerpt":"Reporteros Hoy M\u00e9rida, Yucat\u00e1n; (ACOM).- La secci\u00f3n 67 del Sindicato Nacional de Trabajadores de la Secretar\u00eda de Salud (SNTSA) anunci\u00f3 hoy un paro de brazos ca\u00eddos a manera de protesta por la falta de recursos federales. Eulogio Pi\u00f1a Brice\u00f1o, secretario general de la secci\u00f3n, asegur\u00f3 que la instancia estatal ha\u2026","rel":"","context":"En &quot;CINTILLO&quot;","block_context":{"text":"CINTILLO","link":"https:\/\/www.grieta.org.mx\/index.php\/category\/cintillo\/"},"img":{"alt_text":"","src":"https:\/\/i0.wp.com\/www.grieta.org.mx\/wp-content\/uploads\/2020\/01\/SSY-1-768x432.jpg?resize=350%2C200&ssl=1","width":350,"height":200,"srcset":"https:\/\/i0.wp.com\/www.grieta.org.mx\/wp-content\/uploads\/2020\/01\/SSY-1-768x432.jpg?resize=350%2C200&ssl=1 1x, https:\/\/i0.wp.com\/www.grieta.org.mx\/wp-content\/uploads\/2020\/01\/SSY-1-768x432.jpg?resize=525%2C300&ssl=1 1.5x, https:\/\/i0.wp.com\/www.grieta.org.mx\/wp-content\/uploads\/2020\/01\/SSY-1-768x432.jpg?resize=700%2C400&ssl=1 2x"},"classes":[]},{"id":68573,"url":"https:\/\/www.grieta.org.mx\/index.php\/2024\/02\/12\/trabajadores-del-issste-denuncian-falta-de-transparencia-en-asignacion-de-plazas-yucatan\/","url_meta":{"origin":41589,"position":2},"title":"Trabajadores del ISSSTE denuncian falta de transparencia en asignaci\u00f3n de plazas (Yucat\u00e1n)","author":"grieta","date":"12 febrero, 2024","format":false,"excerpt":"Paloma Reyes \/ Haz Ruido Protestaron en el hospital de Susul\u00e1 debido a que se otorgaron plazas sin boletinar a sindicalizados que llevaban tiempo en la bolsa de trabajo. M\u00e9rida, Yucat\u00e1n, 12 de febrero de 2024.-Trabajadores sindicalizados del Instituto de Seguridad y Servicios Sociales de los Trabajadores del Estado (ISSSTE)\u2026","rel":"","context":"En &quot;CINTILLO&quot;","block_context":{"text":"CINTILLO","link":"https:\/\/www.grieta.org.mx\/index.php\/category\/cintillo\/"},"img":{"alt_text":"","src":"https:\/\/i0.wp.com\/www.grieta.org.mx\/wp-content\/uploads\/2024\/03\/issste-e1709578753364.jpg?resize=350%2C200&ssl=1","width":350,"height":200,"srcset":"https:\/\/i0.wp.com\/www.grieta.org.mx\/wp-content\/uploads\/2024\/03\/issste-e1709578753364.jpg?resize=350%2C200&ssl=1 1x, https:\/\/i0.wp.com\/www.grieta.org.mx\/wp-content\/uploads\/2024\/03\/issste-e1709578753364.jpg?resize=525%2C300&ssl=1 1.5x, https:\/\/i0.wp.com\/www.grieta.org.mx\/wp-content\/uploads\/2024\/03\/issste-e1709578753364.jpg?resize=700%2C400&ssl=1 2x"},"classes":[]},{"id":70958,"url":"https:\/\/www.grieta.org.mx\/index.php\/2025\/02\/07\/crisis-en-el-hospital-de-alta-especialidad-yucatan\/","url_meta":{"origin":41589,"position":3},"title":"Crisis en el hospital de alta especialidad (Yucat\u00e1n)","author":"grieta","date":"7 febrero, 2025","format":false,"excerpt":"Redacci\u00f3n\/Sol Yucat\u00e1n El martes pasado fueron colocadas mantas y pancartas en el Hospital Regional de Alta Especialidad de la Pen\u00ednsula de Yucat\u00e1n (HRAEPY) por parte de trabajadores de este nosocomio en el norte de M\u00e9rida quienes denunciaron la falta de medicamentos e insumos hospitalarios que se agudiz\u00f3 con la incorporaci\u00f3n\u2026","rel":"","context":"En &quot;CINTILLO&quot;","block_context":{"text":"CINTILLO","link":"https:\/\/www.grieta.org.mx\/index.php\/category\/cintillo\/"},"img":{"alt_text":"","src":"https:\/\/i0.wp.com\/www.grieta.org.mx\/wp-content\/uploads\/2025\/02\/Crisis-e1739408837835.jpg?resize=350%2C200&ssl=1","width":350,"height":200,"srcset":"https:\/\/i0.wp.com\/www.grieta.org.mx\/wp-content\/uploads\/2025\/02\/Crisis-e1739408837835.jpg?resize=350%2C200&ssl=1 1x, https:\/\/i0.wp.com\/www.grieta.org.mx\/wp-content\/uploads\/2025\/02\/Crisis-e1739408837835.jpg?resize=525%2C300&ssl=1 1.5x, https:\/\/i0.wp.com\/www.grieta.org.mx\/wp-content\/uploads\/2025\/02\/Crisis-e1739408837835.jpg?resize=700%2C400&ssl=1 2x"},"classes":[]},{"id":72316,"url":"https:\/\/www.grieta.org.mx\/index.php\/2025\/09\/02\/trabajadores-del-centro-de-salud-de-merida-exigen-la-destitucion-del-director-acusan-hostigamiento-y-amenazas-yucatan\/","url_meta":{"origin":41589,"position":4},"title":"Trabajadores del Centro de Salud de M\u00e9rida exigen la destituci\u00f3n del Director; acusan hostigamiento y amenazas (Yucat\u00e1n)","author":"grieta","date":"2 septiembre, 2025","format":false,"excerpt":"Katia Leyva \/ Por Esto! El conflicto laboral en la Jurisdicci\u00f3n Sanitaria N\u00famero 1 escal\u00f3 ayer a un punto cr\u00edtico: trabajadores del Centro de Salud de M\u00e9rida, respaldados por el Sindicato Nacional de Trabajadores de la Secretar\u00eda de Salud, Secci\u00f3n 67 (SNTSA), exigieron la destituci\u00f3n inmediata del director, doctor Mario\u2026","rel":"","context":"En &quot;CINTILLO&quot;","block_context":{"text":"CINTILLO","link":"https:\/\/www.grieta.org.mx\/index.php\/category\/cintillo\/"},"img":{"alt_text":"","src":"https:\/\/i0.wp.com\/www.grieta.org.mx\/wp-content\/uploads\/2025\/09\/CentroSalud-e1758416076306.jpg?resize=350%2C200&ssl=1","width":350,"height":200,"srcset":"https:\/\/i0.wp.com\/www.grieta.org.mx\/wp-content\/uploads\/2025\/09\/CentroSalud-e1758416076306.jpg?resize=350%2C200&ssl=1 1x, https:\/\/i0.wp.com\/www.grieta.org.mx\/wp-content\/uploads\/2025\/09\/CentroSalud-e1758416076306.jpg?resize=525%2C300&ssl=1 1.5x, https:\/\/i0.wp.com\/www.grieta.org.mx\/wp-content\/uploads\/2025\/09\/CentroSalud-e1758416076306.jpg?resize=700%2C400&ssl=1 2x"},"classes":[]},{"id":53925,"url":"https:\/\/www.grieta.org.mx\/index.php\/2020\/09\/24\/personal-medico-encargado-de-atender-a-pacientes-covid-19-sigue-sin-recibir-pago-en-yucatan\/","url_meta":{"origin":41589,"position":5},"title":"Personal m\u00e9dico encargado de atender a pacientes COVID-19 sigue sin recibir pago en Yucat\u00e1n","author":"grieta","date":"24 septiembre, 2020","format":false,"excerpt":"Itzel Chan \/ Noticaribe M\u00c9RIDA, MX.- A pesar que desde el pasado 15 de septiembre se dio a conocer la falta de pago a personal m\u00e9dico que fue contratado para los hospitales emergentes y atender a personas enfermas por coronavirus (COVID-19) en Yucat\u00e1n, hoy siguen sin recibir ni salario ni\u2026","rel":"","context":"En &quot;CINTILLO&quot;","block_context":{"text":"CINTILLO","link":"https:\/\/www.grieta.org.mx\/index.php\/category\/cintillo\/"},"img":{"alt_text":"","src":"https:\/\/i0.wp.com\/www.grieta.org.mx\/wp-content\/uploads\/2020\/10\/MedicosYuc-e1601680596210.png?resize=350%2C200&ssl=1","width":350,"height":200,"srcset":"https:\/\/i0.wp.com\/www.grieta.org.mx\/wp-content\/uploads\/2020\/10\/MedicosYuc-e1601680596210.png?resize=350%2C200&ssl=1 1x, https:\/\/i0.wp.com\/www.grieta.org.mx\/wp-content\/uploads\/2020\/10\/MedicosYuc-e1601680596210.png?resize=525%2C300&ssl=1 1.5x, https:\/\/i0.wp.com\/www.grieta.org.mx\/wp-content\/uploads\/2020\/10\/MedicosYuc-e1601680596210.png?resize=700%2C400&ssl=1 2x"},"classes":[]}],"_links":{"self":[{"href":"https:\/\/www.grieta.org.mx\/index.php\/wp-json\/wp\/v2\/posts\/41589","targetHints":{"allow":["GET"]}}],"collection":[{"href":"https:\/\/www.grieta.org.mx\/index.php\/wp-json\/wp\/v2\/posts"}],"about":[{"href":"https:\/\/www.grieta.org.mx\/index.php\/wp-json\/wp\/v2\/types\/post"}],"author":[{"embeddable":true,"href":"https:\/\/www.grieta.org.mx\/index.php\/wp-json\/wp\/v2\/users\/2"}],"replies":[{"embeddable":true,"href":"https:\/\/www.grieta.org.mx\/index.php\/wp-json\/wp\/v2\/comments?post=41589"}],"version-history":[{"count":1,"href":"https:\/\/www.grieta.org.mx\/index.php\/wp-json\/wp\/v2\/posts\/41589\/revisions"}],"predecessor-version":[{"id":41591,"href":"https:\/\/www.grieta.org.mx\/index.php\/wp-json\/wp\/v2\/posts\/41589\/revisions\/41591"}],"wp:featuredmedia":[{"embeddable":true,"href":"https:\/\/www.grieta.org.mx\/index.php\/wp-json\/wp\/v2\/media\/41590"}],"wp:attachment":[{"href":"https:\/\/www.grieta.org.mx\/index.php\/wp-json\/wp\/v2\/media?parent=41589"}],"wp:term":[{"taxonomy":"category","embeddable":true,"href":"https:\/\/www.grieta.org.mx\/index.php\/wp-json\/wp\/v2\/categories?post=41589"},{"taxonomy":"post_tag","embeddable":true,"href":"https:\/\/www.grieta.org.mx\/index.php\/wp-json\/wp\/v2\/tags?post=41589"}],"curies":[{"name":"wp","href":"https:\/\/api.w.org\/{rel}","templated":true}]}}