{"id":41575,"date":"2019-11-26T22:31:45","date_gmt":"2019-11-27T04:31:45","guid":{"rendered":"http:\/\/www.grieta.org.mx\/?p=41575"},"modified":"2019-11-26T23:21:15","modified_gmt":"2019-11-27T05:21:15","slug":"sembrando-vida-ya-causa-danos-ambientales-y-sociales-en-campeche-el-tren-maya-amenaza-con-traer-mas-dano","status":"publish","type":"post","link":"https:\/\/www.grieta.org.mx\/index.php\/2019\/11\/26\/sembrando-vida-ya-causa-danos-ambientales-y-sociales-en-campeche-el-tren-maya-amenaza-con-traer-mas-dano\/","title":{"rendered":"Sembrando vida ya causa da\u00f1os ambientales y sociales en Campeche, el tren maya amenaza con traer m\u00e1s da\u00f1o"},"content":{"rendered":"<figure id=\"attachment_41576\" aria-describedby=\"caption-attachment-41576\" style=\"width: 800px\" class=\"wp-caption aligncenter\"><img loading=\"lazy\" decoding=\"async\" data-attachment-id=\"41576\" data-permalink=\"https:\/\/www.grieta.org.mx\/index.php\/2019\/11\/26\/sembrando-vida-ya-causa-danos-ambientales-y-sociales-en-campeche-el-tren-maya-amenaza-con-traer-mas-dano\/parcelatalada\/\" data-orig-file=\"https:\/\/www.grieta.org.mx\/wp-content\/uploads\/2019\/11\/Parcelatalada.jpg\" data-orig-size=\"1600,1200\" data-comments-opened=\"0\" data-image-meta=\"{&quot;aperture&quot;:&quot;0&quot;,&quot;credit&quot;:&quot;&quot;,&quot;camera&quot;:&quot;&quot;,&quot;caption&quot;:&quot;&quot;,&quot;created_timestamp&quot;:&quot;0&quot;,&quot;copyright&quot;:&quot;&quot;,&quot;focal_length&quot;:&quot;0&quot;,&quot;iso&quot;:&quot;0&quot;,&quot;shutter_speed&quot;:&quot;0&quot;,&quot;title&quot;:&quot;&quot;,&quot;orientation&quot;:&quot;1&quot;}\" data-image-title=\"Parcelatalada\" data-image-description=\"\" data-image-caption=\"&lt;p&gt;Aspecto de las parcelas recientemente taladas para ser inscritas en el programa sembrando vida. Hasta inicios de este a\u00f1o, esta parcela estaba cubierta por selva. Foto: Colectivo Grieta&lt;\/p&gt;\n\" data-medium-file=\"https:\/\/www.grieta.org.mx\/wp-content\/uploads\/2019\/11\/Parcelatalada-300x225.jpg\" data-large-file=\"https:\/\/www.grieta.org.mx\/wp-content\/uploads\/2019\/11\/Parcelatalada-1024x768.jpg\" class=\"wp-image-41576\" src=\"http:\/\/www.grieta.org.mx\/wp-content\/uploads\/2019\/11\/Parcelatalada-1024x768.jpg\" alt=\"\" width=\"800\" height=\"600\" srcset=\"https:\/\/www.grieta.org.mx\/wp-content\/uploads\/2019\/11\/Parcelatalada-1024x768.jpg 1024w, https:\/\/www.grieta.org.mx\/wp-content\/uploads\/2019\/11\/Parcelatalada-300x225.jpg 300w, https:\/\/www.grieta.org.mx\/wp-content\/uploads\/2019\/11\/Parcelatalada-768x576.jpg 768w, https:\/\/www.grieta.org.mx\/wp-content\/uploads\/2019\/11\/Parcelatalada-667x500.jpg 667w, https:\/\/www.grieta.org.mx\/wp-content\/uploads\/2019\/11\/Parcelatalada.jpg 1600w\" sizes=\"auto, (max-width: 800px) 100vw, 800px\" \/><figcaption id=\"caption-attachment-41576\" class=\"wp-caption-text\">Aspecto de las parcelas recientemente taladas para ser inscritas en el programa sembrando vida. Hasta inicios de este a\u00f1o, esta parcela estaba cubierta por selva. Foto: Colectivo Grieta<\/figcaption><\/figure>\n<p>Colectivo Grieta, 25 de noviembre de 2019.<br \/>\nXpujil, Campeche.- A unos meses de haber iniciado, el programa llamado \u201csembrando vida\u201d ya ha dejado una cauda de deforestaci\u00f3n en el municipio de Calakmul, Campeche. El testimonio de campesinos de dos ejidos de la Reserva de la Bi\u00f3sfera de Calakmul da cuenta de las contradicciones del programa y de c\u00f3mo el gobierno de la 4T usa el \u201capoyo econ\u00f3mico\u201d que da a los pobladores, como herramienta de control pol\u00edtico y social.<\/p>\n<p>Hablamos con campesinos del ejido Heriberto Jara y del poblado Uni\u00f3n 20 de Junio (con tierras ejidales y de propiedad privada). En ambos casos el escenario es el mismo, incluso quienes participan en el programa y simpatizan con el partido en el poder se\u00f1alan que el programa de <em>Sembrando vida<\/em> ha sido impuesto sin conocer la realidad ni las necesidades de los campesinos de la zona. \u201cEn mi caso lo que necesitamos es acceso a agua para poder utilizar mejor las parcelas de cultivo que ya tenemos y apoyo para cuidar los pedazos de selva, no dinero para hacer una plantaci\u00f3n de \u00e1rboles\u201d, explica H\u00e9ctor, cuya parcela colinda con un pedazo de selva tropical.<\/p>\n<p><strong>\u00bfSembrando vida o talando vida?<\/strong><br \/>\nEl programa <em>Sembrando vida<\/em> es publicitado por el gobierno de L\u00f3pez Obrador como un programa de reforestaci\u00f3n, con el que se espera reconvertir tierras de cultivo hacia la explotaic\u00f3n forestal con \u00e1rboles frutales y maderables. Sin embargo, los campesinos de Calakmul tienen claro que para que los frutales y los maderables empiecen a producir se llevar\u00e1 tiempo, lustros en el caso de los frutales y d\u00e9cadas en el caso de las especies madereras. \u201cEl gobierno no entiende que aqu\u00ed la tierra es seca, que aqu\u00ed para que un naranjo, un lim\u00f3n o un aguacate empiecen a dar buena producci\u00f3n tarda al menos 5 a\u00f1os y lo que es peor, el pico de producci\u00f3n no dura como en otros lugares, despu\u00e9s de 5 o 6 a\u00f1os ya no se produce suficiente, se acaba\u201d, se\u00f1ala otro ejidatario mientras platicamos con en \u00e9l en su traspatio, en la zona urbana del ejido Heriberto Jara.<\/p>\n<p>Eso implica una contradicci\u00f3n: para poder entrar al programa sin perder sus medios de sustento, los campesinos tienen que buscar tierras que puedan inscribir en el programa. En esta zona hay dotaciones de 20 o 50 hect\u00e1reas por campesino, 10 o 20 veces m\u00e1s que la media nacional. Como los campesinos tienen que comer en lo que se empieza a producir la madera, y como los 4500 pesos que reciben al mes simplemente no alcanzan para vivir, se ha comenzado a deforestar la selva, \u201cmonte alto\u201d; las parcelas reci\u00e9n peladas, son entonces inscritas en el programa Sembrando vida. \u201cYo me pregunto \u00bfqu\u00e9 vida estamos sembrando? lo que estamos haciendo es matar al monte, estamos tumbando \u00e1rboles, no hay Sembrando vida as\u00ed, es matando el monte m\u00e1s bien\u201d, se\u00f1ala Joaqu\u00edn, quien por cierto, es militante de Morena.<\/p>\n<figure id=\"attachment_41577\" aria-describedby=\"caption-attachment-41577\" style=\"width: 800px\" class=\"wp-caption aligncenter\"><img loading=\"lazy\" decoding=\"async\" data-attachment-id=\"41577\" data-permalink=\"https:\/\/www.grieta.org.mx\/index.php\/2019\/11\/26\/sembrando-vida-ya-causa-danos-ambientales-y-sociales-en-campeche-el-tren-maya-amenaza-con-traer-mas-dano\/parcelatalada2\/\" data-orig-file=\"https:\/\/www.grieta.org.mx\/wp-content\/uploads\/2019\/11\/Parcelatalada2.jpg\" data-orig-size=\"2869,2152\" data-comments-opened=\"0\" data-image-meta=\"{&quot;aperture&quot;:&quot;0&quot;,&quot;credit&quot;:&quot;&quot;,&quot;camera&quot;:&quot;&quot;,&quot;caption&quot;:&quot;&quot;,&quot;created_timestamp&quot;:&quot;0&quot;,&quot;copyright&quot;:&quot;&quot;,&quot;focal_length&quot;:&quot;0&quot;,&quot;iso&quot;:&quot;0&quot;,&quot;shutter_speed&quot;:&quot;0&quot;,&quot;title&quot;:&quot;&quot;,&quot;orientation&quot;:&quot;1&quot;}\" data-image-title=\"Parcelatalada2\" data-image-description=\"\" data-image-caption=\"&lt;p&gt;Aspecto de pedazos de selva que fueron cortados para inscribirlos al programa de plantaciones sembrando vida, cerca de la comunidad de Narciso Mendoza, Campeche. Al fondo se alcanza  observar los remanentes de selva alta. Foto: Colectivo Grieta.&lt;\/p&gt;\n\" data-medium-file=\"https:\/\/www.grieta.org.mx\/wp-content\/uploads\/2019\/11\/Parcelatalada2-300x225.jpg\" data-large-file=\"https:\/\/www.grieta.org.mx\/wp-content\/uploads\/2019\/11\/Parcelatalada2-1024x768.jpg\" class=\"wp-image-41577\" src=\"http:\/\/www.grieta.org.mx\/wp-content\/uploads\/2019\/11\/Parcelatalada2-1024x768.jpg\" alt=\"\" width=\"800\" height=\"600\" srcset=\"https:\/\/www.grieta.org.mx\/wp-content\/uploads\/2019\/11\/Parcelatalada2-1024x768.jpg 1024w, https:\/\/www.grieta.org.mx\/wp-content\/uploads\/2019\/11\/Parcelatalada2-300x225.jpg 300w, https:\/\/www.grieta.org.mx\/wp-content\/uploads\/2019\/11\/Parcelatalada2-768x576.jpg 768w, https:\/\/www.grieta.org.mx\/wp-content\/uploads\/2019\/11\/Parcelatalada2-667x500.jpg 667w\" sizes=\"auto, (max-width: 800px) 100vw, 800px\" \/><figcaption id=\"caption-attachment-41577\" class=\"wp-caption-text\">Aspecto de pedazos de selva que fueron cortados para inscribirlos al programa de plantaciones sembrando vida, cerca de la comunidad de Narciso Mendoza, Campeche. Al fondo se alcanza observar los remanentes de selva alta. Foto: Colectivo Grieta.<\/figcaption><\/figure>\n<p>El resultado, que pudimos constatar al visitar las parcelas, es que los campesinos inscriben parcelas reci\u00e9n taladas al programa, para poder seguir viviendo de lo que producen en sus milpas. Son pocos los que tienen la opci\u00f3n realmente de reconvertir parte de sus parcelas agr\u00edcolas, que producen en condiciones muy dif\u00edciles, de temporal, en una zona donde las temporadas de secas y de lluvias son muy marcadas y en tiempos de calentamiento global, impredecibles. De acuerdo a Joaqu\u00edn, de las aproximadamente 800 hect\u00e1reas de conservaci\u00f3n del ejido, el 10%, unas 80, ya han sido taladas para inscribirlas al programa. Todo esto en plena zona de amortiguamiento de la Reserva de la Bi\u00f3sfera de Calakmul. Este es el saldo de menos de un a\u00f1o de este programa.<\/p>\n<p>Por si fuera poco, la selecci\u00f3n de especies a sembrar viene desde el gobierno federal: principalmente aguacates, c\u00edtricos, \u00e1rboles maderables y en general especies o variedades que no son propias de la regi\u00f3n. Los aguacates que se pretende sembrar no son los nativos (la regi\u00f3n tiene sus propias variedades), sino las variedades comerciales que el mercado de exportaci\u00f3n demanda. El problema es que esos aguacates, como el Haas, requieren mucha tecnificaci\u00f3n y agotan la tierra r\u00e1pidamente. Eso lo saben los campesinos locales, que prefieren sembrar para su consumo las especies de la zona: guayabas, zapotes, ciruelas nativas, nanches, ram\u00f3n, o los aguacates nativos. De las especies comunes en los traspatios y milpas, solo la pimienta gorda ha sido adoptada por el programa Sembrando vida; las dem\u00e1s especies, llegan desde fuera, para benepl\u00e1cito de Alfonso Romo a cuya empresa el gobierno federal paga por las pl\u00e1ntulas y semillas.<\/p>\n<p><strong>El programa por un lado, las necesidades de la gente por otro<\/strong><br \/>\nM\u00e1s al norte, en Uni\u00f3n 20 de junio pudimos visitar el \u201cmonte alto\u201d o selva que no ha sido cortada en mucho tiempo. Ah\u00ed Oscar insist\u00eda: \u201cnosotros somos ambientalistas, por eso no hemos cortado nuestro monte, si a los gobiernos les interesa de veras conservar, \u00bfpor qu\u00e9 no mejor nos apoyan para hacer conservaci\u00f3n?&#8230; el problema es que cada gobierno viene con su idea, pero nunca preguntan qu\u00e9 es lo que necesitamos realmente. A m\u00ed el monte alto me sirve, para tener le\u00f1a, para resolver mis necesidades, para mi uso, para tener el \u00e1rbol del ram\u00f3n, de la pimienta natural\u201d.<br \/>\nAqu\u00ed el gobierno estatal y federal han metido el llamado lim\u00f3n persa, pero los campesinos prefieren el llamado lim\u00f3n criollo \u201csu ventaja es que ese tarda para echarse a perder, ese es el que de veras nos sirven\u201d. Nuestras parcelas as\u00ed como est\u00e1n nos sirven para producir lo que necesitamos para comer: \u201ctengo ma\u00edz, tengo ca\u00f1a, tengo pl\u00e1tano, tengo ciruela, tengo Jamaica, hasta sand\u00eda\u2026 y todo eso no es de gobierno, es de mi esfuerzo; lo \u00fanico que siembro para vender es el macal (un tub\u00e9rculo); si quisiera sembrar para vender lo que necesitar\u00eda es agua, riego, no un programa de sembrando vida\u201d afirma Oscar quien se muestra orgulloso de ser conservacionista, de que 44 de sus 50 hect\u00e1reas son de selva alta y de que las otras 6 le dan para comer. La agricultura campesina produce primariamente valores de uso, el capital requiere que se produzcan valores de cambio.<\/p>\n<figure id=\"attachment_41578\" aria-describedby=\"caption-attachment-41578\" style=\"width: 800px\" class=\"wp-caption aligncenter\"><img loading=\"lazy\" decoding=\"async\" data-attachment-id=\"41578\" data-permalink=\"https:\/\/www.grieta.org.mx\/index.php\/2019\/11\/26\/sembrando-vida-ya-causa-danos-ambientales-y-sociales-en-campeche-el-tren-maya-amenaza-con-traer-mas-dano\/olympus-digital-camera-11\/\" data-orig-file=\"https:\/\/www.grieta.org.mx\/wp-content\/uploads\/2019\/11\/SelvaCalakmul.jpg\" data-orig-size=\"1822,1215\" data-comments-opened=\"0\" data-image-meta=\"{&quot;aperture&quot;:&quot;4&quot;,&quot;credit&quot;:&quot;&quot;,&quot;camera&quot;:&quot;E-PL5&quot;,&quot;caption&quot;:&quot;OLYMPUS DIGITAL CAMERA&quot;,&quot;created_timestamp&quot;:&quot;-62169984000&quot;,&quot;copyright&quot;:&quot;&quot;,&quot;focal_length&quot;:&quot;14&quot;,&quot;iso&quot;:&quot;250&quot;,&quot;shutter_speed&quot;:&quot;0.01&quot;,&quot;title&quot;:&quot;OLYMPUS DIGITAL CAMERA&quot;,&quot;orientation&quot;:&quot;1&quot;}\" data-image-title=\"\" data-image-description=\"\" data-image-caption=\"&lt;p&gt;Dentro de la selva alta cercana a la comunidad Uni\u00f3n 20 de junio los \u00e1rboles forman una cubierta densa. Los campesinos dela zona han  conservado esta  vegetaci\u00f3n durante d\u00e9cadas, aprovech\u00e1ndola para sus propias necesidades. Foto: Colectivo Grieta.&lt;\/p&gt;\n\" data-medium-file=\"https:\/\/www.grieta.org.mx\/wp-content\/uploads\/2019\/11\/SelvaCalakmul-300x200.jpg\" data-large-file=\"https:\/\/www.grieta.org.mx\/wp-content\/uploads\/2019\/11\/SelvaCalakmul-1024x683.jpg\" class=\"wp-image-41578\" src=\"http:\/\/www.grieta.org.mx\/wp-content\/uploads\/2019\/11\/SelvaCalakmul-1024x683.jpg\" alt=\"\" width=\"800\" height=\"533\" srcset=\"https:\/\/www.grieta.org.mx\/wp-content\/uploads\/2019\/11\/SelvaCalakmul-1024x683.jpg 1024w, https:\/\/www.grieta.org.mx\/wp-content\/uploads\/2019\/11\/SelvaCalakmul-300x200.jpg 300w, https:\/\/www.grieta.org.mx\/wp-content\/uploads\/2019\/11\/SelvaCalakmul-768x512.jpg 768w, https:\/\/www.grieta.org.mx\/wp-content\/uploads\/2019\/11\/SelvaCalakmul-750x500.jpg 750w, https:\/\/www.grieta.org.mx\/wp-content\/uploads\/2019\/11\/SelvaCalakmul.jpg 1822w\" sizes=\"auto, (max-width: 800px) 100vw, 800px\" \/><figcaption id=\"caption-attachment-41578\" class=\"wp-caption-text\">Dentro de la selva alta cercana a la comunidad Uni\u00f3n 20 de junio los \u00e1rboles forman una cubierta densa. Los campesinos dela zona han conservado esta vegetaci\u00f3n durante d\u00e9cadas, aprovech\u00e1ndola para sus propias necesidades. Foto: Colectivo Grieta.<\/figcaption><\/figure>\n<p>\u201cImag\u00ednese, para que levantemos de nuevo esta selva, eso va a llevar mucho tiempo, no se puede; nosotros lo sabemos porque llegamos aqu\u00ed hace 40 a\u00f1os, en la \u00e9poca de los desmontes, cuando las empresas se llevaron mucha madera preciosa. Pero este a\u00f1o mandaron a una ingeniera que no conoc\u00eda y, autorizaba que se tumbara el monte, porque lo ve\u00eda bajito, pero nosotros conoc\u00edamos ese monte era selva de 40 a\u00f1os, s\u00f3lo que por el tipo de suelo o la falta de agua no crec\u00eda alta. El gobierno no entiende como se produce en el campo, ni siquiera en un 40 por ciento\u201d, resume Joaqu\u00edn, que acompa\u00f1\u00f3 la visita al ejido vecino.<\/p>\n<p>M\u00e1s cerca de Uni\u00f3n 20 de Junio (llamada tambi\u00e9n Mancolona), Abraham atend\u00eda su parcela, una de la muchas milpas que existen en el pa\u00eds donde se producen, en un espacio reducido, ma\u00edz, calabazas, chiles, pl\u00e1tanos, cacahuates y pepinos. 80 kil\u00f3metros al sur, en la comunidad Ch\u2019ol de San Miguel pudimos ver otro sistema de milpa diversificada, de la se\u00f1ora Roberta, donde el \u00fanico cultivo comercial es el chile Jalape\u00f1o, pero lo que m\u00e1s valoran las ind\u00edgenas son las sand\u00edas criollas, porque a diferencia de las variedades comerciales que proliferan en gran parte del pa\u00eds, sus semillas pueden guardarse y utilizarse para otras temporadas. En medio, cerca de la localidad de Narciso Mendoza, pudimos apreciar una de las parcelas de selva taladas en los \u00faltimos meses, \u00bfqui\u00e9n siembra la vida y qui\u00e9n la destruye?.<\/p>\n<figure id=\"attachment_41579\" aria-describedby=\"caption-attachment-41579\" style=\"width: 800px\" class=\"wp-caption aligncenter\"><img loading=\"lazy\" decoding=\"async\" data-attachment-id=\"41579\" data-permalink=\"https:\/\/www.grieta.org.mx\/index.php\/2019\/11\/26\/sembrando-vida-ya-causa-danos-ambientales-y-sociales-en-campeche-el-tren-maya-amenaza-con-traer-mas-dano\/milpa1\/\" data-orig-file=\"https:\/\/www.grieta.org.mx\/wp-content\/uploads\/2019\/11\/Milpa1.jpg\" data-orig-size=\"1561,1171\" data-comments-opened=\"0\" data-image-meta=\"{&quot;aperture&quot;:&quot;0&quot;,&quot;credit&quot;:&quot;&quot;,&quot;camera&quot;:&quot;&quot;,&quot;caption&quot;:&quot;&quot;,&quot;created_timestamp&quot;:&quot;0&quot;,&quot;copyright&quot;:&quot;&quot;,&quot;focal_length&quot;:&quot;0&quot;,&quot;iso&quot;:&quot;0&quot;,&quot;shutter_speed&quot;:&quot;0&quot;,&quot;title&quot;:&quot;&quot;,&quot;orientation&quot;:&quot;1&quot;}\" data-image-title=\"Milpa1\" data-image-description=\"\" data-image-caption=\"&lt;p&gt;Milpa madura en la comunidad Uni\u00f3n 20 de Junio. Cuando el ma\u00edz a ha terminado su ciclo, las calabazas siguen creciendo. En es mismo terreno se producen cacahuates, pl\u00e1tanos, chiles y pepinos para satisfacer las necesidades de alimentaci\u00f3n de la familia campesina. Foto: Colectivo Grieta&lt;\/p&gt;\n\" data-medium-file=\"https:\/\/www.grieta.org.mx\/wp-content\/uploads\/2019\/11\/Milpa1-300x225.jpg\" data-large-file=\"https:\/\/www.grieta.org.mx\/wp-content\/uploads\/2019\/11\/Milpa1-1024x768.jpg\" class=\"wp-image-41579\" src=\"http:\/\/www.grieta.org.mx\/wp-content\/uploads\/2019\/11\/Milpa1-1024x768.jpg\" alt=\"\" width=\"800\" height=\"600\" srcset=\"https:\/\/www.grieta.org.mx\/wp-content\/uploads\/2019\/11\/Milpa1-1024x768.jpg 1024w, https:\/\/www.grieta.org.mx\/wp-content\/uploads\/2019\/11\/Milpa1-300x225.jpg 300w, https:\/\/www.grieta.org.mx\/wp-content\/uploads\/2019\/11\/Milpa1-768x576.jpg 768w, https:\/\/www.grieta.org.mx\/wp-content\/uploads\/2019\/11\/Milpa1-667x500.jpg 667w, https:\/\/www.grieta.org.mx\/wp-content\/uploads\/2019\/11\/Milpa1.jpg 1561w\" sizes=\"auto, (max-width: 800px) 100vw, 800px\" \/><figcaption id=\"caption-attachment-41579\" class=\"wp-caption-text\">Milpa madura en la comunidad Uni\u00f3n 20 de Junio. Cuando el ma\u00edz a ha terminado su ciclo, las calabazas siguen creciendo. En es mismo terreno se producen cacahuates, pl\u00e1tanos, chiles y pepinos para satisfacer las necesidades de alimentaci\u00f3n de la familia campesina. Foto: Colectivo Grieta<\/figcaption><\/figure>\n<figure id=\"attachment_41580\" aria-describedby=\"caption-attachment-41580\" style=\"width: 800px\" class=\"wp-caption aligncenter\"><img loading=\"lazy\" decoding=\"async\" data-attachment-id=\"41580\" data-permalink=\"https:\/\/www.grieta.org.mx\/index.php\/2019\/11\/26\/sembrando-vida-ya-causa-danos-ambientales-y-sociales-en-campeche-el-tren-maya-amenaza-con-traer-mas-dano\/monteorillamilpa\/\" data-orig-file=\"https:\/\/www.grieta.org.mx\/wp-content\/uploads\/2019\/11\/Monteorillamilpa.jpg\" data-orig-size=\"2152,1614\" data-comments-opened=\"0\" data-image-meta=\"{&quot;aperture&quot;:&quot;0&quot;,&quot;credit&quot;:&quot;&quot;,&quot;camera&quot;:&quot;&quot;,&quot;caption&quot;:&quot;&quot;,&quot;created_timestamp&quot;:&quot;0&quot;,&quot;copyright&quot;:&quot;&quot;,&quot;focal_length&quot;:&quot;0&quot;,&quot;iso&quot;:&quot;0&quot;,&quot;shutter_speed&quot;:&quot;0&quot;,&quot;title&quot;:&quot;&quot;,&quot;orientation&quot;:&quot;1&quot;}\" data-image-title=\"Monteorillamilpa\" data-image-description=\"\" data-image-caption=\"&lt;p&gt;En las orillas de las milpas los campesinos de la zona siembran o promueven especies \u00fatiles de acuerdo a sus propios criterios y necesidades. Las semillas son conservads y producidas por la propia poblaci\u00f3n, sin depender del insumo del gobierno; el programa sembrando vida pretende introducir variedades comerciales producidas por la empresa Agromod, pertenciente a Alfonso Romo, jefe de la Oficina de la Presidencia de la Rep\u00fablica. La foto corresponde a la comunidad Uni\u00f3n 20 de junio. Foto: Colectivo Grieta.&lt;\/p&gt;\n\" data-medium-file=\"https:\/\/www.grieta.org.mx\/wp-content\/uploads\/2019\/11\/Monteorillamilpa-300x225.jpg\" data-large-file=\"https:\/\/www.grieta.org.mx\/wp-content\/uploads\/2019\/11\/Monteorillamilpa-1024x768.jpg\" class=\"wp-image-41580\" src=\"http:\/\/www.grieta.org.mx\/wp-content\/uploads\/2019\/11\/Monteorillamilpa-1024x768.jpg\" alt=\"\" width=\"800\" height=\"600\" srcset=\"https:\/\/www.grieta.org.mx\/wp-content\/uploads\/2019\/11\/Monteorillamilpa-1024x768.jpg 1024w, https:\/\/www.grieta.org.mx\/wp-content\/uploads\/2019\/11\/Monteorillamilpa-300x225.jpg 300w, https:\/\/www.grieta.org.mx\/wp-content\/uploads\/2019\/11\/Monteorillamilpa-768x576.jpg 768w, https:\/\/www.grieta.org.mx\/wp-content\/uploads\/2019\/11\/Monteorillamilpa-667x500.jpg 667w\" sizes=\"auto, (max-width: 800px) 100vw, 800px\" \/><figcaption id=\"caption-attachment-41580\" class=\"wp-caption-text\">En las orillas de las milpas los campesinos de la zona siembran o promueven especies \u00fatiles de acuerdo a sus propios criterios y necesidades. Las semillas son conservads y producidas por la propia poblaci\u00f3n, sin depender del insumo del gobierno; el programa sembrando vida pretende introducir variedades comerciales producidas por la empresa Agromod, pertenciente a Alfonso Romo, jefe de la Oficina de la Presidencia de la Rep\u00fablica. La foto corresponde a la comunidad Uni\u00f3n 20 de junio. Foto: Colectivo Grieta.<\/figcaption><\/figure>\n<p><strong>\u201cProyectos de desarrollo\u201d, control pol\u00edtico y control social<\/strong><br \/>\nApenas 15 d\u00edas antes de nuestro recorrido, L\u00f3pez Obrador fue a la regi\u00f3n a promover el tren maya. Las promesas se dan al por mayor: que ahora el tren tambi\u00e9n ser\u00e1 para mover las mercanc\u00edas -aunque la mayor parte de la producci\u00f3n de la regi\u00f3n es de autoconsumo- eso s\u00ed \u201cno nos explicaron como se certificar\u00e1 que los chiles o el ma\u00edz que producimos aqu\u00ed tiene derecho de ser llevado en el tren maya y como se certificar\u00e1 que viene de aqu\u00ed cuando alguien lo compre en Chetumal\u201d, explica un ejidatario.<\/p>\n<p>Tambi\u00e9n les prometieron que el turismo no ser\u00e1 de grandes hoteles, que ellos podr\u00e1n alojar a los turistas. Pero los n\u00fameros no cuadran. Las declaraciones oficiales dicen que se espera que el tren maya mueva a tres millones de turistas al a\u00f1o (<a href=\"https:\/\/www.nitu.mx\/index.php\/2019\/03\/12\/tren-maya-podra-trasladar-a-3-millones-de-turistas-al-ano\/\">https:\/\/www.nitu.mx\/index.php\/2019\/03\/12\/tren-maya-podra-trasladar-a-3-millones-de-turistas-al-ano\/<\/a>); en todo le municipio de Calakmul viven 28 mil personas, solamente recibir un mill\u00f3n y medio de turistas al a\u00f1o significar\u00eda recibir un promedio de 125000 personas al mes, sextuplicar la poblaci\u00f3n de Calakmul y con ello las necesidades de agua en una zona donde la agricultura de temporal adolece de falta de la misma. No hay manera de que un plan tur\u00edstico de ese tama\u00f1o no pase por el gran capital transnacional. \u00d3scar, que nos ha acompa\u00f1ado de regreso a Xpujil resume \u201cno me queda claro eso de que le tren maya no ser\u00e1 para los empresarios, yo creo que ellos est\u00e1n detr\u00e1s de todo esto\u201d.<\/p>\n<p>Hace unos meses en el ejido vecino de Cunhuas, en el cual se ubica la zona arqueol\u00f3gica de Calakmul, pobladores que laboran cuidando el espacio nos comentaban: \u201cesta zona arqueol\u00f3gica recibe 50,000 visitantes al a\u00f1o, es para eso para lo que da el camino (de 45 km) que corre en medio de la selva en la zona n\u00facleo de la Reserva; si el gobierno quiere que vengan 5 millones al a\u00f1o, como en Chichen Itz\u00e1, no s\u00f3lo la zona arqueol\u00f3gica no resistir\u00e1, se acabar\u00e1 la selva\u201d. Por eso hubo manifestaciones en contra del tren maya durante la visita de L\u00f3pez Obrador.<\/p>\n<p>Y la continuidad del r\u00e9gimen aparece cuando Joaqu\u00edn se sincera: \u201cdespu\u00e9s de esa visita, los coordinadores de los programas sociales empezaron a preguntar si sabemos los nombres de los que se manifestaron, de los que levantaron los carteles contra el tren maya, pero yo les dije que no los s\u00e9\u201d y otro ejidatario interrumpe \u201clo que pasa es que los coordinadores que trabajan para el delegado federal dicen que no se vale que cobren programas sociales por un lado y al mismo tiempo se manifiesten contra el se\u00f1or presidente, as\u00ed que se los quieren quitar\u201d. As\u00ed se revela el objetivo de estos \u201cprogramas sociales\u201d: el control pol\u00edtico de la poblaci\u00f3n, a cambio de 4,500 pesos al mes.<br \/>\nEl gobierno ha prometido tambi\u00e9n la construcci\u00f3n de una \u201cciudad modelo\u201d como parte del proyecto del tren maya. A los ejidatarios y campesinos de la zona les queda la duda de \u00bfd\u00f3nde construir\u00e1n tal ciudad?, \u00bfpara que vivan ah\u00ed qui\u00e9nes?, \u00bfqu\u00e9 le pasar\u00e1 a la actual cabecera municipal de Xpujil? Y se mira un mapa, se puede ver que del lado norte, todo el terreno cercano a Xpujil corresponde la zona de amortiguamiento de la Reserva dela Bi\u00f3sfera de Calakmul; menudo lugar para una ciudad modelo. Por supuetso, nada de esto aparece en el cuadernillo &#8220;Informaci\u00f3n para las comunidades ind\u00edgenas sobre el proyectod el tren maya&#8221;, en el que el gobierno federal afirma como prueba de modernidad cuidado al ambiente que el tren estar\u00e1 impulsado por motorres diesel-el\u00e9ctricos&#8230; solo que esa tecnolog\u00eda data de finales del siglo XIX.<\/p>\n<figure id=\"attachment_41581\" aria-describedby=\"caption-attachment-41581\" style=\"width: 800px\" class=\"wp-caption aligncenter\"><img loading=\"lazy\" decoding=\"async\" data-attachment-id=\"41581\" data-permalink=\"https:\/\/www.grieta.org.mx\/index.php\/2019\/11\/26\/sembrando-vida-ya-causa-danos-ambientales-y-sociales-en-campeche-el-tren-maya-amenaza-con-traer-mas-dano\/chorogobierno\/\" data-orig-file=\"https:\/\/www.grieta.org.mx\/wp-content\/uploads\/2019\/11\/ChoroGobierno.jpg\" data-orig-size=\"972,567\" data-comments-opened=\"0\" data-image-meta=\"{&quot;aperture&quot;:&quot;0&quot;,&quot;credit&quot;:&quot;&quot;,&quot;camera&quot;:&quot;&quot;,&quot;caption&quot;:&quot;&quot;,&quot;created_timestamp&quot;:&quot;0&quot;,&quot;copyright&quot;:&quot;&quot;,&quot;focal_length&quot;:&quot;0&quot;,&quot;iso&quot;:&quot;0&quot;,&quot;shutter_speed&quot;:&quot;0&quot;,&quot;title&quot;:&quot;&quot;,&quot;orientation&quot;:&quot;1&quot;}\" data-image-title=\"ChoroGobierno\" data-image-description=\"\" data-image-caption=\"&lt;p&gt;Portada del folleto que el gobierno reparte en las comunidades. M\u00e1s que informar, se promociona directamente el tren maya, sin explicar los da\u00f1os ecol\u00f3gicos y sociales que este proyecto puede tener. Foto: Colectivo Grieta&lt;\/p&gt;\n\" data-medium-file=\"https:\/\/www.grieta.org.mx\/wp-content\/uploads\/2019\/11\/ChoroGobierno-300x175.jpg\" data-large-file=\"https:\/\/www.grieta.org.mx\/wp-content\/uploads\/2019\/11\/ChoroGobierno.jpg\" class=\"wp-image-41581\" src=\"http:\/\/www.grieta.org.mx\/wp-content\/uploads\/2019\/11\/ChoroGobierno.jpg\" alt=\"\" width=\"800\" height=\"467\" srcset=\"https:\/\/www.grieta.org.mx\/wp-content\/uploads\/2019\/11\/ChoroGobierno.jpg 972w, https:\/\/www.grieta.org.mx\/wp-content\/uploads\/2019\/11\/ChoroGobierno-300x175.jpg 300w, https:\/\/www.grieta.org.mx\/wp-content\/uploads\/2019\/11\/ChoroGobierno-768x448.jpg 768w, https:\/\/www.grieta.org.mx\/wp-content\/uploads\/2019\/11\/ChoroGobierno-857x500.jpg 857w\" sizes=\"auto, (max-width: 800px) 100vw, 800px\" \/><figcaption id=\"caption-attachment-41581\" class=\"wp-caption-text\">Portada del folleto que el gobierno reparte en las comunidades. M\u00e1s que informar, se promociona directamente el tren maya, sin explicar los da\u00f1os ecol\u00f3gicos y sociales que este proyecto puede tener. Foto: Colectivo Grieta<\/figcaption><\/figure>\n<p>Despu\u00e9s, en medio de la conversaci\u00f3n el propio Joaqu\u00edn revelaba otra cara del programa Sembrando vida. \u201cAhora tengo que pedir permiso si salgo de mi comunidad, el otro d\u00eda que mi suegra se enferm\u00f3 y c\u00f3mo vive en Tabasco, tuve que pedir permiso para ir a cuidarla, porque la regla que nos aplican es que si salimos de la comunidad sin pedir permiso, nos quitan del programa de sembrando vida\u201d. El tiempo de los campesinos es as\u00ed sustituido por el del trabajador asalariado, que debe rendir cuenta de cada instante a un patr\u00f3n. Tama\u00f1o problema para los habitantes de estos ejidos, que se formaron con gente llegada de Veracruz, Tabasco y Chiapas, donde muchos tienen familia todav\u00eda.<\/p>\n<p>As\u00ed, durante la visita a Xpujil se hac\u00eda pertinente, una y otra vez, lo que los zapatistas dijeron hace unos meses:<\/p>\n<blockquote><p><em>&#8220;- El problema con el el dinero es que&#8230; se acaba .<br \/>\n-La naturaleza es una pared el\u00e1stica que multiplica la velocidad de las piedras que le arrojamos. La muerte no regresa en la misma proporci\u00f3n, sino potenciada. Hay una guerra entre el sistema y la naturaleza. Esa confrontaci\u00f3n no admite matices ni cobard\u00edas. O se est\u00e1 con el sistema o con la naturaleza. O con la muerte, o con la vida.&#8221; (<a href=\"https:\/\/enlacezapatista.ezln.org.mx\/2019\/08\/15\/sonata-para-violin-en-sol-menor-dinero\/\">https:\/\/enlacezapatista.ezln.org.mx\/2019\/08\/15\/sonata-para-violin-en-sol-menor-dinero\/<\/a>)<\/em><\/p><\/blockquote>\n","protected":false},"excerpt":{"rendered":"<p>Colectivo Grieta, 25 de noviembre de 2019. Xpujil, Campeche.- A unos meses de haber iniciado, el programa llamado \u201csembrando vida\u201d ya ha dejado una cauda de deforestaci\u00f3n en el municipio &hellip; <a href=\"https:\/\/www.grieta.org.mx\/index.php\/2019\/11\/26\/sembrando-vida-ya-causa-danos-ambientales-y-sociales-en-campeche-el-tren-maya-amenaza-con-traer-mas-dano\/\" class=\"more-link\">Leer m\u00e1s<\/a><\/p>\n","protected":false},"author":2,"featured_media":41576,"comment_status":"closed","ping_status":"closed","sticky":false,"template":"","format":"standard","meta":{"ngg_post_thumbnail":0,"_jetpack_newsletter_access":"","_jetpack_dont_email_post_to_subs":false,"_jetpack_newsletter_tier_id":0,"_jetpack_memberships_contains_paywalled_content":false,"_jetpack_memberships_contains_paid_content":false,"footnotes":""},"categories":[69,43,11,80,1775,2258,958,1877,2690,2026,2044],"tags":[1065,2465,2562,1178,1878],"class_list":["post-41575","post","type-post","status-publish","format-standard","has-post-thumbnail","hentry","category-25-xpujil","category-areas-naturales-protegidas","category-campeche","category-cintillo","category-colectivo-grieta","category-ecocidio-en-campeche","category-esp-campeche","category-resistencia-al-tren-maya-en-la-peninsula-de-yucatan-campeche","category-resistencias","category-tren-maya","category-tren-maya-analisis","tag-despojo-de-agua-y-tierras","tag-despojo-de-territorios-indigenas","tag-destruccion-ambiental","tag-destruccion-de-la-naturaleza","tag-tren-maya","entry"],"jetpack_featured_media_url":"https:\/\/www.grieta.org.mx\/wp-content\/uploads\/2019\/11\/Parcelatalada.jpg","jetpack_sharing_enabled":true,"jetpack_shortlink":"https:\/\/wp.me\/p7ZJR4-aOz","jetpack_likes_enabled":false,"jetpack-related-posts":[{"id":67059,"url":"https:\/\/www.grieta.org.mx\/index.php\/2023\/05\/03\/caravana-el-sur-resiste-pide-a-la-sedena-suspender-obras-en-el-tramo-7-del-tren-maya-campeche\/","url_meta":{"origin":41575,"position":0},"title":"Caravana El Sur Resiste pide a la Sedena suspender obras en el Tramo 7 del Tren Maya (Campeche)","author":"grieta","date":"3 mayo, 2023","format":false,"excerpt":"Cambio 22 XPUJIL, CAMPECHE, 3 de mayo.- Los integrantes del movimiento Caravana El Sur Resiste llegaron al campamento de la Secretar\u00eda de la Defensa Nacional (Sedena) en Xpujil, municipio de Calakmul, Campeche, para hacer entrega a los ingenieros militares de documentos que acreditan que el Tramo 7 del Tren Maya\u2026","rel":"","context":"En &quot;25. Xpujil&quot;","block_context":{"text":"25. Xpujil","link":"https:\/\/www.grieta.org.mx\/index.php\/category\/espejos-de-la-resistencia\/25-xpujil\/"},"img":{"alt_text":"","src":"https:\/\/i0.wp.com\/www.grieta.org.mx\/wp-content\/uploads\/2023\/06\/SurResiste-e1687537548743.jpg?resize=350%2C200&ssl=1","width":350,"height":200,"srcset":"https:\/\/i0.wp.com\/www.grieta.org.mx\/wp-content\/uploads\/2023\/06\/SurResiste-e1687537548743.jpg?resize=350%2C200&ssl=1 1x, https:\/\/i0.wp.com\/www.grieta.org.mx\/wp-content\/uploads\/2023\/06\/SurResiste-e1687537548743.jpg?resize=525%2C300&ssl=1 1.5x, https:\/\/i0.wp.com\/www.grieta.org.mx\/wp-content\/uploads\/2023\/06\/SurResiste-e1687537548743.jpg?resize=700%2C400&ssl=1 2x"},"classes":[]},{"id":47874,"url":"https:\/\/www.grieta.org.mx\/index.php\/2020\/04\/13\/las-vias-torcidas-del-tren-maya-video\/","url_meta":{"origin":41575,"position":1},"title":"Las v\u00edas torcidas del tren maya (Video)","author":"grieta","date":"13 abril, 2020","format":false,"excerpt":"https:\/\/www.youtube.com\/watch?v=k8FRX9eT0YY","rel":"","context":"En &quot;16. Pueblo Maya&quot;","block_context":{"text":"16. Pueblo Maya","link":"https:\/\/www.grieta.org.mx\/index.php\/category\/espejos-de-la-resistencia\/16-pueblo-maya\/"},"img":{"alt_text":"","src":"https:\/\/i0.wp.com\/www.grieta.org.mx\/wp-content\/uploads\/2020\/04\/ViasTorcidasTrenMaya.png?resize=350%2C200&ssl=1","width":350,"height":200,"srcset":"https:\/\/i0.wp.com\/www.grieta.org.mx\/wp-content\/uploads\/2020\/04\/ViasTorcidasTrenMaya.png?resize=350%2C200&ssl=1 1x, https:\/\/i0.wp.com\/www.grieta.org.mx\/wp-content\/uploads\/2020\/04\/ViasTorcidasTrenMaya.png?resize=525%2C300&ssl=1 1.5x, https:\/\/i0.wp.com\/www.grieta.org.mx\/wp-content\/uploads\/2020\/04\/ViasTorcidasTrenMaya.png?resize=700%2C400&ssl=1 2x"},"classes":[]},{"id":67166,"url":"https:\/\/www.grieta.org.mx\/index.php\/2023\/07\/03\/habitantes-de-xpujil-denuncian-que-militares-restringen-el-uso-del-agua-campeche\/","url_meta":{"origin":41575,"position":2},"title":"Habitantes de Xpujil denuncian que militares restringen el uso del agua (Campeche)","author":"grieta","date":"3 julio, 2023","format":false,"excerpt":"Itzel Chan \/ Haz Ruido Las y los pobladores observaron que ahora el agua es conducida a los hoteles en construcci\u00f3n cerca de Calakmul, los cuales forman parte del proyecto del Tren Maya. M\u00e9rida, Yucat\u00e1n, 3 de julio de 2023.-Habitantes de Xpujil, comunidad maya del sur de Campeche, denuncian que\u2026","rel":"","context":"En &quot;25. Xpujil&quot;","block_context":{"text":"25. Xpujil","link":"https:\/\/www.grieta.org.mx\/index.php\/category\/espejos-de-la-resistencia\/25-xpujil\/"},"img":{"alt_text":"","src":"https:\/\/i0.wp.com\/www.grieta.org.mx\/wp-content\/uploads\/2023\/07\/Xpujil-e1688848821346.jpg?resize=350%2C200&ssl=1","width":350,"height":200,"srcset":"https:\/\/i0.wp.com\/www.grieta.org.mx\/wp-content\/uploads\/2023\/07\/Xpujil-e1688848821346.jpg?resize=350%2C200&ssl=1 1x, https:\/\/i0.wp.com\/www.grieta.org.mx\/wp-content\/uploads\/2023\/07\/Xpujil-e1688848821346.jpg?resize=525%2C300&ssl=1 1.5x, https:\/\/i0.wp.com\/www.grieta.org.mx\/wp-content\/uploads\/2023\/07\/Xpujil-e1688848821346.jpg?resize=700%2C400&ssl=1 2x"},"classes":[]},{"id":55389,"url":"https:\/\/www.grieta.org.mx\/index.php\/2020\/11\/19\/habitantes-de-campeche-bloquean-obras-del-tren-maya\/","url_meta":{"origin":41575,"position":3},"title":"Habitantes de Campeche bloquean obras del Tren Maya","author":"grieta","date":"19 noviembre, 2020","format":false,"excerpt":"Obras del Tren Maya. Foto:Facebook @TrenMayaOficial Rosa Santana \/ Proceso CHAMPOT\u00d3N, Camp. (apro).- Pobladores de las comunidades Xbacab, Miguel Colorado, 5 de febrero y Pixoyal bloquearon el paso a veh\u00edculos y maquinaria utilizada en la construcci\u00f3n del Tren Maya, en protesta por la destrucci\u00f3n de sus caminos de acceso. El\u2026","rel":"","context":"En &quot;Campeche&quot;","block_context":{"text":"Campeche","link":"https:\/\/www.grieta.org.mx\/index.php\/category\/noticias-nacionales\/campeche\/"},"img":{"alt_text":"","src":"https:\/\/i0.wp.com\/www.grieta.org.mx\/wp-content\/uploads\/2020\/11\/f800x450-125136_176582_5050.jpg?resize=350%2C200&ssl=1","width":350,"height":200,"srcset":"https:\/\/i0.wp.com\/www.grieta.org.mx\/wp-content\/uploads\/2020\/11\/f800x450-125136_176582_5050.jpg?resize=350%2C200&ssl=1 1x, https:\/\/i0.wp.com\/www.grieta.org.mx\/wp-content\/uploads\/2020\/11\/f800x450-125136_176582_5050.jpg?resize=525%2C300&ssl=1 1.5x, https:\/\/i0.wp.com\/www.grieta.org.mx\/wp-content\/uploads\/2020\/11\/f800x450-125136_176582_5050.jpg?resize=700%2C400&ssl=1 2x"},"classes":[]},{"id":68745,"url":"https:\/\/www.grieta.org.mx\/index.php\/2024\/03\/21\/talan-7-millones-de-arboles-para-construir-el-tren-maya\/","url_meta":{"origin":41575,"position":4},"title":"Talan 7 millones de \u00e1rboles para construir el Tren Maya","author":"grieta","date":"21 marzo, 2024","format":false,"excerpt":"Regina L\u00f3pez Puerta y Arturo Daen \/ Animal Pol\u00edtico La construcci\u00f3n del Tren Maya ha implicado la tala de m\u00e1s de 7 millones de \u00e1rboles entre 2019 y 2023, reconoci\u00f3 el gobierno federal en respuesta a una solicitud de informaci\u00f3n. El tramo 5 Canc\u00fan Tulum, de acuerdo a la respuesta\u2026","rel":"","context":"En &quot;Campeche&quot;","block_context":{"text":"Campeche","link":"https:\/\/www.grieta.org.mx\/index.php\/category\/noticias-nacionales\/campeche\/"},"img":{"alt_text":"","src":"https:\/\/i0.wp.com\/www.grieta.org.mx\/wp-content\/uploads\/2024\/04\/Talan-e1712178658188.jpg?resize=350%2C200&ssl=1","width":350,"height":200,"srcset":"https:\/\/i0.wp.com\/www.grieta.org.mx\/wp-content\/uploads\/2024\/04\/Talan-e1712178658188.jpg?resize=350%2C200&ssl=1 1x, https:\/\/i0.wp.com\/www.grieta.org.mx\/wp-content\/uploads\/2024\/04\/Talan-e1712178658188.jpg?resize=525%2C300&ssl=1 1.5x, https:\/\/i0.wp.com\/www.grieta.org.mx\/wp-content\/uploads\/2024\/04\/Talan-e1712178658188.jpg?resize=700%2C400&ssl=1 2x"},"classes":[]},{"id":29670,"url":"https:\/\/www.grieta.org.mx\/index.php\/2019\/02\/15\/tren-maya-podria-iniciarse-en-proximos-meses-campeche\/","url_meta":{"origin":41575,"position":5},"title":"Tren Maya podr\u00eda iniciarse en pr\u00f3ximos meses (Campeche)","author":"grieta","date":"15 febrero, 2019","format":false,"excerpt":"Redacci\u00f3n \/ Campeche Hoy CAMPECHE.\u00a0Ante la puesta en marcha el proyecto del Tren Maya, se dio a conocer que poco m\u00e1s de 350 kil\u00f3metros de v\u00edas f\u00e9rreas con los que cuenta en todo el estado, ser\u00e1n reemplazados para adecuarlas al proyecto del Tren Maya. El responsable del proyecto en Campeche,\u2026","rel":"","context":"En &quot;Campeche&quot;","block_context":{"text":"Campeche","link":"https:\/\/www.grieta.org.mx\/index.php\/category\/noticias-nacionales\/campeche\/"},"img":{"alt_text":"","src":"https:\/\/i0.wp.com\/www.grieta.org.mx\/wp-content\/uploads\/2018\/03\/14524434_1106112876131411_958039263622046936_o.jpg?resize=350%2C200&ssl=1","width":350,"height":200,"srcset":"https:\/\/i0.wp.com\/www.grieta.org.mx\/wp-content\/uploads\/2018\/03\/14524434_1106112876131411_958039263622046936_o.jpg?resize=350%2C200&ssl=1 1x, https:\/\/i0.wp.com\/www.grieta.org.mx\/wp-content\/uploads\/2018\/03\/14524434_1106112876131411_958039263622046936_o.jpg?resize=525%2C300&ssl=1 1.5x, https:\/\/i0.wp.com\/www.grieta.org.mx\/wp-content\/uploads\/2018\/03\/14524434_1106112876131411_958039263622046936_o.jpg?resize=700%2C400&ssl=1 2x"},"classes":[]}],"_links":{"self":[{"href":"https:\/\/www.grieta.org.mx\/index.php\/wp-json\/wp\/v2\/posts\/41575","targetHints":{"allow":["GET"]}}],"collection":[{"href":"https:\/\/www.grieta.org.mx\/index.php\/wp-json\/wp\/v2\/posts"}],"about":[{"href":"https:\/\/www.grieta.org.mx\/index.php\/wp-json\/wp\/v2\/types\/post"}],"author":[{"embeddable":true,"href":"https:\/\/www.grieta.org.mx\/index.php\/wp-json\/wp\/v2\/users\/2"}],"replies":[{"embeddable":true,"href":"https:\/\/www.grieta.org.mx\/index.php\/wp-json\/wp\/v2\/comments?post=41575"}],"version-history":[{"count":1,"href":"https:\/\/www.grieta.org.mx\/index.php\/wp-json\/wp\/v2\/posts\/41575\/revisions"}],"predecessor-version":[{"id":41585,"href":"https:\/\/www.grieta.org.mx\/index.php\/wp-json\/wp\/v2\/posts\/41575\/revisions\/41585"}],"wp:featuredmedia":[{"embeddable":true,"href":"https:\/\/www.grieta.org.mx\/index.php\/wp-json\/wp\/v2\/media\/41576"}],"wp:attachment":[{"href":"https:\/\/www.grieta.org.mx\/index.php\/wp-json\/wp\/v2\/media?parent=41575"}],"wp:term":[{"taxonomy":"category","embeddable":true,"href":"https:\/\/www.grieta.org.mx\/index.php\/wp-json\/wp\/v2\/categories?post=41575"},{"taxonomy":"post_tag","embeddable":true,"href":"https:\/\/www.grieta.org.mx\/index.php\/wp-json\/wp\/v2\/tags?post=41575"}],"curies":[{"name":"wp","href":"https:\/\/api.w.org\/{rel}","templated":true}]}}