{"id":41525,"date":"2019-11-22T00:02:04","date_gmt":"2019-11-22T06:02:04","guid":{"rendered":"http:\/\/www.grieta.org.mx\/?p=41525"},"modified":"2019-11-26T00:04:59","modified_gmt":"2019-11-26T06:04:59","slug":"matan-a-dos-mujeres-en-la-costa-suman-124-muertes-violentas-de-mujeres-en-oaxaca-en-lo-que-va-del-ano","status":"publish","type":"post","link":"https:\/\/www.grieta.org.mx\/index.php\/2019\/11\/22\/matan-a-dos-mujeres-en-la-costa-suman-124-muertes-violentas-de-mujeres-en-oaxaca-en-lo-que-va-del-ano\/","title":{"rendered":"Matan a dos mujeres en la Costa; suman 124 muertes violentas de mujeres en Oaxaca en lo que va del a\u00f1o"},"content":{"rendered":"<p>P\u00e1gina 3 \/ Pedro Mat\u00edas.<\/p>\n<p>Oaxaca, Oax.- Matan a dos mujeres en una fiesta patronal en el municipio de Santo Domingo Armenta, en la regi\u00f3n de la Costa de Oaxaca, con lo que suman 124 muertes violentas de mujeres en lo que va del a\u00f1o.<\/p>\n<p>Los hechos donde fueron asesinadas Sof\u00eda Teresa R.S. y Socorro V.S., ocurrieron alrededor de las 04:00 horas de la ma\u00f1ana de este jueves 21 de noviembre en la calle R\u00f3mulo de la poblaci\u00f3n de Santo Domingo Armenta.<\/p>\n<p>Seg\u00fan datos del Grupo de Estudios Sobre la Mujer \u201cRosario Castellanos\u201d (GESMujer) con los asesinatos de Sof\u00eda Teresa y Socorro suman 373 muertes violentas de mujeres en Oaxaca en los primeros tres a\u00f1os de gobierno del priista Alejandro Murat Hinojosa y 158 desde que se declar\u00f3 la alerta de g\u00e9nero en la entidad.<\/p>\n<p>Mientras que organizaciones civiles y feministas presentar\u00e1n un Informe Ciudadano \u201cLa Historia no olvida, violencia feminicida en Oaxaca\u201d el pr\u00f3ximo lunes para denunciar los \u201ctres a\u00f1os de impunidad e injusticia en el gobierno de Alejandro Murat 2016-2019\u201d.<\/p>\n<p>Respecto al atentado donde fueron asesinadas dos mujeres se realiz\u00f3 durante el baile de la fiesta patronal cuando un hombre, el cual se encuentra identificado, acci\u00f3n su arma de fuego impactos que dieron en la humanidad de Sof\u00eda Teresa y Socorro.<\/p>\n<p><a href=\"https:\/\/pagina3.mx\/2019\/11\/matan-a-dos-mujeres-en-la-costa-suman-124-muertes-violentas-de-mujeres-en-oaxaca-en-lo-que-va-del-ano\/\" rel=\"noopener noreferrer\" target=\"_blank\">https:\/\/pagina3.mx\/2019\/11\/matan-a-dos-mujeres-en-la-costa-suman-124-muertes-violentas-de-mujeres-en-oaxaca-en-lo-que-va-del-ano\/<\/a><\/p>\n","protected":false},"excerpt":{"rendered":"<p>P\u00e1gina 3 \/ Pedro Mat\u00edas. Oaxaca, Oax.- Matan a dos mujeres en una fiesta patronal en el municipio de Santo Domingo Armenta, en la regi\u00f3n de la Costa de Oaxaca, &hellip; <a href=\"https:\/\/www.grieta.org.mx\/index.php\/2019\/11\/22\/matan-a-dos-mujeres-en-la-costa-suman-124-muertes-violentas-de-mujeres-en-oaxaca-en-lo-que-va-del-ano\/\" class=\"more-link\">Leer m\u00e1s<\/a><\/p>\n","protected":false},"author":2,"featured_media":21928,"comment_status":"closed","ping_status":"closed","sticky":false,"template":"","format":"standard","meta":{"ngg_post_thumbnail":0,"_jetpack_newsletter_access":"","_jetpack_dont_email_post_to_subs":false,"_jetpack_newsletter_tier_id":0,"_jetpack_memberships_contains_paywalled_content":false,"_jetpack_memberships_contains_paid_content":false,"footnotes":""},"categories":[80,1325,2,25,1665],"tags":[],"class_list":["post-41525","post","type-post","status-publish","format-standard","has-post-thumbnail","hentry","category-cintillo","category-feminicidios-en-oaxaca-oaxaca","category-noticias-nacionales","category-oaxaca","category-violencia-contra-las-mujeres-en-oaxaca","entry"],"jetpack_featured_media_url":"https:\/\/www.grieta.org.mx\/wp-content\/uploads\/2018\/03\/14524434_1106112876131411_958039263622046936_o.jpg","jetpack_sharing_enabled":true,"jetpack_shortlink":"https:\/\/wp.me\/p7ZJR4-aNL","jetpack_likes_enabled":false,"jetpack-related-posts":[{"id":41926,"url":"https:\/\/www.grieta.org.mx\/index.php\/2019\/12\/06\/suman-127-asesinatos-violentos-este-ano-contra-mujeres-en-oaxaca\/","url_meta":{"origin":41525,"position":0},"title":"Suman 127 asesinatos violentos este a\u00f1o contra mujeres en Oaxaca","author":"grieta","date":"6 diciembre, 2019","format":false,"excerpt":"P\u00e1gina 3 \/ Alianza de medios. Un nuevo caso ocurri\u00f3 en la regi\u00f3n del Papaloapan. Supera el n\u00famero de v\u00edctimas por 12 con respecto al a\u00f1o anteriorTexto: Patricia Brise\u00f1o Este trabajo pertenece a SemM\u00e9xico, y se reproduce aqu\u00ed por medio de la Alianza de Medios de la red de Periodistas\u2026","rel":"","context":"En &quot;CINTILLO&quot;","block_context":{"text":"CINTILLO","link":"https:\/\/www.grieta.org.mx\/index.php\/category\/cintillo\/"},"img":{"alt_text":"","src":"https:\/\/i0.wp.com\/www.grieta.org.mx\/wp-content\/uploads\/2018\/03\/14524434_1106112876131411_958039263622046936_o.jpg?resize=350%2C200&ssl=1","width":350,"height":200,"srcset":"https:\/\/i0.wp.com\/www.grieta.org.mx\/wp-content\/uploads\/2018\/03\/14524434_1106112876131411_958039263622046936_o.jpg?resize=350%2C200&ssl=1 1x, https:\/\/i0.wp.com\/www.grieta.org.mx\/wp-content\/uploads\/2018\/03\/14524434_1106112876131411_958039263622046936_o.jpg?resize=525%2C300&ssl=1 1.5x, https:\/\/i0.wp.com\/www.grieta.org.mx\/wp-content\/uploads\/2018\/03\/14524434_1106112876131411_958039263622046936_o.jpg?resize=700%2C400&ssl=1 2x"},"classes":[]},{"id":72083,"url":"https:\/\/www.grieta.org.mx\/index.php\/2025\/07\/22\/matan-a-marbel-en-pleno-centro-de-juchitan-suman-46-feminicidios-en-oaxaca\/","url_meta":{"origin":41525,"position":1},"title":"Matan a Marbel en pleno centro de Juchit\u00e1n; suman 46 feminicidios en Oaxaca","author":"grieta","date":"22 julio, 2025","format":false,"excerpt":"Imagen: Diana Manzo \/ P\u00e1gina3 Oaxaca, Oax.- Esta ma\u00f1ana, Marbel de 35 a\u00f1os de edad fue asesinada a balazos cuando se encontraba a unos pasos del\u00a0\u00a0parque Heliodoro Charis Castro, en pleno centro de la ciudad de Juchit\u00e1n, Oaxaca. La joven mujer era encargada de vigilar la llegada y salida de\u2026","rel":"","context":"En &quot;CINTILLO&quot;","block_context":{"text":"CINTILLO","link":"https:\/\/www.grieta.org.mx\/index.php\/category\/cintillo\/"},"img":{"alt_text":"","src":"https:\/\/i0.wp.com\/www.grieta.org.mx\/wp-content\/uploads\/2025\/07\/6a15500b-b806-42bc-a182-6abc33192e88.jpeg?resize=350%2C200&ssl=1","width":350,"height":200,"srcset":"https:\/\/i0.wp.com\/www.grieta.org.mx\/wp-content\/uploads\/2025\/07\/6a15500b-b806-42bc-a182-6abc33192e88.jpeg?resize=350%2C200&ssl=1 1x, https:\/\/i0.wp.com\/www.grieta.org.mx\/wp-content\/uploads\/2025\/07\/6a15500b-b806-42bc-a182-6abc33192e88.jpeg?resize=525%2C300&ssl=1 1.5x, https:\/\/i0.wp.com\/www.grieta.org.mx\/wp-content\/uploads\/2025\/07\/6a15500b-b806-42bc-a182-6abc33192e88.jpeg?resize=700%2C400&ssl=1 2x, https:\/\/i0.wp.com\/www.grieta.org.mx\/wp-content\/uploads\/2025\/07\/6a15500b-b806-42bc-a182-6abc33192e88.jpeg?resize=1050%2C600&ssl=1 3x"},"classes":[]},{"id":35476,"url":"https:\/\/www.grieta.org.mx\/index.php\/2019\/06\/28\/con-18-asesinatos-a-mujeres-junio-es-el-mes-mas-violento-contra-mujeres-gesmujer-oaxaca\/","url_meta":{"origin":41525,"position":2},"title":"Con 18 asesinatos a mujeres, junio es el mes mas violento contra mujeres: GESMujer (Oaxaca)","author":"grieta","date":"28 junio, 2019","format":false,"excerpt":"Pedro Mat\u00edas \/ P\u00e1gina 3. Foto recuperada de The Huffington Post. Oaxaca.- De cuatro impactos de arma de fuego fue privada de la vida la se\u00f1ora Flavia en el municipio de Xoxocotl\u00e1n, mientras que otra mujer fue asesinada en una comunidad de San Pedro Pochutla; con ambos, suman 76 muertes\u2026","rel":"","context":"En &quot;CINTILLO&quot;","block_context":{"text":"CINTILLO","link":"https:\/\/www.grieta.org.mx\/index.php\/category\/cintillo\/"},"img":{"alt_text":"","src":"https:\/\/i0.wp.com\/www.grieta.org.mx\/wp-content\/uploads\/2019\/06\/Muertes-violentas-a-mujeres.jpeg?resize=350%2C200&ssl=1","width":350,"height":200,"srcset":"https:\/\/i0.wp.com\/www.grieta.org.mx\/wp-content\/uploads\/2019\/06\/Muertes-violentas-a-mujeres.jpeg?resize=350%2C200&ssl=1 1x, https:\/\/i0.wp.com\/www.grieta.org.mx\/wp-content\/uploads\/2019\/06\/Muertes-violentas-a-mujeres.jpeg?resize=525%2C300&ssl=1 1.5x"},"classes":[]},{"id":41527,"url":"https:\/\/www.grieta.org.mx\/index.php\/2019\/11\/24\/afro-oaxaquenas-exigen-a-murat-garantizar-la-vida-de-las-oaxaquenas-oaxaca\/","url_meta":{"origin":41525,"position":3},"title":"Afro-Oaxaque\u00f1as exigen a Murat garantizar la vida de las oaxaque\u00f1as (Oaxaca)","author":"grieta","date":"24 noviembre, 2019","format":false,"excerpt":"P\u00e1gina 3 \/ Comunicados. Al presidente de la Rep\u00fablica Lic. Andr\u00e9s Manuel L\u00f3pez Obrador Al gobernador de Oaxaca, Alejandro Murat Al fiscal general de Oaxaca, Rub\u00e9n Vasconcelos M\u00e9ndez A la Secretar\u00eda de la Mujer Oaxaque\u00f1a Las integrantes del \u201cPacto de Mujeres\u201d surgido del VI Foro de Mujeres Lideresas Huatulco 2018,\u2026","rel":"","context":"En &quot;CINTILLO&quot;","block_context":{"text":"CINTILLO","link":"https:\/\/www.grieta.org.mx\/index.php\/category\/cintillo\/"},"img":{"alt_text":"","src":"https:\/\/i0.wp.com\/www.grieta.org.mx\/wp-content\/uploads\/2018\/03\/14524434_1106112876131411_958039263622046936_o.jpg?resize=350%2C200&ssl=1","width":350,"height":200,"srcset":"https:\/\/i0.wp.com\/www.grieta.org.mx\/wp-content\/uploads\/2018\/03\/14524434_1106112876131411_958039263622046936_o.jpg?resize=350%2C200&ssl=1 1x, https:\/\/i0.wp.com\/www.grieta.org.mx\/wp-content\/uploads\/2018\/03\/14524434_1106112876131411_958039263622046936_o.jpg?resize=525%2C300&ssl=1 1.5x, https:\/\/i0.wp.com\/www.grieta.org.mx\/wp-content\/uploads\/2018\/03\/14524434_1106112876131411_958039263622046936_o.jpg?resize=700%2C400&ssl=1 2x"},"classes":[]},{"id":55674,"url":"https:\/\/www.grieta.org.mx\/index.php\/2020\/12\/09\/oaxaca-van-101-mujeres-asesinadas-en-lo-que-va-del-ano\/","url_meta":{"origin":41525,"position":4},"title":"Oaxaca: Van 101 mujeres asesinadas en lo que va del a\u00f1o","author":"grieta","date":"9 diciembre, 2020","format":false,"excerpt":"Proceso \/ Pedro Mat\u00edas. El caso m\u00e1s reciente es el de una mujer de aproximadamente 30 a\u00f1os de edad que fue localizada sin vida, semidesnuda y con una soga al cuello. OAXACA, Oax. (apro).- Con el crimen de otra mujer que se encuentra en calidad de desconocida y con visibles\u2026","rel":"","context":"En &quot;CINTILLO&quot;","block_context":{"text":"CINTILLO","link":"https:\/\/www.grieta.org.mx\/index.php\/category\/cintillo\/"},"img":{"alt_text":"","src":"https:\/\/i0.wp.com\/www.grieta.org.mx\/wp-content\/uploads\/2020\/12\/1-3.jpg?resize=350%2C200&ssl=1","width":350,"height":200,"srcset":"https:\/\/i0.wp.com\/www.grieta.org.mx\/wp-content\/uploads\/2020\/12\/1-3.jpg?resize=350%2C200&ssl=1 1x, https:\/\/i0.wp.com\/www.grieta.org.mx\/wp-content\/uploads\/2020\/12\/1-3.jpg?resize=525%2C300&ssl=1 1.5x, https:\/\/i0.wp.com\/www.grieta.org.mx\/wp-content\/uploads\/2020\/12\/1-3.jpg?resize=700%2C400&ssl=1 2x"},"classes":[]},{"id":53802,"url":"https:\/\/www.grieta.org.mx\/index.php\/2020\/09\/23\/huajuapan-en-foco-rojo-por-feminicidios-registran-tres-en-lo-que-va-del-ano-oaxaca\/","url_meta":{"origin":41525,"position":5},"title":"Huajuapan en foco rojo por feminicidios; registran tres en lo que va del a\u00f1o (Oaxaca)","author":"grieta","date":"23 septiembre, 2020","format":false,"excerpt":"Noticias \/ Luciana Citlalli. El 27 de junio de 2020, Reyna fue asesinada, calcinada y enterrada en el patio de su domicilio, en una agencia de Huajuapan. Tras el reciente asesinato de Alejandra, de 27 a\u00f1os de edad, cometido en Huajuapan de Le\u00f3n, frente a su hijo, quien fue herido\u2026","rel":"","context":"En &quot;CINTILLO&quot;","block_context":{"text":"CINTILLO","link":"https:\/\/www.grieta.org.mx\/index.php\/category\/cintillo\/"},"img":{"alt_text":"","src":"https:\/\/i0.wp.com\/www.grieta.org.mx\/wp-content\/uploads\/2020\/09\/X-2.jpg?resize=350%2C200&ssl=1","width":350,"height":200,"srcset":"https:\/\/i0.wp.com\/www.grieta.org.mx\/wp-content\/uploads\/2020\/09\/X-2.jpg?resize=350%2C200&ssl=1 1x, https:\/\/i0.wp.com\/www.grieta.org.mx\/wp-content\/uploads\/2020\/09\/X-2.jpg?resize=525%2C300&ssl=1 1.5x, https:\/\/i0.wp.com\/www.grieta.org.mx\/wp-content\/uploads\/2020\/09\/X-2.jpg?resize=700%2C400&ssl=1 2x, https:\/\/i0.wp.com\/www.grieta.org.mx\/wp-content\/uploads\/2020\/09\/X-2.jpg?resize=1050%2C600&ssl=1 3x"},"classes":[]}],"_links":{"self":[{"href":"https:\/\/www.grieta.org.mx\/index.php\/wp-json\/wp\/v2\/posts\/41525","targetHints":{"allow":["GET"]}}],"collection":[{"href":"https:\/\/www.grieta.org.mx\/index.php\/wp-json\/wp\/v2\/posts"}],"about":[{"href":"https:\/\/www.grieta.org.mx\/index.php\/wp-json\/wp\/v2\/types\/post"}],"author":[{"embeddable":true,"href":"https:\/\/www.grieta.org.mx\/index.php\/wp-json\/wp\/v2\/users\/2"}],"replies":[{"embeddable":true,"href":"https:\/\/www.grieta.org.mx\/index.php\/wp-json\/wp\/v2\/comments?post=41525"}],"version-history":[{"count":1,"href":"https:\/\/www.grieta.org.mx\/index.php\/wp-json\/wp\/v2\/posts\/41525\/revisions"}],"predecessor-version":[{"id":41526,"href":"https:\/\/www.grieta.org.mx\/index.php\/wp-json\/wp\/v2\/posts\/41525\/revisions\/41526"}],"wp:featuredmedia":[{"embeddable":true,"href":"https:\/\/www.grieta.org.mx\/index.php\/wp-json\/wp\/v2\/media\/21928"}],"wp:attachment":[{"href":"https:\/\/www.grieta.org.mx\/index.php\/wp-json\/wp\/v2\/media?parent=41525"}],"wp:term":[{"taxonomy":"category","embeddable":true,"href":"https:\/\/www.grieta.org.mx\/index.php\/wp-json\/wp\/v2\/categories?post=41525"},{"taxonomy":"post_tag","embeddable":true,"href":"https:\/\/www.grieta.org.mx\/index.php\/wp-json\/wp\/v2\/tags?post=41525"}],"curies":[{"name":"wp","href":"https:\/\/api.w.org\/{rel}","templated":true}]}}