{"id":41521,"date":"2019-11-24T15:18:24","date_gmt":"2019-11-24T21:18:24","guid":{"rendered":"http:\/\/www.grieta.org.mx\/?p=41521"},"modified":"2019-11-25T15:24:21","modified_gmt":"2019-11-25T21:24:21","slug":"advierten-crisis-hidrica-en-dolores-hidalgo-si-se-explota-mina-en-el-cerro-del-gallo-guanajuato","status":"publish","type":"post","link":"https:\/\/www.grieta.org.mx\/index.php\/2019\/11\/24\/advierten-crisis-hidrica-en-dolores-hidalgo-si-se-explota-mina-en-el-cerro-del-gallo-guanajuato\/","title":{"rendered":"Advierten crisis h\u00eddrica en Dolores Hidalgo si se explota mina en el Cerro del Gallo (Guanajuato"},"content":{"rendered":"<blockquote><p>En el conversatorio \u201cAgua y miner\u00eda\u201d realizado la tarde de este s\u00e1bado en el Museo Bicentenario, se habl\u00f3 sobre el problema existente del agua en la Cuenca de la Independencia, as\u00ed como aun la gran afectaci\u00f3n que sufrir\u00edan los pobladores si se llega a implementar la explotaci\u00f3n de la mina a cielo abierto.<\/p><\/blockquote>\n<figure id=\"attachment_41522\" aria-describedby=\"caption-attachment-41522\" style=\"width: 800px\" class=\"wp-caption aligncenter\"><img loading=\"lazy\" decoding=\"async\" data-attachment-id=\"41522\" data-permalink=\"https:\/\/www.grieta.org.mx\/index.php\/2019\/11\/24\/advierten-crisis-hidrica-en-dolores-hidalgo-si-se-explota-mina-en-el-cerro-del-gallo-guanajuato\/cerritodelgallo2-focus-0-0-983-557\/\" data-orig-file=\"https:\/\/www.grieta.org.mx\/wp-content\/uploads\/2019\/11\/cerritodelgallo2-focus-0-0-983-557.jpg\" data-orig-size=\"983,384\" data-comments-opened=\"0\" data-image-meta=\"{&quot;aperture&quot;:&quot;0&quot;,&quot;credit&quot;:&quot;&quot;,&quot;camera&quot;:&quot;&quot;,&quot;caption&quot;:&quot;&quot;,&quot;created_timestamp&quot;:&quot;0&quot;,&quot;copyright&quot;:&quot;&quot;,&quot;focal_length&quot;:&quot;0&quot;,&quot;iso&quot;:&quot;0&quot;,&quot;shutter_speed&quot;:&quot;0&quot;,&quot;title&quot;:&quot;&quot;,&quot;orientation&quot;:&quot;0&quot;}\" data-image-title=\"cerritodelgallo2-focus-0-0-983-557\" data-image-description=\"\" data-image-caption=\"&lt;p&gt;Foto: Tomada de La Silla Rota&lt;\/p&gt;\n\" data-medium-file=\"https:\/\/www.grieta.org.mx\/wp-content\/uploads\/2019\/11\/cerritodelgallo2-focus-0-0-983-557-300x117.jpg\" data-large-file=\"https:\/\/www.grieta.org.mx\/wp-content\/uploads\/2019\/11\/cerritodelgallo2-focus-0-0-983-557.jpg\" class=\"wp-image-41522\" src=\"http:\/\/www.grieta.org.mx\/wp-content\/uploads\/2019\/11\/cerritodelgallo2-focus-0-0-983-557.jpg\" alt=\"\" width=\"800\" height=\"313\" srcset=\"https:\/\/www.grieta.org.mx\/wp-content\/uploads\/2019\/11\/cerritodelgallo2-focus-0-0-983-557.jpg 983w, https:\/\/www.grieta.org.mx\/wp-content\/uploads\/2019\/11\/cerritodelgallo2-focus-0-0-983-557-300x117.jpg 300w, https:\/\/www.grieta.org.mx\/wp-content\/uploads\/2019\/11\/cerritodelgallo2-focus-0-0-983-557-768x300.jpg 768w\" sizes=\"auto, (max-width: 800px) 100vw, 800px\" \/><figcaption id=\"caption-attachment-41522\" class=\"wp-caption-text\">Foto: Tomada de La Silla Rota<\/figcaption><\/figure>\n<p>Zona Franca, 24 de noviembre de 2019<br \/>\nDolores Hidalgo Gto. Activistas y ambientalistas organizados en la Coalici\u00f3n en defensa de la Cuenca de la Independencia, el Centro de Desarrollo Agropecuario (Cedesa), los Guardianes de la Cuenca, la poblaci\u00f3n civil dolorense y otros municipios aleda\u00f1os tuvieron un encuentro en base al di\u00e1logo, exposiciones y an\u00e1lisis de la crisis h\u00eddrica actual y la gravedad que implicar\u00eda si se implementa la explotaci\u00f3n por el m\u00e9todo de lixiviaci\u00f3n en la mina del Cerro del Gallo Ubicada en la comunidad de San Ant\u00f3n de las Minas perteneciente a este municipio.<\/p>\n<p>La Cuenca de la independencia fue nombrada as\u00ed por cient\u00edficos de la UNAM, quienes en un estudio se percataron que este sistema acu\u00edfero abastece a siete municipios entre ellos San Miguel de Allende, Dolores Hidalgo, San Felipe, Ocampo, Dr. Mora, San Jos\u00e9 Iturbide y San Luis de la Paz, mismo que en la actualidad se encuentra sobre explotado a ra\u00edz de la implementaci\u00f3n de las actividades propias de agroindustria.<\/p>\n<p>Lo anterior provoca que en la actualidad el agua sea extra\u00edda a m\u00e1s de 200 metros de profundidad, misma que contiene metales pesados como ars\u00e9nico y fl\u00faor, por ende y dado que se ha constatado que la empresa canadiense Argonaut Gold tiene ya autorizadas ocho concesiones para operar la mina, el presente y futuro de la Cuenca est\u00e1 en vilo, pero sobre todo la poblaci\u00f3n que depende del agua de este acu\u00edfero, se\u00f1alaron los activistas.<\/p>\n<p><a href=\"https:\/\/zonafranca.mx\/politica-sociedad\/alertan-crisis-hidrica-en-dolores-hidalgo-si-se-explota-mina-en-el-cerro-del-gallo\">https:\/\/zonafranca.mx\/politica-sociedad\/alertan-crisis-hidrica-en-dolores-hidalgo-si-se-explota-mina-en-el-cerro-del-gallo<\/a><\/p>\n","protected":false},"excerpt":{"rendered":"<p>En el conversatorio \u201cAgua y miner\u00eda\u201d realizado la tarde de este s\u00e1bado en el Museo Bicentenario, se habl\u00f3 sobre el problema existente del agua en la Cuenca de la Independencia, &hellip; <a href=\"https:\/\/www.grieta.org.mx\/index.php\/2019\/11\/24\/advierten-crisis-hidrica-en-dolores-hidalgo-si-se-explota-mina-en-el-cerro-del-gallo-guanajuato\/\" class=\"more-link\">Leer m\u00e1s<\/a><\/p>\n","protected":false},"author":2,"featured_media":41522,"comment_status":"closed","ping_status":"closed","sticky":false,"template":"","format":"standard","meta":{"ngg_post_thumbnail":0,"_jetpack_newsletter_access":"","_jetpack_dont_email_post_to_subs":false,"_jetpack_newsletter_tier_id":0,"_jetpack_memberships_contains_paywalled_content":false,"_jetpack_memberships_contains_paid_content":false,"footnotes":""},"categories":[80,2739,1776,2746,17,2689,2751,2690,2910],"tags":[2216,2177,394,1065,2846],"class_list":["post-41521","post","type-post","status-publish","format-standard","has-post-thumbnail","hentry","category-cintillo","category-conflictos-por-mineria-en-guanajuato","category-despojo-de-tierras-y-territorio-en-guanajuato","category-destruccion-de-la-naturaleza-en-guanajuato","category-guanajuato","category-privatizacion-del-agua-en-guanajuato","category-resistencia-contra-mineras-en-guanajuato","category-resistencias","category-resistencias-en-guanajuato","tag-conflictos-por-mineria","tag-contaminacion-de-acuiferos","tag-contaminacion-por-mineria","tag-despojo-de-agua-y-tierras","tag-lucha-contra-la-mineria","entry"],"jetpack_featured_media_url":"https:\/\/www.grieta.org.mx\/wp-content\/uploads\/2019\/11\/cerritodelgallo2-focus-0-0-983-557.jpg","jetpack_sharing_enabled":true,"jetpack_shortlink":"https:\/\/wp.me\/p7ZJR4-aNH","jetpack_likes_enabled":false,"jetpack-related-posts":[{"id":37311,"url":"https:\/\/www.grieta.org.mx\/index.php\/2019\/07\/17\/la-cuenca-de-la-independencia-amenazada-por-proyecto-minero-guanajuato\/","url_meta":{"origin":41521,"position":0},"title":"La Cuenca de la Independencia amenazada por proyecto minero (Guanajuato)","author":"grieta","date":"17 julio, 2019","format":false,"excerpt":"Se contaminar\u00eda el acu\u00edfero que surte a municipios como Dolores Hidalgo y San Miguel de Allende. \u00a0 Redacci\u00f3n La Coperacha Ciudad de M\u00e9xico \/\/ 17 de julio de 2019 a Coalici\u00f3n en Defensa de la Cuenca de la Independencia y el colectivo Guardianes de la Cuenca, advirtieron que el proyecto\u2026","rel":"","context":"En &quot;CINTILLO&quot;","block_context":{"text":"CINTILLO","link":"https:\/\/www.grieta.org.mx\/index.php\/category\/cintillo\/"},"img":{"alt_text":"","src":"https:\/\/i0.wp.com\/www.grieta.org.mx\/wp-content\/uploads\/2019\/08\/cuenca-independencia-amenazada-proyecto-minero.jpg?resize=350%2C200&ssl=1","width":350,"height":200,"srcset":"https:\/\/i0.wp.com\/www.grieta.org.mx\/wp-content\/uploads\/2019\/08\/cuenca-independencia-amenazada-proyecto-minero.jpg?resize=350%2C200&ssl=1 1x, https:\/\/i0.wp.com\/www.grieta.org.mx\/wp-content\/uploads\/2019\/08\/cuenca-independencia-amenazada-proyecto-minero.jpg?resize=525%2C300&ssl=1 1.5x, https:\/\/i0.wp.com\/www.grieta.org.mx\/wp-content\/uploads\/2019\/08\/cuenca-independencia-amenazada-proyecto-minero.jpg?resize=700%2C400&ssl=1 2x, https:\/\/i0.wp.com\/www.grieta.org.mx\/wp-content\/uploads\/2019\/08\/cuenca-independencia-amenazada-proyecto-minero.jpg?resize=1050%2C600&ssl=1 3x"},"classes":[]},{"id":52689,"url":"https:\/\/www.grieta.org.mx\/index.php\/2020\/07\/22\/manifestacion-virtual-no-a-la-mina-en-dolores-hidalgo-guanajuato\/","url_meta":{"origin":41521,"position":1},"title":"Manifestaci\u00f3n Virtual \u201cNo a la Mina\u201d En Dolores Hidalgo  (Guanajuato)","author":"grieta","date":"22 julio, 2020","format":false,"excerpt":"En conmemoraci\u00f3n del \u201cDia Mundial Contra la Miner\u00eda a Cielo Abierto\u201d, activistas se manifestaron virtualmente para reiterar su inconformidad por la pretensi\u00f3n de explotaci\u00f3n que tiene la minera canadiense Argonaut Gold, sobre la mina en el Cerro Del Gallo, en la comunidad de San Ant\u00f3n de las minas, en Dolores\u2026","rel":"","context":"En &quot;CINTILLO&quot;","block_context":{"text":"CINTILLO","link":"https:\/\/www.grieta.org.mx\/index.php\/category\/cintillo\/"},"img":{"alt_text":"","src":"https:\/\/i0.wp.com\/www.grieta.org.mx\/wp-content\/uploads\/2020\/08\/0p.jpg?resize=350%2C200&ssl=1","width":350,"height":200,"srcset":"https:\/\/i0.wp.com\/www.grieta.org.mx\/wp-content\/uploads\/2020\/08\/0p.jpg?resize=350%2C200&ssl=1 1x, https:\/\/i0.wp.com\/www.grieta.org.mx\/wp-content\/uploads\/2020\/08\/0p.jpg?resize=525%2C300&ssl=1 1.5x, https:\/\/i0.wp.com\/www.grieta.org.mx\/wp-content\/uploads\/2020\/08\/0p.jpg?resize=700%2C400&ssl=1 2x, https:\/\/i0.wp.com\/www.grieta.org.mx\/wp-content\/uploads\/2020\/08\/0p.jpg?resize=1050%2C600&ssl=1 3x"},"classes":[]},{"id":41518,"url":"https:\/\/www.grieta.org.mx\/index.php\/2019\/11\/21\/preparan-conversatorio-en-dolores-hidalgo-agua-y-mineria-guanajuato\/","url_meta":{"origin":41521,"position":2},"title":"Preparan conversatorio en Dolores Hidalgo \u201cAgua y Miner\u00eda\u201d (Guanajuato)","author":"grieta","date":"21 noviembre, 2019","format":false,"excerpt":"La Coalici\u00f3n en Defensa de la Cuenca de la Independencia CODECIN, Centro de Desarrollo Agropecuario A.C. CEDESA y el Colectivo Guardianes de la Cuenca convocan al conversatorio \u201cAgua y Miner\u00eda\u201d este s\u00e1bado 23 de Noviembre en el museo Bicentenario. Zona Franca, 21 de noviembre de 2019 Dolores Hidalgo Gto. Activistas\u2026","rel":"","context":"En &quot;CINTILLO&quot;","block_context":{"text":"CINTILLO","link":"https:\/\/www.grieta.org.mx\/index.php\/category\/cintillo\/"},"img":{"alt_text":"","src":"https:\/\/i0.wp.com\/www.grieta.org.mx\/wp-content\/uploads\/2019\/11\/h0.jpeg?resize=350%2C200&ssl=1","width":350,"height":200,"srcset":"https:\/\/i0.wp.com\/www.grieta.org.mx\/wp-content\/uploads\/2019\/11\/h0.jpeg?resize=350%2C200&ssl=1 1x, https:\/\/i0.wp.com\/www.grieta.org.mx\/wp-content\/uploads\/2019\/11\/h0.jpeg?resize=525%2C300&ssl=1 1.5x, https:\/\/i0.wp.com\/www.grieta.org.mx\/wp-content\/uploads\/2019\/11\/h0.jpeg?resize=700%2C400&ssl=1 2x"},"classes":[]},{"id":37306,"url":"https:\/\/www.grieta.org.mx\/index.php\/2019\/07\/22\/comunidades-de-guanajuato-se-movilizan-contra-minera-argonauta-gold\/","url_meta":{"origin":41521,"position":3},"title":"Comunidades de Guanajuato se movilizan contra minera Argonauta Gold","author":"grieta","date":"22 julio, 2019","format":false,"excerpt":"En el D\u00eda Mundial Contra la Miner\u00eda a Cielo Abierto rechazan el ecocidio que provocar\u00eda en la Cuenca de la Independencia. Redacci\u00f3n La Coperacha Ciudad de M\u00e9xico \/\/ 22 de julio de 2019 Cerca de dos mil personas provenientes de comunidades de la Cuenca de la Independencia, Guanajuato, se movilizaron\u2026","rel":"","context":"En &quot;CINTILLO&quot;","block_context":{"text":"CINTILLO","link":"https:\/\/www.grieta.org.mx\/index.php\/category\/cintillo\/"},"img":{"alt_text":"","src":"https:\/\/i0.wp.com\/www.grieta.org.mx\/wp-content\/uploads\/2019\/08\/Dolores-Hidalgo-mina-cielo-abierto-01.jpg?resize=350%2C200&ssl=1","width":350,"height":200,"srcset":"https:\/\/i0.wp.com\/www.grieta.org.mx\/wp-content\/uploads\/2019\/08\/Dolores-Hidalgo-mina-cielo-abierto-01.jpg?resize=350%2C200&ssl=1 1x, https:\/\/i0.wp.com\/www.grieta.org.mx\/wp-content\/uploads\/2019\/08\/Dolores-Hidalgo-mina-cielo-abierto-01.jpg?resize=525%2C300&ssl=1 1.5x, https:\/\/i0.wp.com\/www.grieta.org.mx\/wp-content\/uploads\/2019\/08\/Dolores-Hidalgo-mina-cielo-abierto-01.jpg?resize=700%2C400&ssl=1 2x, https:\/\/i0.wp.com\/www.grieta.org.mx\/wp-content\/uploads\/2019\/08\/Dolores-Hidalgo-mina-cielo-abierto-01.jpg?resize=1050%2C600&ssl=1 3x"},"classes":[]},{"id":62885,"url":"https:\/\/www.grieta.org.mx\/index.php\/2021\/11\/23\/marchan-por-alejar-de-dolores-hidalgo-el-proyecto-de-mina-a-cielo-abierto-guanajuato\/","url_meta":{"origin":41521,"position":4},"title":"Marchan por alejar de Dolores Hidalgo el proyecto de mina a cielo abierto (Guanajuato)","author":"grieta","date":"23 noviembre, 2021","format":false,"excerpt":"Mil personas realizan protesta pac\u00edfica en defensa de la Cuenca de la Independencia, sus recursos, su industria, y la salud y la vida de sus m\u00e1s de 600 mil habitantes POPLab, 23 de nov. 2021, Con informaci\u00f3n de Martha Silva. Fotos: Alonso Merino Lubetzky El Movimiento Social Contra la Miner\u00eda\u2026","rel":"","context":"En &quot;CINTILLO&quot;","block_context":{"text":"CINTILLO","link":"https:\/\/www.grieta.org.mx\/index.php\/category\/cintillo\/"},"img":{"alt_text":"","src":"https:\/\/i0.wp.com\/www.grieta.org.mx\/wp-content\/uploads\/2021\/12\/DH43-scaled.jpg?resize=350%2C200&ssl=1","width":350,"height":200,"srcset":"https:\/\/i0.wp.com\/www.grieta.org.mx\/wp-content\/uploads\/2021\/12\/DH43-scaled.jpg?resize=350%2C200&ssl=1 1x, https:\/\/i0.wp.com\/www.grieta.org.mx\/wp-content\/uploads\/2021\/12\/DH43-scaled.jpg?resize=525%2C300&ssl=1 1.5x, https:\/\/i0.wp.com\/www.grieta.org.mx\/wp-content\/uploads\/2021\/12\/DH43-scaled.jpg?resize=700%2C400&ssl=1 2x, https:\/\/i0.wp.com\/www.grieta.org.mx\/wp-content\/uploads\/2021\/12\/DH43-scaled.jpg?resize=1050%2C600&ssl=1 3x, https:\/\/i0.wp.com\/www.grieta.org.mx\/wp-content\/uploads\/2021\/12\/DH43-scaled.jpg?resize=1400%2C800&ssl=1 4x"},"classes":[]},{"id":36269,"url":"https:\/\/www.grieta.org.mx\/index.php\/2019\/07\/09\/advierten-de-dano-irreversible-por-mina-guanajuato\/","url_meta":{"origin":41521,"position":5},"title":"Advierten de da\u00f1o irreversible por mina (Guanajuato)","author":"grieta","date":"9 julio, 2019","format":false,"excerpt":"Afectar\u00eda al acu\u00edfero que integra siete municipios del norte; aseguran que ser\u00eda una violaci\u00f3n a sus derechos humanos y obligar\u00eda al desplazamiento Roberto L\u00f3pez \/ Peri\u00f3dico Correo, 09 de Julio de 2019 San Miguel de Allende.- El grupo Acci\u00f3n Colectiva, la Hermandad de la Cuenca de la Independencia y la\u2026","rel":"","context":"En &quot;CINTILLO&quot;","block_context":{"text":"CINTILLO","link":"https:\/\/www.grieta.org.mx\/index.php\/category\/cintillo\/"},"img":{"alt_text":"","src":"https:\/\/i0.wp.com\/www.grieta.org.mx\/wp-content\/uploads\/2019\/07\/LD080401-8.jpg?resize=350%2C200&ssl=1","width":350,"height":200,"srcset":"https:\/\/i0.wp.com\/www.grieta.org.mx\/wp-content\/uploads\/2019\/07\/LD080401-8.jpg?resize=350%2C200&ssl=1 1x, https:\/\/i0.wp.com\/www.grieta.org.mx\/wp-content\/uploads\/2019\/07\/LD080401-8.jpg?resize=525%2C300&ssl=1 1.5x, https:\/\/i0.wp.com\/www.grieta.org.mx\/wp-content\/uploads\/2019\/07\/LD080401-8.jpg?resize=700%2C400&ssl=1 2x, https:\/\/i0.wp.com\/www.grieta.org.mx\/wp-content\/uploads\/2019\/07\/LD080401-8.jpg?resize=1050%2C600&ssl=1 3x"},"classes":[]}],"_links":{"self":[{"href":"https:\/\/www.grieta.org.mx\/index.php\/wp-json\/wp\/v2\/posts\/41521","targetHints":{"allow":["GET"]}}],"collection":[{"href":"https:\/\/www.grieta.org.mx\/index.php\/wp-json\/wp\/v2\/posts"}],"about":[{"href":"https:\/\/www.grieta.org.mx\/index.php\/wp-json\/wp\/v2\/types\/post"}],"author":[{"embeddable":true,"href":"https:\/\/www.grieta.org.mx\/index.php\/wp-json\/wp\/v2\/users\/2"}],"replies":[{"embeddable":true,"href":"https:\/\/www.grieta.org.mx\/index.php\/wp-json\/wp\/v2\/comments?post=41521"}],"version-history":[{"count":1,"href":"https:\/\/www.grieta.org.mx\/index.php\/wp-json\/wp\/v2\/posts\/41521\/revisions"}],"predecessor-version":[{"id":41523,"href":"https:\/\/www.grieta.org.mx\/index.php\/wp-json\/wp\/v2\/posts\/41521\/revisions\/41523"}],"wp:featuredmedia":[{"embeddable":true,"href":"https:\/\/www.grieta.org.mx\/index.php\/wp-json\/wp\/v2\/media\/41522"}],"wp:attachment":[{"href":"https:\/\/www.grieta.org.mx\/index.php\/wp-json\/wp\/v2\/media?parent=41521"}],"wp:term":[{"taxonomy":"category","embeddable":true,"href":"https:\/\/www.grieta.org.mx\/index.php\/wp-json\/wp\/v2\/categories?post=41521"},{"taxonomy":"post_tag","embeddable":true,"href":"https:\/\/www.grieta.org.mx\/index.php\/wp-json\/wp\/v2\/tags?post=41521"}],"curies":[{"name":"wp","href":"https:\/\/api.w.org\/{rel}","templated":true}]}}