{"id":4148,"date":"2015-10-02T21:04:38","date_gmt":"2015-10-02T21:04:38","guid":{"rendered":"http:\/\/50.22.11.12\/~grietaor\/?p=4148"},"modified":"2016-03-21T21:11:16","modified_gmt":"2016-03-21T21:11:16","slug":"marchan-2-mil-estudiantes-de-la-uan-para-conmemorar-2-de-octubre","status":"publish","type":"post","link":"https:\/\/www.grieta.org.mx\/index.php\/2015\/10\/02\/marchan-2-mil-estudiantes-de-la-uan-para-conmemorar-2-de-octubre\/","title":{"rendered":"Marchan 2 mil estudiantes de la UAN para conmemorar 2 de Octubre"},"content":{"rendered":"<p>Denisse Rivera\/Nayarit en l\u00ednea<\/p>\n<blockquote><p>Alumnos de la facultad de Medicina manifestaron su descontento porque aseguran, los hospitales prefieren a estudiantes de otras escuelas de la especialidad.<\/p><\/blockquote>\n<p>Tepic.- Estudiantes de la Universidad Aut\u00f3noma de Nayarit y de las preparatorias 1 y 13 de la UAN, se unieron en una sola voz para recordar el movimiento del 68.<\/p>\n<p>En la marcha participaron m\u00e1s de 2 mil j\u00f3venes, pero los que encabezaron el movimiento, fueron los alumnos de la facultad de medicina de la UAN, ellos piden respeto a los campos cl\u00ednicos de la Universidad, ya que la apertura de dos escuelas m\u00e1s de medicina en Tepic ha ocasionado que los discriminen y los hagan a un lado.<\/p>\n<p>\u201cLos campos cl\u00ednicos es algo delicado. Si no se han abierto m\u00e1s espacios en la UAN porque supuestamente no se tiene los campos cl\u00ednicos para aceptar a m\u00e1s estudiantes. Sin embargo, si se requiere la autorizaci\u00f3n del gobierno para abrir m\u00e1s y m\u00e1s escuelas implicando evidentemente que tengan campos cl\u00ednicos y se tienen que tomar armas en el asunto y en caso de ser necesario llegaremos a las \u00faltimas instancias para defender los campos cl\u00ednicos\u201d se\u00f1al\u00f3 el presidente de la Unidad Acad\u00e9mica de la Facultad de Medicina de la UAN.<\/p>\n<p>Los contingentes en los que se integraron estudiantes de las facultades de medicina, QFB, enfermer\u00eda, odontolog\u00eda, cultura f\u00edsica, ingenier\u00edas, derecho, sociales y humanidades, turismo, contadur\u00eda, administraci\u00f3n, econom\u00eda, estudiantes de las preparatorias 1 y 13, salieron desde 3 puntos claves. El primero fue el asta de la bandera de la UAN, el segundo de la Preparatoria no. 1 y el \u00faltimo de la Preparatoria no. 13.<\/p>\n<p>\u201cVamos a hacer un manifiesto que quede muy en clara la postura de los estudiantes ante la propuesta de decremento a los subsidios federales a las universidades publicas. Vamos a entregar un pliego petitorio ante la inconformidad por el otorgamiento de permisos a escuelas privadas de medicina, odontolog\u00eda y enfermer\u00eda que no cumplen ni siquiera con los requisitos b\u00e1sicos para otorgar permiso\u201d<\/p>\n<p>La marcha concluy\u00f3 en Palacio de Gobierno donde se realiz\u00f3 un mitin. Los lideres de las diversas facultades y escuelas de la UAN hicieron pronunciamientos que esperan sean atendidos por las autoridades de Gobierno.<\/p>\n<p><a href=\"http:\/\/www.nayaritenlinea.mx\/2015\/10\/02\/marchan-2-mil-estudiantes-de-la-uan-para-conmemorar-2-de-octubre?vid=81315<\/p>\n<p>&#8221; target=&#8221;_blank&#8221;>www.nayaritenlinea.mx\/2015\/10\/02\/marchan-2-mil-estudiantes-de-la-uan-para-conmemorar-2-de-octubre?vid=81315<\/p>\n<p><\/a><\/p>\n","protected":false},"excerpt":{"rendered":"<p>Denisse Rivera\/Nayarit en l\u00ednea Alumnos de la facultad de Medicina manifestaron su descontento porque aseguran, los hospitales prefieren a estudiantes de otras escuelas de la especialidad. Tepic.- Estudiantes de la &hellip; <a href=\"https:\/\/www.grieta.org.mx\/index.php\/2015\/10\/02\/marchan-2-mil-estudiantes-de-la-uan-para-conmemorar-2-de-octubre\/\" class=\"more-link\">Leer m\u00e1s<\/a><\/p>\n","protected":false},"author":2,"featured_media":21928,"comment_status":"closed","ping_status":"open","sticky":false,"template":"","format":"standard","meta":{"ngg_post_thumbnail":0,"_jetpack_newsletter_access":"","_jetpack_dont_email_post_to_subs":false,"_jetpack_newsletter_tier_id":0,"_jetpack_memberships_contains_paywalled_content":false,"_jetpack_memberships_contains_paid_content":false,"footnotes":""},"categories":[80,145],"tags":[130],"class_list":["post-4148","post","type-post","status-publish","format-standard","has-post-thumbnail","hentry","category-cintillo","category-nayarit","tag-represion","entry"],"jetpack_featured_media_url":"https:\/\/www.grieta.org.mx\/wp-content\/uploads\/2018\/03\/14524434_1106112876131411_958039263622046936_o.jpg","jetpack_sharing_enabled":true,"jetpack_shortlink":"https:\/\/wp.me\/p7ZJR4-14U","jetpack_likes_enabled":false,"jetpack-related-posts":[{"id":46130,"url":"https:\/\/www.grieta.org.mx\/index.php\/2020\/03\/11\/uan-tendedero-de-la-verguenza-nayarit\/","url_meta":{"origin":4148,"position":0},"title":"UAN: \u201cTendedero de la Verg\u00fcenza\u201d (Nayarit)","author":"grieta","date":"11 marzo, 2020","format":false,"excerpt":"Foto: Realidades de Nayarit Estudiantes Universitarias denuncian p\u00fablicamente a maestros, trabajadores y alumnos violadores y acosadores sexuales Ver\u00f3nica Ram\u00edrez \/ Realidades de Nayarit Tepic, Nayarit.- Mi\u00e9rcoles 11 de marzo del 2020.-Estudiantes de la Universidad Aut\u00f3noma de Nayarit (UAN), exhiben a docentes, trabajadores y alumnos presuntamente acosadores y violadores en el\u2026","rel":"","context":"En &quot;CINTILLO&quot;","block_context":{"text":"CINTILLO","link":"https:\/\/www.grieta.org.mx\/index.php\/category\/cintillo\/"},"img":{"alt_text":"","src":"https:\/\/i0.wp.com\/www.grieta.org.mx\/wp-content\/uploads\/2020\/03\/whatsapp-image-2020-03-11-at-7.12.04-pm.jpeg?resize=350%2C200&ssl=1","width":350,"height":200,"srcset":"https:\/\/i0.wp.com\/www.grieta.org.mx\/wp-content\/uploads\/2020\/03\/whatsapp-image-2020-03-11-at-7.12.04-pm.jpeg?resize=350%2C200&ssl=1 1x, https:\/\/i0.wp.com\/www.grieta.org.mx\/wp-content\/uploads\/2020\/03\/whatsapp-image-2020-03-11-at-7.12.04-pm.jpeg?resize=525%2C300&ssl=1 1.5x"},"classes":[]},{"id":49326,"url":"https:\/\/www.grieta.org.mx\/index.php\/2020\/05\/12\/estudiantes-de-medicina-en-riesgo-nayarit\/","url_meta":{"origin":4148,"position":1},"title":"Estudiantes de Medicina en riesgo (Nayarit)","author":"grieta","date":"12 mayo, 2020","format":false,"excerpt":"Foto: Realidades de Nayarit Sus familiares est\u00e1n preocupados porque en los hospitales que se les asign\u00f3 para sus pr\u00e1cticas, no les dan equipo de protecci\u00f3n contra el Coronavirus Tepic, Nayarit.- Martes 12 de mayo del 2020.- Son alrededor de trescientos alumnos de medicina y\u00a0 enfermer\u00eda \u00a0los que est\u00e1n a punto\u2026","rel":"","context":"En &quot;CINTILLO&quot;","block_context":{"text":"CINTILLO","link":"https:\/\/www.grieta.org.mx\/index.php\/category\/cintillo\/"},"img":{"alt_text":"","src":"https:\/\/i0.wp.com\/www.grieta.org.mx\/wp-content\/uploads\/2020\/05\/ESTUDIANTES.jpg?resize=350%2C200&ssl=1","width":350,"height":200,"srcset":"https:\/\/i0.wp.com\/www.grieta.org.mx\/wp-content\/uploads\/2020\/05\/ESTUDIANTES.jpg?resize=350%2C200&ssl=1 1x, https:\/\/i0.wp.com\/www.grieta.org.mx\/wp-content\/uploads\/2020\/05\/ESTUDIANTES.jpg?resize=525%2C300&ssl=1 1.5x"},"classes":[]},{"id":48604,"url":"https:\/\/www.grieta.org.mx\/index.php\/2020\/04\/28\/pide-universidad-de-nayarit-a-sector-salud-retirar-internos-durante-pandemia\/","url_meta":{"origin":4148,"position":2},"title":"Pide Universidad de Nayarit a sector Salud retirar internos durante pandemia","author":"grieta","date":"28 abril, 2020","format":false,"excerpt":"Foto: Cortes\u00eda Crys Ben\u00edtez \/ El Occidental Tepic, Nayarit.- Derivado del peligro que representa que los estudiantes se encuentren durante la pandemia, terminando sus estad\u00edas o servicio social, la Universidad Aut\u00f3noma de Nayarit (UAN), se pronuncia en contra de que sigan asistiendo, ya que ellos como instituci\u00f3n est\u00e1n obligada a\u2026","rel":"","context":"En &quot;CINTILLO&quot;","block_context":{"text":"CINTILLO","link":"https:\/\/www.grieta.org.mx\/index.php\/category\/cintillo\/"},"img":{"alt_text":"","src":"https:\/\/i0.wp.com\/www.grieta.org.mx\/wp-content\/uploads\/2020\/05\/uan.jpg?resize=350%2C200&ssl=1","width":350,"height":200,"srcset":"https:\/\/i0.wp.com\/www.grieta.org.mx\/wp-content\/uploads\/2020\/05\/uan.jpg?resize=350%2C200&ssl=1 1x, https:\/\/i0.wp.com\/www.grieta.org.mx\/wp-content\/uploads\/2020\/05\/uan.jpg?resize=525%2C300&ssl=1 1.5x, https:\/\/i0.wp.com\/www.grieta.org.mx\/wp-content\/uploads\/2020\/05\/uan.jpg?resize=700%2C400&ssl=1 2x"},"classes":[]},{"id":51688,"url":"https:\/\/www.grieta.org.mx\/index.php\/2020\/07\/07\/jubilados-de-la-uan-reclaman-pagos-pendientes-nayarit\/","url_meta":{"origin":4148,"position":3},"title":"Jubilados de la UAN reclaman pagos pendientes (Nayarit)","author":"grieta","date":"7 julio, 2020","format":false,"excerpt":"Imagen: Realidades de Nayarit Javier Rojo Fregoso \/ Realidades de Nayarit Tepic, Nayarit.- Martes 07 de julio del 2020.- Siguen miles de docentes, academicos de la Universidad Aut\u00f3noma de Nayarit (UAN) activos, jubilados y pensionados, molestos con la parte patronal pero tambi\u00e9n con su llamado dirigente sindical, Francisco Haro, l\u00edder\u2026","rel":"","context":"En &quot;CINTILLO&quot;","block_context":{"text":"CINTILLO","link":"https:\/\/www.grieta.org.mx\/index.php\/category\/cintillo\/"},"img":{"alt_text":"","src":"https:\/\/i0.wp.com\/www.grieta.org.mx\/wp-content\/uploads\/2020\/07\/monedas.jpg?resize=350%2C200&ssl=1","width":350,"height":200,"srcset":"https:\/\/i0.wp.com\/www.grieta.org.mx\/wp-content\/uploads\/2020\/07\/monedas.jpg?resize=350%2C200&ssl=1 1x, https:\/\/i0.wp.com\/www.grieta.org.mx\/wp-content\/uploads\/2020\/07\/monedas.jpg?resize=525%2C300&ssl=1 1.5x, https:\/\/i0.wp.com\/www.grieta.org.mx\/wp-content\/uploads\/2020\/07\/monedas.jpg?resize=700%2C400&ssl=1 2x"},"classes":[]},{"id":4194,"url":"https:\/\/www.grieta.org.mx\/index.php\/2015\/05\/26\/vetan-acceso-a-la-uan-a-manifestantes-que-conmemoraban-sucesos-de-ayotzinapa\/","url_meta":{"origin":4148,"position":4},"title":"Vetan acceso a la UAN a manifestantes que conmemoraban sucesos de Ayotzinapa","author":"grieta","date":"26 mayo, 2015","format":false,"excerpt":"Hugo Joel Hern\u00e1ndez\/Nayarit en l\u00ednea Proh\u00edben entrada a la Universidad Aut\u00f3noma de Nayarit (UAN) a un grupo de manifestantes que pretend\u00edan conmemorar al interior del campus los tr\u00e1gicos sucesos de Ayotzinapa. El grupo de aproximadamente 40 personas entre estudiantes de la asamblea universitaria, ciudadanos, adultos mayores, as\u00ed como colectivos, marcharon\u2026","rel":"","context":"En &quot;CINTILLO&quot;","block_context":{"text":"CINTILLO","link":"https:\/\/www.grieta.org.mx\/index.php\/category\/cintillo\/"},"img":{"alt_text":"","src":"https:\/\/i0.wp.com\/www.grieta.org.mx\/wp-content\/uploads\/2018\/03\/14524434_1106112876131411_958039263622046936_o.jpg?resize=350%2C200&ssl=1","width":350,"height":200,"srcset":"https:\/\/i0.wp.com\/www.grieta.org.mx\/wp-content\/uploads\/2018\/03\/14524434_1106112876131411_958039263622046936_o.jpg?resize=350%2C200&ssl=1 1x, https:\/\/i0.wp.com\/www.grieta.org.mx\/wp-content\/uploads\/2018\/03\/14524434_1106112876131411_958039263622046936_o.jpg?resize=525%2C300&ssl=1 1.5x, https:\/\/i0.wp.com\/www.grieta.org.mx\/wp-content\/uploads\/2018\/03\/14524434_1106112876131411_958039263622046936_o.jpg?resize=700%2C400&ssl=1 2x"},"classes":[]},{"id":46134,"url":"https:\/\/www.grieta.org.mx\/index.php\/2020\/03\/11\/alumnas-de-la-ut-exhiben-a-acosadores-nayarit\/","url_meta":{"origin":4148,"position":5},"title":"Alumnas de la UT exhiben a acosadores (Nayarit)","author":"grieta","date":"11 marzo, 2020","format":false,"excerpt":"Imagen: Realidades de Nayarit Mildra Ben\u00edtez Robledo \/ Realidades de Nayarit Tepic, Nayarit; 11-marzo-2020.- Tras las acciones realizadas en todo el pa\u00eds por los grupos feministas en el marco del \u201cD\u00eda Internacional de la Mujer\u201d en el que se llevaron a cabo marchas en distintos Estados de la rep\u00fablica y\u2026","rel":"","context":"En &quot;CINTILLO&quot;","block_context":{"text":"CINTILLO","link":"https:\/\/www.grieta.org.mx\/index.php\/category\/cintillo\/"},"img":{"alt_text":"","src":"https:\/\/i0.wp.com\/www.grieta.org.mx\/wp-content\/uploads\/2020\/03\/ut-nayarit-748x420.jpg?resize=350%2C200&ssl=1","width":350,"height":200,"srcset":"https:\/\/i0.wp.com\/www.grieta.org.mx\/wp-content\/uploads\/2020\/03\/ut-nayarit-748x420.jpg?resize=350%2C200&ssl=1 1x, https:\/\/i0.wp.com\/www.grieta.org.mx\/wp-content\/uploads\/2020\/03\/ut-nayarit-748x420.jpg?resize=525%2C300&ssl=1 1.5x, https:\/\/i0.wp.com\/www.grieta.org.mx\/wp-content\/uploads\/2020\/03\/ut-nayarit-748x420.jpg?resize=700%2C400&ssl=1 2x"},"classes":[]}],"_links":{"self":[{"href":"https:\/\/www.grieta.org.mx\/index.php\/wp-json\/wp\/v2\/posts\/4148","targetHints":{"allow":["GET"]}}],"collection":[{"href":"https:\/\/www.grieta.org.mx\/index.php\/wp-json\/wp\/v2\/posts"}],"about":[{"href":"https:\/\/www.grieta.org.mx\/index.php\/wp-json\/wp\/v2\/types\/post"}],"author":[{"embeddable":true,"href":"https:\/\/www.grieta.org.mx\/index.php\/wp-json\/wp\/v2\/users\/2"}],"replies":[{"embeddable":true,"href":"https:\/\/www.grieta.org.mx\/index.php\/wp-json\/wp\/v2\/comments?post=4148"}],"version-history":[{"count":1,"href":"https:\/\/www.grieta.org.mx\/index.php\/wp-json\/wp\/v2\/posts\/4148\/revisions"}],"predecessor-version":[{"id":4153,"href":"https:\/\/www.grieta.org.mx\/index.php\/wp-json\/wp\/v2\/posts\/4148\/revisions\/4153"}],"wp:featuredmedia":[{"embeddable":true,"href":"https:\/\/www.grieta.org.mx\/index.php\/wp-json\/wp\/v2\/media\/21928"}],"wp:attachment":[{"href":"https:\/\/www.grieta.org.mx\/index.php\/wp-json\/wp\/v2\/media?parent=4148"}],"wp:term":[{"taxonomy":"category","embeddable":true,"href":"https:\/\/www.grieta.org.mx\/index.php\/wp-json\/wp\/v2\/categories?post=4148"},{"taxonomy":"post_tag","embeddable":true,"href":"https:\/\/www.grieta.org.mx\/index.php\/wp-json\/wp\/v2\/tags?post=4148"}],"curies":[{"name":"wp","href":"https:\/\/api.w.org\/{rel}","templated":true}]}}