{"id":41468,"date":"2019-11-21T13:52:40","date_gmt":"2019-11-21T19:52:40","guid":{"rendered":"http:\/\/www.grieta.org.mx\/?p=41468"},"modified":"2019-11-23T14:06:49","modified_gmt":"2019-11-23T20:06:49","slug":"habra-tres-cuarteles-de-la-guardia-nacional-en-colima","status":"publish","type":"post","link":"https:\/\/www.grieta.org.mx\/index.php\/2019\/11\/21\/habra-tres-cuarteles-de-la-guardia-nacional-en-colima\/","title":{"rendered":"Habr\u00e1 tres cuarteles de la Guardia Nacional en Colima"},"content":{"rendered":"<p><img loading=\"lazy\" decoding=\"async\" data-attachment-id=\"41469\" data-permalink=\"https:\/\/www.grieta.org.mx\/index.php\/2019\/11\/21\/habra-tres-cuarteles-de-la-guardia-nacional-en-colima\/nota-6\/\" data-orig-file=\"https:\/\/www.grieta.org.mx\/wp-content\/uploads\/2019\/11\/Nota-6.jpg\" data-orig-size=\"540,281\" data-comments-opened=\"0\" data-image-meta=\"{&quot;aperture&quot;:&quot;0&quot;,&quot;credit&quot;:&quot;&quot;,&quot;camera&quot;:&quot;&quot;,&quot;caption&quot;:&quot;&quot;,&quot;created_timestamp&quot;:&quot;0&quot;,&quot;copyright&quot;:&quot;&quot;,&quot;focal_length&quot;:&quot;0&quot;,&quot;iso&quot;:&quot;0&quot;,&quot;shutter_speed&quot;:&quot;0&quot;,&quot;title&quot;:&quot;&quot;,&quot;orientation&quot;:&quot;0&quot;}\" data-image-title=\"Nota 6\" data-image-description=\"\" data-image-caption=\"\" data-medium-file=\"https:\/\/www.grieta.org.mx\/wp-content\/uploads\/2019\/11\/Nota-6-300x156.jpg\" data-large-file=\"https:\/\/www.grieta.org.mx\/wp-content\/uploads\/2019\/11\/Nota-6.jpg\" class=\"aligncenter wp-image-41469\" src=\"http:\/\/www.grieta.org.mx\/wp-content\/uploads\/2019\/11\/Nota-6.jpg\" alt=\"\" width=\"800\" height=\"416\" srcset=\"https:\/\/www.grieta.org.mx\/wp-content\/uploads\/2019\/11\/Nota-6.jpg 540w, https:\/\/www.grieta.org.mx\/wp-content\/uploads\/2019\/11\/Nota-6-300x156.jpg 300w\" sizes=\"auto, (max-width: 800px) 100vw, 800px\" \/><\/p>\n<p>Foto: Ecos de la Costa<\/p>\n<p>Arturo Aguilar Huerta \/ Ecos de la Costa<\/p>\n<p>Domingo Tito Bahena Salgado, comisionado de la Guardia Nacional en Colima, confirm\u00f3 que en la entidad se instalar\u00e1n tres cuarteles de esta agrupaci\u00f3n militar, uno de ellos en Manzanillo, que podr\u00eda estar en la comunidad de Chandiablo.<\/p>\n<p>\u201cTenemos los proyectos de diferentes terrenos que pueden ser donados, uno de ellos el de cerca del Cereso en la comunidad de Chandiablo, pero a\u00fan tenemos varios terrenos que ver; hay otro en Cuauht\u00e9moc y otros m\u00e1s en Tecom\u00e1n y Armer\u00eda, pero estamos verificando que tengan las dimensiones y seguridad que se requiere\u201d, puntualiz\u00f3.<\/p>\n<p>Resalt\u00f3 que la inversi\u00f3n que se aplicar\u00e1 para esta infraestructura es de 25 millones de pesos por cada cuartel, en espera de que en el transcurso del pr\u00f3ximo a\u00f1o o el 2021, pueda estar concluido el primero en el municipio de Manzanillo.<\/p>\n<p>Mencion\u00f3 que hay elementos de la Guardia Nacional actualmente destacados en las instalaciones de la Vig\u00e9sima Zona Militar, 210 elementos pertenecientes a la 57 Coordinaci\u00f3n Regional, mientras que en la Coordinaci\u00f3n Regional 58, que se establece en Manzanillo, hay 410 elementos, en donde pr\u00f3ximamente arribar\u00e1n 80 m\u00e1s.<\/p>\n<p>Destac\u00f3 que aunque todav\u00eda se puede ver a estos elementos con uniformes del Ej\u00e9rcito o la Marina y un brazalete distintivo, a m\u00e1s tardar en 15 d\u00edas se podr\u00e1 contar con el uniforme completo, y con esta distinci\u00f3n la ciudadan\u00eda los \u201cobserve m\u00e1s y conozca\u201d.<\/p>\n<p><a href=\"https:\/\/www.ecosdelacosta.mx\/stories\/1045\">https:\/\/www.ecosdelacosta.mx\/stories\/1045<\/a><\/p>\n","protected":false},"excerpt":{"rendered":"<p>Foto: Ecos de la Costa Arturo Aguilar Huerta \/ Ecos de la Costa Domingo Tito Bahena Salgado, comisionado de la Guardia Nacional en Colima, confirm\u00f3 que en la entidad se &hellip; <a href=\"https:\/\/www.grieta.org.mx\/index.php\/2019\/11\/21\/habra-tres-cuarteles-de-la-guardia-nacional-en-colima\/\" class=\"more-link\">Leer m\u00e1s<\/a><\/p>\n","protected":false},"author":2,"featured_media":21928,"comment_status":"closed","ping_status":"closed","sticky":false,"template":"","format":"standard","meta":{"ngg_post_thumbnail":0,"_jetpack_newsletter_access":"","_jetpack_dont_email_post_to_subs":false,"_jetpack_newsletter_tier_id":0,"_jetpack_memberships_contains_paywalled_content":false,"_jetpack_memberships_contains_paid_content":false,"footnotes":""},"categories":[80,13,912,2759,2,83],"tags":[2295,614],"class_list":["post-41468","post","type-post","status-publish","format-standard","has-post-thumbnail","hentry","category-cintillo","category-colima","category-militarizacion","category-militarizacion-en-colima","category-noticias-nacionales","category-temas-nacionales","tag-guardia-nacional","tag-militarizacion","entry"],"jetpack_featured_media_url":"https:\/\/www.grieta.org.mx\/wp-content\/uploads\/2018\/03\/14524434_1106112876131411_958039263622046936_o.jpg","jetpack_sharing_enabled":true,"jetpack_shortlink":"https:\/\/wp.me\/p7ZJR4-aMQ","jetpack_likes_enabled":false,"jetpack-related-posts":[{"id":53908,"url":"https:\/\/www.grieta.org.mx\/index.php\/2020\/09\/28\/finalizarian-este-ano-la-construccion-de-4-cuarteles-de-la-gn-en-la-entidad-colima\/","url_meta":{"origin":41468,"position":0},"title":"Finalizar\u00edan este a\u00f1o la construcci\u00f3n de 4 cuarteles de la GN en la entidad (Colima)","author":"grieta","date":"28 septiembre, 2020","format":false,"excerpt":"Foto: El Comentario Francis Bravo \/ El Comentario El coordinador estatal de la Guardia Nacional en la entidad,\u00a0Domingo Tito Bahena Salgado, dijo esperar que las\u00a0instalaciones\u00a0de la Guardia Nacional, que est\u00e1n en\u00a0construcci\u00f3n en cuatro municipios\u00a0del estado, se entreguen a m\u00e1s tardar el pr\u00f3ximo\u00a031 de diciembre. El funcionario federal inform\u00f3 que en\u2026","rel":"","context":"En &quot;CINTILLO&quot;","block_context":{"text":"CINTILLO","link":"https:\/\/www.grieta.org.mx\/index.php\/category\/cintillo\/"},"img":{"alt_text":"","src":"https:\/\/i0.wp.com\/www.grieta.org.mx\/wp-content\/uploads\/2020\/10\/9b02827ba0d5384e54ac51f57d6cf77d.jpg?resize=350%2C200&ssl=1","width":350,"height":200,"srcset":"https:\/\/i0.wp.com\/www.grieta.org.mx\/wp-content\/uploads\/2020\/10\/9b02827ba0d5384e54ac51f57d6cf77d.jpg?resize=350%2C200&ssl=1 1x, https:\/\/i0.wp.com\/www.grieta.org.mx\/wp-content\/uploads\/2020\/10\/9b02827ba0d5384e54ac51f57d6cf77d.jpg?resize=525%2C300&ssl=1 1.5x, https:\/\/i0.wp.com\/www.grieta.org.mx\/wp-content\/uploads\/2020\/10\/9b02827ba0d5384e54ac51f57d6cf77d.jpg?resize=700%2C400&ssl=1 2x, https:\/\/i0.wp.com\/www.grieta.org.mx\/wp-content\/uploads\/2020\/10\/9b02827ba0d5384e54ac51f57d6cf77d.jpg?resize=1050%2C600&ssl=1 3x"},"classes":[]},{"id":36635,"url":"https:\/\/www.grieta.org.mx\/index.php\/2019\/06\/29\/ya-hay-propuesta-de-predio-para-guardia-nacional-colima\/","url_meta":{"origin":41468,"position":1},"title":"Ya hay propuesta de predio para Guardia Nacional (Colima)","author":"grieta","date":"29 junio, 2019","format":false,"excerpt":"Foto: Especial Pr\u00f3ximo domingo iniciar\u00e1 operaciones de manera formal la Guardia Nacional Jes\u00fas Lozoya Baeza \/ El Noticiero de Colima Ya hay una propuesta de predio para albergar la Guardia Nacional en Manzanillo; es el Ayuntamiento el encargado de atender la solicitud, por lo que estamos a la espera de\u2026","rel":"","context":"En &quot;CINTILLO&quot;","block_context":{"text":"CINTILLO","link":"https:\/\/www.grieta.org.mx\/index.php\/category\/cintillo\/"},"img":{"alt_text":"","src":"https:\/\/i0.wp.com\/www.grieta.org.mx\/wp-content\/uploads\/2019\/07\/turismo-e1512414499529-777x437.jpg?resize=350%2C200&ssl=1","width":350,"height":200,"srcset":"https:\/\/i0.wp.com\/www.grieta.org.mx\/wp-content\/uploads\/2019\/07\/turismo-e1512414499529-777x437.jpg?resize=350%2C200&ssl=1 1x, https:\/\/i0.wp.com\/www.grieta.org.mx\/wp-content\/uploads\/2019\/07\/turismo-e1512414499529-777x437.jpg?resize=525%2C300&ssl=1 1.5x, https:\/\/i0.wp.com\/www.grieta.org.mx\/wp-content\/uploads\/2019\/07\/turismo-e1512414499529-777x437.jpg?resize=700%2C400&ssl=1 2x"},"classes":[]},{"id":53905,"url":"https:\/\/www.grieta.org.mx\/index.php\/2020\/09\/30\/concluiran-este-ano-edificio-de-la-guardia-nacional-en-tecoman-colima\/","url_meta":{"origin":41468,"position":2},"title":"Concluir\u00e1n este a\u00f1o edificio de la Guardia Nacional en Tecom\u00e1n (Colima)","author":"grieta","date":"30 septiembre, 2020","format":false,"excerpt":"Foto: El Comentario Yensuni L\u00f3pez Andrade \/ El Comentario El contralmirante\u00a0Domingo Bahena Salgado, coordinador estatal de la\u00a0Guardia Nacional, confirm\u00f3 que ser\u00e1n\u00a0130 elementos\u00a0mixtos los que albergue el\u00a0nuevo edificio\u00a0de esa corporaci\u00f3n con sede en el municipio de\u00a0Tecom\u00e1n\u00a0y que se estima est\u00e9 concluido antes del\u00a031 de diciembre\u00a0de este a\u00f1o. Se\u00f1al\u00f3 que la obra\u2026","rel":"","context":"En &quot;CINTILLO&quot;","block_context":{"text":"CINTILLO","link":"https:\/\/www.grieta.org.mx\/index.php\/category\/cintillo\/"},"img":{"alt_text":"","src":"https:\/\/i0.wp.com\/www.grieta.org.mx\/wp-content\/uploads\/2018\/03\/14524434_1106112876131411_958039263622046936_o.jpg?resize=350%2C200&ssl=1","width":350,"height":200,"srcset":"https:\/\/i0.wp.com\/www.grieta.org.mx\/wp-content\/uploads\/2018\/03\/14524434_1106112876131411_958039263622046936_o.jpg?resize=350%2C200&ssl=1 1x, https:\/\/i0.wp.com\/www.grieta.org.mx\/wp-content\/uploads\/2018\/03\/14524434_1106112876131411_958039263622046936_o.jpg?resize=525%2C300&ssl=1 1.5x, https:\/\/i0.wp.com\/www.grieta.org.mx\/wp-content\/uploads\/2018\/03\/14524434_1106112876131411_958039263622046936_o.jpg?resize=700%2C400&ssl=1 2x"},"classes":[]},{"id":48240,"url":"https:\/\/www.grieta.org.mx\/index.php\/2020\/04\/21\/asumen-militares-seguridad-en-instalaciones-de-imss-colima\/","url_meta":{"origin":41468,"position":3},"title":"Asumen militares seguridad en instalaciones de IMSS Colima","author":"grieta","date":"21 abril, 2020","format":false,"excerpt":"Foto: Especial Redacci\u00f3n \/ El Noticiero en L\u00ednea Elementos de la Sedena, Marina Armada y Guardia Nacional desplegaron un operativo en instalaciones y almacenes del IMSS en Colima, a fin de garantizar la seguridad del personal m\u00e9dico y de enfermer\u00eda y proteger material y equipo m\u00e9dico. Este operativo forma parte\u2026","rel":"","context":"En &quot;CINTILLO&quot;","block_context":{"text":"CINTILLO","link":"https:\/\/www.grieta.org.mx\/index.php\/category\/cintillo\/"},"img":{"alt_text":"","src":"https:\/\/i0.wp.com\/www.grieta.org.mx\/wp-content\/uploads\/2020\/04\/GUARDIA.jpg?resize=350%2C200&ssl=1","width":350,"height":200,"srcset":"https:\/\/i0.wp.com\/www.grieta.org.mx\/wp-content\/uploads\/2020\/04\/GUARDIA.jpg?resize=350%2C200&ssl=1 1x, https:\/\/i0.wp.com\/www.grieta.org.mx\/wp-content\/uploads\/2020\/04\/GUARDIA.jpg?resize=525%2C300&ssl=1 1.5x, https:\/\/i0.wp.com\/www.grieta.org.mx\/wp-content\/uploads\/2020\/04\/GUARDIA.jpg?resize=700%2C400&ssl=1 2x"},"classes":[]},{"id":37949,"url":"https:\/\/www.grieta.org.mx\/index.php\/2019\/08\/15\/ignacio-peralta-este-ano-guardia-nacional-colima\/","url_meta":{"origin":41468,"position":4},"title":"Ignacio Peralta: Este a\u00f1o, Guardia Nacional (Colima)","author":"grieta","date":"15 agosto, 2019","format":false,"excerpt":"Foto: Rocio Amescua Jes\u00fas Murgu\u00eda Rubio \/ El Mundo desde Colima El gobernador Jos\u00e9 Ignacio Peralta S\u00e1nchez asegur\u00f3 existe franco di\u00e1logo con el gobierno federal en materia de seguridad, buscando mejorar la situaci\u00f3n que enfrenta la entidad, con mejores estrategias promotoras de tranquilidad y paz, y en torno a la\u2026","rel":"","context":"En &quot;CINTILLO&quot;","block_context":{"text":"CINTILLO","link":"https:\/\/www.grieta.org.mx\/index.php\/category\/cintillo\/"},"img":{"alt_text":"","src":"https:\/\/i0.wp.com\/www.grieta.org.mx\/wp-content\/uploads\/2019\/08\/p01-f5-ago15-800x445.jpg?resize=350%2C200&ssl=1","width":350,"height":200,"srcset":"https:\/\/i0.wp.com\/www.grieta.org.mx\/wp-content\/uploads\/2019\/08\/p01-f5-ago15-800x445.jpg?resize=350%2C200&ssl=1 1x, https:\/\/i0.wp.com\/www.grieta.org.mx\/wp-content\/uploads\/2019\/08\/p01-f5-ago15-800x445.jpg?resize=525%2C300&ssl=1 1.5x, https:\/\/i0.wp.com\/www.grieta.org.mx\/wp-content\/uploads\/2019\/08\/p01-f5-ago15-800x445.jpg?resize=700%2C400&ssl=1 2x"},"classes":[]},{"id":64890,"url":"https:\/\/www.grieta.org.mx\/index.php\/2022\/08\/12\/policia-estatal-guardia-nacional-y-la-fiscalia-estado-retiran-a-la-fuerza-bloqueo-de-familiares-de-desaparecido-colima\/","url_meta":{"origin":41468,"position":5},"title":"Polic\u00eda Estatal, Guardia Nacional y la Fiscal\u00eda Estado retiran a la fuerza bloqueo de familiares de desaparecido (Colima)","author":"grieta","date":"12 agosto, 2022","format":false,"excerpt":"Foto: El Comentario Redacci\u00f3n \/ El Comentario Familiares de\u00a0Jos\u00e9 Heriberto, joven que se encuentra\u00a0desaparecido, denunciaron que fueron retirados a la fuerza por elementos de la\u00a0Polic\u00eda Estatal,\u00a0Guardia Nacional\u00a0y la Fiscal\u00eda General del Estado (FGE), del bloqueo que manten\u00edan desde el martes en una de las v\u00edas del\u00a0libramiento Ej\u00e9rcito Mexicano, donde se\u2026","rel":"","context":"En &quot;CINTILLO&quot;","block_context":{"text":"CINTILLO","link":"https:\/\/www.grieta.org.mx\/index.php\/category\/cintillo\/"},"img":{"alt_text":"","src":"https:\/\/i0.wp.com\/www.grieta.org.mx\/wp-content\/uploads\/2022\/08\/340b62a61090d74de58998fc7ce0d7ed-1-780x470-1.jpg?resize=350%2C200&ssl=1","width":350,"height":200,"srcset":"https:\/\/i0.wp.com\/www.grieta.org.mx\/wp-content\/uploads\/2022\/08\/340b62a61090d74de58998fc7ce0d7ed-1-780x470-1.jpg?resize=350%2C200&ssl=1 1x, https:\/\/i0.wp.com\/www.grieta.org.mx\/wp-content\/uploads\/2022\/08\/340b62a61090d74de58998fc7ce0d7ed-1-780x470-1.jpg?resize=525%2C300&ssl=1 1.5x, https:\/\/i0.wp.com\/www.grieta.org.mx\/wp-content\/uploads\/2022\/08\/340b62a61090d74de58998fc7ce0d7ed-1-780x470-1.jpg?resize=700%2C400&ssl=1 2x"},"classes":[]}],"_links":{"self":[{"href":"https:\/\/www.grieta.org.mx\/index.php\/wp-json\/wp\/v2\/posts\/41468","targetHints":{"allow":["GET"]}}],"collection":[{"href":"https:\/\/www.grieta.org.mx\/index.php\/wp-json\/wp\/v2\/posts"}],"about":[{"href":"https:\/\/www.grieta.org.mx\/index.php\/wp-json\/wp\/v2\/types\/post"}],"author":[{"embeddable":true,"href":"https:\/\/www.grieta.org.mx\/index.php\/wp-json\/wp\/v2\/users\/2"}],"replies":[{"embeddable":true,"href":"https:\/\/www.grieta.org.mx\/index.php\/wp-json\/wp\/v2\/comments?post=41468"}],"version-history":[{"count":1,"href":"https:\/\/www.grieta.org.mx\/index.php\/wp-json\/wp\/v2\/posts\/41468\/revisions"}],"predecessor-version":[{"id":41470,"href":"https:\/\/www.grieta.org.mx\/index.php\/wp-json\/wp\/v2\/posts\/41468\/revisions\/41470"}],"wp:featuredmedia":[{"embeddable":true,"href":"https:\/\/www.grieta.org.mx\/index.php\/wp-json\/wp\/v2\/media\/21928"}],"wp:attachment":[{"href":"https:\/\/www.grieta.org.mx\/index.php\/wp-json\/wp\/v2\/media?parent=41468"}],"wp:term":[{"taxonomy":"category","embeddable":true,"href":"https:\/\/www.grieta.org.mx\/index.php\/wp-json\/wp\/v2\/categories?post=41468"},{"taxonomy":"post_tag","embeddable":true,"href":"https:\/\/www.grieta.org.mx\/index.php\/wp-json\/wp\/v2\/tags?post=41468"}],"curies":[{"name":"wp","href":"https:\/\/api.w.org\/{rel}","templated":true}]}}