{"id":41463,"date":"2019-11-23T13:51:36","date_gmt":"2019-11-23T19:51:36","guid":{"rendered":"http:\/\/www.grieta.org.mx\/?p=41463"},"modified":"2019-11-23T13:51:36","modified_gmt":"2019-11-23T19:51:36","slug":"aumenta-la-violencia-en-colima","status":"publish","type":"post","link":"https:\/\/www.grieta.org.mx\/index.php\/2019\/11\/23\/aumenta-la-violencia-en-colima\/","title":{"rendered":"Aumenta la violencia en Colima"},"content":{"rendered":"<p><img loading=\"lazy\" decoding=\"async\" data-attachment-id=\"41466\" data-permalink=\"https:\/\/www.grieta.org.mx\/index.php\/2019\/11\/23\/aumenta-la-violencia-en-colima\/colimaviolencia-focus-min0-1-0-11-983-557\/\" data-orig-file=\"https:\/\/www.grieta.org.mx\/wp-content\/uploads\/2019\/11\/colimaviolencia-focus-min0.1-0.11-983-557.jpg\" data-orig-size=\"718,450\" data-comments-opened=\"0\" data-image-meta=\"{&quot;aperture&quot;:&quot;0&quot;,&quot;credit&quot;:&quot;&quot;,&quot;camera&quot;:&quot;&quot;,&quot;caption&quot;:&quot;&quot;,&quot;created_timestamp&quot;:&quot;0&quot;,&quot;copyright&quot;:&quot;&quot;,&quot;focal_length&quot;:&quot;0&quot;,&quot;iso&quot;:&quot;0&quot;,&quot;shutter_speed&quot;:&quot;0&quot;,&quot;title&quot;:&quot;&quot;,&quot;orientation&quot;:&quot;0&quot;}\" data-image-title=\"colimaviolencia-focus-min0.1-0.11-983-557\" data-image-description=\"\" data-image-caption=\"\" data-medium-file=\"https:\/\/www.grieta.org.mx\/wp-content\/uploads\/2019\/11\/colimaviolencia-focus-min0.1-0.11-983-557-300x188.jpg\" data-large-file=\"https:\/\/www.grieta.org.mx\/wp-content\/uploads\/2019\/11\/colimaviolencia-focus-min0.1-0.11-983-557.jpg\" class=\"aligncenter  wp-image-41466\" src=\"http:\/\/www.grieta.org.mx\/wp-content\/uploads\/2019\/11\/colimaviolencia-focus-min0.1-0.11-983-557.jpg\" alt=\"\" width=\"801\" height=\"502\" srcset=\"https:\/\/www.grieta.org.mx\/wp-content\/uploads\/2019\/11\/colimaviolencia-focus-min0.1-0.11-983-557.jpg 718w, https:\/\/www.grieta.org.mx\/wp-content\/uploads\/2019\/11\/colimaviolencia-focus-min0.1-0.11-983-557-300x188.jpg 300w\" sizes=\"auto, (max-width: 801px) 100vw, 801px\" \/><\/p>\n<p>Foto: Ilustrativa<\/p>\n<p>Heidi de Le\u00f3n Gutierrez \/ Diario Avanzada<\/p>\n<p>Colima, M\u00e9xico, Avanzada (23\/11\/2019).- El Observatorio Nacional\u00a0 Ciudadano ubic\u00f3 a Colima como uno de los nueve estados m\u00e1s peligrosos del pa\u00eds.<\/p>\n<p>La entidad se encuentra en la lista de los lugares con un alto nivel de violencia, junto con Zacatecas, Estado de M\u00e9xico, Puebla, Chihuahua, Quintana Roo, Ciudad de M\u00e9xico y Morelos.<\/p>\n<p>El Observatorio Nacional Ciudadano analiz\u00f3 la situaci\u00f3n de violencia que se vive en M\u00e9xico en los primeros 10 meses del a\u00f1o y encontr\u00f3 que nueve estados no han podido contener los delitos de alto impacto.<\/p>\n<p>Refiri\u00f3 que en Colima adem\u00e1s, de tener la tasa m\u00e1s alta de homicidios dolosos por cada 100 mil habitantes en el pa\u00eds, muestra una tendencia a la alza en otros tipos de delitos, como el homicidio de mujeres, los robos y las extorsiones.<\/p>\n<p>A nivel\u00a0 nacional, las cifras encontradas en los primeros diez meses de este a\u00f1o muestran un incremento de 1.4% en homicidio doloso; .8 en culposo; 4.5% en secuestros; 34% en extorsi\u00f3n; 14% en trata de personas; 5.2% m\u00e1s en robo a negocios; 10.1% en violaci\u00f3n y 19.6% m\u00e1s en narcomenudeo.<\/p>\n<p>Durante la presentaci\u00f3n del estudio La seguridad de los mexicanos: Lo prometido a\u00fan es deuda, la organizaci\u00f3n que se encarga de analizar las situaci\u00f3n de violencia en M\u00e9xico advirti\u00f3 que el 2019 podr\u00eda convertirse en el m\u00e1s violento de la historia reciente del pa\u00eds.<\/p>\n<p>El director de la Organizaci\u00f3n, Francisco Rivas explic\u00f3 que las entidades con mayores tasas de incidencia delictiva no necesariamente corresponden a las que tienen la mayor penetraci\u00f3n de delincuencia organizada, pues los primeros lugares los ocupan Quintana Roo, Ciudad de M\u00e9xico, Colima, Chihuahua y Zacatecas. Quedan fuera estados como Guerrero, Tamaulipas y Michoac\u00e1n.<\/p>\n<p><a href=\"https:\/\/www.diarioavanzada.com.mx\/?p=8739\">https:\/\/www.diarioavanzada.com.mx\/?p=8739<\/a><\/p>\n","protected":false},"excerpt":{"rendered":"<p>Foto: Ilustrativa Heidi de Le\u00f3n Gutierrez \/ Diario Avanzada Colima, M\u00e9xico, Avanzada (23\/11\/2019).- El Observatorio Nacional\u00a0 Ciudadano ubic\u00f3 a Colima como uno de los nueve estados m\u00e1s peligrosos del pa\u00eds. &hellip; <a href=\"https:\/\/www.grieta.org.mx\/index.php\/2019\/11\/23\/aumenta-la-violencia-en-colima\/\" class=\"more-link\">Leer m\u00e1s<\/a><\/p>\n","protected":false},"author":2,"featured_media":41466,"comment_status":"closed","ping_status":"closed","sticky":false,"template":"","format":"standard","meta":{"ngg_post_thumbnail":0,"_jetpack_newsletter_access":"","_jetpack_dont_email_post_to_subs":false,"_jetpack_newsletter_tier_id":0,"_jetpack_memberships_contains_paywalled_content":false,"_jetpack_memberships_contains_paid_content":false,"footnotes":""},"categories":[80,13,1126,2],"tags":[1133],"class_list":["post-41463","post","type-post","status-publish","format-standard","has-post-thumbnail","hentry","category-cintillo","category-colima","category-incremento-en-la-violencia-en-colima","category-noticias-nacionales","tag-incremento-en-la-violencia","entry"],"jetpack_featured_media_url":"https:\/\/www.grieta.org.mx\/wp-content\/uploads\/2019\/11\/colimaviolencia-focus-min0.1-0.11-983-557.jpg","jetpack_sharing_enabled":true,"jetpack_shortlink":"https:\/\/wp.me\/p7ZJR4-aML","jetpack_likes_enabled":false,"jetpack-related-posts":[{"id":62566,"url":"https:\/\/www.grieta.org.mx\/index.php\/2021\/10\/23\/colima-es-el-segundo-estado-mas-letal-para-las-mujeres\/","url_meta":{"origin":41463,"position":0},"title":"Colima es el segundo estado m\u00e1s letal para las mujeres","author":"grieta","date":"23 octubre, 2021","format":false,"excerpt":"Imagen: Diario Avanzada Heidi de Le\u00f3n Guti\u00e9rrez \/ Diario Avanzada Colima, M\u00e9xico, Avanzada (23\/10\/2021).- La violencia contra las mujeres se ha convertido en un tema espinoso para el gobierno de Colima. Los datos muestran que el gobernador Ignacio Peralta S\u00e1nchez conden\u00f3 este tipo de hechos s\u00f3lo de palabras, pero nunca\u2026","rel":"","context":"En &quot;CINTILLO&quot;","block_context":{"text":"CINTILLO","link":"https:\/\/www.grieta.org.mx\/index.php\/category\/cintillo\/"},"img":{"alt_text":"","src":"https:\/\/i0.wp.com\/www.grieta.org.mx\/wp-content\/uploads\/2021\/11\/Arma.jpg?resize=350%2C200&ssl=1","width":350,"height":200},"classes":[]},{"id":43798,"url":"https:\/\/www.grieta.org.mx\/index.php\/2020\/01\/29\/colima-estaria-maquillando-cifras-de-robos-senala-ong\/","url_meta":{"origin":41463,"position":1},"title":"Colima estar\u00eda \u201cmaquillando\u201d cifras de robos, se\u00f1ala ONG","author":"grieta","date":"29 enero, 2020","format":false,"excerpt":"Colima, M\u00e9xico, Avanzada (29\/01\/2020).- \u00a0La organizaci\u00f3n nacional Causa Com\u00fan alert\u00f3 que varias entidades del pa\u00eds, entre ellas Colima, observan anomal\u00eda al momento de registrar alguno de los diversos delitos que se cometen. La ONG \u2013 especialista en analizar las estad\u00edsticas sobre violencia en M\u00e9xico- clasific\u00f3 como una anomal\u00eda que Colima\u2026","rel":"","context":"En &quot;CINTILLO&quot;","block_context":{"text":"CINTILLO","link":"https:\/\/www.grieta.org.mx\/index.php\/category\/cintillo\/"},"img":{"alt_text":"","src":"https:\/\/i0.wp.com\/www.grieta.org.mx\/wp-content\/uploads\/2018\/03\/14524434_1106112876131411_958039263622046936_o.jpg?resize=350%2C200&ssl=1","width":350,"height":200,"srcset":"https:\/\/i0.wp.com\/www.grieta.org.mx\/wp-content\/uploads\/2018\/03\/14524434_1106112876131411_958039263622046936_o.jpg?resize=350%2C200&ssl=1 1x, https:\/\/i0.wp.com\/www.grieta.org.mx\/wp-content\/uploads\/2018\/03\/14524434_1106112876131411_958039263622046936_o.jpg?resize=525%2C300&ssl=1 1.5x, https:\/\/i0.wp.com\/www.grieta.org.mx\/wp-content\/uploads\/2018\/03\/14524434_1106112876131411_958039263622046936_o.jpg?resize=700%2C400&ssl=1 2x"},"classes":[]},{"id":67829,"url":"https:\/\/www.grieta.org.mx\/index.php\/2023\/09\/25\/colima-primero-en-homicidios-de-mujeres-y-violencia-familiar-segundo-en-feminicidios\/","url_meta":{"origin":41463,"position":2},"title":"Colima, primero en homicidios de mujeres y violencia familiar; segundo en feminicidios","author":"grieta","date":"25 septiembre, 2023","format":false,"excerpt":"Imagen: Tomada de la Red Heidi de Le\u00f3n Guti\u00e9rrez \/ Diario Avanzada Colima, M\u00e9xico, Avanzada (25\/09\/2023).- A pesar de haber sido declarado con Alerta de Violencia de G\u00e9nero desde 2017, el estado de Colima contin\u00faa padeciendo la ola de violencia familiar y de g\u00e9nero. Las cifras son alarmantes: seg\u00fan el\u2026","rel":"","context":"En &quot;CINTILLO&quot;","block_context":{"text":"CINTILLO","link":"https:\/\/www.grieta.org.mx\/index.php\/category\/cintillo\/"},"img":{"alt_text":"","src":"https:\/\/i0.wp.com\/www.grieta.org.mx\/wp-content\/uploads\/2023\/10\/Imagen-de-WhatsApp-2023-09-25-a-las-08.16.28-840x1024-1.webp?resize=350%2C200&ssl=1","width":350,"height":200,"srcset":"https:\/\/i0.wp.com\/www.grieta.org.mx\/wp-content\/uploads\/2023\/10\/Imagen-de-WhatsApp-2023-09-25-a-las-08.16.28-840x1024-1.webp?resize=350%2C200&ssl=1 1x, https:\/\/i0.wp.com\/www.grieta.org.mx\/wp-content\/uploads\/2023\/10\/Imagen-de-WhatsApp-2023-09-25-a-las-08.16.28-840x1024-1.webp?resize=525%2C300&ssl=1 1.5x, https:\/\/i0.wp.com\/www.grieta.org.mx\/wp-content\/uploads\/2023\/10\/Imagen-de-WhatsApp-2023-09-25-a-las-08.16.28-840x1024-1.webp?resize=700%2C400&ssl=1 2x"},"classes":[]},{"id":41641,"url":"https:\/\/www.grieta.org.mx\/index.php\/2019\/11\/27\/colima-entre-los-cuatro-estados-que-mas-discriminan-a-la-mujer\/","url_meta":{"origin":41463,"position":3},"title":"Colima, entre los cuatro estados que m\u00e1s discriminan a la mujer","author":"grieta","date":"27 noviembre, 2019","format":false,"excerpt":"Foto: Diario Avanzada Heidi de Le\u00f3n Guti\u00e9rrez \/ Diario Avanzada Colima, M\u00e9xico, Avanzada (27\/11\/2019).- La violencia que sufren las mujeres en el estado no es fortuita. Colima es una de las cuatro entidades del pa\u00eds con el mayor porcentaje de discriminaci\u00f3n hacia el sector femenino. Lo anterior significa que en\u2026","rel":"","context":"En &quot;CINTILLO&quot;","block_context":{"text":"CINTILLO","link":"https:\/\/www.grieta.org.mx\/index.php\/category\/cintillo\/"},"img":{"alt_text":"","src":"https:\/\/i0.wp.com\/www.grieta.org.mx\/wp-content\/uploads\/2019\/11\/Mujer-1.jpg?resize=350%2C200&ssl=1","width":350,"height":200,"srcset":"https:\/\/i0.wp.com\/www.grieta.org.mx\/wp-content\/uploads\/2019\/11\/Mujer-1.jpg?resize=350%2C200&ssl=1 1x, https:\/\/i0.wp.com\/www.grieta.org.mx\/wp-content\/uploads\/2019\/11\/Mujer-1.jpg?resize=525%2C300&ssl=1 1.5x, https:\/\/i0.wp.com\/www.grieta.org.mx\/wp-content\/uploads\/2019\/11\/Mujer-1.jpg?resize=700%2C400&ssl=1 2x"},"classes":[]},{"id":47911,"url":"https:\/\/www.grieta.org.mx\/index.php\/2020\/04\/16\/asesinan-a-28-personas-en-colima-en-15-dias\/","url_meta":{"origin":41463,"position":4},"title":"Asesinan a 28 personas en Colima en 15 d\u00edas","author":"grieta","date":"16 abril, 2020","format":false,"excerpt":"Imagen: Diario Avanzada Redacci\u00f3n \/ Diario Avanzada Colima, M\u00e9xico, Avanzada (16\/04\/2020).- Colima tiene el primer lugar en homicidios dolosos por cada 100 mil habitantes desde que el gobernador Jos\u00e9 Ignacio Peralta S\u00e1nchez inici\u00f3 su mandato. Como pol\u00edtica de Estado, no se informa a diario de los atentados que se perpetran,\u2026","rel":"","context":"En &quot;CINTILLO&quot;","block_context":{"text":"CINTILLO","link":"https:\/\/www.grieta.org.mx\/index.php\/category\/cintillo\/"},"img":{"alt_text":"","src":"https:\/\/i0.wp.com\/www.grieta.org.mx\/wp-content\/uploads\/2020\/04\/93641383_359796774971228_775090353949638656_n.jpg?resize=350%2C200&ssl=1","width":350,"height":200,"srcset":"https:\/\/i0.wp.com\/www.grieta.org.mx\/wp-content\/uploads\/2020\/04\/93641383_359796774971228_775090353949638656_n.jpg?resize=350%2C200&ssl=1 1x, https:\/\/i0.wp.com\/www.grieta.org.mx\/wp-content\/uploads\/2020\/04\/93641383_359796774971228_775090353949638656_n.jpg?resize=525%2C300&ssl=1 1.5x, https:\/\/i0.wp.com\/www.grieta.org.mx\/wp-content\/uploads\/2020\/04\/93641383_359796774971228_775090353949638656_n.jpg?resize=700%2C400&ssl=1 2x, https:\/\/i0.wp.com\/www.grieta.org.mx\/wp-content\/uploads\/2020\/04\/93641383_359796774971228_775090353949638656_n.jpg?resize=1050%2C600&ssl=1 3x"},"classes":[]},{"id":51311,"url":"https:\/\/www.grieta.org.mx\/index.php\/2020\/06\/24\/colima-cuenta-con-247-mdp-para-mejorar-la-seguridad-y-no-ha-invertido-un-solo-peso\/","url_meta":{"origin":41463,"position":5},"title":"Colima cuenta con 247 MDP para mejorar la seguridad y no ha invertido un solo peso","author":"grieta","date":"24 junio, 2020","format":false,"excerpt":"Foto: Diario Avanzada Heidi de Le\u00f3n Guti\u00e9rrez \/ Diario Avanzada Colima, M\u00e9xico, Avanzada (24\/06\/2020).-\u00a0Hasta el pasado mes de abril, el Gobierno de Colima no hab\u00eda ejercido un solo peso del Fondo de Aportaciones para la Seguridad P\u00fablica (FASP) a pesar de que es l\u00edder en homicidios dolosos en el pa\u00eds\u2026","rel":"","context":"En &quot;CINTILLO&quot;","block_context":{"text":"CINTILLO","link":"https:\/\/www.grieta.org.mx\/index.php\/category\/cintillo\/"},"img":{"alt_text":"","src":"https:\/\/i0.wp.com\/www.grieta.org.mx\/wp-content\/uploads\/2018\/03\/14524434_1106112876131411_958039263622046936_o.jpg?resize=350%2C200&ssl=1","width":350,"height":200,"srcset":"https:\/\/i0.wp.com\/www.grieta.org.mx\/wp-content\/uploads\/2018\/03\/14524434_1106112876131411_958039263622046936_o.jpg?resize=350%2C200&ssl=1 1x, https:\/\/i0.wp.com\/www.grieta.org.mx\/wp-content\/uploads\/2018\/03\/14524434_1106112876131411_958039263622046936_o.jpg?resize=525%2C300&ssl=1 1.5x, https:\/\/i0.wp.com\/www.grieta.org.mx\/wp-content\/uploads\/2018\/03\/14524434_1106112876131411_958039263622046936_o.jpg?resize=700%2C400&ssl=1 2x"},"classes":[]}],"_links":{"self":[{"href":"https:\/\/www.grieta.org.mx\/index.php\/wp-json\/wp\/v2\/posts\/41463","targetHints":{"allow":["GET"]}}],"collection":[{"href":"https:\/\/www.grieta.org.mx\/index.php\/wp-json\/wp\/v2\/posts"}],"about":[{"href":"https:\/\/www.grieta.org.mx\/index.php\/wp-json\/wp\/v2\/types\/post"}],"author":[{"embeddable":true,"href":"https:\/\/www.grieta.org.mx\/index.php\/wp-json\/wp\/v2\/users\/2"}],"replies":[{"embeddable":true,"href":"https:\/\/www.grieta.org.mx\/index.php\/wp-json\/wp\/v2\/comments?post=41463"}],"version-history":[{"count":1,"href":"https:\/\/www.grieta.org.mx\/index.php\/wp-json\/wp\/v2\/posts\/41463\/revisions"}],"predecessor-version":[{"id":41467,"href":"https:\/\/www.grieta.org.mx\/index.php\/wp-json\/wp\/v2\/posts\/41463\/revisions\/41467"}],"wp:featuredmedia":[{"embeddable":true,"href":"https:\/\/www.grieta.org.mx\/index.php\/wp-json\/wp\/v2\/media\/41466"}],"wp:attachment":[{"href":"https:\/\/www.grieta.org.mx\/index.php\/wp-json\/wp\/v2\/media?parent=41463"}],"wp:term":[{"taxonomy":"category","embeddable":true,"href":"https:\/\/www.grieta.org.mx\/index.php\/wp-json\/wp\/v2\/categories?post=41463"},{"taxonomy":"post_tag","embeddable":true,"href":"https:\/\/www.grieta.org.mx\/index.php\/wp-json\/wp\/v2\/tags?post=41463"}],"curies":[{"name":"wp","href":"https:\/\/api.w.org\/{rel}","templated":true}]}}