{"id":41454,"date":"2019-11-22T13:15:34","date_gmt":"2019-11-22T19:15:34","guid":{"rendered":"http:\/\/www.grieta.org.mx\/?p=41454"},"modified":"2019-11-23T13:19:21","modified_gmt":"2019-11-23T19:19:21","slug":"en-paro-laboral-personal-de-icatsin-en-todo-sinaloa","status":"publish","type":"post","link":"https:\/\/www.grieta.org.mx\/index.php\/2019\/11\/22\/en-paro-laboral-personal-de-icatsin-en-todo-sinaloa\/","title":{"rendered":"En paro laboral personal de Icatsin en todo Sinaloa"},"content":{"rendered":"<p>Marisela Jolie\/Debate<\/p>\n<p><img loading=\"lazy\" decoding=\"async\" data-attachment-id=\"41455\" data-permalink=\"https:\/\/www.grieta.org.mx\/index.php\/2019\/11\/22\/en-paro-laboral-personal-de-icatsin-en-todo-sinaloa\/whatsapp_image_2019-11-22_at_11_32_58_am_crop1574447847114-jpeg_219914347\/\" data-orig-file=\"https:\/\/www.grieta.org.mx\/wp-content\/uploads\/2019\/11\/whatsapp_image_2019-11-22_at_11_32_58_am_crop1574447847114.jpeg_219914347.jpeg\" data-orig-size=\"960,540\" data-comments-opened=\"0\" data-image-meta=\"{&quot;aperture&quot;:&quot;0&quot;,&quot;credit&quot;:&quot;&quot;,&quot;camera&quot;:&quot;&quot;,&quot;caption&quot;:&quot;&quot;,&quot;created_timestamp&quot;:&quot;0&quot;,&quot;copyright&quot;:&quot;&quot;,&quot;focal_length&quot;:&quot;0&quot;,&quot;iso&quot;:&quot;0&quot;,&quot;shutter_speed&quot;:&quot;0&quot;,&quot;title&quot;:&quot;&quot;,&quot;orientation&quot;:&quot;0&quot;}\" data-image-title=\"whatsapp_image_2019-11-22_at_11_32_58_am_crop1574447847114.jpeg_219914347\" data-image-description=\"\" data-image-caption=\"\" data-medium-file=\"https:\/\/www.grieta.org.mx\/wp-content\/uploads\/2019\/11\/whatsapp_image_2019-11-22_at_11_32_58_am_crop1574447847114.jpeg_219914347-300x169.jpeg\" data-large-file=\"https:\/\/www.grieta.org.mx\/wp-content\/uploads\/2019\/11\/whatsapp_image_2019-11-22_at_11_32_58_am_crop1574447847114.jpeg_219914347.jpeg\" class=\"aligncenter size-full wp-image-41455\" src=\"http:\/\/www.grieta.org.mx\/wp-content\/uploads\/2019\/11\/whatsapp_image_2019-11-22_at_11_32_58_am_crop1574447847114.jpeg_219914347.jpeg\" alt=\"\" width=\"960\" height=\"540\" srcset=\"https:\/\/www.grieta.org.mx\/wp-content\/uploads\/2019\/11\/whatsapp_image_2019-11-22_at_11_32_58_am_crop1574447847114.jpeg_219914347.jpeg 960w, https:\/\/www.grieta.org.mx\/wp-content\/uploads\/2019\/11\/whatsapp_image_2019-11-22_at_11_32_58_am_crop1574447847114.jpeg_219914347-300x169.jpeg 300w, https:\/\/www.grieta.org.mx\/wp-content\/uploads\/2019\/11\/whatsapp_image_2019-11-22_at_11_32_58_am_crop1574447847114.jpeg_219914347-768x432.jpeg 768w, https:\/\/www.grieta.org.mx\/wp-content\/uploads\/2019\/11\/whatsapp_image_2019-11-22_at_11_32_58_am_crop1574447847114.jpeg_219914347-889x500.jpeg 889w\" sizes=\"auto, (max-width: 960px) 100vw, 960px\" \/><\/p>\n<p>Los Mochis, Sinaloa.- Desde el 19 de noviembre, un grupo de trabajadores sindicalizados y de confianza mantienen tomadas las instalaciones del Instituto de Capacitaci\u00f3n para el Trabajo de Sinaloa (Icatsin) en Los Mochis en exigencia de la destituci\u00f3n de la directora del plantel, Mar\u00eda del Refugio F\u00e9lix S\u00e1nchez.<\/p>\n<p>Denuncian acoso y hostigamiento laboral, trato despota y prepotente, adem\u00e1s de nepotismo porque manifiestan que su sobrina, Cassandra Zubia F\u00e9lix es la administradora del plantel.<\/p>\n<p>Adem\u00e1s, exponen que derivado de los malos manejos de los recursos del plantel, existe una deuda que asciende a los 30 mil pesos en el consumo de energ\u00eda el\u00e9ctrica, correspondiente a los meses de septiembre, octubre y noviembre.<\/p>\n<p>&#8220;Se acercaron autoridades de la CFE para notificarnos que si no se paga el recibo de la luz, hoy mismo se cortar\u00e1. Ser\u00eda la primera vez que se le corta la luz a Icatsin Los Mochis, por el mal manejo del recurso del plantel, no puede ser que no puedan pagar un recibo de luz de 10 mil pesos mensuales, teniendo un presupuesto de alrededor de 70 mil pesos mensuales&#8221;, puntualiz\u00f3 Ernesto Ahumada S\u00e1nchez, delegado del Stase en Icatsin Los Mochis.<\/p>\n<p>Otra de la irregularidades que se\u00f1alan, es que Mario Bonifant Acu\u00f1a, sobrino de Francisco Fr\u00edas Castro, utiliza para su uso personal desde hace alrededor de ocho meses una unidad de transporte oficial del plantel, con la autorizaci\u00f3n de la directora y del propio director general de Icatsin.<\/p>\n<p>&#8220;El carro que tiene su sobrino asignado no lo ha entregado y qued\u00f3 de hacerlo a la brevedad el d\u00eda de ayer. Esperamos tener una respuesta favorable hoy a medio d\u00eda, si no, implementaremos otras acciones el pr\u00f3ximo lunes, pero la toma sigue, estamos esperando saber qu\u00e9 acuerdan en Culiac\u00e1n&#8221;.<\/p>\n<p>Aseguran que el plant\u00f3n permanecer\u00e1 hasta obtener una respuesta favorable y que no liberar\u00e1n la instituci\u00f3n hasta que Mar\u00eda del Refugio F\u00e9lix S\u00e1nchez sea retirada del cargo.<\/p>\n<p>Cabe se\u00f1alar que en apoyo a sus demandas, desde el 20 de noviembre personal de los diferentes planteles de Icatsin a nivel estado se sumaron a la protesta.<\/p>\n<p>&#8220;Contin\u00faa el paro de labores en todos los planteles del estado de 9:00 de la ma\u00f1ana a 12:00 de la tarde. Nosotros vamos a mantener tomado el plantel hasta que destituyan o cambien a la directora&#8221;.<\/p>\n<p>Informan que en este momento todos los trabajadores sindicalizados de Icatsin del municipio de Culiac\u00e1n se encuentran reunidos en la direcci\u00f3n general de la instituci\u00f3n esperando la llegada del Secretario General del Stase, Gabriel Ballardo Valdez y del Secretario de Organismos Descentralizados del Comit\u00e9 del Stase, Julio C\u00e9sar Terrazas.<\/p>\n<p>&#8220;Los cuatro planteles que radican en Culiac\u00e1n, est\u00e1n concentrados en la direcci\u00f3n general de Icatsin, todos los Stasistas del municipio de Culiac\u00e1n, con apoyo de vialidad del municipio tomaron el bulevar Insurgentes, ahorita llegar\u00e1 nuestro Secretario General del STASE, Gabriel Ballardo Valdez para hablar con el director general de Icatsin, Francisco Fr\u00edas Castro&#8221;.<\/p>\n<p><a href=\"https:\/\/www.debate.com.mx\/losmochis\/En-paro-laboral-personal-de-Icatsin-en-todo-Sinaloa-20191122-0129.html\">https:\/\/www.debate.com.mx\/losmochis\/En-paro-laboral-personal-de-Icatsin-en-todo-Sinaloa-20191122-0129.html<\/a><\/p>\n","protected":false},"excerpt":{"rendered":"<p>Marisela Jolie\/Debate Los Mochis, Sinaloa.- Desde el 19 de noviembre, un grupo de trabajadores sindicalizados y de confianza mantienen tomadas las instalaciones del Instituto de Capacitaci\u00f3n para el Trabajo de &hellip; <a href=\"https:\/\/www.grieta.org.mx\/index.php\/2019\/11\/22\/en-paro-laboral-personal-de-icatsin-en-todo-sinaloa\/\" class=\"more-link\">Leer m\u00e1s<\/a><\/p>\n","protected":false},"author":2,"featured_media":41455,"comment_status":"closed","ping_status":"closed","sticky":false,"template":"","format":"standard","meta":{"ngg_post_thumbnail":0,"_jetpack_newsletter_access":"","_jetpack_dont_email_post_to_subs":false,"_jetpack_newsletter_tier_id":0,"_jetpack_memberships_contains_paywalled_content":false,"_jetpack_memberships_contains_paid_content":false,"footnotes":""},"categories":[80,1658,30,83],"tags":[113],"class_list":["post-41454","post","type-post","status-publish","format-standard","has-post-thumbnail","hentry","category-cintillo","category-conflictos-laborales-en-sinaloa","category-sinaloa","category-temas-nacionales","tag-conflictos-laborales","entry"],"jetpack_featured_media_url":"https:\/\/www.grieta.org.mx\/wp-content\/uploads\/2019\/11\/whatsapp_image_2019-11-22_at_11_32_58_am_crop1574447847114.jpeg_219914347.jpeg","jetpack_sharing_enabled":true,"jetpack_shortlink":"https:\/\/wp.me\/p7ZJR4-aMC","jetpack_likes_enabled":false,"jetpack-related-posts":[{"id":35829,"url":"https:\/\/www.grieta.org.mx\/index.php\/2019\/06\/27\/personal-de-icatsin-1-denuncia-acoso-laboral-de-su-director-sinaloa\/","url_meta":{"origin":41454,"position":0},"title":"Personal de Icatsin 1 denuncia acoso laboral de su director (Sinaloa)","author":"grieta","date":"27 junio, 2019","format":false,"excerpt":"Foto: El Debate Mar\u00eda Elizalde \/ El Debate Culiac\u00e1n, Sinaloa.- Los instructores de Icatsin plantel n\u00famero 1, desde las 8:00 horas evitaron ingresar a sus \u00e1reas de trabajo debido a que est\u00e1n en contra del acoso laboral que denunciaron recibir por quien ocupa el cargo de director, Miguel \u00c1ngel Sep\u00falveda\u2026","rel":"","context":"En &quot;CINTILLO&quot;","block_context":{"text":"CINTILLO","link":"https:\/\/www.grieta.org.mx\/index.php\/category\/cintillo\/"},"img":{"alt_text":"","src":"https:\/\/i0.wp.com\/www.grieta.org.mx\/wp-content\/uploads\/2019\/07\/personal_de_icatsin_1_denuncia_acoso_laboral_de_su_director.jpg_759710130.jpg?resize=350%2C200&ssl=1","width":350,"height":200,"srcset":"https:\/\/i0.wp.com\/www.grieta.org.mx\/wp-content\/uploads\/2019\/07\/personal_de_icatsin_1_denuncia_acoso_laboral_de_su_director.jpg_759710130.jpg?resize=350%2C200&ssl=1 1x, https:\/\/i0.wp.com\/www.grieta.org.mx\/wp-content\/uploads\/2019\/07\/personal_de_icatsin_1_denuncia_acoso_laboral_de_su_director.jpg_759710130.jpg?resize=525%2C300&ssl=1 1.5x, https:\/\/i0.wp.com\/www.grieta.org.mx\/wp-content\/uploads\/2019\/07\/personal_de_icatsin_1_denuncia_acoso_laboral_de_su_director.jpg_759710130.jpg?resize=700%2C400&ssl=1 2x, https:\/\/i0.wp.com\/www.grieta.org.mx\/wp-content\/uploads\/2019\/07\/personal_de_icatsin_1_denuncia_acoso_laboral_de_su_director.jpg_759710130.jpg?resize=1050%2C600&ssl=1 3x"},"classes":[]},{"id":37668,"url":"https:\/\/www.grieta.org.mx\/index.php\/2019\/08\/05\/contec-los-mochis-despide-a-otra-trabajadora-sinaloa\/","url_meta":{"origin":41454,"position":1},"title":"Contec Los Mochis despide a otra trabajadora (Sinaloa)","author":"grieta","date":"5 agosto, 2019","format":false,"excerpt":"Foto: Ilustrativa, El Debate Adri\u00e1n L\u00f3pez \/ El Debate Los Mochis, Sinaloa.- Despu\u00e9s de que cinco trabajadores de Contec San Blas, dieron a conocer que hab\u00edan sido despedidos por denunciar la explotaci\u00f3n laboral al trabajar por 12 horas sin el pago de tiempo extra,\u00a0se sum\u00f3 otro despido m\u00e1s de Contec\u2026","rel":"","context":"En &quot;CINTILLO&quot;","block_context":{"text":"CINTILLO","link":"https:\/\/www.grieta.org.mx\/index.php\/category\/cintillo\/"},"img":{"alt_text":"","src":"https:\/\/i0.wp.com\/www.grieta.org.mx\/wp-content\/uploads\/2019\/08\/maquiladora_contec_san_blas_toma_represalias_contra_sus_empleados_1.jpg_219914347.jpg?resize=350%2C200&ssl=1","width":350,"height":200,"srcset":"https:\/\/i0.wp.com\/www.grieta.org.mx\/wp-content\/uploads\/2019\/08\/maquiladora_contec_san_blas_toma_represalias_contra_sus_empleados_1.jpg_219914347.jpg?resize=350%2C200&ssl=1 1x, https:\/\/i0.wp.com\/www.grieta.org.mx\/wp-content\/uploads\/2019\/08\/maquiladora_contec_san_blas_toma_represalias_contra_sus_empleados_1.jpg_219914347.jpg?resize=525%2C300&ssl=1 1.5x, https:\/\/i0.wp.com\/www.grieta.org.mx\/wp-content\/uploads\/2019\/08\/maquiladora_contec_san_blas_toma_represalias_contra_sus_empleados_1.jpg_219914347.jpg?resize=700%2C400&ssl=1 2x"},"classes":[]},{"id":31537,"url":"https:\/\/www.grieta.org.mx\/index.php\/2019\/04\/01\/protestan-trabajadores-del-stase-por-despido-de-un-companero-sinaloa\/","url_meta":{"origin":41454,"position":2},"title":"Protestan trabajadores del STASE por despido de un compa\u00f1ero (Sinaloa)","author":"grieta","date":"1 abril, 2019","format":false,"excerpt":"Denuncian en Palacio de Gobierno hostigamiento laboral en el \u00e1rea de Servicios Generales Jos\u00e9 \u00c1ngel Estrada \/ El Sol de Sinaloa Culiac\u00e1n, Sin.\u00a0Trabajadores del\u00a0STASE\u00a0realizaron un\u00a0plant\u00f3n\u00a0en la planta baja de\u00a0Palacio de Gobierno\u00a0para protestar por el permanente clima de hostigamiento laboral en el \u00e1rea de Servicios Generales, que hoy se empeor\u00f3 con\u2026","rel":"","context":"En &quot;CINTILLO&quot;","block_context":{"text":"CINTILLO","link":"https:\/\/www.grieta.org.mx\/index.php\/category\/cintillo\/"},"img":{"alt_text":"","src":"https:\/\/i0.wp.com\/www.grieta.org.mx\/wp-content\/uploads\/2019\/04\/ab58297c-5834-4a7e-b0e7-03c1c8750e9c.jpg?resize=350%2C200&ssl=1","width":350,"height":200,"srcset":"https:\/\/i0.wp.com\/www.grieta.org.mx\/wp-content\/uploads\/2019\/04\/ab58297c-5834-4a7e-b0e7-03c1c8750e9c.jpg?resize=350%2C200&ssl=1 1x, https:\/\/i0.wp.com\/www.grieta.org.mx\/wp-content\/uploads\/2019\/04\/ab58297c-5834-4a7e-b0e7-03c1c8750e9c.jpg?resize=525%2C300&ssl=1 1.5x, https:\/\/i0.wp.com\/www.grieta.org.mx\/wp-content\/uploads\/2019\/04\/ab58297c-5834-4a7e-b0e7-03c1c8750e9c.jpg?resize=700%2C400&ssl=1 2x"},"classes":[]},{"id":37373,"url":"https:\/\/www.grieta.org.mx\/index.php\/2019\/07\/27\/maquiladora-contec-san-blas-toma-represalias-contra-sus-empleados-sinaloa\/","url_meta":{"origin":41454,"position":3},"title":"Maquiladora Contec San Blas toma represalias contra sus empleados (Sinaloa)","author":"grieta","date":"27 julio, 2019","format":false,"excerpt":"Foto: El Debate Redacci\u00f3n \/ El Debate El Fuerte, Sinaloa.- Luego de haber denunciado la explotaci\u00f3n laboral de la que eran objeto,\u00a0trabajadores de la maquiladora Contec de San Blas fueron v\u00edctimas de despido,\u00a0denunciaron los mismos empleados. Aseguran que ayer por la tarde, al presentarse a su \u00e1rea de trabajo, fueron\u2026","rel":"","context":"En &quot;CINTILLO&quot;","block_context":{"text":"CINTILLO","link":"https:\/\/www.grieta.org.mx\/index.php\/category\/cintillo\/"},"img":{"alt_text":"","src":"https:\/\/i0.wp.com\/www.grieta.org.mx\/wp-content\/uploads\/2019\/08\/maquiladora_contec_san_blas_toma_represalias_contra_sus_empleados_1.jpg_219914347.jpg?resize=350%2C200&ssl=1","width":350,"height":200,"srcset":"https:\/\/i0.wp.com\/www.grieta.org.mx\/wp-content\/uploads\/2019\/08\/maquiladora_contec_san_blas_toma_represalias_contra_sus_empleados_1.jpg_219914347.jpg?resize=350%2C200&ssl=1 1x, https:\/\/i0.wp.com\/www.grieta.org.mx\/wp-content\/uploads\/2019\/08\/maquiladora_contec_san_blas_toma_represalias_contra_sus_empleados_1.jpg_219914347.jpg?resize=525%2C300&ssl=1 1.5x, https:\/\/i0.wp.com\/www.grieta.org.mx\/wp-content\/uploads\/2019\/08\/maquiladora_contec_san_blas_toma_represalias_contra_sus_empleados_1.jpg_219914347.jpg?resize=700%2C400&ssl=1 2x"},"classes":[]},{"id":55202,"url":"https:\/\/www.grieta.org.mx\/index.php\/2020\/11\/16\/acciones-en-culiacan-los-mochis-y-escuinapa-sinaloa-en-repudio-a-los-ataques-paramilitares-en-contra-de-las-comunidades-zapatistas\/","url_meta":{"origin":41454,"position":4},"title":"Acciones en Culiac\u00e1n, Los Mochis y Escuinapa Sinaloa en repudio a los ataques paramilitares en contra de las comunidades zapatistas","author":"grieta","date":"16 noviembre, 2020","format":false,"excerpt":"Colectivo Grieta El pasado 10 de novimebre la JUNTA DE BUEN GOBIERNO ZAPATISTA \u201cNUEVO AMANECER EN RESISTENCIA Y REBELD\u00cdA POR LA VIDA Y LA HUMANIDAD\u201d dio a conocer una denuncia en la que se hac\u00edan publicos los ataques de la organizaci\u00f3n paramilitar ORCAO en contra de un compa\u00f1ero base de\u2026","rel":"","context":"En &quot;Alto a la Guerra contra los pueblos zapatistas&quot;","block_context":{"text":"Alto a la Guerra contra los pueblos zapatistas","link":"https:\/\/www.grieta.org.mx\/index.php\/category\/redes-de-resistencia-y-rebeldia\/contra-la-guerra-al-ezln\/"},"img":{"alt_text":"","src":"https:\/\/i0.wp.com\/www.grieta.org.mx\/wp-content\/uploads\/2020\/11\/photo_2020-11-16_23-02-53-1.jpg?resize=350%2C200&ssl=1","width":350,"height":200,"srcset":"https:\/\/i0.wp.com\/www.grieta.org.mx\/wp-content\/uploads\/2020\/11\/photo_2020-11-16_23-02-53-1.jpg?resize=350%2C200&ssl=1 1x, https:\/\/i0.wp.com\/www.grieta.org.mx\/wp-content\/uploads\/2020\/11\/photo_2020-11-16_23-02-53-1.jpg?resize=525%2C300&ssl=1 1.5x, https:\/\/i0.wp.com\/www.grieta.org.mx\/wp-content\/uploads\/2020\/11\/photo_2020-11-16_23-02-53-1.jpg?resize=700%2C400&ssl=1 2x, https:\/\/i0.wp.com\/www.grieta.org.mx\/wp-content\/uploads\/2020\/11\/photo_2020-11-16_23-02-53-1.jpg?resize=1050%2C600&ssl=1 3x"},"classes":[]},{"id":6930,"url":"https:\/\/www.grieta.org.mx\/index.php\/2015\/09\/19\/cnte-protesta-contra-la-reforma-educativa\/","url_meta":{"origin":41454,"position":5},"title":"CNTE protesta contra la reforma educativa","author":"grieta","date":"19 septiembre, 2015","format":false,"excerpt":"Lorena Cano, Sinaloa. Guasave, Sinaloa.- Profesores del CNTE de Guasave y Los Mochis, se manifestaron en las principales calles de la ciudad como medida de rechazo a la reforma educativa la cual describieron como arbitraria hac\u00eda sus derechos laborales, por los que dijeron han luchado toda su vida profesional. Aunque\u2026","rel":"","context":"En &quot;CINTILLO&quot;","block_context":{"text":"CINTILLO","link":"https:\/\/www.grieta.org.mx\/index.php\/category\/cintillo\/"},"img":{"alt_text":"","src":"https:\/\/i0.wp.com\/www.grieta.org.mx\/wp-content\/uploads\/2018\/03\/14524434_1106112876131411_958039263622046936_o.jpg?resize=350%2C200&ssl=1","width":350,"height":200,"srcset":"https:\/\/i0.wp.com\/www.grieta.org.mx\/wp-content\/uploads\/2018\/03\/14524434_1106112876131411_958039263622046936_o.jpg?resize=350%2C200&ssl=1 1x, https:\/\/i0.wp.com\/www.grieta.org.mx\/wp-content\/uploads\/2018\/03\/14524434_1106112876131411_958039263622046936_o.jpg?resize=525%2C300&ssl=1 1.5x, https:\/\/i0.wp.com\/www.grieta.org.mx\/wp-content\/uploads\/2018\/03\/14524434_1106112876131411_958039263622046936_o.jpg?resize=700%2C400&ssl=1 2x"},"classes":[]}],"_links":{"self":[{"href":"https:\/\/www.grieta.org.mx\/index.php\/wp-json\/wp\/v2\/posts\/41454","targetHints":{"allow":["GET"]}}],"collection":[{"href":"https:\/\/www.grieta.org.mx\/index.php\/wp-json\/wp\/v2\/posts"}],"about":[{"href":"https:\/\/www.grieta.org.mx\/index.php\/wp-json\/wp\/v2\/types\/post"}],"author":[{"embeddable":true,"href":"https:\/\/www.grieta.org.mx\/index.php\/wp-json\/wp\/v2\/users\/2"}],"replies":[{"embeddable":true,"href":"https:\/\/www.grieta.org.mx\/index.php\/wp-json\/wp\/v2\/comments?post=41454"}],"version-history":[{"count":1,"href":"https:\/\/www.grieta.org.mx\/index.php\/wp-json\/wp\/v2\/posts\/41454\/revisions"}],"predecessor-version":[{"id":41457,"href":"https:\/\/www.grieta.org.mx\/index.php\/wp-json\/wp\/v2\/posts\/41454\/revisions\/41457"}],"wp:featuredmedia":[{"embeddable":true,"href":"https:\/\/www.grieta.org.mx\/index.php\/wp-json\/wp\/v2\/media\/41455"}],"wp:attachment":[{"href":"https:\/\/www.grieta.org.mx\/index.php\/wp-json\/wp\/v2\/media?parent=41454"}],"wp:term":[{"taxonomy":"category","embeddable":true,"href":"https:\/\/www.grieta.org.mx\/index.php\/wp-json\/wp\/v2\/categories?post=41454"},{"taxonomy":"post_tag","embeddable":true,"href":"https:\/\/www.grieta.org.mx\/index.php\/wp-json\/wp\/v2\/tags?post=41454"}],"curies":[{"name":"wp","href":"https:\/\/api.w.org\/{rel}","templated":true}]}}