{"id":41399,"date":"2019-11-08T12:23:45","date_gmt":"2019-11-08T18:23:45","guid":{"rendered":"http:\/\/www.grieta.org.mx\/?p=41399"},"modified":"2019-11-21T12:31:17","modified_gmt":"2019-11-21T18:31:17","slug":"defensores-de-la-tierra-y-el-agua-paralizan-obra-guerrero","status":"publish","type":"post","link":"https:\/\/www.grieta.org.mx\/index.php\/2019\/11\/08\/defensores-de-la-tierra-y-el-agua-paralizan-obra-guerrero\/","title":{"rendered":"Defensores de la tierra y el agua paralizan obra (Guerrero)"},"content":{"rendered":"<p><a href=\"http:\/\/www.grieta.org.mx\/wp-content\/uploads\/2019\/11\/Captura-de-pantalla-2019-11-21-12.25.21.png\"><img loading=\"lazy\" decoding=\"async\" data-attachment-id=\"41400\" data-permalink=\"https:\/\/www.grieta.org.mx\/index.php\/2019\/11\/08\/defensores-de-la-tierra-y-el-agua-paralizan-obra-guerrero\/captura-de-pantalla-2019-11-21-12-25-21\/\" data-orig-file=\"https:\/\/www.grieta.org.mx\/wp-content\/uploads\/2019\/11\/Captura-de-pantalla-2019-11-21-12.25.21.png\" data-orig-size=\"730,385\" data-comments-opened=\"0\" data-image-meta=\"{&quot;aperture&quot;:&quot;0&quot;,&quot;credit&quot;:&quot;&quot;,&quot;camera&quot;:&quot;&quot;,&quot;caption&quot;:&quot;&quot;,&quot;created_timestamp&quot;:&quot;0&quot;,&quot;copyright&quot;:&quot;&quot;,&quot;focal_length&quot;:&quot;0&quot;,&quot;iso&quot;:&quot;0&quot;,&quot;shutter_speed&quot;:&quot;0&quot;,&quot;title&quot;:&quot;&quot;,&quot;orientation&quot;:&quot;0&quot;}\" data-image-title=\"Captura de pantalla 2019-11-21 12.25.21\" data-image-description=\"\" data-image-caption=\"\" data-medium-file=\"https:\/\/www.grieta.org.mx\/wp-content\/uploads\/2019\/11\/Captura-de-pantalla-2019-11-21-12.25.21-300x158.png\" data-large-file=\"https:\/\/www.grieta.org.mx\/wp-content\/uploads\/2019\/11\/Captura-de-pantalla-2019-11-21-12.25.21.png\" class=\"aligncenter wp-image-41400\" src=\"http:\/\/www.grieta.org.mx\/wp-content\/uploads\/2019\/11\/Captura-de-pantalla-2019-11-21-12.25.21-300x158.png\" alt=\"\" width=\"800\" height=\"422\" srcset=\"https:\/\/www.grieta.org.mx\/wp-content\/uploads\/2019\/11\/Captura-de-pantalla-2019-11-21-12.25.21-300x158.png 300w, https:\/\/www.grieta.org.mx\/wp-content\/uploads\/2019\/11\/Captura-de-pantalla-2019-11-21-12.25.21.png 730w\" sizes=\"auto, (max-width: 800px) 100vw, 800px\" \/><\/a><\/p>\n<p>Ismael Euroza \/ Todo Texcoco<\/p>\n<p>Acapulco, Gro.-La fuerza del gobierno Federal y Estatal, se deja sentir en una de las comunidades del municipio de Acapulco, donde la Comisi\u00f3n Federal de Electricidad dio inicio a la construcci\u00f3n de una presa hidroel\u00e9ctrica La Parota, donde los defensores de la tierra y el agua de Cacahuatepec formada por ejidatarios y comuneros paralizaron la obra , porque esta afectar\u00eda el cauce del Rio Papagayo afectando a 47 pueblos y 17 mil habitantes serian desplazados, esto origin\u00f3 que 19 opositores fueran victimas del uso judicial orquestado por el gobierno y aplicar\u00e1 la criminalizaci\u00f3n contra de 19 opositores a esta obra, a quienes se les detuvo con \u00f3rdenes de aprehensi\u00f3n ama\u00f1adas por la Procuradur\u00eda General de Justicia del Estado de Guerrero, donde a base de torturas les fincaron una serie de homicidios por lo que est\u00e1n enclaustrados en el penal desde hace m\u00e1s de un a\u00f1o.<\/p>\n<p>Este hecho viene a enlodar la imagen de M\u00e9xico por lo que organizaciones de 70 pa\u00edses, est\u00e1n exigiendo justicia y estuvieron presentes en la \u00faltima audiencia que por alguna raz\u00f3n fue suspendida, a estas organizaciones se sumaron la MOLPPEG, CECOP, y organizaciones ejidatarias y comunales tambi\u00e9n exigen la libertad de los 15 o 19 campesinos presos en Acapulco, el primero fue detenido el activista Marco Antonio Suastegui, vocero de una organizaci\u00f3n campesina a quien le fincan el homicidio de cinco ejidatarios, campesinos que fueron ejecutados por enviados del Estado de guerrero en coordinaci\u00f3n empresarios gravilleros de la zona, quien al ser detenido fue enclaustrado en un penal de m\u00e1xima seguridad, pero fue liberado por cuatro ocasiones y devuelto a la c\u00e1rcel por el mismo delito.<\/p>\n<p>Ya sobre este hecho las organizaciones campesinas han solicitado una audiencia con el primer mandatario del Pa\u00eds Andr\u00e9s Manuel L\u00f3pez Obrador, pero no han sido recibidos, pero se sabe que ya la construcci\u00f3n de la presa la Parota no ser\u00e1 construida, las organizaciones est\u00e1n pidiendo que en la pr\u00f3xima audiencia el Juez de una resoluci\u00f3n justa y puedan salir en libertad estos presos pol\u00edticos a esto se suma el Centro de los Derechos Humanos de la Monta\u00f1a, que tambi\u00e9n piden se cancelen las m\u00e1s de cincuenta ordenes de aprehensi\u00f3n que existen contra los campesinos de la organizaci\u00f3n CECOP, por oponerse a la obra de la presa La Parota.<\/p>\n<p><a href=\"https:\/\/todotexcoco.com\/defensores-de-la-tierra-y-el-agua-paralizan-obra-e3TQ4NjY3e3A.html\">https:\/\/todotexcoco.com\/defensores-de-la-tierra-y-el-agua-paralizan-obra-e3TQ4NjY3e3A.html<\/a><\/p>\n","protected":false},"excerpt":{"rendered":"<p>Ismael Euroza \/ Todo Texcoco Acapulco, Gro.-La fuerza del gobierno Federal y Estatal, se deja sentir en una de las comunidades del municipio de Acapulco, donde la Comisi\u00f3n Federal de &hellip; <a href=\"https:\/\/www.grieta.org.mx\/index.php\/2019\/11\/08\/defensores-de-la-tierra-y-el-agua-paralizan-obra-guerrero\/\" class=\"more-link\">Leer m\u00e1s<\/a><\/p>\n","protected":false},"author":1,"featured_media":41400,"comment_status":"closed","ping_status":"closed","sticky":false,"template":"","format":"standard","meta":{"ngg_post_thumbnail":0,"_jetpack_newsletter_access":"","_jetpack_dont_email_post_to_subs":false,"_jetpack_newsletter_tier_id":0,"_jetpack_memberships_contains_paywalled_content":false,"_jetpack_memberships_contains_paid_content":false,"footnotes":""},"categories":[80,1371,18,1985,3,922,2,1986,2205],"tags":[2778,732,562],"class_list":["post-41399","post","type-post","status-publish","format-standard","has-post-thumbnail","hentry","category-cintillo","category-desabasto-de-agua-en-guerrero","category-guerrero","category-hidroelectrica-la-parota","category-megaproyectos","category-megaproyectos-estados","category-noticias-nacionales","category-oposicion-a-hidroelectricas-en-guerrero","category-violencia-de-las-fuerzas-represivas-en-guerrero","tag-criminalizacion-de-la-protesta","tag-hidroelectricas","tag-presa-la-parota","entry"],"jetpack_featured_media_url":"https:\/\/www.grieta.org.mx\/wp-content\/uploads\/2019\/11\/Captura-de-pantalla-2019-11-21-12.25.21.png","jetpack_sharing_enabled":true,"jetpack_shortlink":"https:\/\/wp.me\/p7ZJR4-aLJ","jetpack_likes_enabled":false,"jetpack-related-posts":[{"id":28512,"url":"https:\/\/www.grieta.org.mx\/index.php\/2019\/01\/19\/buscaran-reactivar-el-proyecto-de-la-hidroelectrica-la-parota-guerrero\/","url_meta":{"origin":41399,"position":0},"title":"Buscar\u00e1n reactivar el proyecto de la hidroel\u00e9ctrica &#8220;La Parota&#8221; (Guerrero)","author":"grieta","date":"19 enero, 2019","format":false,"excerpt":"Javier Tinoco Memije \/ EL Sol de Acapulco El gerente de proyecto de la hidroel\u00e9ctrica \u201cLa Parota\u201d, Manuel de Jes\u00fas Cristales M\u00e9ndez, dijo esperar que, con el cambio de gobierno de la Rep\u00fablica, se reconsidere la reanudaci\u00f3n del proyecto, debido a que millones de litros de agua dulce del r\u00edo\u2026","rel":"","context":"En &quot;CINTILLO&quot;","block_context":{"text":"CINTILLO","link":"https:\/\/www.grieta.org.mx\/index.php\/category\/cintillo\/"},"img":{"alt_text":"","src":"https:\/\/i0.wp.com\/www.grieta.org.mx\/wp-content\/uploads\/2019\/01\/agua.jpg?resize=350%2C200&ssl=1","width":350,"height":200,"srcset":"https:\/\/i0.wp.com\/www.grieta.org.mx\/wp-content\/uploads\/2019\/01\/agua.jpg?resize=350%2C200&ssl=1 1x, https:\/\/i0.wp.com\/www.grieta.org.mx\/wp-content\/uploads\/2019\/01\/agua.jpg?resize=525%2C300&ssl=1 1.5x, https:\/\/i0.wp.com\/www.grieta.org.mx\/wp-content\/uploads\/2019\/01\/agua.jpg?resize=700%2C400&ssl=1 2x"},"classes":[]},{"id":34578,"url":"https:\/\/www.grieta.org.mx\/index.php\/2019\/06\/08\/liberan-a-ejidatarios-y-policias-comunitarios-en-guerrero\/","url_meta":{"origin":41399,"position":1},"title":"Liberan a ejidatarios y polic\u00edas comunitarios en Guerrero","author":"Admin","date":"8 junio, 2019","format":false,"excerpt":"Redacci\u00f3n \/ 20 minutos Un Tribunal de Enjuiciamiento emiti\u00f3 un fallo absolutorio para 16 integrantes del Consejo de Ejidos y Comunidades Opositoras a la Presa la Parota y polic\u00edas comunitarios de la CRAC-PC por el delito de homicidio, entre ellos el l\u00edder de la Cecop, Marco Antonio Su\u00e1stegui. Sin embargo,\u2026","rel":"","context":"En &quot;CINTILLO&quot;","block_context":{"text":"CINTILLO","link":"https:\/\/www.grieta.org.mx\/index.php\/category\/cintillo\/"},"img":{"alt_text":"","src":"https:\/\/i0.wp.com\/www.grieta.org.mx\/wp-content\/uploads\/2019\/03\/parota-696x522.jpg?resize=350%2C200&ssl=1","width":350,"height":200,"srcset":"https:\/\/i0.wp.com\/www.grieta.org.mx\/wp-content\/uploads\/2019\/03\/parota-696x522.jpg?resize=350%2C200&ssl=1 1x, https:\/\/i0.wp.com\/www.grieta.org.mx\/wp-content\/uploads\/2019\/03\/parota-696x522.jpg?resize=525%2C300&ssl=1 1.5x"},"classes":[]},{"id":35595,"url":"https:\/\/www.grieta.org.mx\/index.php\/2019\/06\/21\/articulo-19-alerta-intimidacion-contra-el-director-de-el-sur-por-notas-sobre-la-violencia-en-guerrero\/","url_meta":{"origin":41399,"position":2},"title":"Art\u00edculo 19 alerta intimidaci\u00f3n contra el director de El Sur por notas sobre la violencia en Guerrero","author":"Admin","date":"21 junio, 2019","format":false,"excerpt":"Redacci\u00f3n \/ ZONA FRANCA Acapulco, Guerrero, (ElSur). La organizaci\u00f3n defensora de la libertad de expresi\u00f3n Art\u00edculo 19 alert\u00f3 que el director de El Sur, Juan Angulo, y el del Centro de Derechos Humanos de la Monta\u00f1a Tlachinollan, Abel Barrera, fueron v\u00edctimas de una campa\u00f1a de desprestigio, y exigi\u00f3 que cese\u2026","rel":"","context":"En &quot;CINTILLO&quot;","block_context":{"text":"CINTILLO","link":"https:\/\/www.grieta.org.mx\/index.php\/category\/cintillo\/"},"img":{"alt_text":"","src":"https:\/\/i0.wp.com\/www.grieta.org.mx\/wp-content\/uploads\/2019\/06\/articulo-19-alerta-intimidacion.jpg?resize=350%2C200&ssl=1","width":350,"height":200,"srcset":"https:\/\/i0.wp.com\/www.grieta.org.mx\/wp-content\/uploads\/2019\/06\/articulo-19-alerta-intimidacion.jpg?resize=350%2C200&ssl=1 1x, https:\/\/i0.wp.com\/www.grieta.org.mx\/wp-content\/uploads\/2019\/06\/articulo-19-alerta-intimidacion.jpg?resize=525%2C300&ssl=1 1.5x, https:\/\/i0.wp.com\/www.grieta.org.mx\/wp-content\/uploads\/2019\/06\/articulo-19-alerta-intimidacion.jpg?resize=700%2C400&ssl=1 2x"},"classes":[]},{"id":30873,"url":"https:\/\/www.grieta.org.mx\/index.php\/2019\/03\/15\/el-movimiento-de-afectados-por-las-represas-en-latino-america-exigen-cancelar-proyectos-de-muerte\/","url_meta":{"origin":41399,"position":3},"title":"El Movimiento de Afectados por las Represas en Latino Am\u00e9rica exigen cancelar \u201cproyectos de muerte\u201d","author":"grieta","date":"15 marzo, 2019","format":false,"excerpt":"Brian Mart\u00ednez \/ Somos el Medio Ciudad de M\u00e9xico, 15 de marzo, 2019.- El Movimiento de Afectados por las Represas en Latino Am\u00e9rica (MAR) y Otros Mundos Chiapas A.C. en el marco del 14 de marzo, D\u00eda Mundial de Acci\u00f3n Contra las Represas, exigieron \u201ccancelar definitivamente los proyectos de muerte\u201d\u2026","rel":"","context":"En &quot;CINTILLO&quot;","block_context":{"text":"CINTILLO","link":"https:\/\/www.grieta.org.mx\/index.php\/category\/cintillo\/"},"img":{"alt_text":"","src":"https:\/\/i0.wp.com\/www.grieta.org.mx\/wp-content\/uploads\/2019\/03\/Temacapilin-Presa-1-696x371.jpg?resize=350%2C200&ssl=1","width":350,"height":200,"srcset":"https:\/\/i0.wp.com\/www.grieta.org.mx\/wp-content\/uploads\/2019\/03\/Temacapilin-Presa-1-696x371.jpg?resize=350%2C200&ssl=1 1x, https:\/\/i0.wp.com\/www.grieta.org.mx\/wp-content\/uploads\/2019\/03\/Temacapilin-Presa-1-696x371.jpg?resize=525%2C300&ssl=1 1.5x"},"classes":[]},{"id":30339,"url":"https:\/\/www.grieta.org.mx\/index.php\/2019\/03\/06\/sin-presa-y-sin-presos-opositores-de-la-presa-la-parota-piden-la-liberacion-inmediata-de-16-indigenas\/","url_meta":{"origin":41399,"position":4},"title":"Sin presa y sin presos: Opositores de la presa La Parota piden la liberaci\u00f3n inmediata de 16 ind\u00edgenas","author":"grieta","date":"6 marzo, 2019","format":false,"excerpt":"Teresa Balcazar \/ Somos el medio A trav\u00e9s de la plataforma digital secure.avaaz.org , integrantes del Consejo de Ejidatarios y Comuneros Opositores a La Parota (CECOP) juntan firmas para solicitar la liberaci\u00f3n de 16 ind\u00edgenas, presos injustamente. Como mexicanos y mexicanas queremos pedirle la liberaci\u00f3n inmediata de los 16 ind\u00edgenas\u2026","rel":"","context":"En &quot;CINTILLO&quot;","block_context":{"text":"CINTILLO","link":"https:\/\/www.grieta.org.mx\/index.php\/category\/cintillo\/"},"img":{"alt_text":"","src":"https:\/\/i0.wp.com\/www.grieta.org.mx\/wp-content\/uploads\/2019\/03\/parota-696x522.jpg?resize=350%2C200&ssl=1","width":350,"height":200,"srcset":"https:\/\/i0.wp.com\/www.grieta.org.mx\/wp-content\/uploads\/2019\/03\/parota-696x522.jpg?resize=350%2C200&ssl=1 1x, https:\/\/i0.wp.com\/www.grieta.org.mx\/wp-content\/uploads\/2019\/03\/parota-696x522.jpg?resize=525%2C300&ssl=1 1.5x"},"classes":[]},{"id":27880,"url":"https:\/\/www.grieta.org.mx\/index.php\/2018\/12\/17\/bloquean-vecinos-la-carretera-acapulco-pinotepa-por-falta-de-agua-guerrero\/","url_meta":{"origin":41399,"position":5},"title":"Bloquean vecinos la carretera Acapulco-Pinotepa por falta de agua (Guerrero)","author":"grieta","date":"17 diciembre, 2018","format":false,"excerpt":"ACAPULCO, Gro., 17 de diciembre de 2018.- Vecinos del poblado Lomas de Chapultepec bloquean de manera intermitente la carretera federal Acapulco-Pinotepa Nacional, para exigir ser conectados al acueducto Lomas de Chapultepec y para tener agua potable. Desde las nueve de la ma\u00f1ana, unos 20 inconformes cierran la circulaci\u00f3n en la\u2026","rel":"","context":"En &quot;CINTILLO&quot;","block_context":{"text":"CINTILLO","link":"https:\/\/www.grieta.org.mx\/index.php\/category\/cintillo\/"},"img":{"alt_text":"","src":"https:\/\/i0.wp.com\/www.grieta.org.mx\/wp-content\/uploads\/2018\/12\/direct-1.jpg?resize=350%2C200&ssl=1","width":350,"height":200,"srcset":"https:\/\/i0.wp.com\/www.grieta.org.mx\/wp-content\/uploads\/2018\/12\/direct-1.jpg?resize=350%2C200&ssl=1 1x, https:\/\/i0.wp.com\/www.grieta.org.mx\/wp-content\/uploads\/2018\/12\/direct-1.jpg?resize=525%2C300&ssl=1 1.5x, https:\/\/i0.wp.com\/www.grieta.org.mx\/wp-content\/uploads\/2018\/12\/direct-1.jpg?resize=700%2C400&ssl=1 2x"},"classes":[]}],"_links":{"self":[{"href":"https:\/\/www.grieta.org.mx\/index.php\/wp-json\/wp\/v2\/posts\/41399","targetHints":{"allow":["GET"]}}],"collection":[{"href":"https:\/\/www.grieta.org.mx\/index.php\/wp-json\/wp\/v2\/posts"}],"about":[{"href":"https:\/\/www.grieta.org.mx\/index.php\/wp-json\/wp\/v2\/types\/post"}],"author":[{"embeddable":true,"href":"https:\/\/www.grieta.org.mx\/index.php\/wp-json\/wp\/v2\/users\/1"}],"replies":[{"embeddable":true,"href":"https:\/\/www.grieta.org.mx\/index.php\/wp-json\/wp\/v2\/comments?post=41399"}],"version-history":[{"count":1,"href":"https:\/\/www.grieta.org.mx\/index.php\/wp-json\/wp\/v2\/posts\/41399\/revisions"}],"predecessor-version":[{"id":41402,"href":"https:\/\/www.grieta.org.mx\/index.php\/wp-json\/wp\/v2\/posts\/41399\/revisions\/41402"}],"wp:featuredmedia":[{"embeddable":true,"href":"https:\/\/www.grieta.org.mx\/index.php\/wp-json\/wp\/v2\/media\/41400"}],"wp:attachment":[{"href":"https:\/\/www.grieta.org.mx\/index.php\/wp-json\/wp\/v2\/media?parent=41399"}],"wp:term":[{"taxonomy":"category","embeddable":true,"href":"https:\/\/www.grieta.org.mx\/index.php\/wp-json\/wp\/v2\/categories?post=41399"},{"taxonomy":"post_tag","embeddable":true,"href":"https:\/\/www.grieta.org.mx\/index.php\/wp-json\/wp\/v2\/tags?post=41399"}],"curies":[{"name":"wp","href":"https:\/\/api.w.org\/{rel}","templated":true}]}}