{"id":41349,"date":"2019-11-19T17:08:52","date_gmt":"2019-11-19T23:08:52","guid":{"rendered":"http:\/\/www.grieta.org.mx\/?p=41349"},"modified":"2019-11-20T17:17:55","modified_gmt":"2019-11-20T23:17:55","slug":"aprueban-exploracion-con-fracking-en-puebla","status":"publish","type":"post","link":"https:\/\/www.grieta.org.mx\/index.php\/2019\/11\/19\/aprueban-exploracion-con-fracking-en-puebla\/","title":{"rendered":"Aprueban exploraci\u00f3n con fracking en Puebla"},"content":{"rendered":"<figure id=\"attachment_41353\" aria-describedby=\"caption-attachment-41353\" style=\"width: 800px\" class=\"wp-caption aligncenter\"><a href=\"http:\/\/www.grieta.org.mx\/wp-content\/uploads\/2019\/11\/Captura-de-pantalla-2019-11-20-17.16.02.png\"><img loading=\"lazy\" decoding=\"async\" data-attachment-id=\"41353\" data-permalink=\"https:\/\/www.grieta.org.mx\/index.php\/2019\/11\/19\/aprueban-exploracion-con-fracking-en-puebla\/captura-de-pantalla-2019-11-20-17-16-02\/\" data-orig-file=\"https:\/\/www.grieta.org.mx\/wp-content\/uploads\/2019\/11\/Captura-de-pantalla-2019-11-20-17.16.02.png\" data-orig-size=\"515,388\" data-comments-opened=\"0\" data-image-meta=\"{&quot;aperture&quot;:&quot;0&quot;,&quot;credit&quot;:&quot;&quot;,&quot;camera&quot;:&quot;&quot;,&quot;caption&quot;:&quot;&quot;,&quot;created_timestamp&quot;:&quot;0&quot;,&quot;copyright&quot;:&quot;&quot;,&quot;focal_length&quot;:&quot;0&quot;,&quot;iso&quot;:&quot;0&quot;,&quot;shutter_speed&quot;:&quot;0&quot;,&quot;title&quot;:&quot;&quot;,&quot;orientation&quot;:&quot;0&quot;}\" data-image-title=\"Captura de pantalla 2019-11-20 17.16.02\" data-image-description=\"\" data-image-caption=\"&lt;p&gt;Foto: Especial&lt;\/p&gt;\n\" data-medium-file=\"https:\/\/www.grieta.org.mx\/wp-content\/uploads\/2019\/11\/Captura-de-pantalla-2019-11-20-17.16.02-300x226.png\" data-large-file=\"https:\/\/www.grieta.org.mx\/wp-content\/uploads\/2019\/11\/Captura-de-pantalla-2019-11-20-17.16.02.png\" class=\"wp-image-41353\" src=\"http:\/\/www.grieta.org.mx\/wp-content\/uploads\/2019\/11\/Captura-de-pantalla-2019-11-20-17.16.02-300x226.png\" alt=\"\" width=\"800\" height=\"603\" srcset=\"https:\/\/www.grieta.org.mx\/wp-content\/uploads\/2019\/11\/Captura-de-pantalla-2019-11-20-17.16.02-300x226.png 300w, https:\/\/www.grieta.org.mx\/wp-content\/uploads\/2019\/11\/Captura-de-pantalla-2019-11-20-17.16.02.png 515w\" sizes=\"auto, (max-width: 800px) 100vw, 800px\" \/><\/a><figcaption id=\"caption-attachment-41353\" class=\"wp-caption-text\">Foto: Especial<\/figcaption><\/figure>\n<p>Laura Ruiz \/ e-consulta<\/p>\n<p>Se trata del proyecto Miquetla a realizarse por la empresa Diavaz en la regi\u00f3n de Chicontepec<\/p>\n<p>El territorio de Puebla podr\u00eda someterse a procesos de fracking luego de que la Comisi\u00f3n Nacional de Hidrocarburos (CNH) aprob\u00f3 la semana pasada un proyecto exploratorio para la Operadora de Campos DWF, filial de la mexicana Diavaz a realizarse en pozos de la entidad y de Veracruz.<\/p>\n<p>Se trata de un campo terrestre que requiere fractura hidr\u00e1ulica y que forma parte del plan de exploraci\u00f3n para el contrato CNH-M5-Miquetla\/2019, a desarrollarse en la regi\u00f3n de Chicontepec.<\/p>\n<p>La aprobaci\u00f3n de la CNH responde tambi\u00e9n a proyectos anticipados de Petr\u00f3leos Mexicanos (Pemex) para este a\u00f1o en Puebla.<\/p>\n<p>Los proyectos de la empresa beneficiada ya hab\u00edan sido advertidos por organizaciones que defienden a comunidades opositoras a megaproyectos como el Centro de An\u00e1lisis e Investigaci\u00f3n A.C. Fundar.<\/p>\n<p>En su anuario de 2018 de &#8220;Las actividades extractivas en M\u00e9xico. Desaf\u00edos para la 4T&#8221; se\u00f1al\u00f3 que desde 2014 se adjudicaron a Pemex un total de 25 bloques para exploraci\u00f3n y extracci\u00f3n de hidrocarburos no convencionales.<\/p>\n<p>Asimismo advirti\u00f3 que hay un contrato otorgado bajo la modalidad de licencia, firmado por CNH, Pemex Exploraci\u00f3n y Producci\u00f3n (PEP) y la empresa privada Operadora de Campos DWF, S.A. de C.V., subsidiaria de Grupo Diavaz, para la exploraci\u00f3n y extracci\u00f3n de ese tipo de recursos en el Campo Miquetla.<\/p>\n<p><a href=\"https:\/\/www.e-consulta.com\/nota\/2019-11-19\/medio-ambiente\/aprueban-exploracion-con-fracking-en-puebla\">https:\/\/www.e-consulta.com\/nota\/2019-11-19\/medio-ambiente\/aprueban-exploracion-con-fracking-en-puebla<\/a><\/p>\n","protected":false},"excerpt":{"rendered":"<p>Laura Ruiz \/ e-consulta Se trata del proyecto Miquetla a realizarse por la empresa Diavaz en la regi\u00f3n de Chicontepec El territorio de Puebla podr\u00eda someterse a procesos de fracking &hellip; <a href=\"https:\/\/www.grieta.org.mx\/index.php\/2019\/11\/19\/aprueban-exploracion-con-fracking-en-puebla\/\" class=\"more-link\">Leer m\u00e1s<\/a><\/p>\n","protected":false},"author":1,"featured_media":41350,"comment_status":"closed","ping_status":"closed","sticky":false,"template":"","format":"standard","meta":{"ngg_post_thumbnail":0,"_jetpack_newsletter_access":"","_jetpack_dont_email_post_to_subs":false,"_jetpack_newsletter_tier_id":0,"_jetpack_memberships_contains_paywalled_content":false,"_jetpack_memberships_contains_paid_content":false,"footnotes":""},"categories":[80,396,1923,3,922,942,951,2,26,1251,35],"tags":[273,1283],"class_list":["post-41349","post","type-post","status-publish","format-standard","has-post-thumbnail","hentry","category-cintillo","category-fracking","category-fracking-en-veracruz","category-megaproyectos","category-megaproyectos-estados","category-mp-puebla","category-mp-veracruz","category-noticias-nacionales","category-puebla","category-rechazo-al-fracking-en-comunidades-de-la-sierra-norte-de-puebla","category-veracruz","tag-fracking","tag-rechazo-fracking","entry"],"jetpack_featured_media_url":"https:\/\/www.grieta.org.mx\/wp-content\/uploads\/2019\/11\/fracking_1_0.jpg","jetpack_sharing_enabled":true,"jetpack_shortlink":"https:\/\/wp.me\/p7ZJR4-aKV","jetpack_likes_enabled":false,"jetpack-related-posts":[{"id":53541,"url":"https:\/\/www.grieta.org.mx\/index.php\/2020\/09\/14\/la-4t-mantendra-gasto-de-pemex-en-proyectos-de-fracking-durante-2021\/","url_meta":{"origin":41349,"position":0},"title":"La 4T mantendr\u00e1 gasto de Pemex en proyectos de fracking durante 2021","author":"Admin","date":"14 septiembre, 2020","format":false,"excerpt":"Arturo Sol\u00eds - Forbes El pr\u00f3ximo a\u00f1o, el gobierno mexicano mantendr\u00e1 el gasto de Petr\u00f3leos Mexicanos (Pemex) en proyectos que requieren fractura hidr\u00e1ulica del subsuelo, t\u00e9cnica tambi\u00e9n conocida como fracking. A pesar de que el presidente Andr\u00e9s Manuel L\u00f3pez Obrador prometi\u00f3 no usar fracking para extraer petr\u00f3leo y gas, la\u2026","rel":"","context":"En &quot;CINTILLO&quot;","block_context":{"text":"CINTILLO","link":"https:\/\/www.grieta.org.mx\/index.php\/category\/cintillo\/"},"img":{"alt_text":"","src":"https:\/\/i0.wp.com\/www.grieta.org.mx\/wp-content\/uploads\/2020\/09\/Reuters-petroleo-hidrocarburos-640x360-1.jpg?resize=350%2C200&ssl=1","width":350,"height":200,"srcset":"https:\/\/i0.wp.com\/www.grieta.org.mx\/wp-content\/uploads\/2020\/09\/Reuters-petroleo-hidrocarburos-640x360-1.jpg?resize=350%2C200&ssl=1 1x, https:\/\/i0.wp.com\/www.grieta.org.mx\/wp-content\/uploads\/2020\/09\/Reuters-petroleo-hidrocarburos-640x360-1.jpg?resize=525%2C300&ssl=1 1.5x"},"classes":[]},{"id":45697,"url":"https:\/\/www.grieta.org.mx\/index.php\/2020\/02\/17\/fracking-autorizado-para-finales-del-2020-en-zona-cercana-a-poza-rica-veracruz\/","url_meta":{"origin":41349,"position":1},"title":"Fracking, autorizado para finales del 2020 en zona cercana a Poza Rica (Veracruz)","author":"Admin","date":"17 febrero, 2020","format":false,"excerpt":"Redacci\u00f3n \/ Vanguardia Poza Rica, Ver.- Tras comprometerse a invertir 15.8 millones de d\u00f3lares, la petrolera Diavaz logr\u00f3 que la Comisi\u00f3n Nacional de Hidrocarburos aprobara el plan de explotaci\u00f3n presentado por su filial, la operadora de campos DWF, bajo el contrato CNH-M5-Miquetla\/2019, consistente en el uso del fracking; este proyecto\u2026","rel":"","context":"En &quot;CINTILLO&quot;","block_context":{"text":"CINTILLO","link":"https:\/\/www.grieta.org.mx\/index.php\/category\/cintillo\/"},"img":{"alt_text":"","src":"https:\/\/i0.wp.com\/www.grieta.org.mx\/wp-content\/uploads\/2020\/03\/Screenshot_2020-03-06-Pocket-Fracking-autorizado-para-finales-del-2020-en-zona-cercana-a-Poza-Rica.png?resize=350%2C200&ssl=1","width":350,"height":200,"srcset":"https:\/\/i0.wp.com\/www.grieta.org.mx\/wp-content\/uploads\/2020\/03\/Screenshot_2020-03-06-Pocket-Fracking-autorizado-para-finales-del-2020-en-zona-cercana-a-Poza-Rica.png?resize=350%2C200&ssl=1 1x, https:\/\/i0.wp.com\/www.grieta.org.mx\/wp-content\/uploads\/2020\/03\/Screenshot_2020-03-06-Pocket-Fracking-autorizado-para-finales-del-2020-en-zona-cercana-a-Poza-Rica.png?resize=525%2C300&ssl=1 1.5x, https:\/\/i0.wp.com\/www.grieta.org.mx\/wp-content\/uploads\/2020\/03\/Screenshot_2020-03-06-Pocket-Fracking-autorizado-para-finales-del-2020-en-zona-cercana-a-Poza-Rica.png?resize=700%2C400&ssl=1 2x"},"classes":[]},{"id":28179,"url":"https:\/\/www.grieta.org.mx\/index.php\/2018\/12\/20\/pese-a-negativa-de-amlo-pemex-si-contempla-invertir-en-fracking-puebla-y-veracruz\/","url_meta":{"origin":41349,"position":2},"title":"Pese a negativa de AMLO, Pemex s\u00ed contempla invertir en fracking (Puebla y Veracruz)","author":"grieta","date":"20 diciembre, 2018","format":false,"excerpt":"Redacci\u00f3n \/ Forbes A pesar de que el presidente Andr\u00e9s Manuel L\u00f3pez Obrador (AMLO) dijo que en M\u00e9xico no se utilizar\u00e1 fractura hidr\u00e1ulica o fracking para extraer hidrocarburos, Petr\u00f3leos Mexicanos (Pemex) invertir\u00e1 7,340 millones de pesos (mdp) en proyectos que requieren esta tecnolog\u00eda. El primer proyecto de inversi\u00f3n de la\u2026","rel":"","context":"En &quot;CINTILLO&quot;","block_context":{"text":"CINTILLO","link":"https:\/\/www.grieta.org.mx\/index.php\/category\/cintillo\/"},"img":{"alt_text":"","src":"https:\/\/i0.wp.com\/www.grieta.org.mx\/wp-content\/uploads\/2019\/01\/reuters-iran-petroleo.jpg?resize=350%2C200&ssl=1","width":350,"height":200,"srcset":"https:\/\/i0.wp.com\/www.grieta.org.mx\/wp-content\/uploads\/2019\/01\/reuters-iran-petroleo.jpg?resize=350%2C200&ssl=1 1x, https:\/\/i0.wp.com\/www.grieta.org.mx\/wp-content\/uploads\/2019\/01\/reuters-iran-petroleo.jpg?resize=525%2C300&ssl=1 1.5x"},"classes":[]},{"id":35590,"url":"https:\/\/www.grieta.org.mx\/index.php\/2019\/06\/28\/proyectos-de-fracking-no-cesan-en-puebla-y-veracruz\/","url_meta":{"origin":41349,"position":3},"title":"Proyectos de Fracking no cesan en Puebla y Veracruz","author":"Admin","date":"28 junio, 2019","format":false,"excerpt":"Por Mario Reyna \/ EL POPULAR A pesar del impacto ambiental, siguen existiendo proyectos para la exploraci\u00f3n de hidrocarburos bajo la t\u00e9cnica de fractura hidr\u00e1ulica (fracking) en Puebla y Veracruz; adem\u00e1s, contin\u00faa el riesgo de que se aprueben nuevos planes en el futuro, advirti\u00f3 La Alianza Mexicana Contra el Fracking,\u2026","rel":"","context":"En &quot;CINTILLO&quot;","block_context":{"text":"CINTILLO","link":"https:\/\/www.grieta.org.mx\/index.php\/category\/cintillo\/"},"img":{"alt_text":"","src":"https:\/\/i0.wp.com\/www.grieta.org.mx\/wp-content\/uploads\/2019\/06\/proyectos-de-fracking-no-cesan-en-puebla-y-veracruz-8edf85aef00fb1560a24473a11853221.png?resize=350%2C200&ssl=1","width":350,"height":200,"srcset":"https:\/\/i0.wp.com\/www.grieta.org.mx\/wp-content\/uploads\/2019\/06\/proyectos-de-fracking-no-cesan-en-puebla-y-veracruz-8edf85aef00fb1560a24473a11853221.png?resize=350%2C200&ssl=1 1x, https:\/\/i0.wp.com\/www.grieta.org.mx\/wp-content\/uploads\/2019\/06\/proyectos-de-fracking-no-cesan-en-puebla-y-veracruz-8edf85aef00fb1560a24473a11853221.png?resize=525%2C300&ssl=1 1.5x, https:\/\/i0.wp.com\/www.grieta.org.mx\/wp-content\/uploads\/2019\/06\/proyectos-de-fracking-no-cesan-en-puebla-y-veracruz-8edf85aef00fb1560a24473a11853221.png?resize=700%2C400&ssl=1 2x"},"classes":[]},{"id":28669,"url":"https:\/\/www.grieta.org.mx\/index.php\/2019\/01\/24\/puebla-cuarto-lugar-en-fracking-con-mil-288-pozos-y-no-233-sigue-practica\/","url_meta":{"origin":41349,"position":4},"title":"Puebla, cuarto lugar en fracking con mil 288 pozos, y no 233; sigue pr\u00e1ctica","author":"grieta","date":"24 enero, 2019","format":false,"excerpt":"Puebla, 4\u00b0 lugar en \u201cfracking\u201d con mil 288 pozos y no 233. Foto: EsImagen Luis Alberto Palacios \/ \u00c1ngulo 7 La organizaci\u00f3n Cartocr\u00edtica revel\u00f3 que Puebla es el cuarto estado con m\u00e1s pozos de fracking, con mil 288, es decir, 5 veces m\u00e1s de los 233 que reportaban asociaciones civiles,\u2026","rel":"","context":"En &quot;CINTILLO&quot;","block_context":{"text":"CINTILLO","link":"https:\/\/www.grieta.org.mx\/index.php\/category\/cintillo\/"},"img":{"alt_text":"","src":"https:\/\/i0.wp.com\/www.grieta.org.mx\/wp-content\/uploads\/2019\/01\/direct-19.jpg?resize=350%2C200&ssl=1","width":350,"height":200,"srcset":"https:\/\/i0.wp.com\/www.grieta.org.mx\/wp-content\/uploads\/2019\/01\/direct-19.jpg?resize=350%2C200&ssl=1 1x, https:\/\/i0.wp.com\/www.grieta.org.mx\/wp-content\/uploads\/2019\/01\/direct-19.jpg?resize=525%2C300&ssl=1 1.5x"},"classes":[]},{"id":35740,"url":"https:\/\/www.grieta.org.mx\/index.php\/2019\/06\/28\/proyectos-de-fracking-no-cesan-en-puebla-y-veracruz-2\/","url_meta":{"origin":41349,"position":5},"title":"Proyectos de Fracking no cesan en Puebla y Veracruz","author":"grieta","date":"28 junio, 2019","format":false,"excerpt":"Mario REYNA \/ El Popular La Alianza Mexicana Contra el Fracking exigi\u00f3 al presidente de la Rep\u00fablica tomar acciones inmediatas para no permitir el fracking. A pesar del impacto ambiental, siguen existiendo proyectos para la exploraci\u00f3n de hidrocarburos bajo la t\u00e9cnica de fractura hidr\u00e1ulica (fracking) en Puebla y Veracruz; adem\u00e1s,\u2026","rel":"","context":"En &quot;CINTILLO&quot;","block_context":{"text":"CINTILLO","link":"https:\/\/www.grieta.org.mx\/index.php\/category\/cintillo\/"},"img":{"alt_text":"","src":"https:\/\/i0.wp.com\/www.grieta.org.mx\/wp-content\/uploads\/2019\/07\/proyectos-de-fracking-no-cesan-en-puebla-y-veracruz-8edf85aef00fb1560a24473a11853221.png?resize=350%2C200&ssl=1","width":350,"height":200,"srcset":"https:\/\/i0.wp.com\/www.grieta.org.mx\/wp-content\/uploads\/2019\/07\/proyectos-de-fracking-no-cesan-en-puebla-y-veracruz-8edf85aef00fb1560a24473a11853221.png?resize=350%2C200&ssl=1 1x, https:\/\/i0.wp.com\/www.grieta.org.mx\/wp-content\/uploads\/2019\/07\/proyectos-de-fracking-no-cesan-en-puebla-y-veracruz-8edf85aef00fb1560a24473a11853221.png?resize=525%2C300&ssl=1 1.5x, https:\/\/i0.wp.com\/www.grieta.org.mx\/wp-content\/uploads\/2019\/07\/proyectos-de-fracking-no-cesan-en-puebla-y-veracruz-8edf85aef00fb1560a24473a11853221.png?resize=700%2C400&ssl=1 2x"},"classes":[]}],"_links":{"self":[{"href":"https:\/\/www.grieta.org.mx\/index.php\/wp-json\/wp\/v2\/posts\/41349","targetHints":{"allow":["GET"]}}],"collection":[{"href":"https:\/\/www.grieta.org.mx\/index.php\/wp-json\/wp\/v2\/posts"}],"about":[{"href":"https:\/\/www.grieta.org.mx\/index.php\/wp-json\/wp\/v2\/types\/post"}],"author":[{"embeddable":true,"href":"https:\/\/www.grieta.org.mx\/index.php\/wp-json\/wp\/v2\/users\/1"}],"replies":[{"embeddable":true,"href":"https:\/\/www.grieta.org.mx\/index.php\/wp-json\/wp\/v2\/comments?post=41349"}],"version-history":[{"count":1,"href":"https:\/\/www.grieta.org.mx\/index.php\/wp-json\/wp\/v2\/posts\/41349\/revisions"}],"predecessor-version":[{"id":41354,"href":"https:\/\/www.grieta.org.mx\/index.php\/wp-json\/wp\/v2\/posts\/41349\/revisions\/41354"}],"wp:featuredmedia":[{"embeddable":true,"href":"https:\/\/www.grieta.org.mx\/index.php\/wp-json\/wp\/v2\/media\/41350"}],"wp:attachment":[{"href":"https:\/\/www.grieta.org.mx\/index.php\/wp-json\/wp\/v2\/media?parent=41349"}],"wp:term":[{"taxonomy":"category","embeddable":true,"href":"https:\/\/www.grieta.org.mx\/index.php\/wp-json\/wp\/v2\/categories?post=41349"},{"taxonomy":"post_tag","embeddable":true,"href":"https:\/\/www.grieta.org.mx\/index.php\/wp-json\/wp\/v2\/tags?post=41349"}],"curies":[{"name":"wp","href":"https:\/\/api.w.org\/{rel}","templated":true}]}}