{"id":41334,"date":"2019-11-15T13:50:46","date_gmt":"2019-11-15T19:50:46","guid":{"rendered":"http:\/\/www.grieta.org.mx\/?p=41334"},"modified":"2019-11-20T13:59:31","modified_gmt":"2019-11-20T19:59:31","slug":"universitarios-alzan-la-voz-contra-inseguridad-en-hidalgo","status":"publish","type":"post","link":"https:\/\/www.grieta.org.mx\/index.php\/2019\/11\/15\/universitarios-alzan-la-voz-contra-inseguridad-en-hidalgo\/","title":{"rendered":"Universitarios alzan la voz contra inseguridad en Hidalgo"},"content":{"rendered":"<p><a href=\"http:\/\/www.grieta.org.mx\/wp-content\/uploads\/2019\/11\/estudaintes.jpg\"><img loading=\"lazy\" decoding=\"async\" data-attachment-id=\"41336\" data-permalink=\"https:\/\/www.grieta.org.mx\/index.php\/2019\/11\/15\/universitarios-alzan-la-voz-contra-inseguridad-en-hidalgo\/estudaintes\/\" data-orig-file=\"https:\/\/www.grieta.org.mx\/wp-content\/uploads\/2019\/11\/estudaintes.jpg\" data-orig-size=\"660,330\" data-comments-opened=\"0\" data-image-meta=\"{&quot;aperture&quot;:&quot;0&quot;,&quot;credit&quot;:&quot;&quot;,&quot;camera&quot;:&quot;&quot;,&quot;caption&quot;:&quot;&quot;,&quot;created_timestamp&quot;:&quot;0&quot;,&quot;copyright&quot;:&quot;&quot;,&quot;focal_length&quot;:&quot;0&quot;,&quot;iso&quot;:&quot;0&quot;,&quot;shutter_speed&quot;:&quot;0&quot;,&quot;title&quot;:&quot;&quot;,&quot;orientation&quot;:&quot;0&quot;}\" data-image-title=\"estudaintes\" data-image-description=\"\" data-image-caption=\"\" data-medium-file=\"https:\/\/www.grieta.org.mx\/wp-content\/uploads\/2019\/11\/estudaintes-300x150.jpg\" data-large-file=\"https:\/\/www.grieta.org.mx\/wp-content\/uploads\/2019\/11\/estudaintes.jpg\" class=\"aligncenter wp-image-41336\" src=\"http:\/\/www.grieta.org.mx\/wp-content\/uploads\/2019\/11\/estudaintes-300x150.jpg\" alt=\"\" width=\"800\" height=\"400\" srcset=\"https:\/\/www.grieta.org.mx\/wp-content\/uploads\/2019\/11\/estudaintes-300x150.jpg 300w, https:\/\/www.grieta.org.mx\/wp-content\/uploads\/2019\/11\/estudaintes.jpg 660w\" sizes=\"auto, (max-width: 800px) 100vw, 800px\" \/><\/a><\/p>\n<p>Martha S\u00e1enz \/ Criterio Hidalgo<\/p>\n<p>M\u00e1s de 2 mil estudiantes participaron ayer en la marcha Todos vuelven a casa, que recorri\u00f3 las principales calles del centro de Pachuca, para pedir justicia y resultados en la b\u00fasqueda de desaparecidos.<\/p>\n<p>La movilizaci\u00f3n convoc\u00f3 a alumnos de diferentes institutos educativos, entre ellos la Universidad Aut\u00f3noma del Estado de Hidalgo (UAEH).<\/p>\n<p>El recorrido comenz\u00f3 poco despu\u00e9s de las 10:00 horas. El contingente parti\u00f3 del Reloj Monumental con direcci\u00f3n a la avenida Madero, para instalarse frente a la sede del Poder Ejecutivo estatal.<\/p>\n<p>Ah\u00ed, los inconformes leyeron su pliego petitorio, en el que destacan la activaci\u00f3n de una alerta de g\u00e9nero, que la Procuradur\u00eda General de Justicia de Hidalgo (PGJH) d\u00e9 un informe sobre las investigaciones en casos de personas desaparecidas y que la Secretar\u00eda de Seguridad P\u00fablica de Hidalgo (SSPH) entregue un reporte sobre las deficiencias de la estrategia Hidalgo Seguro.<\/p>\n<p>Adem\u00e1s, solicitaron al rector de la UAEH, Adolfo Pontigo Loyola, respetar su libertad de pensamiento, expresi\u00f3n y asociaci\u00f3n, as\u00ed como terminar con el hostigamiento y la represi\u00f3n institucional que, dijeron, la universidad ejerce contra quienes \u201calzan la voz\u201d.<\/p>\n<p>Esto, luego de que estudiantes acusaran en redes sociales presiones de acad\u00e9micos y directivos para frenar la movilizaci\u00f3n. En Twitter se\u00f1alaron, sin mencionar sus nombres, a docentes de los institutos de Ciencias de la Salud (Icsa) y de Ciencias Sociales y Humanidades (Icshu).<\/p>\n<p>Tambi\u00e9n pidieron que la casa de estudios garantice condiciones m\u00ednimas de seguridad para sus alumnos y que deje de usar recursos para favorecer a un ente pol\u00edtico \u2014en referencia a Grupo Universidad\u2014 y los invierta en fortalecer la infraestructura de sus planteles con un sistema de alumbrado y c\u00e1maras de vigilancia.<\/p>\n<p>Los quejosos exhortaron a los directivos de la UAEH a realizar las gestiones necesarias para que la instituci\u00f3n sea resguardada por elementos de Seguridad P\u00fablica estatal.<\/p>\n<p>A las puertas de la sede del Ejecutivo, los universitarios gritaron consignas como \u201cFayad, escucha, esta tambi\u00e9n es tu lucha\u201d y pidieron que los atendiera el secretario de Gobierno, Sim\u00f3n Vargas Aguilar.<\/p>\n<p>A su encuentro salieron los subsecretarios de Gobierno, Juan Luis Lomel\u00ed Plascencia, y de la Pol\u00edtica P\u00fablica, Christian Her\u00f3n Guevara, cuando algunos inconformes se hab\u00edan retirado.<\/p>\n<p>Los estudiantes y Lomel\u00ed Plascencia acordaron nombrar a una comitiva de 20 personas para dialogar en una reuni\u00f3n que se llev\u00f3 a cabo por la tarde y que termin\u00f3 pasada la media noche en las instalaciones de Palacio de Gobierno.<\/p>\n<p>Finalizada la movilizaci\u00f3n, los participantes solicitaron no politizar su protesta ni \u201csacar provecho\u201d de ella.<\/p>\n<p><a href=\"http:\/\/www.grieta.org.mx\/wp-content\/uploads\/2019\/11\/estudiantes.jpg\"><img loading=\"lazy\" decoding=\"async\" data-attachment-id=\"41337\" data-permalink=\"https:\/\/www.grieta.org.mx\/index.php\/2019\/11\/15\/universitarios-alzan-la-voz-contra-inseguridad-en-hidalgo\/estudiantes\/\" data-orig-file=\"https:\/\/www.grieta.org.mx\/wp-content\/uploads\/2019\/11\/estudiantes.jpg\" data-orig-size=\"660,330\" data-comments-opened=\"0\" data-image-meta=\"{&quot;aperture&quot;:&quot;0&quot;,&quot;credit&quot;:&quot;&quot;,&quot;camera&quot;:&quot;&quot;,&quot;caption&quot;:&quot;&quot;,&quot;created_timestamp&quot;:&quot;0&quot;,&quot;copyright&quot;:&quot;&quot;,&quot;focal_length&quot;:&quot;0&quot;,&quot;iso&quot;:&quot;0&quot;,&quot;shutter_speed&quot;:&quot;0&quot;,&quot;title&quot;:&quot;&quot;,&quot;orientation&quot;:&quot;0&quot;}\" data-image-title=\"estudiantes\" data-image-description=\"\" data-image-caption=\"\" data-medium-file=\"https:\/\/www.grieta.org.mx\/wp-content\/uploads\/2019\/11\/estudiantes-300x150.jpg\" data-large-file=\"https:\/\/www.grieta.org.mx\/wp-content\/uploads\/2019\/11\/estudiantes.jpg\" class=\"aligncenter wp-image-41337\" src=\"http:\/\/www.grieta.org.mx\/wp-content\/uploads\/2019\/11\/estudiantes-300x150.jpg\" alt=\"\" width=\"800\" height=\"400\" srcset=\"https:\/\/www.grieta.org.mx\/wp-content\/uploads\/2019\/11\/estudiantes-300x150.jpg 300w, https:\/\/www.grieta.org.mx\/wp-content\/uploads\/2019\/11\/estudiantes.jpg 660w\" sizes=\"auto, (max-width: 800px) 100vw, 800px\" \/><\/a><\/p>\n<p>MAYOR\u00cdA, DE LA UAEH<\/p>\n<p>El contingente universitario pas\u00f3 lista de los asistentes por plantel. Participaron alumnos de los institutos de ciencias de la Salud, Sociales y Humanidades, B\u00e1sicas e Ingenier\u00eda, Econ\u00f3mico Administrativas y de Artes<\/p>\n<p>Los universitarios partieron de plaza Independencia, recorrieron la calle Ignacio Allende y avenida Ju\u00e1rez. Se detuvieron en Madero, frente a la sede del Ejecutivo estatal, siguieron a la explanada de plaza Ju\u00e1rez y regresaron al palacio de gobierno para realizar un mitin<\/p>\n<p>LLAMADO A LA SOLIDARIDAD<\/p>\n<p>Durante la marcha, los inconformes exigieron a la sociedad \u201cno ser indiferentes\u201d ante los casos de j\u00f3venes desparecidos recientemente, algunos de ellos estudiantes de la UAEH<\/p>\n<p>El cuerpo de Lorena B., alumna de la universidad La Salle, fue localizado en un paraje de la comunidad Huitzila, Tizayuca, el pasado 29 de octubre.<\/p>\n<p><a href=\"https:\/\/www.criteriohidalgo.com\/noticias\/universitarios-alzan-la-voz-contra-inseguridad-en-hidalgo\">https:\/\/www.criteriohidalgo.com\/noticias\/universitarios-alzan-la-voz-contra-inseguridad-en-hidalgo<\/a><\/p>\n","protected":false},"excerpt":{"rendered":"<p>Martha S\u00e1enz \/ Criterio Hidalgo M\u00e1s de 2 mil estudiantes participaron ayer en la marcha Todos vuelven a casa, que recorri\u00f3 las principales calles del centro de Pachuca, para pedir &hellip; <a href=\"https:\/\/www.grieta.org.mx\/index.php\/2019\/11\/15\/universitarios-alzan-la-voz-contra-inseguridad-en-hidalgo\/\" class=\"more-link\">Leer m\u00e1s<\/a><\/p>\n","protected":false},"author":1,"featured_media":41337,"comment_status":"closed","ping_status":"closed","sticky":false,"template":"","format":"standard","meta":{"ngg_post_thumbnail":0,"_jetpack_newsletter_access":"","_jetpack_dont_email_post_to_subs":false,"_jetpack_newsletter_tier_id":0,"_jetpack_memberships_contains_paywalled_content":false,"_jetpack_memberships_contains_paid_content":false,"footnotes":""},"categories":[80,19,2,2620],"tags":[1133,2441],"class_list":["post-41334","post","type-post","status-publish","format-standard","has-post-thumbnail","hentry","category-cintillo","category-hidalgo","category-noticias-nacionales","category-protestas-en-contra-de-la-inseguridad-en-hidalgo","tag-incremento-en-la-violencia","tag-protesta-estudiantil","entry"],"jetpack_featured_media_url":"https:\/\/www.grieta.org.mx\/wp-content\/uploads\/2019\/11\/estudiantes.jpg","jetpack_sharing_enabled":true,"jetpack_shortlink":"https:\/\/wp.me\/p7ZJR4-aKG","jetpack_likes_enabled":false,"jetpack-related-posts":[{"id":34529,"url":"https:\/\/www.grieta.org.mx\/index.php\/2019\/04\/14\/encaran-y-reclaman-al-alcalde-de-ixmiquilpan-en-el-fithzi-hidalgo\/","url_meta":{"origin":41334,"position":0},"title":"Encaran y reclaman al alcalde de Ixmiquilpan en el Fithzi (Hidalgo)","author":"grieta","date":"14 abril, 2019","format":false,"excerpt":"Redacci\u00f3n \/ Quadratin Hidalgo IXMIQUILPAN, Hgo., 14 de abril del 2019.- Durante una audiencia celebrada esta ma\u00f1ana en el barrio El Fithzi, pobladores encararon y ridiculizaron al presidente municipal Pascual Charrez Pedraza tras reclamarle por la ola de inseguridad que se vive en el municipio. El grupo de vecinos tambi\u00e9n\u2026","rel":"","context":"En &quot;CINTILLO&quot;","block_context":{"text":"CINTILLO","link":"https:\/\/www.grieta.org.mx\/index.php\/category\/cintillo\/"},"img":{"alt_text":"","src":"https:\/\/i0.wp.com\/www.grieta.org.mx\/wp-content\/uploads\/2019\/06\/fitzi-1160x700.jpg?resize=350%2C200&ssl=1","width":350,"height":200,"srcset":"https:\/\/i0.wp.com\/www.grieta.org.mx\/wp-content\/uploads\/2019\/06\/fitzi-1160x700.jpg?resize=350%2C200&ssl=1 1x, https:\/\/i0.wp.com\/www.grieta.org.mx\/wp-content\/uploads\/2019\/06\/fitzi-1160x700.jpg?resize=525%2C300&ssl=1 1.5x, https:\/\/i0.wp.com\/www.grieta.org.mx\/wp-content\/uploads\/2019\/06\/fitzi-1160x700.jpg?resize=700%2C400&ssl=1 2x, https:\/\/i0.wp.com\/www.grieta.org.mx\/wp-content\/uploads\/2019\/06\/fitzi-1160x700.jpg?resize=1050%2C600&ssl=1 3x"},"classes":[]},{"id":45083,"url":"https:\/\/www.grieta.org.mx\/index.php\/2020\/01\/30\/universitarios-exigen-seguridad-acusan-hostigamiento-de-uaeh-hidalgo\/","url_meta":{"origin":41334,"position":1},"title":"Universitarios exigen seguridad; acusan hostigamiento de UAEH (Hidalgo)","author":"Admin","date":"30 enero, 2020","format":false,"excerpt":"Adela Garmez \/ Criterio El Comit\u00e9 de Lucha Universitario de Hidalgo (CLUH) realiz\u00f3 una marcha a las 12:00 horas de hoy para pedir a las autoridades mayor seguridad y que tomen acciones que permitan acabar con los feminicidios en la entidad. En la explanada Independencia, Pachuca, los estudiantes dijeron que\u2026","rel":"","context":"En &quot;CINTILLO&quot;","block_context":{"text":"CINTILLO","link":"https:\/\/www.grieta.org.mx\/index.php\/category\/cintillo\/"},"img":{"alt_text":"","src":"https:\/\/i0.wp.com\/www.grieta.org.mx\/wp-content\/uploads\/2020\/02\/https-_criteriohidalgo.com_wp-content_uploads_2020_01_WhatsApp-Image-2020-01-30-at-13.04.14-1024x682.jpeg?resize=350%2C200&ssl=1","width":350,"height":200,"srcset":"https:\/\/i0.wp.com\/www.grieta.org.mx\/wp-content\/uploads\/2020\/02\/https-_criteriohidalgo.com_wp-content_uploads_2020_01_WhatsApp-Image-2020-01-30-at-13.04.14-1024x682.jpeg?resize=350%2C200&ssl=1 1x, https:\/\/i0.wp.com\/www.grieta.org.mx\/wp-content\/uploads\/2020\/02\/https-_criteriohidalgo.com_wp-content_uploads_2020_01_WhatsApp-Image-2020-01-30-at-13.04.14-1024x682.jpeg?resize=525%2C300&ssl=1 1.5x, https:\/\/i0.wp.com\/www.grieta.org.mx\/wp-content\/uploads\/2020\/02\/https-_criteriohidalgo.com_wp-content_uploads_2020_01_WhatsApp-Image-2020-01-30-at-13.04.14-1024x682.jpeg?resize=700%2C400&ssl=1 2x"},"classes":[]},{"id":11287,"url":"https:\/\/www.grieta.org.mx\/index.php\/2016\/04\/25\/movilizacion-contra-la-violencia-hacia-las-mujeres-en-hidalgo\/","url_meta":{"origin":41334,"position":2},"title":"Movilizaci\u00f3n contra la violencia hacia las mujeres en Hidalgo","author":"grieta","date":"25 abril, 2016","format":false,"excerpt":"25\/04\/16. Vivas nos Queremos: pachuque\u00f1as contra violencia machistaEl Independiente de Hidalgo","rel":"","context":"En &quot;Hidalgo&quot;","block_context":{"text":"Hidalgo","link":"https:\/\/www.grieta.org.mx\/index.php\/category\/noticias-nacionales\/hidalgo\/"},"img":{"alt_text":"","src":"https:\/\/i0.wp.com\/www.grieta.org.mx\/wp-content\/uploads\/2018\/03\/14524434_1106112876131411_958039263622046936_o.jpg?resize=350%2C200&ssl=1","width":350,"height":200,"srcset":"https:\/\/i0.wp.com\/www.grieta.org.mx\/wp-content\/uploads\/2018\/03\/14524434_1106112876131411_958039263622046936_o.jpg?resize=350%2C200&ssl=1 1x, https:\/\/i0.wp.com\/www.grieta.org.mx\/wp-content\/uploads\/2018\/03\/14524434_1106112876131411_958039263622046936_o.jpg?resize=525%2C300&ssl=1 1.5x, https:\/\/i0.wp.com\/www.grieta.org.mx\/wp-content\/uploads\/2018\/03\/14524434_1106112876131411_958039263622046936_o.jpg?resize=700%2C400&ssl=1 2x"},"classes":[]},{"id":15252,"url":"https:\/\/www.grieta.org.mx\/index.php\/2016\/06\/24\/movilizaciones-contra-la-reforma-al-sector-salud-en-hidalgo\/","url_meta":{"origin":41334,"position":3},"title":"Movilizaciones del sector salud en Hidalgo","author":"grieta","date":"24 junio, 2016","format":false,"excerpt":"24\/06\/16. M\u00e9dicos de Hidalgo realizan paro contra las reformas al sector saludLa Regi\u00f3n 22\/06\/16. Personal de salud se manifiesta en HidalgoEl Universal","rel":"","context":"En &quot;Hidalgo&quot;","block_context":{"text":"Hidalgo","link":"https:\/\/www.grieta.org.mx\/index.php\/category\/noticias-nacionales\/hidalgo\/"},"img":{"alt_text":"","src":"https:\/\/i0.wp.com\/www.grieta.org.mx\/wp-content\/uploads\/2018\/03\/14524434_1106112876131411_958039263622046936_o.jpg?resize=350%2C200&ssl=1","width":350,"height":200,"srcset":"https:\/\/i0.wp.com\/www.grieta.org.mx\/wp-content\/uploads\/2018\/03\/14524434_1106112876131411_958039263622046936_o.jpg?resize=350%2C200&ssl=1 1x, https:\/\/i0.wp.com\/www.grieta.org.mx\/wp-content\/uploads\/2018\/03\/14524434_1106112876131411_958039263622046936_o.jpg?resize=525%2C300&ssl=1 1.5x, https:\/\/i0.wp.com\/www.grieta.org.mx\/wp-content\/uploads\/2018\/03\/14524434_1106112876131411_958039263622046936_o.jpg?resize=700%2C400&ssl=1 2x"},"classes":[]},{"id":36323,"url":"https:\/\/www.grieta.org.mx\/index.php\/2019\/06\/26\/va-guardia-nacional-a-13-municipios-de-hidalgo\/","url_meta":{"origin":41334,"position":4},"title":"Va Guardia Nacional a 13 municipios de Hidalgo","author":"grieta","date":"26 junio, 2019","format":false,"excerpt":"Redacci\u00f3n \/ Criterio esde la siguiente semana, la Guardia Nacional entrar\u00e1 a Hidalgo, y en el municipio de Actopan tendr\u00e1 su cabecera, esto para sumarse a las labores de seguridad de la regi\u00f3n que forma la estrategia \u201cHidalgo 2\u201d. Seg\u00fan dio a conocer el \u00e1rea de Comunicaci\u00f3n Social municipal, la\u2026","rel":"","context":"En &quot;CINTILLO&quot;","block_context":{"text":"CINTILLO","link":"https:\/\/www.grieta.org.mx\/index.php\/category\/cintillo\/"},"img":{"alt_text":"","src":"https:\/\/i0.wp.com\/www.grieta.org.mx\/wp-content\/uploads\/2019\/07\/https-_www.criteriohidalgo.com_wp-content_uploads_2019_06_actopan-660x330.jpg?resize=350%2C200&ssl=1","width":350,"height":200,"srcset":"https:\/\/i0.wp.com\/www.grieta.org.mx\/wp-content\/uploads\/2019\/07\/https-_www.criteriohidalgo.com_wp-content_uploads_2019_06_actopan-660x330.jpg?resize=350%2C200&ssl=1 1x, https:\/\/i0.wp.com\/www.grieta.org.mx\/wp-content\/uploads\/2019\/07\/https-_www.criteriohidalgo.com_wp-content_uploads_2019_06_actopan-660x330.jpg?resize=525%2C300&ssl=1 1.5x"},"classes":[]},{"id":2531,"url":"https:\/\/www.grieta.org.mx\/index.php\/2016\/05\/27\/agresiones-a-periodistas-en-hidalgo\/","url_meta":{"origin":41334,"position":5},"title":"Violencia contra periodistas en Hidalgo","author":"grieta","date":"27 mayo, 2016","format":false,"excerpt":"27\/05\/16. Reportera denuncia represi\u00f3nEl Independiente de Hidalgo 18\/03\/16. Registra Hidalgo 11 agresiones a medios de comunicaci\u00f3n y periodistasEl Independiente de Hidalgo 21\/09\/15. Reacciona la Fiscal\u00eda de Atenci\u00f3n a Periodistas ante agresiones al gremio period\u00edstico de HidalgoExpediente Ultra 24\/08\/15. Elecciones \u2018prenden\u2019 las alertas por agresiones a periodistas en HidalgoElecciones y agresiones\u2026","rel":"","context":"En &quot;Hidalgo&quot;","block_context":{"text":"Hidalgo","link":"https:\/\/www.grieta.org.mx\/index.php\/category\/noticias-nacionales\/hidalgo\/"},"img":{"alt_text":"","src":"https:\/\/i0.wp.com\/www.grieta.org.mx\/wp-content\/uploads\/2018\/03\/14524434_1106112876131411_958039263622046936_o.jpg?resize=350%2C200&ssl=1","width":350,"height":200,"srcset":"https:\/\/i0.wp.com\/www.grieta.org.mx\/wp-content\/uploads\/2018\/03\/14524434_1106112876131411_958039263622046936_o.jpg?resize=350%2C200&ssl=1 1x, https:\/\/i0.wp.com\/www.grieta.org.mx\/wp-content\/uploads\/2018\/03\/14524434_1106112876131411_958039263622046936_o.jpg?resize=525%2C300&ssl=1 1.5x, https:\/\/i0.wp.com\/www.grieta.org.mx\/wp-content\/uploads\/2018\/03\/14524434_1106112876131411_958039263622046936_o.jpg?resize=700%2C400&ssl=1 2x"},"classes":[]}],"_links":{"self":[{"href":"https:\/\/www.grieta.org.mx\/index.php\/wp-json\/wp\/v2\/posts\/41334","targetHints":{"allow":["GET"]}}],"collection":[{"href":"https:\/\/www.grieta.org.mx\/index.php\/wp-json\/wp\/v2\/posts"}],"about":[{"href":"https:\/\/www.grieta.org.mx\/index.php\/wp-json\/wp\/v2\/types\/post"}],"author":[{"embeddable":true,"href":"https:\/\/www.grieta.org.mx\/index.php\/wp-json\/wp\/v2\/users\/1"}],"replies":[{"embeddable":true,"href":"https:\/\/www.grieta.org.mx\/index.php\/wp-json\/wp\/v2\/comments?post=41334"}],"version-history":[{"count":1,"href":"https:\/\/www.grieta.org.mx\/index.php\/wp-json\/wp\/v2\/posts\/41334\/revisions"}],"predecessor-version":[{"id":41339,"href":"https:\/\/www.grieta.org.mx\/index.php\/wp-json\/wp\/v2\/posts\/41334\/revisions\/41339"}],"wp:featuredmedia":[{"embeddable":true,"href":"https:\/\/www.grieta.org.mx\/index.php\/wp-json\/wp\/v2\/media\/41337"}],"wp:attachment":[{"href":"https:\/\/www.grieta.org.mx\/index.php\/wp-json\/wp\/v2\/media?parent=41334"}],"wp:term":[{"taxonomy":"category","embeddable":true,"href":"https:\/\/www.grieta.org.mx\/index.php\/wp-json\/wp\/v2\/categories?post=41334"},{"taxonomy":"post_tag","embeddable":true,"href":"https:\/\/www.grieta.org.mx\/index.php\/wp-json\/wp\/v2\/tags?post=41334"}],"curies":[{"name":"wp","href":"https:\/\/api.w.org\/{rel}","templated":true}]}}