{"id":41238,"date":"2019-11-16T20:32:02","date_gmt":"2019-11-17T02:32:02","guid":{"rendered":"http:\/\/www.grieta.org.mx\/?p=41238"},"modified":"2019-11-16T22:34:57","modified_gmt":"2019-11-17T04:34:57","slug":"observatorio-internacional-exige-liberacion-del-defensor-fredy-garcia-ramirez-y-el-cese-de-todo-hostigamiento-en-su-contra-incluyendo-a-nivel-judicial-oaxaca","status":"publish","type":"post","link":"https:\/\/www.grieta.org.mx\/index.php\/2019\/11\/16\/observatorio-internacional-exige-liberacion-del-defensor-fredy-garcia-ramirez-y-el-cese-de-todo-hostigamiento-en-su-contra-incluyendo-a-nivel-judicial-oaxaca\/","title":{"rendered":"Observatorio Internacional exige liberaci\u00f3n del defensor Fredy Garc\u00eda Ram\u00edrez y el cese de todo hostigamiento en su contra, incluyendo a nivel judicial (Oaxaca)"},"content":{"rendered":"<p>P\u00e1gina 3 \/ Comunicados.<\/p>\n<p>El Observatorio para la Protecci\u00f3n de los Defensores de Derechos Humanos, es un programa conjunto de la Organizaci\u00f3n Mundial Contra la Tortura (OMCT) y de la FIDH, pide a las autoridades en M\u00e9xico poner fin a la detenci\u00f3n arbitraria del Sr. Fredy Garc\u00eda Ram\u00edrez<\/p>\n<p>El 12 de noviembre de 2019 el juzgado de control de Valles Centrales emiti\u00f3 un fallo vinculando al Sr. Fredy Garc\u00eda al proceso y dictando prisi\u00f3n preventiva oficiosa durante todo el proceso y fijando la audiencia intermedia que fue fijada para el mes de marzo, sin que se garantice la revisi\u00f3n de la medida cautelar impuesta. Los delitos por los que ha sido imputado son asalto, robo y lesiones.<\/p>\n<p>Seg\u00fan las informaciones que ha podido ampliar el Observatorio, los dos integrantes de CODEDI fueron interceptados por aproximadamente 12 hombres armados que, sin identificarse, les apuntaron con el arma, les obligaron a bajarse del taxi en el que viajaban, les agredieron y, finalmente les esposaron.<\/p>\n<p>Los hombres armados reprodujeron el v\u00eddeo de una conferencia de prensa en la que el defensor Garc\u00eda Ram\u00edrez aparec\u00eda leyendo un comunicado en el que se exig\u00eda justicia para los compa\u00f1eros del CODEDI asesinados y, posteriormente, sacaron una lista de nombres en la que Garc\u00eda Ram\u00edrez aparec\u00eda subrayado. No fue hasta que \u00e9l hab\u00eda sido subido a un veh\u00edculo que le informaron de la existencia de una orden de aprehensi\u00f3n en su contra. Inicialmente el defensor fue detenido en una bodega de las instalaciones de la Agencia Estatal de Investigaciones y, posteriormente, su detenci\u00f3n incomunicada continu\u00f3 en un segundo lugar. No fue hasta aproximadamente las 3 de la madrugada, tras ocho horas de detenci\u00f3n incomunicada durante las que el Garc\u00eda Ram\u00edrez no pudo ejercer su derecho a comunicarse con sus familiares ni su abogado, que las autoridades dieron informaci\u00f3n sobre su detenci\u00f3n.<\/p>\n<p>El Observatorio destaca que no se trata de un incidente aislado, sino que se enmarca en un patr\u00f3n de ataques sistem\u00e1ticos en contra del CODEDI en los \u00faltimos 21 meses, incluyendo cinco asesinatos, dos intentos de asesinato, seis detenciones arbitrarias, tres incidentes de allanamiento y robo, as\u00ed como amenazas permanentes y la militarizaci\u00f3n de la zona en que se encuentra el centro de capacitaci\u00f3n de CODEDI. Esta campa\u00f1a de ataques que se mantiene en total impunidad ha generado preocupaci\u00f3n no solo entre las organizaciones de la sociedad civil, sino que incluso varios\/as relatores\/as de la ONU llegaron a emitir una comunicaci\u00f3n el pasado 5 de octubre de 2018.<\/p>\n<p>El Observatorio reitera su preocupaci\u00f3n por la persistencia del patr\u00f3n de criminalizaci\u00f3n contra las personas defensoras de derechos humanos para acallar sus voces, particularmente contra aquellas personas que defienden el derecho a la tierra y el territorio. El Observatorio recuerda que este patr\u00f3n de criminalizaci\u00f3n, particularmente en el Estado de Oaxaca, ha sido corroborado por el propio Grupo de Trabajo que, en los \u00faltimos a\u00f1os, ha emitido 8 Opiniones en las que ha declarado la detenci\u00f3n arbitraria de 32 personas en M\u00e9xico y ha exigido su liberaci\u00f3n inmediata.<\/p>\n<p>Por todo lo anterior, el Observatorio hace un llamado urgente para exigir:<\/p>\n<p>i. Llevar a cabo una investigaci\u00f3n inmediata, independiente, exhaustiva, efectiva e imparcial en torno a los ataques sufridos por el Sr. Fredy Garc\u00eda Ram\u00edrez, as\u00ed como el resto de los ataques contra integrantes del CODEDI en los \u00faltimos meses;<\/p>\n<p>ii. Garantizar el debido proceso al Sr. Fredy Garc\u00eda Ram\u00edrez y adoptar de manera inmediata y concertada, las medidas m\u00e1s apropiadas, que brinden garant\u00edas para el ejercicio de la defensa de los derechos humanos de quienes integran el CODEDI;<\/p>\n<p>iii. Poner fin a la detenci\u00f3n arbitraria del Sr. Fredy Garc\u00eda Ram\u00edrez, as\u00ed como a todo tipo de hostigamiento en su contra, incluyendo el hostigamiento judicial, as\u00ed como asegurar garant\u00edas para todas las personas defensoras de derechos humanos en Oaxaca y en el resto de M\u00e9xico;<\/p>\n<p>iv. Incluir como tema central en la agenda de derechos humanos del gobierno federal el cese de la criminalizaci\u00f3n de las personas defensoras de derechos humanos, atendiendo las preocupaciones y recomendaciones de Naciones Unidas y varios organismos internacionales de Derechos Humanos;<\/p>\n<p>Asegurar la aplicaci\u00f3n de lo dispuesto por la Declaraci\u00f3n sobre los Defensores de los Derechos Humanos, adoptada por la Asamblea General de la ONU el 9 de diciembre de 1998, en particular en lo referente al art\u00edculo 1, 5.a y 12.2;<\/p>\n<p>De manera general, garantizar el respeto por los derechos humanos y las libertades fundamentales en todo el pa\u00eds, de conformidad con las normas internacionales de derechos humanos ratificadas por M\u00e9xico.<\/p>\n<p><a href=\"https:\/\/pagina3.mx\/2019\/11\/observatorio-internacional-exige-liberacion-del-defensor-fredy-garcia-ramirez-y-el-cese-de-todo-hostigamiento-en-su-contra-incluyendo-a-nivel-judicial\/\" rel=\"noopener noreferrer\" target=\"_blank\">https:\/\/pagina3.mx\/2019\/11\/observatorio-internacional-exige-liberacion-del-defensor-fredy-garcia-ramirez-y-el-cese-de-todo-hostigamiento-en-su-contra-incluyendo-a-nivel-judicial\/<\/a><\/p>\n","protected":false},"excerpt":{"rendered":"<p>P\u00e1gina 3 \/ Comunicados. El Observatorio para la Protecci\u00f3n de los Defensores de Derechos Humanos, es un programa conjunto de la Organizaci\u00f3n Mundial Contra la Tortura (OMCT) y de la &hellip; <a href=\"https:\/\/www.grieta.org.mx\/index.php\/2019\/11\/16\/observatorio-internacional-exige-liberacion-del-defensor-fredy-garcia-ramirez-y-el-cese-de-todo-hostigamiento-en-su-contra-incluyendo-a-nivel-judicial-oaxaca\/\" class=\"more-link\">Leer m\u00e1s<\/a><\/p>\n","protected":false},"author":2,"featured_media":21928,"comment_status":"closed","ping_status":"closed","sticky":false,"template":"","format":"standard","meta":{"ngg_post_thumbnail":0,"_jetpack_newsletter_access":"","_jetpack_dont_email_post_to_subs":false,"_jetpack_newsletter_tier_id":0,"_jetpack_memberships_contains_paywalled_content":false,"_jetpack_memberships_contains_paid_content":false,"footnotes":""},"categories":[80,2,25,1496,2909],"tags":[],"class_list":["post-41238","post","type-post","status-publish","format-standard","has-post-thumbnail","hentry","category-cintillo","category-noticias-nacionales","category-oaxaca","category-represion-en-oaxaca","category-resistencias-y-rebeldias-en-oaxaca","entry"],"jetpack_featured_media_url":"https:\/\/www.grieta.org.mx\/wp-content\/uploads\/2018\/03\/14524434_1106112876131411_958039263622046936_o.jpg","jetpack_sharing_enabled":true,"jetpack_shortlink":"https:\/\/wp.me\/p7ZJR4-aJ8","jetpack_likes_enabled":false,"jetpack-related-posts":[{"id":25265,"url":"https:\/\/www.grieta.org.mx\/index.php\/2018\/08\/01\/van-8-ataques-contra-codedi-en-oaxaca\/","url_meta":{"origin":41238,"position":0},"title":"Van 8 ataques contra Codedi en Oaxaca","author":"grieta","date":"1 agosto, 2018","format":false,"excerpt":"Noticias Andrea Alondra, Comit\u00e9 de Defensa han sufrido retenciones, allanamientos y amenazas, adem\u00e1s de los cuatro casos de asesinatos ocurridos este 2018. Organizaciones sociales y civiles con presencia en el estado demandaron frenar el acoso y ataques reiterados que van en escalada contra integrantes del Comit\u00e9 de Defensa de los\u2026","rel":"","context":"En &quot;CINTILLO&quot;","block_context":{"text":"CINTILLO","link":"https:\/\/www.grieta.org.mx\/index.php\/category\/cintillo\/"},"img":{"alt_text":"","src":"https:\/\/i0.wp.com\/www.grieta.org.mx\/wp-content\/uploads\/2018\/08\/Codedi_Not_010818.jpg?resize=350%2C200&ssl=1","width":350,"height":200,"srcset":"https:\/\/i0.wp.com\/www.grieta.org.mx\/wp-content\/uploads\/2018\/08\/Codedi_Not_010818.jpg?resize=350%2C200&ssl=1 1x, https:\/\/i0.wp.com\/www.grieta.org.mx\/wp-content\/uploads\/2018\/08\/Codedi_Not_010818.jpg?resize=525%2C300&ssl=1 1.5x, https:\/\/i0.wp.com\/www.grieta.org.mx\/wp-content\/uploads\/2018\/08\/Codedi_Not_010818.jpg?resize=700%2C400&ssl=1 2x, https:\/\/i0.wp.com\/www.grieta.org.mx\/wp-content\/uploads\/2018\/08\/Codedi_Not_010818.jpg?resize=1050%2C600&ssl=1 3x"},"classes":[]},{"id":42093,"url":"https:\/\/www.grieta.org.mx\/index.php\/2019\/12\/10\/vuelca-autobus-con-jornaleros-en-oaxaca-reportan-dos-muertos-y-36-heridos\/","url_meta":{"origin":41238,"position":1},"title":"Vuelca autob\u00fas con jornaleros en Oaxaca; reportan dos muertos y 36 heridos","author":"grieta","date":"10 diciembre, 2019","format":false,"excerpt":"Proceso \/ Pedro Mat\u00edas. El autob\u00fas volc\u00f3 en la carretera federal 135 D Oaxaca-Cuacnopalan a la altura del kil\u00f3metro 200. Foto: Especial. OAXACA, Oax. (apro).- Al menos dos muertos y 36 heridos dej\u00f3 la volcadura de un autob\u00fas en la carretera federal 135 D Oaxaca-Cuacnopalan a la altura del kil\u00f3metro\u2026","rel":"","context":"En &quot;CINTILLO&quot;","block_context":{"text":"CINTILLO","link":"https:\/\/www.grieta.org.mx\/index.php\/category\/cintillo\/"},"img":{"alt_text":"","src":"https:\/\/i0.wp.com\/www.grieta.org.mx\/wp-content\/uploads\/2019\/12\/jornaleros-oaxaca-870x522.jpg?resize=350%2C200&ssl=1","width":350,"height":200,"srcset":"https:\/\/i0.wp.com\/www.grieta.org.mx\/wp-content\/uploads\/2019\/12\/jornaleros-oaxaca-870x522.jpg?resize=350%2C200&ssl=1 1x, https:\/\/i0.wp.com\/www.grieta.org.mx\/wp-content\/uploads\/2019\/12\/jornaleros-oaxaca-870x522.jpg?resize=525%2C300&ssl=1 1.5x, https:\/\/i0.wp.com\/www.grieta.org.mx\/wp-content\/uploads\/2019\/12\/jornaleros-oaxaca-870x522.jpg?resize=700%2C400&ssl=1 2x"},"classes":[]},{"id":60992,"url":"https:\/\/www.grieta.org.mx\/index.php\/2021\/08\/09\/codedi-denuncia-nuevas-agresiones-policia-y-narcotrafico-coludidos-oaxaca\/","url_meta":{"origin":41238,"position":2},"title":"CODEDI denuncia nuevas agresiones: polic\u00eda y narcotr\u00e1fico coludidos (Oaxaca)","author":"grieta","date":"9 agosto, 2021","format":false,"excerpt":"Avispa Midia \/ Vanessa Garc\u00eda Navarro. En portada: Conferencia de prensa realizada por la organizaci\u00f3n ind\u00edgena. Foto de Vanessa Garc\u00eda Navarro. Este lunes (9) por la ma\u00f1ana, \u201cD\u00eda internacional de los pueblos ind\u00edgenas\u201d, representantes del Comit\u00e9 de Defensa de los Derechos Ind\u00edgenas (CODEDI) se posicionaron enfrente del templo de Santo\u2026","rel":"","context":"En &quot;CINTILLO&quot;","block_context":{"text":"CINTILLO","link":"https:\/\/www.grieta.org.mx\/index.php\/category\/cintillo\/"},"img":{"alt_text":"","src":"https:\/\/i0.wp.com\/www.grieta.org.mx\/wp-content\/uploads\/2021\/08\/a-1.jpg?resize=350%2C200&ssl=1","width":350,"height":200,"srcset":"https:\/\/i0.wp.com\/www.grieta.org.mx\/wp-content\/uploads\/2021\/08\/a-1.jpg?resize=350%2C200&ssl=1 1x, https:\/\/i0.wp.com\/www.grieta.org.mx\/wp-content\/uploads\/2021\/08\/a-1.jpg?resize=525%2C300&ssl=1 1.5x, https:\/\/i0.wp.com\/www.grieta.org.mx\/wp-content\/uploads\/2021\/08\/a-1.jpg?resize=700%2C400&ssl=1 2x"},"classes":[]},{"id":50174,"url":"https:\/\/www.grieta.org.mx\/index.php\/2020\/06\/01\/protestan-policias-contra-edil-de-oaxaca-hay-4-muertos-por-covid-149-posibles-contagiados-y-5-graves\/","url_meta":{"origin":41238,"position":3},"title":"Protestan polic\u00edas contra edil de Oaxaca: hay 4 muertos por Covid, 149 posibles contagiados y 5 graves","author":"grieta","date":"1 junio, 2020","format":false,"excerpt":"P\u00e1gina 3 \/ Pedro Mat\u00edas. *Exigen destituci\u00f3n del director Aquileo S\u00e1nchez Castellanos y el subdirector Marcos Fredy Hern\u00e1ndez. | *Tachan de \u201cinhumano\u201d al edil de morena Oswaldo Garc\u00eda Jarqu\u00edn. | *Presentan queja ante Defensor\u00eda y un amparo por derecho a la vida y a la salud. OAXACA, Oax.- La reciente\u2026","rel":"","context":"En &quot;CINTILLO&quot;","block_context":{"text":"CINTILLO","link":"https:\/\/www.grieta.org.mx\/index.php\/category\/cintillo\/"},"img":{"alt_text":"","src":"https:\/\/i0.wp.com\/www.grieta.org.mx\/wp-content\/uploads\/2018\/03\/14524434_1106112876131411_958039263622046936_o.jpg?resize=350%2C200&ssl=1","width":350,"height":200,"srcset":"https:\/\/i0.wp.com\/www.grieta.org.mx\/wp-content\/uploads\/2018\/03\/14524434_1106112876131411_958039263622046936_o.jpg?resize=350%2C200&ssl=1 1x, https:\/\/i0.wp.com\/www.grieta.org.mx\/wp-content\/uploads\/2018\/03\/14524434_1106112876131411_958039263622046936_o.jpg?resize=525%2C300&ssl=1 1.5x, https:\/\/i0.wp.com\/www.grieta.org.mx\/wp-content\/uploads\/2018\/03\/14524434_1106112876131411_958039263622046936_o.jpg?resize=700%2C400&ssl=1 2x"},"classes":[]},{"id":50611,"url":"https:\/\/www.grieta.org.mx\/index.php\/2020\/06\/09\/muere-un-preso-del-penal-de-tanivet-donde-se-confirmo-un-brote-de-covid-19-oaxaca\/","url_meta":{"origin":41238,"position":4},"title":"Muere un preso del Penal de Tanivet donde se confirm\u00f3 un brote de Covid-19 (Oaxaca)","author":"grieta","date":"9 junio, 2020","format":false,"excerpt":"P\u00e1gina 3 \/ Pedro Mat\u00edas. OAXACA, Oax. (p\u00e1gina3.mx).- La Secretar\u00eda de Seguridad P\u00fablica de Oaxaca confirm\u00f3 la muerte de una Persona Privada de la Libertad (PPL) en el Centro Penitenciario Varonil de Tanivet donde se detect\u00f3 un brote de covid-19 con siete casos confirmados, independientemente de que custodios fueron aislados.\u2026","rel":"","context":"En &quot;CINTILLO&quot;","block_context":{"text":"CINTILLO","link":"https:\/\/www.grieta.org.mx\/index.php\/category\/cintillo\/"},"img":{"alt_text":"","src":"https:\/\/i0.wp.com\/www.grieta.org.mx\/wp-content\/uploads\/2020\/06\/Penal-de-Tanivet-Oaxaca.jpg?resize=350%2C200&ssl=1","width":350,"height":200,"srcset":"https:\/\/i0.wp.com\/www.grieta.org.mx\/wp-content\/uploads\/2020\/06\/Penal-de-Tanivet-Oaxaca.jpg?resize=350%2C200&ssl=1 1x, https:\/\/i0.wp.com\/www.grieta.org.mx\/wp-content\/uploads\/2020\/06\/Penal-de-Tanivet-Oaxaca.jpg?resize=525%2C300&ssl=1 1.5x, https:\/\/i0.wp.com\/www.grieta.org.mx\/wp-content\/uploads\/2020\/06\/Penal-de-Tanivet-Oaxaca.jpg?resize=700%2C400&ssl=1 2x"},"classes":[]},{"id":24781,"url":"https:\/\/www.grieta.org.mx\/index.php\/2018\/07\/17\/accion-urgente-grupo-armado-levanta-a-coordinador-de-codedi-en-pochutla-oaxaca\/","url_meta":{"origin":41238,"position":5},"title":"Acci\u00f3n urgente: Grupo armado levanta a coordinador de CODEDI en Pochutla (Oaxaca)","author":"grieta","date":"17 julio, 2018","format":false,"excerpt":"Congreso Nacional Ind\u00edgena (comunicacion@congresonacionalindigena.org) Hoy martes 17 de Julio a las 11:30 am, un grupo de hombres armados y encapuchados levantaron en su propio domicilio al coordinador regional de CODEDI en Salchi, Pochutla, Abraham Hern\u00e1ndez Gonzales de 42 a\u00f1os. El grupo armado viajaba en una camioneta gris doble cabina placas\u2026","rel":"","context":"En &quot;CINTILLO&quot;","block_context":{"text":"CINTILLO","link":"https:\/\/www.grieta.org.mx\/index.php\/category\/cintillo\/"},"img":{"alt_text":"","src":"https:\/\/i0.wp.com\/www.grieta.org.mx\/wp-content\/uploads\/2018\/07\/Codedi.png?resize=350%2C200&ssl=1","width":350,"height":200},"classes":[]}],"_links":{"self":[{"href":"https:\/\/www.grieta.org.mx\/index.php\/wp-json\/wp\/v2\/posts\/41238","targetHints":{"allow":["GET"]}}],"collection":[{"href":"https:\/\/www.grieta.org.mx\/index.php\/wp-json\/wp\/v2\/posts"}],"about":[{"href":"https:\/\/www.grieta.org.mx\/index.php\/wp-json\/wp\/v2\/types\/post"}],"author":[{"embeddable":true,"href":"https:\/\/www.grieta.org.mx\/index.php\/wp-json\/wp\/v2\/users\/2"}],"replies":[{"embeddable":true,"href":"https:\/\/www.grieta.org.mx\/index.php\/wp-json\/wp\/v2\/comments?post=41238"}],"version-history":[{"count":1,"href":"https:\/\/www.grieta.org.mx\/index.php\/wp-json\/wp\/v2\/posts\/41238\/revisions"}],"predecessor-version":[{"id":41239,"href":"https:\/\/www.grieta.org.mx\/index.php\/wp-json\/wp\/v2\/posts\/41238\/revisions\/41239"}],"wp:featuredmedia":[{"embeddable":true,"href":"https:\/\/www.grieta.org.mx\/index.php\/wp-json\/wp\/v2\/media\/21928"}],"wp:attachment":[{"href":"https:\/\/www.grieta.org.mx\/index.php\/wp-json\/wp\/v2\/media?parent=41238"}],"wp:term":[{"taxonomy":"category","embeddable":true,"href":"https:\/\/www.grieta.org.mx\/index.php\/wp-json\/wp\/v2\/categories?post=41238"},{"taxonomy":"post_tag","embeddable":true,"href":"https:\/\/www.grieta.org.mx\/index.php\/wp-json\/wp\/v2\/tags?post=41238"}],"curies":[{"name":"wp","href":"https:\/\/api.w.org\/{rel}","templated":true}]}}