{"id":41235,"date":"2019-11-15T20:02:27","date_gmt":"2019-11-16T02:02:27","guid":{"rendered":"http:\/\/www.grieta.org.mx\/?p=41235"},"modified":"2019-11-16T20:08:42","modified_gmt":"2019-11-17T02:08:42","slug":"paro-en-bachilleres-por-falta-de-pago-salarial-quintana-roo","status":"publish","type":"post","link":"https:\/\/www.grieta.org.mx\/index.php\/2019\/11\/15\/paro-en-bachilleres-por-falta-de-pago-salarial-quintana-roo\/","title":{"rendered":"Paro en Bachilleres por falta de pago salarial (Quintana Roo)"},"content":{"rendered":"<p><img loading=\"lazy\" decoding=\"async\" data-attachment-id=\"41236\" data-permalink=\"https:\/\/www.grieta.org.mx\/index.php\/2019\/11\/15\/paro-en-bachilleres-por-falta-de-pago-salarial-quintana-roo\/parobachilleres\/\" data-orig-file=\"https:\/\/www.grieta.org.mx\/wp-content\/uploads\/2019\/11\/ParoBachilleres.png\" data-orig-size=\"739,348\" data-comments-opened=\"0\" data-image-meta=\"{&quot;aperture&quot;:&quot;0&quot;,&quot;credit&quot;:&quot;&quot;,&quot;camera&quot;:&quot;&quot;,&quot;caption&quot;:&quot;&quot;,&quot;created_timestamp&quot;:&quot;0&quot;,&quot;copyright&quot;:&quot;&quot;,&quot;focal_length&quot;:&quot;0&quot;,&quot;iso&quot;:&quot;0&quot;,&quot;shutter_speed&quot;:&quot;0&quot;,&quot;title&quot;:&quot;&quot;,&quot;orientation&quot;:&quot;0&quot;}\" data-image-title=\"ParoBachilleres\" data-image-description=\"\" data-image-caption=\"\" data-medium-file=\"https:\/\/www.grieta.org.mx\/wp-content\/uploads\/2019\/11\/ParoBachilleres-300x141.png\" data-large-file=\"https:\/\/www.grieta.org.mx\/wp-content\/uploads\/2019\/11\/ParoBachilleres.png\" src=\"http:\/\/www.grieta.org.mx\/wp-content\/uploads\/2019\/11\/ParoBachilleres.png\" alt=\"\" width=\"739\" height=\"348\" class=\"aligncenter size-full wp-image-41236\" srcset=\"https:\/\/www.grieta.org.mx\/wp-content\/uploads\/2019\/11\/ParoBachilleres.png 739w, https:\/\/www.grieta.org.mx\/wp-content\/uploads\/2019\/11\/ParoBachilleres-300x141.png 300w\" sizes=\"auto, (max-width: 739px) 100vw, 739px\" \/><br \/>\nTVQRoo<br \/>\nCanc\u00fan, Q. Roo.- El paro de maestros afiliados al Sindicato de Trabajadores del Colegio de Bachilleres de Quintana Roo (Sitacobaqroo), se debe, seg\u00fan los argumentos de su l\u00edder, Jos\u00e9 Gabriel Sul\u00fa Mart\u00ednez, Secretario General, a que no les han cumplido con el pago de incentivos salariales. <\/p>\n<p>En una misiva enviada a los padres, los maestros lamentan las afectaciones a los alumnos y responsabilizan a las autoridades educativas de no cumplir los compromisos ni sentarse a negociar. <\/p>\n<p>Comunicaci\u00f3n dirigido a padres de familia <\/p>\n<p>Solicitamos su comprensi\u00f3n y apoyo debido a que hasta hoy hemos sido respetuosos y prudentes de los derechos de los estudiantes, sin embargo las autoridades han abusado de la buena fe y disposici\u00f3n al dialogo que se ha mantenido por parte de los representantes del SITACOBAQROO. <\/p>\n<p>Hacemos de su conocimiento la SUSPENSI\u00d3N DE LABORES LOS D\u00cdAS 15 Y 19 DE NOVIEMBRE DEL PRESENTE A\u00d1O en todos los centros y planteles de trabajo del Colegio de Bachilleres del Estado de Quintana Roo; decisi\u00f3n tomada por la base trabajadora debido a las AFECTACIONES ECON\u00d3MICAS CONSTANTES a las QUE HEMOS SIDO SUJETOS POR PARTE DE LAS AUTORIDADES DEL COBAQROO. <\/p>\n<p>Esperando la pronta respuesta de las Autoridades Educativas, les pedimos est\u00e9n pendientes del regreso a las aulas, ya que nos preocupa la formaci\u00f3n integral de sus hijos. <\/p>\n<p>Ya que los maestros que se prepararon y fueron evaluados; NO SE LES HA CUMPLIDO CON LOS BENEFICIOS QUE LA PROPIA LEY LES OTORGA, tal como el K1, Basificaciones, promociones, recategorizaciones y conformaci\u00f3n de plazas de jornada. <\/p>\n<p>Aunado a esto, EL NO PAGO DE LA POL\u00cdTICA SALARIAL como el pago del retroactivo, del incremento salarial del 3.35% sobre el sueldo base, 1.00% sobre la calidad educativa y 1.80% sobre prestaciones. Situaci\u00f3n que ya han venido posterg\u00e1ndose a\u00f1o con a\u00f1o hasta final del ejercicio fiscal y ante esta situaci\u00f3n nos afecta demasiado el impuesto que genera este rubro. <\/p>\n<p>Agradeciendo de antemano su atenci\u00f3n a la presente, queda la base trabajadora de Ustedes. <\/p>\n<p><a href=\"https:\/\/tvqroo.com.mx\/noticias-estado-de-quintana-roo-hoy-tvqroo\/paro-en-bachilleres-por-falta-de-pago-salarial\/\" rel=\"noopener noreferrer\" target=\"_blank\">https:\/\/tvqroo.com.mx\/noticias-estado-de-quintana-roo-hoy-tvqroo\/paro-en-bachilleres-por-falta-de-pago-salarial\/<\/a><\/p>\n","protected":false},"excerpt":{"rendered":"<p>TVQRoo Canc\u00fan, Q. Roo.- El paro de maestros afiliados al Sindicato de Trabajadores del Colegio de Bachilleres de Quintana Roo (Sitacobaqroo), se debe, seg\u00fan los argumentos de su l\u00edder, Jos\u00e9 &hellip; <a href=\"https:\/\/www.grieta.org.mx\/index.php\/2019\/11\/15\/paro-en-bachilleres-por-falta-de-pago-salarial-quintana-roo\/\" class=\"more-link\">Leer m\u00e1s<\/a><\/p>\n","protected":false},"author":2,"featured_media":41236,"comment_status":"closed","ping_status":"closed","sticky":false,"template":"","format":"standard","meta":{"ngg_post_thumbnail":0,"_jetpack_newsletter_access":"","_jetpack_dont_email_post_to_subs":false,"_jetpack_newsletter_tier_id":0,"_jetpack_memberships_contains_paywalled_content":false,"_jetpack_memberships_contains_paid_content":false,"footnotes":""},"categories":[80,1084,2,28],"tags":[872,2102,105,241],"class_list":["post-41235","post","type-post","status-publish","format-standard","has-post-thumbnail","hentry","category-cintillo","category-conflictos-laborales-en-quintana-roo","category-noticias-nacionales","category-quintana-roo","tag-colegio-de-bachilleres","tag-conflicto-laboral","tag-derechos-laborales","tag-paro","entry"],"jetpack_featured_media_url":"https:\/\/www.grieta.org.mx\/wp-content\/uploads\/2019\/11\/ParoBachilleres.png","jetpack_sharing_enabled":true,"jetpack_shortlink":"https:\/\/wp.me\/p7ZJR4-aJ5","jetpack_likes_enabled":false,"jetpack-related-posts":[{"id":33336,"url":"https:\/\/www.grieta.org.mx\/index.php\/2019\/05\/09\/maestros-se-sumaran-a-protesta-de-integrantes-del-sitacobaqroo-en-chetumal\/","url_meta":{"origin":41235,"position":0},"title":"Maestros se sumar\u00e1n a protesta de integrantes del Sitacobaqroo en Chetumal","author":"grieta","date":"9 mayo, 2019","format":false,"excerpt":"Alejandro CHAN PUC\/Diario de Quintana Roo FELIPE CARRILLO PUERTO, 9 de mayo.- Ante la falta de respuesta por parte de autoridades educativas y de la Federaci\u00f3n, maestros de nivel medio superior de la Zona Maya, afiliados al Sindicato de Trabajadores del Colegio de Bachilleres de Quintana Roo (Sitacobaqroo) viajaron a\u2026","rel":"","context":"En &quot;CINTILLO&quot;","block_context":{"text":"CINTILLO","link":"https:\/\/www.grieta.org.mx\/index.php\/category\/cintillo\/"},"img":{"alt_text":"","src":"https:\/\/i0.wp.com\/www.grieta.org.mx\/wp-content\/uploads\/2019\/05\/a6.jpg?resize=350%2C200&ssl=1","width":350,"height":200},"classes":[]},{"id":71292,"url":"https:\/\/www.grieta.org.mx\/index.php\/2025\/03\/10\/resienten-tambien-afectaciones-por-reforma-a-la-ley-del-issste-daran-inicio-en-sistema-bachilleres-paros-escalonados-de-actividades-anuncian-paro-total-de-labores-para-la-proxima-semana-quintana-r\/","url_meta":{"origin":41235,"position":1},"title":"Resienten tambi\u00e9n afectaciones por reforma a la Ley del  ISSSTE: Dar\u00e1n inicio en Sistema Bachilleres paros escalonados de actividades; anuncian paro total de labores para la pr\u00f3xima semana (Quintana Roo)","author":"grieta","date":"10 marzo, 2025","format":false,"excerpt":"Rafael Brice\u00f1o \/ Noticaribe CHETUMAL, MX.- Ante las afectaciones por la propuesta de reforma a la Ley del ISSSTE y al hecho de que no se consideran las necesidades que presenta el sistema educativo de nivel medio superior, el Sistema Bachilleres inici\u00f3 el paro escalonado de actividades en las escuelas\u2026","rel":"","context":"En &quot;CINTILLO&quot;","block_context":{"text":"CINTILLO","link":"https:\/\/www.grieta.org.mx\/index.php\/category\/cintillo\/"},"img":{"alt_text":"","src":"https:\/\/i0.wp.com\/www.grieta.org.mx\/wp-content\/uploads\/2025\/03\/Bachilleres-e1741918081557.jpg?resize=350%2C200&ssl=1","width":350,"height":200,"srcset":"https:\/\/i0.wp.com\/www.grieta.org.mx\/wp-content\/uploads\/2025\/03\/Bachilleres-e1741918081557.jpg?resize=350%2C200&ssl=1 1x, https:\/\/i0.wp.com\/www.grieta.org.mx\/wp-content\/uploads\/2025\/03\/Bachilleres-e1741918081557.jpg?resize=525%2C300&ssl=1 1.5x, https:\/\/i0.wp.com\/www.grieta.org.mx\/wp-content\/uploads\/2025\/03\/Bachilleres-e1741918081557.jpg?resize=700%2C400&ssl=1 2x"},"classes":[]},{"id":65862,"url":"https:\/\/www.grieta.org.mx\/index.php\/2022\/12\/02\/trabajadores-del-cobach-a-paro-escalonado-el-lunes-quintana-roo\/","url_meta":{"origin":41235,"position":2},"title":"Trabajadores del Cobach a paro escalonado, el lunes  (Quintana Roo)","author":"grieta","date":"2 diciembre, 2022","format":false,"excerpt":"Luisa C\u00e1rdenas \/ Quadrat\u00edn Quintana Roo CANC\u00daN, QRoo, 2 de diciembre de 2022.- A partir de este lunes, el Sindicato de Trabajadores de los Colegios de Bachilleres de Quintana Roo (Sitacobaqroo), programar\u00e1n paros escalonados al no haber una respuesta a sus demandas laborales. No descartan manifestaciones para hacer presi\u00f3n. Luisa\u2026","rel":"","context":"En &quot;CINTILLO&quot;","block_context":{"text":"CINTILLO","link":"https:\/\/www.grieta.org.mx\/index.php\/category\/cintillo\/"},"img":{"alt_text":"","src":"https:\/\/i0.wp.com\/www.grieta.org.mx\/wp-content\/uploads\/2022\/12\/Cobach-e1670267050610.jpg?resize=350%2C200&ssl=1","width":350,"height":200,"srcset":"https:\/\/i0.wp.com\/www.grieta.org.mx\/wp-content\/uploads\/2022\/12\/Cobach-e1670267050610.jpg?resize=350%2C200&ssl=1 1x, https:\/\/i0.wp.com\/www.grieta.org.mx\/wp-content\/uploads\/2022\/12\/Cobach-e1670267050610.jpg?resize=525%2C300&ssl=1 1.5x, https:\/\/i0.wp.com\/www.grieta.org.mx\/wp-content\/uploads\/2022\/12\/Cobach-e1670267050610.jpg?resize=700%2C400&ssl=1 2x"},"classes":[]},{"id":65570,"url":"https:\/\/www.grieta.org.mx\/index.php\/2022\/10\/19\/docentes-de-cecyte-inician-paro-indefinido-de-labores-en-q-roo\/","url_meta":{"origin":41235,"position":3},"title":"Docentes de Cecyte inician paro indefinido de labores en Q. Roo","author":"grieta","date":"19 octubre, 2022","format":false,"excerpt":"Selene Tamayo \/ Yucat\u00e1n a la Mano Alrededor de 50 maestros y administrativos se manifestaron ayer a las afueras de las oficinas del SAT. A partir de hoy, 14 mil 181 alumnos de nueve planteles del Colegio de Estudios Cient\u00edficos y Tecnol\u00f3gicos (Cecyte) en Quintana Roo se quedar\u00e1n sin clases,\u2026","rel":"","context":"En &quot;CINTILLO&quot;","block_context":{"text":"CINTILLO","link":"https:\/\/www.grieta.org.mx\/index.php\/category\/cintillo\/"},"img":{"alt_text":"","src":"https:\/\/i0.wp.com\/www.grieta.org.mx\/wp-content\/uploads\/2022\/10\/Cecyte-e1666391490247.jpg?resize=350%2C200&ssl=1","width":350,"height":200,"srcset":"https:\/\/i0.wp.com\/www.grieta.org.mx\/wp-content\/uploads\/2022\/10\/Cecyte-e1666391490247.jpg?resize=350%2C200&ssl=1 1x, https:\/\/i0.wp.com\/www.grieta.org.mx\/wp-content\/uploads\/2022\/10\/Cecyte-e1666391490247.jpg?resize=525%2C300&ssl=1 1.5x, https:\/\/i0.wp.com\/www.grieta.org.mx\/wp-content\/uploads\/2022\/10\/Cecyte-e1666391490247.jpg?resize=700%2C400&ssl=1 2x"},"classes":[]},{"id":42982,"url":"https:\/\/www.grieta.org.mx\/index.php\/2020\/01\/10\/trabajadores-del-cecyte-quintana-roo-en-paro-de-brazos-caidos\/","url_meta":{"origin":41235,"position":4},"title":"Trabajadores del Cecyte Quintana Roo, en paro de brazos ca\u00eddos","author":"grieta","date":"10 enero, 2020","format":false,"excerpt":"Fernanda Duque\/SIPSE CANC\u00daN, Q. Roo.- Los 422 trabajadores del Colegio de Estudios Cient\u00edficos y Tecnol\u00f3gicos del estado de Quintana Roo comenzaron el a\u00f1o con un paro de brazos ca\u00eddos que afecta a alrededor de mil 500 alumnos que est\u00e1n en proceso de regularizaci\u00f3n. Cristina Berlanga Enr\u00edquez, secretaria general del Sindicato\u2026","rel":"","context":"En &quot;CINTILLO&quot;","block_context":{"text":"CINTILLO","link":"https:\/\/www.grieta.org.mx\/index.php\/category\/cintillo\/"},"img":{"alt_text":"","src":"https:\/\/i0.wp.com\/www.grieta.org.mx\/wp-content\/uploads\/2020\/01\/1578614157129.jpg?resize=350%2C200&ssl=1","width":350,"height":200,"srcset":"https:\/\/i0.wp.com\/www.grieta.org.mx\/wp-content\/uploads\/2020\/01\/1578614157129.jpg?resize=350%2C200&ssl=1 1x, https:\/\/i0.wp.com\/www.grieta.org.mx\/wp-content\/uploads\/2020\/01\/1578614157129.jpg?resize=525%2C300&ssl=1 1.5x, https:\/\/i0.wp.com\/www.grieta.org.mx\/wp-content\/uploads\/2020\/01\/1578614157129.jpg?resize=700%2C400&ssl=1 2x"},"classes":[]},{"id":68736,"url":"https:\/\/www.grieta.org.mx\/index.php\/2024\/03\/19\/advierten-maestros-de-quintana-roo-paro-de-labores\/","url_meta":{"origin":41235,"position":5},"title":"Advierten maestros de Quintana Roo paro de labores","author":"grieta","date":"19 marzo, 2024","format":false,"excerpt":"Manuel S\u00e1nchez \/ Quadrat\u00edn Quintana Roo CANC\u00daN, QRoo, 19 de marzo de 2024.- Por descuentos aplicados no reintegrados a sus n\u00f3minas el 15 de marzo, maestros y agremiados a la secci\u00f3n 25 del Sindicato Nacional de los Trabajadores de la Educaci\u00f3n, advirtieron un paro de labores si la Secretar\u00eda de\u2026","rel":"","context":"En &quot;CINTILLO&quot;","block_context":{"text":"CINTILLO","link":"https:\/\/www.grieta.org.mx\/index.php\/category\/cintillo\/"},"img":{"alt_text":"","src":"https:\/\/i0.wp.com\/www.grieta.org.mx\/wp-content\/uploads\/2024\/04\/Maestros-e1712171334685.jpg?resize=350%2C200&ssl=1","width":350,"height":200,"srcset":"https:\/\/i0.wp.com\/www.grieta.org.mx\/wp-content\/uploads\/2024\/04\/Maestros-e1712171334685.jpg?resize=350%2C200&ssl=1 1x, https:\/\/i0.wp.com\/www.grieta.org.mx\/wp-content\/uploads\/2024\/04\/Maestros-e1712171334685.jpg?resize=525%2C300&ssl=1 1.5x, https:\/\/i0.wp.com\/www.grieta.org.mx\/wp-content\/uploads\/2024\/04\/Maestros-e1712171334685.jpg?resize=700%2C400&ssl=1 2x"},"classes":[]}],"_links":{"self":[{"href":"https:\/\/www.grieta.org.mx\/index.php\/wp-json\/wp\/v2\/posts\/41235","targetHints":{"allow":["GET"]}}],"collection":[{"href":"https:\/\/www.grieta.org.mx\/index.php\/wp-json\/wp\/v2\/posts"}],"about":[{"href":"https:\/\/www.grieta.org.mx\/index.php\/wp-json\/wp\/v2\/types\/post"}],"author":[{"embeddable":true,"href":"https:\/\/www.grieta.org.mx\/index.php\/wp-json\/wp\/v2\/users\/2"}],"replies":[{"embeddable":true,"href":"https:\/\/www.grieta.org.mx\/index.php\/wp-json\/wp\/v2\/comments?post=41235"}],"version-history":[{"count":1,"href":"https:\/\/www.grieta.org.mx\/index.php\/wp-json\/wp\/v2\/posts\/41235\/revisions"}],"predecessor-version":[{"id":41237,"href":"https:\/\/www.grieta.org.mx\/index.php\/wp-json\/wp\/v2\/posts\/41235\/revisions\/41237"}],"wp:featuredmedia":[{"embeddable":true,"href":"https:\/\/www.grieta.org.mx\/index.php\/wp-json\/wp\/v2\/media\/41236"}],"wp:attachment":[{"href":"https:\/\/www.grieta.org.mx\/index.php\/wp-json\/wp\/v2\/media?parent=41235"}],"wp:term":[{"taxonomy":"category","embeddable":true,"href":"https:\/\/www.grieta.org.mx\/index.php\/wp-json\/wp\/v2\/categories?post=41235"},{"taxonomy":"post_tag","embeddable":true,"href":"https:\/\/www.grieta.org.mx\/index.php\/wp-json\/wp\/v2\/tags?post=41235"}],"curies":[{"name":"wp","href":"https:\/\/api.w.org\/{rel}","templated":true}]}}