{"id":412,"date":"2015-07-31T02:56:47","date_gmt":"2015-07-31T02:56:47","guid":{"rendered":"http:\/\/50.22.11.12\/~grietaor\/?p=412"},"modified":"2016-03-01T02:53:52","modified_gmt":"2016-03-01T02:53:52","slug":"muerte-y-amenazas-acechan-al-periodismo-en-el-estado-de-mexico","status":"publish","type":"post","link":"https:\/\/www.grieta.org.mx\/index.php\/2015\/07\/31\/muerte-y-amenazas-acechan-al-periodismo-en-el-estado-de-mexico\/","title":{"rendered":"Muerte y amenazas acechan al periodismo en el Estado de M\u00e9xico"},"content":{"rendered":"<p>Juan L\u00e1zaro Santiago<\/p>\n<p>Cuatro periodistas han sido asesinados en la entidad, sin que haya sentenciados por los hechos; a esto se suman los casos de agresiones y amenazas<\/p>\n<p>Las agresiones a periodistas en el Estado de M\u00e9xico son cada vez m\u00e1s frecuentes y provienen de distintos frentes.<\/p>\n<p>Los ataques de funcionarios p\u00fablicos, polic\u00edas, organizaciones ligadas a partidos, y la delincuencia han dejado un saldo de cuatro reporteros asesinados, dos de ellos junto con sus hijos, en las \u00faltimas dos d\u00e9cadas.<\/p>\n<p>Existen pocos datos oficiales sobre las agresiones a comunicadores. La Comisi\u00f3n de Derechos Humanos del Estado de M\u00e9xico (CODHEM) tiene registradas durante 2014 nueve quejas por agresiones a periodistas, en lo que va de 2015 hay seis denuncias de violaciones menores en las que est\u00e1n involucrados funcionarios p\u00fablicos, principalmente.<\/p>\n<p>De acuerdo con el informe Estado de Censura, de Art\u00edculo 19, organizaci\u00f3n defensora de la libertad de expresi\u00f3n, en el pa\u00eds se documentaron 326 ataques contra periodistas y medios de informaci\u00f3n en 2014. Del total de las agresiones registradas, 48% son responsabilidad de funcionarios, siendo as\u00ed los principales atacantes<\/p>\n<p>El primer periodista asesinado en el Estado de M\u00e9xico, de acuerdo a testimonios, fue Juvencio Arenas G\u00e1lvez, reportero de Cuesti\u00f3n. El 7 de octubre de 1991 fue acuchillado al interior de su auto y cubierto con una copia del peri\u00f3dico para el cual trabajaba en el municipio de los Reyes, La Paz.<\/p>\n<p>La Procuradur\u00eda General de Justicia en el Estado de M\u00e9xico (PGJEM) no dio a conocer p\u00fablicamente la indagatoria ni se dieron resultados concluyentes.<\/p>\n<p>En febrero de 2008, los reporteros Bonifacio Cruz Santiago y su hijo, Alfonso Cruz, director y editor del diario local El Real, fueron acribillados cuando se encontraban afuera de las oficinas del entonces s\u00edndico de Chimalhuac\u00e1n, Raymundo Olivares D\u00edaz. Los asesinos confundieron a Bonifacio con el s\u00edndico.<\/p>\n<p>De este doble asesinato, la PGJEM no ha dado ning\u00fan resultado, a pesar de que ya pasaron siete a\u00f1os de que se inici\u00f3 la investigaci\u00f3n.<\/p>\n<p>La muerte m\u00e1s reciente de un comunicador fue la de \u00c1ngel Castillo Corona y su hijo de 16 a\u00f1os en julio de 2011. Ambos fueron asesinados por unos supuestos delincuentes que les quer\u00edan robar el auto mientras circulaban por la carretera M\u00e9xico-Santiago Tianguistenco-Chalma.<\/p>\n<p>Pese a los asesinatos y ataques, la Comisi\u00f3n de Derechos Humanos en el Estado de M\u00e9xico (CODHEM) inform\u00f3 en un comunicado en 2012 que \u201cen torno a agresiones a periodistas, el Estado de M\u00e9xico no enfrenta los niveles o caracter\u00edsticas que se registran en otras zonas\u201d, seg\u00fan V\u00edctor Delgado P\u00e9rez, director de Programas Especiales.<\/p>\n<p>La comisi\u00f3n dijo entonces que el n\u00famero de quejas del gremio era escaso, y que muchas veces no son contra la obstrucci\u00f3n o violaci\u00f3n al derecho de la libertad de expresi\u00f3n, sino por no permitir la distribuci\u00f3n de revistas y peri\u00f3dicos.<\/p>\n<p>Un reportero desplazado y de luto<\/p>\n<p>La violencia contra los reporteros llev\u00f3 a Indalecio Ben\u00edtez, director de una radio comunitaria en el municipio de Luvianos, a perder un hijo y dejarlo todo para huir de su hogar.<\/p>\n<p>Indalecio Ben\u00edtez, fundador de la radio comunitaria Calentana Mexiquense 98.1 FM, regresaba con su familia a su casa, cuando hombres armados que lo esperaban dispararon contra su veh\u00edculo, matando a su hijo de 12 a\u00f1os.<\/p>\n<p>La organizaci\u00f3n Reporteros Sin Fronteras que le busc\u00f3 un refugio para que no fuera localizado por la organizaci\u00f3n criminal que trabaja en la zona.<\/p>\n<p>De 2007 a 2014, 33 comunicadores han huido de sus hogares abandonando todo tras recibir amenazas o ser atacados por su labor informativa, seg\u00fan el informe Estado de Censura de Art\u00edculo 19.<\/p>\n<p>El mismo informe se\u00f1ala que Indalecio y su familia viven en condiciones precarias, pues apenas subsisten con el apoyo de organizaciones civiles.<\/p>\n<p><a href=\"http:\/\/eleccionesyagresiones.org\/periodismo-estadodemexico\/\" target=\"_blank\">eleccionesyagresiones.org\/periodismo-estadodemexico\/<\/a><\/p>\n","protected":false},"excerpt":{"rendered":"<p>Juan L\u00e1zaro Santiago Cuatro periodistas han sido asesinados en la entidad, sin que haya sentenciados por los hechos; a esto se suman los casos de agresiones y amenazas Las agresiones &hellip; <a href=\"https:\/\/www.grieta.org.mx\/index.php\/2015\/07\/31\/muerte-y-amenazas-acechan-al-periodismo-en-el-estado-de-mexico\/\" class=\"more-link\">Leer m\u00e1s<\/a><\/p>\n","protected":false},"author":2,"featured_media":21928,"comment_status":"closed","ping_status":"open","sticky":false,"template":"","format":"standard","meta":{"ngg_post_thumbnail":0,"_jetpack_newsletter_access":"","_jetpack_dont_email_post_to_subs":false,"_jetpack_newsletter_tier_id":0,"_jetpack_memberships_contains_paywalled_content":false,"_jetpack_memberships_contains_paid_content":false,"footnotes":""},"categories":[80],"tags":[92,120],"class_list":["post-412","post","type-post","status-publish","format-standard","has-post-thumbnail","hentry","category-cintillo","tag-estado-de-mexico","tag-violencia-contra-periodistas","entry"],"jetpack_featured_media_url":"https:\/\/www.grieta.org.mx\/wp-content\/uploads\/2018\/03\/14524434_1106112876131411_958039263622046936_o.jpg","jetpack_sharing_enabled":true,"jetpack_shortlink":"https:\/\/wp.me\/p7ZJR4-6E","jetpack_likes_enabled":false,"jetpack-related-posts":[{"id":6311,"url":"https:\/\/www.grieta.org.mx\/index.php\/2015\/03\/24\/mexico-estado-de-censura\/","url_meta":{"origin":412,"position":0},"title":"M\u00e9xico, Estado de censura","author":"grieta","date":"24 marzo, 2015","format":false,"excerpt":"Victor M Maya CDMX, 24 de marzo de 2015.- La organizaci\u00f3n que promueve la libertad de expresi\u00f3n: Art\u00edculo 19, presenta este martes su informe sobre violencia contra la prensa 2014. En los dos \u00faltimos a\u00f1os del sexenio de Felipe Calder\u00f3n la organizaci\u00f3n document\u00f3 207 casos de agresiones a la prensa.\u2026","rel":"","context":"En &quot;CINTILLO&quot;","block_context":{"text":"CINTILLO","link":"https:\/\/www.grieta.org.mx\/index.php\/category\/cintillo\/"},"img":{"alt_text":"","src":"https:\/\/i0.wp.com\/www.grieta.org.mx\/wp-content\/uploads\/2018\/03\/14524434_1106112876131411_958039263622046936_o.jpg?resize=350%2C200&ssl=1","width":350,"height":200,"srcset":"https:\/\/i0.wp.com\/www.grieta.org.mx\/wp-content\/uploads\/2018\/03\/14524434_1106112876131411_958039263622046936_o.jpg?resize=350%2C200&ssl=1 1x, https:\/\/i0.wp.com\/www.grieta.org.mx\/wp-content\/uploads\/2018\/03\/14524434_1106112876131411_958039263622046936_o.jpg?resize=525%2C300&ssl=1 1.5x, https:\/\/i0.wp.com\/www.grieta.org.mx\/wp-content\/uploads\/2018\/03\/14524434_1106112876131411_958039263622046936_o.jpg?resize=700%2C400&ssl=1 2x"},"classes":[]},{"id":24210,"url":"https:\/\/www.grieta.org.mx\/index.php\/2018\/06\/18\/documentan-45-agresiones-contra-la-prensa-durante-jornada-electoral\/","url_meta":{"origin":412,"position":1},"title":"Documentan 45 agresiones contra la prensa durante jornada electoral","author":"grieta","date":"18 junio, 2018","format":false,"excerpt":"Redacci\u00f3n\/El Sol de M\u00e9xico AFP El violento proceso electoral que vive M\u00e9xico ha hecho que los periodistas sean a\u00fan m\u00e1s vulnerables a las agresiones, dijeron el lunes grupos defensores de la libertad de expresi\u00f3n que documentaron 45 casos en los primeros cinco meses del a\u00f1o. De estas 45 agresiones hay\u2026","rel":"","context":"En &quot;CINTILLO&quot;","block_context":{"text":"CINTILLO","link":"https:\/\/www.grieta.org.mx\/index.php\/category\/cintillo\/"},"img":{"alt_text":"","src":"https:\/\/i0.wp.com\/www.grieta.org.mx\/wp-content\/uploads\/2018\/07\/Protesta_Periodistas-1.jpg?resize=350%2C200&ssl=1","width":350,"height":200,"srcset":"https:\/\/i0.wp.com\/www.grieta.org.mx\/wp-content\/uploads\/2018\/07\/Protesta_Periodistas-1.jpg?resize=350%2C200&ssl=1 1x, https:\/\/i0.wp.com\/www.grieta.org.mx\/wp-content\/uploads\/2018\/07\/Protesta_Periodistas-1.jpg?resize=525%2C300&ssl=1 1.5x, https:\/\/i0.wp.com\/www.grieta.org.mx\/wp-content\/uploads\/2018\/07\/Protesta_Periodistas-1.jpg?resize=700%2C400&ssl=1 2x"},"classes":[]},{"id":38902,"url":"https:\/\/www.grieta.org.mx\/index.php\/2019\/09\/03\/en-2019-han-asesinado-a-10-periodistas-y-agredido-a-249-articulo-19\/","url_meta":{"origin":412,"position":2},"title":"En 2019 han asesinado a 10 periodistas y agredido a 249: Art\u00edculo 19","author":"Admin","date":"3 septiembre, 2019","format":false,"excerpt":"Redacci\u00f3n\/ Animal Pol\u00edtico De enero a julio de 2019 se han registrado 249 agresiones a periodistas en el pa\u00eds, una cada 17.4 horas, adem\u00e1s de que 10 comunicadores han sido asesinados, de acuerdo con la organizaci\u00f3n Art\u00edculo 19. La cifra de comunicadores muertos ya supera la de todo 2018, a\u00f1o\u2026","rel":"","context":"En &quot;CINTILLO&quot;","block_context":{"text":"CINTILLO","link":"https:\/\/www.grieta.org.mx\/index.php\/category\/cintillo\/"},"img":{"alt_text":"","src":"https:\/\/i0.wp.com\/www.grieta.org.mx\/wp-content\/uploads\/2019\/09\/https-_www.animalpolitico.com_wp-content_uploads_2019_09_Protesta_Periodistas_Angel_Independencia-1-e1567545636807.jpg?resize=350%2C200&ssl=1","width":350,"height":200,"srcset":"https:\/\/i0.wp.com\/www.grieta.org.mx\/wp-content\/uploads\/2019\/09\/https-_www.animalpolitico.com_wp-content_uploads_2019_09_Protesta_Periodistas_Angel_Independencia-1-e1567545636807.jpg?resize=350%2C200&ssl=1 1x, https:\/\/i0.wp.com\/www.grieta.org.mx\/wp-content\/uploads\/2019\/09\/https-_www.animalpolitico.com_wp-content_uploads_2019_09_Protesta_Periodistas_Angel_Independencia-1-e1567545636807.jpg?resize=525%2C300&ssl=1 1.5x, https:\/\/i0.wp.com\/www.grieta.org.mx\/wp-content\/uploads\/2019\/09\/https-_www.animalpolitico.com_wp-content_uploads_2019_09_Protesta_Periodistas_Angel_Independencia-1-e1567545636807.jpg?resize=700%2C400&ssl=1 2x, https:\/\/i0.wp.com\/www.grieta.org.mx\/wp-content\/uploads\/2019\/09\/https-_www.animalpolitico.com_wp-content_uploads_2019_09_Protesta_Periodistas_Angel_Independencia-1-e1567545636807.jpg?resize=1050%2C600&ssl=1 3x, https:\/\/i0.wp.com\/www.grieta.org.mx\/wp-content\/uploads\/2019\/09\/https-_www.animalpolitico.com_wp-content_uploads_2019_09_Protesta_Periodistas_Angel_Independencia-1-e1567545636807.jpg?resize=1400%2C800&ssl=1 4x"},"classes":[]},{"id":422,"url":"https:\/\/www.grieta.org.mx\/index.php\/2016\/06\/15\/agresiones-a-periodistas-en-el-edomex\/","url_meta":{"origin":412,"position":3},"title":"Violencia contra periodistas en el Edomex","author":"grieta","date":"15 junio, 2016","format":false,"excerpt":"15\/06\/16. Funcionario del PRI golpea a reportero que lo increpa sobre las huelgas en el EdomexActivista MX 20\/08\/15. Inici\u00f3 la CODHEM 30 denuncias por agresiones a periodistas en Edomex Quadrat\u00edn 31\/07\/15. Muerte y amenazas acechan al periodismo en el Estado de M\u00e9xico Elecciones y agresiones 09\/06\/15. Reporteras encarceladas en Ixtapaluca\u2026","rel":"","context":"En &quot;Estado de M\u00e9xico&quot;","block_context":{"text":"Estado de M\u00e9xico","link":"https:\/\/www.grieta.org.mx\/index.php\/category\/noticias-nacionales\/estado-de-mexico\/"},"img":{"alt_text":"","src":"https:\/\/i0.wp.com\/www.grieta.org.mx\/wp-content\/uploads\/2018\/03\/14524434_1106112876131411_958039263622046936_o.jpg?resize=350%2C200&ssl=1","width":350,"height":200,"srcset":"https:\/\/i0.wp.com\/www.grieta.org.mx\/wp-content\/uploads\/2018\/03\/14524434_1106112876131411_958039263622046936_o.jpg?resize=350%2C200&ssl=1 1x, https:\/\/i0.wp.com\/www.grieta.org.mx\/wp-content\/uploads\/2018\/03\/14524434_1106112876131411_958039263622046936_o.jpg?resize=525%2C300&ssl=1 1.5x, https:\/\/i0.wp.com\/www.grieta.org.mx\/wp-content\/uploads\/2018\/03\/14524434_1106112876131411_958039263622046936_o.jpg?resize=700%2C400&ssl=1 2x"},"classes":[]},{"id":409,"url":"https:\/\/www.grieta.org.mx\/index.php\/2015\/08\/20\/inicio-la-codhem-30-denuncias-por-agresiones-a-periodistas-en-edomex\/","url_meta":{"origin":412,"position":4},"title":"Inici\u00f3 la CODHEM 30 denuncias por agresiones a periodistas en Edomex","author":"grieta","date":"20 agosto, 2015","format":false,"excerpt":"Marcos Santiago NEZAHUALC\u00d3YOTL, Edomex. 20 de agosto 2015.- Unas 30 quejas se han iniciado en la Comisi\u00f3n de Derechos Humanos en el estado de M\u00e9xico (Codhem) por periodistas que resultaron violentados en sus garant\u00edas individuales, principalmente por polic\u00edas municipales, reconoci\u00f3 Carlos Felipe Vald\u00e9s Andrade, primer visitador de esa instituci\u00f3n. Al\u2026","rel":"","context":"En &quot;CINTILLO&quot;","block_context":{"text":"CINTILLO","link":"https:\/\/www.grieta.org.mx\/index.php\/category\/cintillo\/"},"img":{"alt_text":"","src":"https:\/\/i0.wp.com\/www.grieta.org.mx\/wp-content\/uploads\/2018\/03\/14524434_1106112876131411_958039263622046936_o.jpg?resize=350%2C200&ssl=1","width":350,"height":200,"srcset":"https:\/\/i0.wp.com\/www.grieta.org.mx\/wp-content\/uploads\/2018\/03\/14524434_1106112876131411_958039263622046936_o.jpg?resize=350%2C200&ssl=1 1x, https:\/\/i0.wp.com\/www.grieta.org.mx\/wp-content\/uploads\/2018\/03\/14524434_1106112876131411_958039263622046936_o.jpg?resize=525%2C300&ssl=1 1.5x, https:\/\/i0.wp.com\/www.grieta.org.mx\/wp-content\/uploads\/2018\/03\/14524434_1106112876131411_958039263622046936_o.jpg?resize=700%2C400&ssl=1 2x"},"classes":[]},{"id":19031,"url":"https:\/\/www.grieta.org.mx\/index.php\/2016\/08\/04\/con-epn-un-periodista-ha-sido-asesinado-cada-26-dias-informe-de-articulo-19\/","url_meta":{"origin":412,"position":5},"title":"Con EPN, un periodista ha sido asesinado cada 26 d\u00edas: Informe de Art\u00edculo 19","author":"grieta","date":"4 agosto, 2016","format":false,"excerpt":"Por Shaila Rosagel La organizaci\u00f3n Art\u00edculo 19 presenta su segundo informe trimestral y desnuda una vez m\u00e1s la realidad de la prensa mexicana, en un pa\u00eds que se ha convertido en uno de los m\u00e1s letales para ejercer el periodismo, y donde, en promedio, un periodista asesinado cada 26 d\u00edas.\u2026","rel":"","context":"En &quot;CINTILLO&quot;","block_context":{"text":"CINTILLO","link":"https:\/\/www.grieta.org.mx\/index.php\/category\/cintillo\/"},"img":{"alt_text":"","src":"https:\/\/i0.wp.com\/www.grieta.org.mx\/wp-content\/uploads\/2018\/03\/14524434_1106112876131411_958039263622046936_o.jpg?resize=350%2C200&ssl=1","width":350,"height":200,"srcset":"https:\/\/i0.wp.com\/www.grieta.org.mx\/wp-content\/uploads\/2018\/03\/14524434_1106112876131411_958039263622046936_o.jpg?resize=350%2C200&ssl=1 1x, https:\/\/i0.wp.com\/www.grieta.org.mx\/wp-content\/uploads\/2018\/03\/14524434_1106112876131411_958039263622046936_o.jpg?resize=525%2C300&ssl=1 1.5x, https:\/\/i0.wp.com\/www.grieta.org.mx\/wp-content\/uploads\/2018\/03\/14524434_1106112876131411_958039263622046936_o.jpg?resize=700%2C400&ssl=1 2x"},"classes":[]}],"_links":{"self":[{"href":"https:\/\/www.grieta.org.mx\/index.php\/wp-json\/wp\/v2\/posts\/412","targetHints":{"allow":["GET"]}}],"collection":[{"href":"https:\/\/www.grieta.org.mx\/index.php\/wp-json\/wp\/v2\/posts"}],"about":[{"href":"https:\/\/www.grieta.org.mx\/index.php\/wp-json\/wp\/v2\/types\/post"}],"author":[{"embeddable":true,"href":"https:\/\/www.grieta.org.mx\/index.php\/wp-json\/wp\/v2\/users\/2"}],"replies":[{"embeddable":true,"href":"https:\/\/www.grieta.org.mx\/index.php\/wp-json\/wp\/v2\/comments?post=412"}],"version-history":[{"count":1,"href":"https:\/\/www.grieta.org.mx\/index.php\/wp-json\/wp\/v2\/posts\/412\/revisions"}],"predecessor-version":[{"id":413,"href":"https:\/\/www.grieta.org.mx\/index.php\/wp-json\/wp\/v2\/posts\/412\/revisions\/413"}],"wp:featuredmedia":[{"embeddable":true,"href":"https:\/\/www.grieta.org.mx\/index.php\/wp-json\/wp\/v2\/media\/21928"}],"wp:attachment":[{"href":"https:\/\/www.grieta.org.mx\/index.php\/wp-json\/wp\/v2\/media?parent=412"}],"wp:term":[{"taxonomy":"category","embeddable":true,"href":"https:\/\/www.grieta.org.mx\/index.php\/wp-json\/wp\/v2\/categories?post=412"},{"taxonomy":"post_tag","embeddable":true,"href":"https:\/\/www.grieta.org.mx\/index.php\/wp-json\/wp\/v2\/tags?post=412"}],"curies":[{"name":"wp","href":"https:\/\/api.w.org\/{rel}","templated":true}]}}