{"id":41179,"date":"2019-11-15T20:12:47","date_gmt":"2019-11-16T02:12:47","guid":{"rendered":"http:\/\/www.grieta.org.mx\/?p=41179"},"modified":"2019-11-15T23:16:38","modified_gmt":"2019-11-16T05:16:38","slug":"embarazos-adolescentes-producto-de-violencia-sexual-oaxaca","status":"publish","type":"post","link":"https:\/\/www.grieta.org.mx\/index.php\/2019\/11\/15\/embarazos-adolescentes-producto-de-violencia-sexual-oaxaca\/","title":{"rendered":"Embarazos adolescentes, producto de violencia sexual  (Oaxaca)"},"content":{"rendered":"<p>Noticias \/ Citlalli Luciana.<\/p>\n<p><img loading=\"lazy\" decoding=\"async\" data-attachment-id=\"41181\" data-permalink=\"https:\/\/www.grieta.org.mx\/index.php\/2019\/11\/15\/embarazos-adolescentes-producto-de-violencia-sexual-oaxaca\/embarazo_0\/\" data-orig-file=\"https:\/\/www.grieta.org.mx\/wp-content\/uploads\/2019\/11\/embarazo_0.jpg\" data-orig-size=\"1144,645\" data-comments-opened=\"0\" data-image-meta=\"{&quot;aperture&quot;:&quot;0&quot;,&quot;credit&quot;:&quot;&quot;,&quot;camera&quot;:&quot;&quot;,&quot;caption&quot;:&quot;&quot;,&quot;created_timestamp&quot;:&quot;0&quot;,&quot;copyright&quot;:&quot;&quot;,&quot;focal_length&quot;:&quot;0&quot;,&quot;iso&quot;:&quot;0&quot;,&quot;shutter_speed&quot;:&quot;0&quot;,&quot;title&quot;:&quot;&quot;,&quot;orientation&quot;:&quot;0&quot;}\" data-image-title=\"embarazo_0\" data-image-description=\"\" data-image-caption=\"\" data-medium-file=\"https:\/\/www.grieta.org.mx\/wp-content\/uploads\/2019\/11\/embarazo_0-300x169.jpg\" data-large-file=\"https:\/\/www.grieta.org.mx\/wp-content\/uploads\/2019\/11\/embarazo_0-1024x577.jpg\" src=\"http:\/\/www.grieta.org.mx\/wp-content\/uploads\/2019\/11\/embarazo_0-300x169.jpg\" alt=\"\" width=\"300\" height=\"169\" class=\"aligncenter size-medium wp-image-41181\" srcset=\"https:\/\/www.grieta.org.mx\/wp-content\/uploads\/2019\/11\/embarazo_0-300x169.jpg 300w, https:\/\/www.grieta.org.mx\/wp-content\/uploads\/2019\/11\/embarazo_0-768x433.jpg 768w, https:\/\/www.grieta.org.mx\/wp-content\/uploads\/2019\/11\/embarazo_0-1024x577.jpg 1024w, https:\/\/www.grieta.org.mx\/wp-content\/uploads\/2019\/11\/embarazo_0-887x500.jpg 887w, https:\/\/www.grieta.org.mx\/wp-content\/uploads\/2019\/11\/embarazo_0.jpg 1144w\" sizes=\"auto, (max-width: 300px) 100vw, 300px\" \/><br \/>\nAlgunas madres menores de edad han sido beneficiadas con becas para que contin\u00faen con sus estudios.<\/p>\n<p>Al realizar el foro \u201cPromoviendo los Derechos Sexuales y Reproductivos de Ni\u00f1as, Ni\u00f1os y Adolescentes\u201d, especialistas en el tema se\u00f1alaron que los embarazos en mujeres menores de 15 a\u00f1os deben ser vistos como producto de violencia sexual y en este sentido, las autoridades deben garantizar la legal interrupci\u00f3n.<\/p>\n<p>As\u00ed, durante el foro que forma parte de del proyecto \u201cFortalecimiento del Desarrollo Humano, Proyecto de Vida y Prevenci\u00f3n del embarazo entre personas de 10 a 19 a\u00f1os\u201d que financia Proequidad y fue ejecutado por el Grupo de Estudios Sobre la Mujer Rosario Castellanos (GES Mujer), las panelistas destacaron que el no informar del derecho que tienen al aborto legal y seguro, as\u00ed como no ejecutarlo en caso de que adolescente lo determine, se estar\u00edan violando sus derechos fundamentales.<\/p>\n<p>\u201cHay responsabilidades institucionales, si no se les oferta la interrupci\u00f3n legal del embarazo estamos violando derechos por omisi\u00f3n\u201d, subray\u00f3 la profesora investigadora Lina Rosa Berrio.<\/p>\n<p>La especialista indic\u00f3 que cuando una ni\u00f1a o adolescente llega con su madre a una unidad de salud con un embarazo en curso, el personal m\u00e9dico deben informarle que tiene derecho a la interrupci\u00f3n legal porque seguramente no saben que es una situaci\u00f3n de violencia.<\/p>\n<p>A ello, la psic\u00f3loga social y maestra en educaci\u00f3n sexual Aurea Ceja Albanes a\u00f1adi\u00f3 que cuando hay una diferencia importante de edad entre el padre del hijo de una ni\u00f1a o adolescente est\u00e1 clara la presunci\u00f3n de violencia.<\/p>\n<p>Basada en cifras oficiales indic\u00f3 que seis de cada diez madres menores de 14 a\u00f1os fueron embarazadas por hombres adultos, de entre 19 y hasta 78 a\u00f1os.<\/p>\n<p>De igual manera, durante el foro, que estuvo moderado por Ximena Avellaneda D\u00edaz, coordinadora del \u00e1rea de Investigaci\u00f3n Acci\u00f3n del GES Mujer, la presidenta de la organizaci\u00f3n, Ang\u00e9lica Ayala Ortiz, puso \u00e9nfasis en la prevenci\u00f3n de embarazos en la infancia o adolescencia con inversiones  estrat\u00e9gicas orientadas al desarrollo de las capacidades de esta poblaci\u00f3n para una futura participaci\u00f3n en igualdad de condiciones. Medidas como la entrega de becas para que adolescentes embarazadas o madres j\u00f3venes concluyan su educaci\u00f3n b\u00e1sica, son acciones pr\u00e1cticas, sin embargo -dijo- se requiere incidir en la transformaci\u00f3n de las condiciones de desigualdad y pobreza, donde la maternidad es el \u00fanico rol de una mujer.<\/p>\n<p>De su lado, el director de Prevenci\u00f3n y Promoci\u00f3n de la Salud de los Servicios de Salud de Oaxaca, Jos\u00e9 Ram\u00f3n Pintor Sill, admiti\u00f3 que se debe seguir capacitando y sensibilizando al personal para que sepan que no se deben poner barreras.<\/p>\n<p>El psic\u00f3logo y psicodramatista Esteb\u00e1n Schmith Bello expuso que muchos de los embarazos adolescentes tienen que ver con relaciones de poder y de c\u00f3mo construyen la sexualidad \u201cincontrolable\u201d los hombres.<\/p>\n<p>En el acto inaugural, estuvieron presentes la titular de la Secretar\u00eda de las Mujeres de Oaxaca, Ana V\u00e1squez Colmenares, y de la Defensor\u00eda de Derechos Humanos de los Pueblos de Oaxaca, Jos\u00e9 Bernardo Rodr\u00edguez Alamilla.<\/p>\n<p><a href=\"https:\/\/www.nvinoticias.com\/nota\/130724\/embarazos-adolescentes-producto-de-violencia-sexual\" rel=\"noopener noreferrer\" target=\"_blank\">https:\/\/www.nvinoticias.com\/nota\/130724\/embarazos-adolescentes-producto-de-violencia-sexual<\/a><\/p>\n","protected":false},"excerpt":{"rendered":"<p>Noticias \/ Citlalli Luciana. Algunas madres menores de edad han sido beneficiadas con becas para que contin\u00faen con sus estudios. Al realizar el foro \u201cPromoviendo los Derechos Sexuales y Reproductivos &hellip; <a href=\"https:\/\/www.grieta.org.mx\/index.php\/2019\/11\/15\/embarazos-adolescentes-producto-de-violencia-sexual-oaxaca\/\" class=\"more-link\">Leer m\u00e1s<\/a><\/p>\n","protected":false},"author":2,"featured_media":41181,"comment_status":"closed","ping_status":"closed","sticky":false,"template":"","format":"standard","meta":{"ngg_post_thumbnail":0,"_jetpack_newsletter_access":"","_jetpack_dont_email_post_to_subs":false,"_jetpack_newsletter_tier_id":0,"_jetpack_memberships_contains_paywalled_content":false,"_jetpack_memberships_contains_paid_content":false,"footnotes":""},"categories":[80,1477,2,25,1665],"tags":[],"class_list":["post-41179","post","type-post","status-publish","format-standard","has-post-thumbnail","hentry","category-cintillo","category-la-ninez-en-la-tormenta-en-oaxaca","category-noticias-nacionales","category-oaxaca","category-violencia-contra-las-mujeres-en-oaxaca","entry"],"jetpack_featured_media_url":"https:\/\/www.grieta.org.mx\/wp-content\/uploads\/2019\/11\/embarazo_0.jpg","jetpack_sharing_enabled":true,"jetpack_shortlink":"https:\/\/wp.me\/p7ZJR4-aIb","jetpack_likes_enabled":false,"jetpack-related-posts":[{"id":41126,"url":"https:\/\/www.grieta.org.mx\/index.php\/2019\/11\/14\/oaxaca-tercer-lugar-en-embarazos-de-ninas-y-adolescentes\/","url_meta":{"origin":41179,"position":0},"title":"Oaxaca, tercer lugar en embarazos de ni\u00f1as y adolescentes","author":"grieta","date":"14 noviembre, 2019","format":false,"excerpt":"Proceso \/ Pedro Mat\u00edas. Foro Promoviendo los derechos sexuales de ni\u00f1as, ni\u00f1os y adolescentes. Foto: Twitter @GES_Mujer. Oaxaca, Oax.- Oaxaca ocupa el tercer lugar en embarazos de ni\u00f1as, adolescentes y j\u00f3venes en el pa\u00eds, y el octavo en muerte materna, seg\u00fan las conclusiones del foro \u201cPromoviendo los derechos sexuales y\u2026","rel":"","context":"En &quot;CINTILLO&quot;","block_context":{"text":"CINTILLO","link":"https:\/\/www.grieta.org.mx\/index.php\/category\/cintillo\/"},"img":{"alt_text":"","src":"https:\/\/i0.wp.com\/www.grieta.org.mx\/wp-content\/uploads\/2019\/11\/ooo-870x522.jpg?resize=350%2C200&ssl=1","width":350,"height":200,"srcset":"https:\/\/i0.wp.com\/www.grieta.org.mx\/wp-content\/uploads\/2019\/11\/ooo-870x522.jpg?resize=350%2C200&ssl=1 1x, https:\/\/i0.wp.com\/www.grieta.org.mx\/wp-content\/uploads\/2019\/11\/ooo-870x522.jpg?resize=525%2C300&ssl=1 1.5x, https:\/\/i0.wp.com\/www.grieta.org.mx\/wp-content\/uploads\/2019\/11\/ooo-870x522.jpg?resize=700%2C400&ssl=1 2x"},"classes":[]},{"id":41131,"url":"https:\/\/www.grieta.org.mx\/index.php\/2019\/11\/14\/embarazo-infantil-y-adolescente-violencia-sexual-oaxaca\/","url_meta":{"origin":41179,"position":1},"title":"Embarazo infantil y adolescente, violencia sexual (Oaxaca)","author":"grieta","date":"14 noviembre, 2019","format":false,"excerpt":"P\u00e1gina 3 \/ Redacci\u00f3n. Todo embarazo en una ni\u00f1a o adolescente debe verse como violencia sexual y las autoridades asumir su responsabilidad de garantizar la interrupci\u00f3n legal en vez de revictimizar y naturalizar una maternidad temprana que vulnera una gama de derechos. Esa fue una de las ideas centrales que\u2026","rel":"","context":"En &quot;CINTILLO&quot;","block_context":{"text":"CINTILLO","link":"https:\/\/www.grieta.org.mx\/index.php\/category\/cintillo\/"},"img":{"alt_text":"","src":"https:\/\/i0.wp.com\/www.grieta.org.mx\/wp-content\/uploads\/2018\/03\/14524434_1106112876131411_958039263622046936_o.jpg?resize=350%2C200&ssl=1","width":350,"height":200,"srcset":"https:\/\/i0.wp.com\/www.grieta.org.mx\/wp-content\/uploads\/2018\/03\/14524434_1106112876131411_958039263622046936_o.jpg?resize=350%2C200&ssl=1 1x, https:\/\/i0.wp.com\/www.grieta.org.mx\/wp-content\/uploads\/2018\/03\/14524434_1106112876131411_958039263622046936_o.jpg?resize=525%2C300&ssl=1 1.5x, https:\/\/i0.wp.com\/www.grieta.org.mx\/wp-content\/uploads\/2018\/03\/14524434_1106112876131411_958039263622046936_o.jpg?resize=700%2C400&ssl=1 2x"},"classes":[]},{"id":26686,"url":"https:\/\/www.grieta.org.mx\/index.php\/2018\/09\/21\/en-menos-de-tres-anos-1-mil-511-embarazos-en-ninas-en-oaxaca-cladem\/","url_meta":{"origin":41179,"position":2},"title":"En menos de tres a\u00f1os, 1 mil 511 embarazos en ni\u00f1as en Oaxaca: CLADEM","author":"grieta","date":"21 septiembre, 2018","format":false,"excerpt":"Noticias. Citlalli Luciana, El Comit\u00e9 de Am\u00e9rica Latina y el Caribe para la Defensa de los Derechos Humanos de las Mujeres (CLADEM), present\u00f3 este viernes el informe \u201cEmbarazo y maternidad infantil forzada en M\u00e9xico: cada ni\u00f1a cuenta\u201d, a trav\u00e9s del cual se evidencia este delito y las raqu\u00edticas estad\u00edsticas sobre\u2026","rel":"","context":"En &quot;CINTILLO&quot;","block_context":{"text":"CINTILLO","link":"https:\/\/www.grieta.org.mx\/index.php\/category\/cintillo\/"},"img":{"alt_text":"","src":"https:\/\/i0.wp.com\/www.grieta.org.mx\/wp-content\/uploads\/2018\/09\/1d834f9e-901f-4339-98be-6c50e4495d9a.jpg?resize=350%2C200&ssl=1","width":350,"height":200,"srcset":"https:\/\/i0.wp.com\/www.grieta.org.mx\/wp-content\/uploads\/2018\/09\/1d834f9e-901f-4339-98be-6c50e4495d9a.jpg?resize=350%2C200&ssl=1 1x, https:\/\/i0.wp.com\/www.grieta.org.mx\/wp-content\/uploads\/2018\/09\/1d834f9e-901f-4339-98be-6c50e4495d9a.jpg?resize=525%2C300&ssl=1 1.5x, https:\/\/i0.wp.com\/www.grieta.org.mx\/wp-content\/uploads\/2018\/09\/1d834f9e-901f-4339-98be-6c50e4495d9a.jpg?resize=700%2C400&ssl=1 2x, https:\/\/i0.wp.com\/www.grieta.org.mx\/wp-content\/uploads\/2018\/09\/1d834f9e-901f-4339-98be-6c50e4495d9a.jpg?resize=1050%2C600&ssl=1 3x"},"classes":[]},{"id":27106,"url":"https:\/\/www.grieta.org.mx\/index.php\/2018\/10\/11\/madres-ninas-abuso-y-violencia-en-oaxaca\/","url_meta":{"origin":41179,"position":3},"title":"Madres-ni\u00f1as, abuso y violencia en Oaxaca","author":"grieta","date":"11 octubre, 2018","format":false,"excerpt":"Noticias. Citlalli Luciana, Las maternidades forzadas forman parte de uno de los principales problemas que enfrentan las ni\u00f1as en Oaxaca, principalmente de comunidades ind\u00edgenas. Entre los estados de 35 pa\u00edses miembros de la Organizaci\u00f3n para la Cooperaci\u00f3n y el Desarrollo Econ\u00f3mico (OCDE), Oaxaca en el tercer sitio por n\u00famero de\u2026","rel":"","context":"En &quot;CINTILLO&quot;","block_context":{"text":"CINTILLO","link":"https:\/\/www.grieta.org.mx\/index.php\/category\/cintillo\/"},"img":{"alt_text":"","src":"https:\/\/i0.wp.com\/www.grieta.org.mx\/wp-content\/uploads\/2018\/10\/1-4.jpg?resize=350%2C200&ssl=1","width":350,"height":200,"srcset":"https:\/\/i0.wp.com\/www.grieta.org.mx\/wp-content\/uploads\/2018\/10\/1-4.jpg?resize=350%2C200&ssl=1 1x, https:\/\/i0.wp.com\/www.grieta.org.mx\/wp-content\/uploads\/2018\/10\/1-4.jpg?resize=525%2C300&ssl=1 1.5x, https:\/\/i0.wp.com\/www.grieta.org.mx\/wp-content\/uploads\/2018\/10\/1-4.jpg?resize=700%2C400&ssl=1 2x, https:\/\/i0.wp.com\/www.grieta.org.mx\/wp-content\/uploads\/2018\/10\/1-4.jpg?resize=1050%2C600&ssl=1 3x"},"classes":[]},{"id":26683,"url":"https:\/\/www.grieta.org.mx\/index.php\/2018\/09\/22\/mas-de-mil-500-ninas-forzadas-a-ser-madres-en-oaxaca\/","url_meta":{"origin":41179,"position":4},"title":"M\u00e1s de mil 500 ni\u00f1as, forzadas a ser madres en Oaxaca","author":"grieta","date":"22 septiembre, 2018","format":false,"excerpt":"Noticias. Citlalli Luciana, En la mayor\u00eda de los casos, familiares cercanos fueron los agresores. En menos de tres a\u00f1os, m\u00e1s de mil 500 oaxaque\u00f1as menores de 14 a\u00f1os fueron forzadas a ser madres, y otras 144 enfrentaron un aborto tras haber sido violentadas sexualmente. Las cifras colocan a la entidad\u2026","rel":"","context":"En &quot;La ni\u00f1ez en la tormenta en Oaxaca&quot;","block_context":{"text":"La ni\u00f1ez en la tormenta en Oaxaca","link":"https:\/\/www.grieta.org.mx\/index.php\/category\/noticias-nacionales\/oaxaca\/la-ninez-en-la-tormenta-en-oaxaca\/"},"img":{"alt_text":"","src":"https:\/\/i0.wp.com\/www.grieta.org.mx\/wp-content\/uploads\/2018\/09\/embarazos.jpg?resize=350%2C200&ssl=1","width":350,"height":200,"srcset":"https:\/\/i0.wp.com\/www.grieta.org.mx\/wp-content\/uploads\/2018\/09\/embarazos.jpg?resize=350%2C200&ssl=1 1x, https:\/\/i0.wp.com\/www.grieta.org.mx\/wp-content\/uploads\/2018\/09\/embarazos.jpg?resize=525%2C300&ssl=1 1.5x, https:\/\/i0.wp.com\/www.grieta.org.mx\/wp-content\/uploads\/2018\/09\/embarazos.jpg?resize=700%2C400&ssl=1 2x, https:\/\/i0.wp.com\/www.grieta.org.mx\/wp-content\/uploads\/2018\/09\/embarazos.jpg?resize=1050%2C600&ssl=1 3x"},"classes":[]},{"id":32393,"url":"https:\/\/www.grieta.org.mx\/index.php\/2019\/04\/21\/nina-da-a-luz-en-hospital-civil-oaxaca\/","url_meta":{"origin":41179,"position":5},"title":"Ni\u00f1a da a luz en Hospital Civil (Oaxaca)","author":"grieta","date":"21 abril, 2019","format":false,"excerpt":"Noticias. Flor Hern\u00e1ndez, Wendy cumpli\u00f3 11 a\u00f1os en la sala de maternidad del hospital general \u201cDoctor Aurelio Valdivieso\u201d, junto a su beb\u00e9 de un d\u00eda de nacido, producto de una violaci\u00f3n. La ni\u00f1a de tez blanca y pies peque\u00f1os acaricia el cabello de Alexis, quien lleg\u00f3 al mundo este 14\u2026","rel":"","context":"En &quot;CINTILLO&quot;","block_context":{"text":"CINTILLO","link":"https:\/\/www.grieta.org.mx\/index.php\/category\/cintillo\/"},"img":{"alt_text":"","src":"https:\/\/i0.wp.com\/www.grieta.org.mx\/wp-content\/uploads\/2019\/04\/6.jpg?resize=350%2C200&ssl=1","width":350,"height":200,"srcset":"https:\/\/i0.wp.com\/www.grieta.org.mx\/wp-content\/uploads\/2019\/04\/6.jpg?resize=350%2C200&ssl=1 1x, https:\/\/i0.wp.com\/www.grieta.org.mx\/wp-content\/uploads\/2019\/04\/6.jpg?resize=525%2C300&ssl=1 1.5x, https:\/\/i0.wp.com\/www.grieta.org.mx\/wp-content\/uploads\/2019\/04\/6.jpg?resize=700%2C400&ssl=1 2x, https:\/\/i0.wp.com\/www.grieta.org.mx\/wp-content\/uploads\/2019\/04\/6.jpg?resize=1050%2C600&ssl=1 3x"},"classes":[]}],"_links":{"self":[{"href":"https:\/\/www.grieta.org.mx\/index.php\/wp-json\/wp\/v2\/posts\/41179","targetHints":{"allow":["GET"]}}],"collection":[{"href":"https:\/\/www.grieta.org.mx\/index.php\/wp-json\/wp\/v2\/posts"}],"about":[{"href":"https:\/\/www.grieta.org.mx\/index.php\/wp-json\/wp\/v2\/types\/post"}],"author":[{"embeddable":true,"href":"https:\/\/www.grieta.org.mx\/index.php\/wp-json\/wp\/v2\/users\/2"}],"replies":[{"embeddable":true,"href":"https:\/\/www.grieta.org.mx\/index.php\/wp-json\/wp\/v2\/comments?post=41179"}],"version-history":[{"count":1,"href":"https:\/\/www.grieta.org.mx\/index.php\/wp-json\/wp\/v2\/posts\/41179\/revisions"}],"predecessor-version":[{"id":41182,"href":"https:\/\/www.grieta.org.mx\/index.php\/wp-json\/wp\/v2\/posts\/41179\/revisions\/41182"}],"wp:featuredmedia":[{"embeddable":true,"href":"https:\/\/www.grieta.org.mx\/index.php\/wp-json\/wp\/v2\/media\/41181"}],"wp:attachment":[{"href":"https:\/\/www.grieta.org.mx\/index.php\/wp-json\/wp\/v2\/media?parent=41179"}],"wp:term":[{"taxonomy":"category","embeddable":true,"href":"https:\/\/www.grieta.org.mx\/index.php\/wp-json\/wp\/v2\/categories?post=41179"},{"taxonomy":"post_tag","embeddable":true,"href":"https:\/\/www.grieta.org.mx\/index.php\/wp-json\/wp\/v2\/tags?post=41179"}],"curies":[{"name":"wp","href":"https:\/\/api.w.org\/{rel}","templated":true}]}}