{"id":41113,"date":"2019-11-13T00:01:52","date_gmt":"2019-11-13T06:01:52","guid":{"rendered":"http:\/\/www.grieta.org.mx\/?p=41113"},"modified":"2019-11-14T00:11:26","modified_gmt":"2019-11-14T06:11:26","slug":"prepa-9-continua-en-paro-regresarian-a-clases-el-viernes-ciudad-de-mexico","status":"publish","type":"post","link":"https:\/\/www.grieta.org.mx\/index.php\/2019\/11\/13\/prepa-9-continua-en-paro-regresarian-a-clases-el-viernes-ciudad-de-mexico\/","title":{"rendered":"Prepa 9 contin\u00faa en paro, regresar\u00edan a clases el viernes (Ciudad de M\u00e9xico)"},"content":{"rendered":"<p><img loading=\"lazy\" decoding=\"async\" data-attachment-id=\"41114\" data-permalink=\"https:\/\/www.grieta.org.mx\/index.php\/2019\/11\/13\/prepa-9-continua-en-paro-regresarian-a-clases-el-viernes-ciudad-de-mexico\/prepa-9-continua-en-paro-regresarian-a-clases-el-viernes-cdmx-nov\/\" data-orig-file=\"https:\/\/www.grieta.org.mx\/wp-content\/uploads\/2019\/11\/Prepa-9-contin\u00faa-en-paro-regresar\u00edan-a-clases-el-viernes-cdmx-nov.jpg\" data-orig-size=\"664,498\" data-comments-opened=\"0\" data-image-meta=\"{&quot;aperture&quot;:&quot;0&quot;,&quot;credit&quot;:&quot;&quot;,&quot;camera&quot;:&quot;&quot;,&quot;caption&quot;:&quot;&quot;,&quot;created_timestamp&quot;:&quot;0&quot;,&quot;copyright&quot;:&quot;&quot;,&quot;focal_length&quot;:&quot;0&quot;,&quot;iso&quot;:&quot;0&quot;,&quot;shutter_speed&quot;:&quot;0&quot;,&quot;title&quot;:&quot;&quot;,&quot;orientation&quot;:&quot;0&quot;}\" data-image-title=\"Prepa 9 contin\u00faa en paro, regresar\u00edan a clases el viernes cdmx nov\" data-image-description=\"\" data-image-caption=\"\" data-medium-file=\"https:\/\/www.grieta.org.mx\/wp-content\/uploads\/2019\/11\/Prepa-9-contin\u00faa-en-paro-regresar\u00edan-a-clases-el-viernes-cdmx-nov-300x225.jpg\" data-large-file=\"https:\/\/www.grieta.org.mx\/wp-content\/uploads\/2019\/11\/Prepa-9-contin\u00faa-en-paro-regresar\u00edan-a-clases-el-viernes-cdmx-nov.jpg\" class=\"aligncenter size-full wp-image-41114\" src=\"http:\/\/www.grieta.org.mx\/wp-content\/uploads\/2019\/11\/Prepa-9-contin\u00faa-en-paro-regresar\u00edan-a-clases-el-viernes-cdmx-nov.jpg\" alt=\"\" width=\"664\" height=\"498\" srcset=\"https:\/\/www.grieta.org.mx\/wp-content\/uploads\/2019\/11\/Prepa-9-contin\u00faa-en-paro-regresar\u00edan-a-clases-el-viernes-cdmx-nov.jpg 664w, https:\/\/www.grieta.org.mx\/wp-content\/uploads\/2019\/11\/Prepa-9-contin\u00faa-en-paro-regresar\u00edan-a-clases-el-viernes-cdmx-nov-300x225.jpg 300w\" sizes=\"auto, (max-width: 664px) 100vw, 664px\" \/><br \/>\n<em>Foto tomada de @Comunidad_UNAM<\/em><\/p>\n<p>Excelsior<\/p>\n<blockquote><p>Por segundo d\u00eda consecutivo, un grupo de estudiantes mantiene cerrado el plantel ubicado en Insurgentes Norte 1698, colonia Lindavista<\/p><\/blockquote>\n<p>CIUDAD DE M\u00c9XICO<\/p>\n<p>Alumnos de la Escuela Nacional Preparatoria n\u00famero 9 contin\u00faan este mi\u00e9rcoles el paro estudiantil para exigir que termine la violencia de g\u00e9nero en escuelas de la Universidad Nacional Aut\u00f3noma de M\u00e9xico (UNAM).<\/p>\n<p>Por segundo d\u00eda consecutivo, un grupo de estudiantes mantiene cerrado el plantel ubicado en Insurgentes Norte 1698, colonia Lindavista, para sumarse al llamado de otras escuelas de la UNAM a que se frene la violencia de g\u00e9nero y contra los alumnos.<\/p>\n<p>En un comunicado se inform\u00f3 a la comunidad de la Preparatoria 9 que el martes 12 de noviembre un grupo de alumnos decidi\u00f3 suspender las actividades acad\u00e9mico-administrativas por un periodo de 48 horas, el cual inici\u00f3 a las 15:30 horas.<\/p>\n<p>El plantel que se mantiene cerrado y vigilado por personal de seguridad y se prev\u00e9 que las clases se reanuden el pr\u00f3ximo viernes.<\/p>\n<p>Ante las protestas de los estudiantes de Colegios de Ciencias y Humanidades (CCH), de Preparatorias y Facultades de la UNAM y con el fin de mejorar los mecanismos institucionales para erradicar la violencia de g\u00e9nero, autoridades universitarias crearon una cuenta de correo para que los estudiantes puedan hacer llegar sus denuncias en este sentido.<\/p>\n<p><a href=\"https:\/\/www.excelsior.com.mx\/comunidad\/prepa-9-continua-en-paro-regresarian-a-clases-el-viernes\/1347492\" target=\"_blank\" rel=\"noopener noreferrer\">https:\/\/www.excelsior.com.mx\/comunidad\/prepa-9-continua-en-paro-regresarian-a-clases-el-viernes\/1347492<\/a><\/p>\n","protected":false},"excerpt":{"rendered":"<p>Foto tomada de @Comunidad_UNAM Excelsior Por segundo d\u00eda consecutivo, un grupo de estudiantes mantiene cerrado el plantel ubicado en Insurgentes Norte 1698, colonia Lindavista CIUDAD DE M\u00c9XICO Alumnos de la &hellip; <a href=\"https:\/\/www.grieta.org.mx\/index.php\/2019\/11\/13\/prepa-9-continua-en-paro-regresarian-a-clases-el-viernes-ciudad-de-mexico\/\" class=\"more-link\">Leer m\u00e1s<\/a><\/p>\n","protected":false},"author":2,"featured_media":41114,"comment_status":"closed","ping_status":"closed","sticky":false,"template":"","format":"standard","meta":{"ngg_post_thumbnail":0,"_jetpack_newsletter_access":"","_jetpack_dont_email_post_to_subs":false,"_jetpack_newsletter_tier_id":0,"_jetpack_memberships_contains_paywalled_content":false,"_jetpack_memberships_contains_paid_content":false,"footnotes":""},"categories":[80,14,916,1670,2,83,1823,2388],"tags":[1954,2566,1565,1630],"class_list":["post-41113","post","type-post","status-publish","format-standard","has-post-thumbnail","hentry","category-cintillo","category-ciudad-de-mexico","category-privatizacion-del-la-educacion-publica","category-movilizaciones-y-protestas-de-estudiantes-de-la-ciudad-de-mexico","category-noticias-nacionales","category-temas-nacionales","category-violencia-contra-estudiantes","category-violencia-contra-las-mujeres-en-la-ciudad-de-mexico","tag-alerta-de-violencia-de-genero","tag-crisis-en-el-sistema-educativo","tag-violencia-contra-estudiantes","tag-violencia-contra-las-mujeres","entry"],"jetpack_featured_media_url":"https:\/\/www.grieta.org.mx\/wp-content\/uploads\/2019\/11\/Prepa-9-contin\u00faa-en-paro-regresar\u00edan-a-clases-el-viernes-cdmx-nov.jpg","jetpack_sharing_enabled":true,"jetpack_shortlink":"https:\/\/wp.me\/p7ZJR4-aH7","jetpack_likes_enabled":false,"jetpack-related-posts":[{"id":43859,"url":"https:\/\/www.grieta.org.mx\/index.php\/2020\/01\/31\/por-violencia-sexual-y-criminalizacion-paro-de-actividades-en-siete-escuelas-de-la-unam-ciudad-de-mexico\/","url_meta":{"origin":41113,"position":0},"title":"Por violencia sexual y criminalizaci\u00f3n, paro de actividades en siete escuelas de la UNAM (Ciudad de M\u00e9xico)","author":"grieta","date":"31 enero, 2020","format":false,"excerpt":"Contral\u00ednea Cuatro escuelas de la Universidad Nacional Aut\u00f3noma de M\u00e9xico se sumaron a los paros de actividades en demanda de soluci\u00f3n a la violencia sexual de g\u00e9nero que se padece en los recintos universitarios y del cese a la criminalizaci\u00f3n contra el movimiento feminista que reivindica el derecho de las\u2026","rel":"","context":"En &quot;CINTILLO&quot;","block_context":{"text":"CINTILLO","link":"https:\/\/www.grieta.org.mx\/index.php\/category\/cintillo\/"},"img":{"alt_text":"","src":"https:\/\/i0.wp.com\/www.grieta.org.mx\/wp-content\/uploads\/2020\/02\/Por-violencia-sexual-y-criminalizaci%C3%B3n-paro-de-actividades-en-siete-escuelas-de-la-UNAM-cdmx-ene.jpeg?resize=350%2C200&ssl=1","width":350,"height":200,"srcset":"https:\/\/i0.wp.com\/www.grieta.org.mx\/wp-content\/uploads\/2020\/02\/Por-violencia-sexual-y-criminalizaci%C3%B3n-paro-de-actividades-en-siete-escuelas-de-la-UNAM-cdmx-ene.jpeg?resize=350%2C200&ssl=1 1x, https:\/\/i0.wp.com\/www.grieta.org.mx\/wp-content\/uploads\/2020\/02\/Por-violencia-sexual-y-criminalizaci%C3%B3n-paro-de-actividades-en-siete-escuelas-de-la-UNAM-cdmx-ene.jpeg?resize=525%2C300&ssl=1 1.5x"},"classes":[]},{"id":41601,"url":"https:\/\/www.grieta.org.mx\/index.php\/2019\/11\/26\/prepa-7-cumple-una-semana-de-paro-sin-visos-de-solucion-ciudad-de-mexico\/","url_meta":{"origin":41113,"position":1},"title":"Prepa 7 cumple una semana de paro sin visos de soluci\u00f3n (Ciudad de M\u00e9xico)","author":"grieta","date":"26 noviembre, 2019","format":false,"excerpt":"Foto: Cuartoscuro\/Archivo 24 Horas Los j\u00f3venes que mantienen el paro de actividades solicitan la renuncia de la directora del plantel, Mar\u00eda del Carmen Rodr\u00edguez Quilant\u00e1n, por \u201chacer caso omiso a las denuncias que existen de acoso sexual y encubrimiento de casos de violencia\" Sin visos de di\u00e1logo, la Escuela Nacional\u2026","rel":"","context":"En &quot;CINTILLO&quot;","block_context":{"text":"CINTILLO","link":"https:\/\/www.grieta.org.mx\/index.php\/category\/cintillo\/"},"img":{"alt_text":"","src":"https:\/\/i0.wp.com\/www.grieta.org.mx\/wp-content\/uploads\/2019\/11\/Prepa-7-cumple-una-semana-de-paro-sin-visos-de-soluci%C3%B3n-cdmx-nov.jpg?resize=350%2C200&ssl=1","width":350,"height":200,"srcset":"https:\/\/i0.wp.com\/www.grieta.org.mx\/wp-content\/uploads\/2019\/11\/Prepa-7-cumple-una-semana-de-paro-sin-visos-de-soluci%C3%B3n-cdmx-nov.jpg?resize=350%2C200&ssl=1 1x, https:\/\/i0.wp.com\/www.grieta.org.mx\/wp-content\/uploads\/2019\/11\/Prepa-7-cumple-una-semana-de-paro-sin-visos-de-soluci%C3%B3n-cdmx-nov.jpg?resize=525%2C300&ssl=1 1.5x, https:\/\/i0.wp.com\/www.grieta.org.mx\/wp-content\/uploads\/2019\/11\/Prepa-7-cumple-una-semana-de-paro-sin-visos-de-soluci%C3%B3n-cdmx-nov.jpg?resize=700%2C400&ssl=1 2x"},"classes":[]},{"id":43996,"url":"https:\/\/www.grieta.org.mx\/index.php\/2020\/02\/06\/entregan-cch-vallejo-tras-dos-dias-de-paro-ciudad-de-mexico\/","url_meta":{"origin":41113,"position":2},"title":"Entregan CCH Vallejo tras dos d\u00edas de paro (Ciudad de M\u00e9xico)","author":"grieta","date":"6 febrero, 2020","format":false,"excerpt":"El martes pasado, un grupo de alumnos decidi\u00f3 realizar un paro de labores. Foto: Cuartoscuro\/Archivo Notimex Las actividades acad\u00e9micas y administrativas se reanudar\u00e1n ma\u00f1ana viernes 7 en los horarios acostumbrados CIUDAD DE M\u00c9XICO. La Universidad Nacional Aut\u00f3noma de M\u00e9xico inform\u00f3 que esta tarde fueron entregadas a las autoridades las instalaciones\u2026","rel":"","context":"En &quot;CINTILLO&quot;","block_context":{"text":"CINTILLO","link":"https:\/\/www.grieta.org.mx\/index.php\/category\/cintillo\/"},"img":{"alt_text":"","src":"https:\/\/i0.wp.com\/www.grieta.org.mx\/wp-content\/uploads\/2020\/02\/Entregan-CCH-Vallejo-tras-dos-d%C3%ADas-de-paro-cdmx-feb.jpg?resize=350%2C200&ssl=1","width":350,"height":200,"srcset":"https:\/\/i0.wp.com\/www.grieta.org.mx\/wp-content\/uploads\/2020\/02\/Entregan-CCH-Vallejo-tras-dos-d%C3%ADas-de-paro-cdmx-feb.jpg?resize=350%2C200&ssl=1 1x, https:\/\/i0.wp.com\/www.grieta.org.mx\/wp-content\/uploads\/2020\/02\/Entregan-CCH-Vallejo-tras-dos-d%C3%ADas-de-paro-cdmx-feb.jpg?resize=525%2C300&ssl=1 1.5x"},"classes":[]},{"id":40137,"url":"https:\/\/www.grieta.org.mx\/index.php\/2019\/10\/11\/alumnos-de-la-unam-marchan-contra-violencia-de-genero-y-porros-ciudad-de-mexico\/","url_meta":{"origin":41113,"position":3},"title":"Alumnos de la UNAM marchan contra violencia de g\u00e9nero y porros (Ciudad de M\u00e9xico)","author":"grieta","date":"11 octubre, 2019","format":false,"excerpt":"El Heraldo de M\u00e9xico La movilizaci\u00f3n de estudiantes recorri\u00f3 algunas de las facultades de la Universidad Nacional, para posteriormente desplazarse sobre avenida Insurgentes Sur Estudiantes de la Facultad de Ciencias Pol\u00edticas y Sociales de la Universidad Nacional Aut\u00f3noma de M\u00e9xico (UNAM) realizaron este viernes una marcha en contra de la\u2026","rel":"","context":"En &quot;CINTILLO&quot;","block_context":{"text":"CINTILLO","link":"https:\/\/www.grieta.org.mx\/index.php\/category\/cintillo\/"},"img":{"alt_text":"","src":"https:\/\/i0.wp.com\/www.grieta.org.mx\/wp-content\/uploads\/2019\/10\/Alumnos-de-la-UNAM-marchan-contra-violencia-de-g%C3%A9nero-y-porros-oct-cdmx.jpg?resize=350%2C200&ssl=1","width":350,"height":200,"srcset":"https:\/\/i0.wp.com\/www.grieta.org.mx\/wp-content\/uploads\/2019\/10\/Alumnos-de-la-UNAM-marchan-contra-violencia-de-g%C3%A9nero-y-porros-oct-cdmx.jpg?resize=350%2C200&ssl=1 1x, https:\/\/i0.wp.com\/www.grieta.org.mx\/wp-content\/uploads\/2019\/10\/Alumnos-de-la-UNAM-marchan-contra-violencia-de-g%C3%A9nero-y-porros-oct-cdmx.jpg?resize=525%2C300&ssl=1 1.5x"},"classes":[]},{"id":44006,"url":"https:\/\/www.grieta.org.mx\/index.php\/2020\/02\/06\/suman-16-escuelas-de-la-unam-en-paro-ciudad-de-mexico\/","url_meta":{"origin":41113,"position":4},"title":"Suman 16 escuelas de la UNAM en paro (Ciudad de M\u00e9xico)","author":"grieta","date":"6 febrero, 2020","format":false,"excerpt":"Foto: Archivo El Universal Teresa Moreno \/ El Universal Hoy se entreg\u00f3 CCH Vallejo, pero el plantel Oriente va a paro de 72 horas; mientras en Prepa 9, paristas nuevamente impidieron el paso de la directora Gabriela Mart\u00ednez, quien llevaba la respuesta a su pliego petitorio que envi\u00f3 el rector\u2026","rel":"","context":"En &quot;CINTILLO&quot;","block_context":{"text":"CINTILLO","link":"https:\/\/www.grieta.org.mx\/index.php\/category\/cintillo\/"},"img":{"alt_text":"","src":"https:\/\/i0.wp.com\/www.grieta.org.mx\/wp-content\/uploads\/2020\/02\/UNAM_-suman-16-escuelas-en-paro-cdmx-feb.jpg?resize=350%2C200","width":350,"height":200},"classes":[]},{"id":41417,"url":"https:\/\/www.grieta.org.mx\/index.php\/2019\/11\/19\/encapuchados-toman-la-prepa-8-de-la-unam-por-violencia-de-genero-e-inseguridad-ciudad-de-mexico\/","url_meta":{"origin":41113,"position":5},"title":"Encapuchados toman la Prepa 8 de la UNAM por violencia de g\u00e9nero e inseguridad (Ciudad de M\u00e9xico)","author":"grieta","date":"19 noviembre, 2019","format":false,"excerpt":"Ixtlix\u00f3chitl L\u00f3pez \/ Proceso CIUDAD DE M\u00c9XICO (apro).- Un grupo de encapuchados tom\u00f3 este martes el plantel 8 de la Escuela Nacional Preparatoria de la UNAM \u201cMiguel E. Schulz\u201d, en protesta contra la violencia de g\u00e9nero y la inseguridad que se vive en el plantel. Los inconformes, quienes dijeron ser\u2026","rel":"","context":"En &quot;CINTILLO&quot;","block_context":{"text":"CINTILLO","link":"https:\/\/www.grieta.org.mx\/index.php\/category\/cintillo\/"},"img":{"alt_text":"","src":"https:\/\/i0.wp.com\/www.grieta.org.mx\/wp-content\/uploads\/2019\/11\/Encapuchados-toman-la-Prepa-8-de-la-UNAM-por-violencia-de-g%C3%A9nero-e-inseguridad-cdmx-nov.jpg?resize=350%2C200&ssl=1","width":350,"height":200,"srcset":"https:\/\/i0.wp.com\/www.grieta.org.mx\/wp-content\/uploads\/2019\/11\/Encapuchados-toman-la-Prepa-8-de-la-UNAM-por-violencia-de-g%C3%A9nero-e-inseguridad-cdmx-nov.jpg?resize=350%2C200&ssl=1 1x, https:\/\/i0.wp.com\/www.grieta.org.mx\/wp-content\/uploads\/2019\/11\/Encapuchados-toman-la-Prepa-8-de-la-UNAM-por-violencia-de-g%C3%A9nero-e-inseguridad-cdmx-nov.jpg?resize=525%2C300&ssl=1 1.5x"},"classes":[]}],"_links":{"self":[{"href":"https:\/\/www.grieta.org.mx\/index.php\/wp-json\/wp\/v2\/posts\/41113","targetHints":{"allow":["GET"]}}],"collection":[{"href":"https:\/\/www.grieta.org.mx\/index.php\/wp-json\/wp\/v2\/posts"}],"about":[{"href":"https:\/\/www.grieta.org.mx\/index.php\/wp-json\/wp\/v2\/types\/post"}],"author":[{"embeddable":true,"href":"https:\/\/www.grieta.org.mx\/index.php\/wp-json\/wp\/v2\/users\/2"}],"replies":[{"embeddable":true,"href":"https:\/\/www.grieta.org.mx\/index.php\/wp-json\/wp\/v2\/comments?post=41113"}],"version-history":[{"count":1,"href":"https:\/\/www.grieta.org.mx\/index.php\/wp-json\/wp\/v2\/posts\/41113\/revisions"}],"predecessor-version":[{"id":41115,"href":"https:\/\/www.grieta.org.mx\/index.php\/wp-json\/wp\/v2\/posts\/41113\/revisions\/41115"}],"wp:featuredmedia":[{"embeddable":true,"href":"https:\/\/www.grieta.org.mx\/index.php\/wp-json\/wp\/v2\/media\/41114"}],"wp:attachment":[{"href":"https:\/\/www.grieta.org.mx\/index.php\/wp-json\/wp\/v2\/media?parent=41113"}],"wp:term":[{"taxonomy":"category","embeddable":true,"href":"https:\/\/www.grieta.org.mx\/index.php\/wp-json\/wp\/v2\/categories?post=41113"},{"taxonomy":"post_tag","embeddable":true,"href":"https:\/\/www.grieta.org.mx\/index.php\/wp-json\/wp\/v2\/tags?post=41113"}],"curies":[{"name":"wp","href":"https:\/\/api.w.org\/{rel}","templated":true}]}}