{"id":41085,"date":"2019-09-29T21:04:01","date_gmt":"2019-09-30T02:04:01","guid":{"rendered":"http:\/\/www.grieta.org.mx\/?p=41085"},"modified":"2019-11-09T21:08:47","modified_gmt":"2019-11-10T03:08:47","slug":"piden-legalizar-el-aborto-en-el-estado-de-guanajuato","status":"publish","type":"post","link":"https:\/\/www.grieta.org.mx\/index.php\/2019\/09\/29\/piden-legalizar-el-aborto-en-el-estado-de-guanajuato\/","title":{"rendered":"Piden legalizar el aborto en el estado de Guanajuato"},"content":{"rendered":"<blockquote><p><strong>&#8220;Todas las mujeres tenemos el derecho de tener un aborto si as\u00ed lo queremos&#8221;<\/strong><\/p><\/blockquote>\n<figure id=\"attachment_41086\" aria-describedby=\"caption-attachment-41086\" style=\"width: 800px\" class=\"wp-caption aligncenter\"><img loading=\"lazy\" decoding=\"async\" data-attachment-id=\"41086\" data-permalink=\"https:\/\/www.grieta.org.mx\/index.php\/2019\/09\/29\/piden-legalizar-el-aborto-en-el-estado-de-guanajuato\/aborto-1\/\" data-orig-file=\"https:\/\/www.grieta.org.mx\/wp-content\/uploads\/2019\/11\/aborto-1.jpeg\" data-orig-size=\"768,479\" data-comments-opened=\"0\" data-image-meta=\"{&quot;aperture&quot;:&quot;0&quot;,&quot;credit&quot;:&quot;&quot;,&quot;camera&quot;:&quot;&quot;,&quot;caption&quot;:&quot;&quot;,&quot;created_timestamp&quot;:&quot;0&quot;,&quot;copyright&quot;:&quot;&quot;,&quot;focal_length&quot;:&quot;0&quot;,&quot;iso&quot;:&quot;0&quot;,&quot;shutter_speed&quot;:&quot;0&quot;,&quot;title&quot;:&quot;&quot;,&quot;orientation&quot;:&quot;0&quot;}\" data-image-title=\"aborto 1\" data-image-description=\"\" data-image-caption=\"&lt;p&gt;Foto: El Sol de Guanajuato&lt;\/p&gt;\n\" data-medium-file=\"https:\/\/www.grieta.org.mx\/wp-content\/uploads\/2019\/11\/aborto-1-300x187.jpeg\" data-large-file=\"https:\/\/www.grieta.org.mx\/wp-content\/uploads\/2019\/11\/aborto-1.jpeg\" class=\"wp-image-41086\" src=\"http:\/\/www.grieta.org.mx\/wp-content\/uploads\/2019\/11\/aborto-1.jpeg\" alt=\"\" width=\"800\" height=\"499\" srcset=\"https:\/\/www.grieta.org.mx\/wp-content\/uploads\/2019\/11\/aborto-1.jpeg 768w, https:\/\/www.grieta.org.mx\/wp-content\/uploads\/2019\/11\/aborto-1-300x187.jpeg 300w\" sizes=\"auto, (max-width: 800px) 100vw, 800px\" \/><figcaption id=\"caption-attachment-41086\" class=\"wp-caption-text\">Foto: El Sol de Guanajuato<\/figcaption><\/figure>\n<p>Alfonso D\u00edaz \/ EL Solde Guanajuato, 29 de septiembre de 2019<\/p>\n<p>En el Estado de Guanajuato hay cuatro mujeres en la c\u00e1rcel por tener un aborto de manera espont\u00e1nea o porque las autoridades lo catalogaron como homicidio en primer grado y agravante de parentesco, por lo que varios grupos feministas y la asociaci\u00f3n REDefine Guanajuato luchan por legalizar un aborto legal, seguro y gratuito en la entidad.<\/p>\n<p>Esta asociaci\u00f3n es una red nacional de j\u00f3venes que tiene presencia en 12 estados de la Rep\u00fablica Mexicana, integrada en su mayor\u00eda por estudiantes involucrados en alguna ciencia social o de la salud que incide con los derechos reproductivos y sexuales.<\/p>\n<p>De acuerdo con una de la voces de REDefine Guanajuato, dentro de todas sus actividades tienen dos temas principales; la prevenci\u00f3n de embarazos no deseados en adolescentes y acceso al aborto seguro.<\/p>\n<p>\u201cHace unos d\u00eda se aprob\u00f3 en la constituci\u00f3n de Oaxaca el aborto legal, solo en el pa\u00eds hay dos entidades que lo han legalizado, esto quiere decir que hay m\u00e1s de una causal para hacerlo. En Guanajuato \u00fanicamente es legal el aborto cuando es por una violaci\u00f3n y las instituciones p\u00fablicas est\u00e1n obligadas a respetar el derecho bajo la normal de dar acceso a la pastilla del d\u00eda siguiente y una revisi\u00f3n de un examen m\u00e9dico para determinar que no hay enfermedades de transmisi\u00f3n sexual\u201d, asegur\u00f3 la vocera.<\/p>\n<p>Asimismo, asegur\u00f3 que el estado es muy conservador debido a que siguen muy influenciados por la religi\u00f3n y las reglas de a\u00f1os pasados.<\/p>\n<p>\u201cTodas las mujeres tenemos el derecho de tener un aborto si as\u00ed lo queremos, no solo es una cuesti\u00f3n de derechos individuales sino que tambi\u00e9n hay derechos humanos y econ\u00f3micos, ya que hay mujeres que mueren por no pagar un aborto, m\u00e1s all\u00e1 de que sea vea como una moda, como lo est\u00e1n manejando son derechos humanos de la salud p\u00fablica a los que tenemos derecho\u201d, asegur\u00f3.<\/p>\n<p>Finalmente, inform\u00f3 que Guanajuato es uno de los estados con mayor nivel de menores de edad embarazadas a nivel Latinoam\u00e9rica.<\/p>\n<p><a href=\"https:\/\/www.elsoldeleon.com.mx\/local\/piden-legalizar-el-aborto-en-el-estado-de-guanajuato-4245151.html\">https:\/\/www.elsoldeleon.com.mx\/local\/piden-legalizar-el-aborto-en-el-estado-de-guanajuato-4245151.html<\/a><\/p>\n","protected":false},"excerpt":{"rendered":"<p>&#8220;Todas las mujeres tenemos el derecho de tener un aborto si as\u00ed lo queremos&#8221; Alfonso D\u00edaz \/ EL Solde Guanajuato, 29 de septiembre de 2019 En el Estado de Guanajuato &hellip; <a href=\"https:\/\/www.grieta.org.mx\/index.php\/2019\/09\/29\/piden-legalizar-el-aborto-en-el-estado-de-guanajuato\/\" class=\"more-link\">Leer m\u00e1s<\/a><\/p>\n","protected":false},"author":2,"featured_media":41086,"comment_status":"closed","ping_status":"closed","sticky":false,"template":"","format":"standard","meta":{"ngg_post_thumbnail":0,"_jetpack_newsletter_access":"","_jetpack_dont_email_post_to_subs":false,"_jetpack_newsletter_tier_id":0,"_jetpack_memberships_contains_paywalled_content":false,"_jetpack_memberships_contains_paid_content":false,"footnotes":""},"categories":[80,17,2910,2283],"tags":[2248,2317],"class_list":["post-41085","post","type-post","status-publish","format-standard","has-post-thumbnail","hentry","category-cintillo","category-guanajuato","category-resistencias-en-guanajuato","category-resistencias-y-luchas-de-las-mujeres-en-guanajuato","tag-luchas-de-las-mujeres","tag-manifestaciones-de-mujeres","entry"],"jetpack_featured_media_url":"https:\/\/www.grieta.org.mx\/wp-content\/uploads\/2019\/11\/aborto-1.jpeg","jetpack_sharing_enabled":true,"jetpack_shortlink":"https:\/\/wp.me\/p7ZJR4-aGF","jetpack_likes_enabled":false,"jetpack-related-posts":[{"id":30546,"url":"https:\/\/www.grieta.org.mx\/index.php\/2019\/03\/12\/mujeres-toman-las-calles-de-guanajuato-capital-y-celaya-exigen-respeto-a-sus-derechos\/","url_meta":{"origin":41085,"position":0},"title":"Mujeres toman las calles de Guanajuato capital y Celaya, exigen respeto a sus derechos","author":"grieta","date":"12 marzo, 2019","format":false,"excerpt":"Decenas de mujeres en Guanajuato capital y Celaya tomaron las calles para manifestarse en conmemoraci\u00f3n del D\u00eda Internacional de la Mujer. Tere Segura\/Luis Garc\u00eda\/ Zona Franca, 08 de marzo de 2019 Guanajuato\/Celaya, Gto. Decenas de mujeres marcharon por las principales calles de la capital del estado, para exigir el respeto\u2026","rel":"","context":"En &quot;CINTILLO&quot;","block_context":{"text":"CINTILLO","link":"https:\/\/www.grieta.org.mx\/index.php\/category\/cintillo\/"},"img":{"alt_text":"","src":"https:\/\/i0.wp.com\/www.grieta.org.mx\/wp-content\/uploads\/2019\/03\/manifestacion-3-1.jpg?resize=350%2C200&ssl=1","width":350,"height":200,"srcset":"https:\/\/i0.wp.com\/www.grieta.org.mx\/wp-content\/uploads\/2019\/03\/manifestacion-3-1.jpg?resize=350%2C200&ssl=1 1x, https:\/\/i0.wp.com\/www.grieta.org.mx\/wp-content\/uploads\/2019\/03\/manifestacion-3-1.jpg?resize=525%2C300&ssl=1 1.5x, https:\/\/i0.wp.com\/www.grieta.org.mx\/wp-content\/uploads\/2019\/03\/manifestacion-3-1.jpg?resize=700%2C400&ssl=1 2x"},"classes":[]},{"id":49926,"url":"https:\/\/www.grieta.org.mx\/index.php\/2020\/05\/29\/busqueda-de-despenalizacion-del-aborto-seguira-en-san-lazaro-advierten-feministas-guanajuato\/","url_meta":{"origin":41085,"position":1},"title":"B\u00fasqueda de despenalizaci\u00f3n del aborto seguir\u00e1 en San L\u00e1zaro, advierten feministas (Guanajuato)","author":"grieta","date":"29 mayo, 2020","format":false,"excerpt":"El 28 de septiembre es el d\u00eda de acci\u00f3n Global por el Acceso al Aborto Legal y Seguro, fecha en la que esperan poder salir a la calle y continuar la lucha. Por Vania Jaramillo Le\u00f3n, Gto. No hay marcha atr\u00e1s\u2026 por ahora. Es la sentencia colectivos no solo guanajuatenses\u2026","rel":"","context":"En &quot;CINTILLO&quot;","block_context":{"text":"CINTILLO","link":"https:\/\/www.grieta.org.mx\/index.php\/category\/cintillo\/"},"img":{"alt_text":"","src":"https:\/\/i0.wp.com\/www.grieta.org.mx\/wp-content\/uploads\/2020\/05\/99299854_2709805612572805_5845587026866339840_n.jpg?resize=350%2C200&ssl=1","width":350,"height":200,"srcset":"https:\/\/i0.wp.com\/www.grieta.org.mx\/wp-content\/uploads\/2020\/05\/99299854_2709805612572805_5845587026866339840_n.jpg?resize=350%2C200&ssl=1 1x, https:\/\/i0.wp.com\/www.grieta.org.mx\/wp-content\/uploads\/2020\/05\/99299854_2709805612572805_5845587026866339840_n.jpg?resize=525%2C300&ssl=1 1.5x, https:\/\/i0.wp.com\/www.grieta.org.mx\/wp-content\/uploads\/2020\/05\/99299854_2709805612572805_5845587026866339840_n.jpg?resize=700%2C400&ssl=1 2x"},"classes":[]},{"id":30219,"url":"https:\/\/www.grieta.org.mx\/index.php\/2019\/03\/06\/mujeres-de-al-menos-12-estados-exigen-legalizar-ya-el-aborto-y-evitar-poner-en-riesgo-sus-vidas-baja-california-durango-estado-de-mexico-guanajuato-guerrero-michoacan-nayarit-oaxaca-puebla-q\/","url_meta":{"origin":41085,"position":2},"title":"Mujeres de al menos 12 estados exigen legalizar ya el aborto y evitar poner en riesgo sus vidas (Baja California, Durango, Estado de M\u00e9xico, Guanajuato, Guerrero, Michoac\u00e1n, Nayarit, Oaxaca, Puebla, Quintana Roo y Veracruz)","author":"grieta","date":"6 marzo, 2019","format":false,"excerpt":"En la v\u00edspera del D\u00eda Internacional de la Mujer que se celebra el pr\u00f3ximo 8 de marzo, mujeres de varios puntos del pa\u00eds exigieron al Estado que garantice \u201cel aborto legal, seguro y gratuito en todo M\u00e9xico\u201d. Manifestaron que con la penalizaci\u00f3n del aborto se criminaliza a las mujeres y\u2026","rel":"","context":"En &quot;Baja California&quot;","block_context":{"text":"Baja California","link":"https:\/\/www.grieta.org.mx\/index.php\/category\/noticias-nacionales\/baja-california\/"},"img":{"alt_text":"","src":"https:\/\/i0.wp.com\/www.grieta.org.mx\/wp-content\/uploads\/2019\/03\/aborto.jpg?resize=350%2C200&ssl=1","width":350,"height":200,"srcset":"https:\/\/i0.wp.com\/www.grieta.org.mx\/wp-content\/uploads\/2019\/03\/aborto.jpg?resize=350%2C200&ssl=1 1x, https:\/\/i0.wp.com\/www.grieta.org.mx\/wp-content\/uploads\/2019\/03\/aborto.jpg?resize=525%2C300&ssl=1 1.5x, https:\/\/i0.wp.com\/www.grieta.org.mx\/wp-content\/uploads\/2019\/03\/aborto.jpg?resize=700%2C400&ssl=1 2x, https:\/\/i0.wp.com\/www.grieta.org.mx\/wp-content\/uploads\/2019\/03\/aborto.jpg?resize=1050%2C600&ssl=1 3x"},"classes":[]},{"id":49897,"url":"https:\/\/www.grieta.org.mx\/index.php\/2020\/05\/26\/pintan-la-catedral-de-leon-en-protesta-por-la-penalizacion-del-aborto-guanajuato\/","url_meta":{"origin":41085,"position":3},"title":"Pintan la catedral de Le\u00f3n en protesta por la penalizaci\u00f3n del aborto (Guanajuato)","author":"grieta","date":"26 mayo, 2020","format":false,"excerpt":"Los colectivos feministas alzaron la voz despu\u00e9s de que se archivara la propuesta para despenalizar el aborto en Guanajuato. Estas son las fotos de su protesta IVONNE ORTIZ, La Silla Rota, 26\/05\/2020 Esta ma\u00f1ana la catedral amaneci\u00f3 con una nueva cara. En su fachada hab\u00eda mensajes escritos por los colectivos\u2026","rel":"","context":"En &quot;CINTILLO&quot;","block_context":{"text":"CINTILLO","link":"https:\/\/www.grieta.org.mx\/index.php\/category\/cintillo\/"},"img":{"alt_text":"","src":"https:\/\/i0.wp.com\/www.grieta.org.mx\/wp-content\/uploads\/2020\/05\/pintanlacatedral-focus-0-0-983-557.jpg?resize=350%2C200&ssl=1","width":350,"height":200,"srcset":"https:\/\/i0.wp.com\/www.grieta.org.mx\/wp-content\/uploads\/2020\/05\/pintanlacatedral-focus-0-0-983-557.jpg?resize=350%2C200&ssl=1 1x, https:\/\/i0.wp.com\/www.grieta.org.mx\/wp-content\/uploads\/2020\/05\/pintanlacatedral-focus-0-0-983-557.jpg?resize=525%2C300&ssl=1 1.5x, https:\/\/i0.wp.com\/www.grieta.org.mx\/wp-content\/uploads\/2020\/05\/pintanlacatedral-focus-0-0-983-557.jpg?resize=700%2C400&ssl=1 2x"},"classes":[]},{"id":46046,"url":"https:\/\/www.grieta.org.mx\/index.php\/2020\/03\/04\/alerta-de-genero-ya-exigen-mujeres-desde-guanajuato-capital\/","url_meta":{"origin":41085,"position":4},"title":"&#8216;\u00a1Alerta de g\u00e9nero, ya!&#8217;, exigen mujeres desde Guanajuato capital","author":"grieta","date":"4 marzo, 2020","format":false,"excerpt":"Mujeres de la capital se unen a las protestas para exigir un alto a la violencia. Por: Yajaira Gasca\/ AM Le\u00f3n Guanajuato, 08 de Marzo de 2020 Guanajuato, Guanajuato.- Cientos de mujeres marchan en el Centro de la Capital para unirse a la marcha feminista y exigir un alto a\u2026","rel":"","context":"En &quot;CINTILLO&quot;","block_context":{"text":"CINTILLO","link":"https:\/\/www.grieta.org.mx\/index.php\/category\/cintillo\/"},"img":{"alt_text":"","src":"https:\/\/i0.wp.com\/www.grieta.org.mx\/wp-content\/uploads\/2020\/03\/marchan_en_guanajuato2.jpg_851672003.jpg?resize=350%2C200&ssl=1","width":350,"height":200,"srcset":"https:\/\/i0.wp.com\/www.grieta.org.mx\/wp-content\/uploads\/2020\/03\/marchan_en_guanajuato2.jpg_851672003.jpg?resize=350%2C200&ssl=1 1x, https:\/\/i0.wp.com\/www.grieta.org.mx\/wp-content\/uploads\/2020\/03\/marchan_en_guanajuato2.jpg_851672003.jpg?resize=525%2C300&ssl=1 1.5x, https:\/\/i0.wp.com\/www.grieta.org.mx\/wp-content\/uploads\/2020\/03\/marchan_en_guanajuato2.jpg_851672003.jpg?resize=700%2C400&ssl=1 2x"},"classes":[]},{"id":39037,"url":"https:\/\/www.grieta.org.mx\/index.php\/2019\/09\/01\/un-grupo-de-activistas-busca-amnistia-para-mujeres-criminalizadas-por-abortar-en-mexico-guanajuato\/","url_meta":{"origin":41085,"position":5},"title":"Un grupo de activistas busca amnist\u00eda para mujeres criminalizadas por abortar en M\u00e9xico (Guanajuato)","author":"grieta","date":"1 septiembre, 2019","format":false,"excerpt":"Por Redacci\u00f3n \/ Sin Embargo, 01 de septiembre de 2019 Seg\u00fan el diagn\u00f3stico de criminalizaci\u00f3n de mujeres por aborto y delitos relacionados en M\u00e9xico del a\u00f1o de 2010 al 2017, realizado por la organizaci\u00f3n Las Libres, la Ciudad de M\u00e9xico encabezaba el n\u00famero de denuncias por aborto con 968, seguido\u2026","rel":"","context":"En &quot;CINTILLO&quot;","block_context":{"text":"CINTILLO","link":"https:\/\/www.grieta.org.mx\/index.php\/category\/cintillo\/"},"img":{"alt_text":"","src":"https:\/\/i0.wp.com\/www.grieta.org.mx\/wp-content\/uploads\/2019\/09\/guanajuato-libres.jpg?resize=350%2C200&ssl=1","width":350,"height":200,"srcset":"https:\/\/i0.wp.com\/www.grieta.org.mx\/wp-content\/uploads\/2019\/09\/guanajuato-libres.jpg?resize=350%2C200&ssl=1 1x, https:\/\/i0.wp.com\/www.grieta.org.mx\/wp-content\/uploads\/2019\/09\/guanajuato-libres.jpg?resize=525%2C300&ssl=1 1.5x, https:\/\/i0.wp.com\/www.grieta.org.mx\/wp-content\/uploads\/2019\/09\/guanajuato-libres.jpg?resize=700%2C400&ssl=1 2x, https:\/\/i0.wp.com\/www.grieta.org.mx\/wp-content\/uploads\/2019\/09\/guanajuato-libres.jpg?resize=1050%2C600&ssl=1 3x"},"classes":[]}],"_links":{"self":[{"href":"https:\/\/www.grieta.org.mx\/index.php\/wp-json\/wp\/v2\/posts\/41085","targetHints":{"allow":["GET"]}}],"collection":[{"href":"https:\/\/www.grieta.org.mx\/index.php\/wp-json\/wp\/v2\/posts"}],"about":[{"href":"https:\/\/www.grieta.org.mx\/index.php\/wp-json\/wp\/v2\/types\/post"}],"author":[{"embeddable":true,"href":"https:\/\/www.grieta.org.mx\/index.php\/wp-json\/wp\/v2\/users\/2"}],"replies":[{"embeddable":true,"href":"https:\/\/www.grieta.org.mx\/index.php\/wp-json\/wp\/v2\/comments?post=41085"}],"version-history":[{"count":1,"href":"https:\/\/www.grieta.org.mx\/index.php\/wp-json\/wp\/v2\/posts\/41085\/revisions"}],"predecessor-version":[{"id":41087,"href":"https:\/\/www.grieta.org.mx\/index.php\/wp-json\/wp\/v2\/posts\/41085\/revisions\/41087"}],"wp:featuredmedia":[{"embeddable":true,"href":"https:\/\/www.grieta.org.mx\/index.php\/wp-json\/wp\/v2\/media\/41086"}],"wp:attachment":[{"href":"https:\/\/www.grieta.org.mx\/index.php\/wp-json\/wp\/v2\/media?parent=41085"}],"wp:term":[{"taxonomy":"category","embeddable":true,"href":"https:\/\/www.grieta.org.mx\/index.php\/wp-json\/wp\/v2\/categories?post=41085"},{"taxonomy":"post_tag","embeddable":true,"href":"https:\/\/www.grieta.org.mx\/index.php\/wp-json\/wp\/v2\/tags?post=41085"}],"curies":[{"name":"wp","href":"https:\/\/api.w.org\/{rel}","templated":true}]}}