{"id":4108,"date":"2016-03-18T06:06:55","date_gmt":"2016-03-18T06:06:55","guid":{"rendered":"http:\/\/50.22.11.12\/~grietaor\/?p=4108"},"modified":"2018-03-29T18:52:59","modified_gmt":"2018-03-30T00:52:59","slug":"familias-protestan-por-cese-de-maestros","status":"publish","type":"post","link":"https:\/\/www.grieta.org.mx\/index.php\/2016\/03\/18\/familias-protestan-por-cese-de-maestros\/","title":{"rendered":"Familias protestan por cese de maestros"},"content":{"rendered":"<figure id=\"attachment_4113\" aria-describedby=\"caption-attachment-4113\" style=\"width: 680px\" class=\"wp-caption aligncenter\"><img loading=\"lazy\" decoding=\"async\" data-attachment-id=\"4113\" data-permalink=\"https:\/\/www.grieta.org.mx\/index.php\/2016\/03\/18\/familias-protestan-por-cese-de-maestros\/familias-protestan-cese-maestros\/\" data-orig-file=\"https:\/\/www.grieta.org.mx\/wp-content\/uploads\/2016\/03\/familias-protestan-cese-maestros.jpeg\" data-orig-size=\"1024,683\" data-comments-opened=\"0\" data-image-meta=\"{&quot;aperture&quot;:&quot;0&quot;,&quot;credit&quot;:&quot;&quot;,&quot;camera&quot;:&quot;&quot;,&quot;caption&quot;:&quot;&quot;,&quot;created_timestamp&quot;:&quot;0&quot;,&quot;copyright&quot;:&quot;&quot;,&quot;focal_length&quot;:&quot;0&quot;,&quot;iso&quot;:&quot;0&quot;,&quot;shutter_speed&quot;:&quot;0&quot;,&quot;title&quot;:&quot;&quot;,&quot;orientation&quot;:&quot;0&quot;}\" data-image-title=\"Familias protestan contra cese de maestros\" data-image-description=\"\" data-image-caption=\"&lt;p&gt;Inconformes. Madres de familia acuden a la Subsecretar\u00eda de Educaci\u00f3n a manifestarse en apoyo a maestros contra la reforma.&lt;\/p&gt;\n\" data-medium-file=\"https:\/\/www.grieta.org.mx\/wp-content\/uploads\/2016\/03\/familias-protestan-cese-maestros-300x200.jpeg\" data-large-file=\"https:\/\/www.grieta.org.mx\/wp-content\/uploads\/2016\/03\/familias-protestan-cese-maestros-1024x683.jpeg\" class=\"wp-image-4113\" src=\"http:\/\/grieta.org.mx\/wp-content\/uploads\/2016\/03\/familias-protestan-cese-maestros-300x200.jpeg\" alt=\"Inconformes. Madres de familia acuden a la Subsecretar\u00eda de Educaci\u00f3n a manifestarse en apoyo a maestros contra la reforma.\" width=\"680\" height=\"454\" srcset=\"https:\/\/www.grieta.org.mx\/wp-content\/uploads\/2016\/03\/familias-protestan-cese-maestros-300x200.jpeg 300w, https:\/\/www.grieta.org.mx\/wp-content\/uploads\/2016\/03\/familias-protestan-cese-maestros-768x512.jpeg 768w, https:\/\/www.grieta.org.mx\/wp-content\/uploads\/2016\/03\/familias-protestan-cese-maestros.jpeg 1024w\" sizes=\"auto, (max-width: 680px) 100vw, 680px\" \/><figcaption id=\"caption-attachment-4113\" class=\"wp-caption-text\">Inconformes. Madres de familia acuden a la Subsecretar\u00eda de Educaci\u00f3n a manifestarse en apoyo a maestros contra la reforma.<\/figcaption><\/figure>\n<p>CLAUDIA LANDEROS<br \/>\nEl siglo de torre\u00f3n<\/p>\n<p>Una comisi\u00f3n de madres de familia de tres colonias de G\u00f3mez Palacio, El Mezquital, Solidaridad y Leticia Herrera acudieron a manifestarse a las oficinas de la Subsecretar\u00eda de Educaci\u00f3n en la regi\u00f3n Lagunera, exponiendo principalmente su molestia ante el cese de maestros que no presentaron la prueba de desempe\u00f1o.<\/p>\n<p>Mostraron su apoyo a maestros que est\u00e1n en esta situaci\u00f3n y que pertenecen a las escuelas de dichas colonias, adem\u00e1s de asegurar que est\u00e1n de parte de los docentes en su postura en contra de la Reforma Educativa.<\/p>\n<p>Tambi\u00e9n se presentaron algunos maestros de la Coordinadora Nacional de Trabajadores de la Educaci\u00f3n (CNTE) y del Movimiento Magisterial, quienes se\u00f1alaron que esta evaluaci\u00f3n, es un pretexto del gobierno para despedir a los maestros que tienen plaza base y reemplazarlos con profesionistas de otras carreras y contratarlos como eventuales.<\/p>\n<p>El representante de la coordinadora en la regi\u00f3n, Francisco Javier Ortiz, dijo que algunos maestros de la entidad han sufrido hostigamiento, fueron cateadas algunas de sus casas al no someterse a este tipo de acciones como la evaluaci\u00f3n.<\/p>\n<p>Destac\u00f3 que en la regi\u00f3n, alrededor de 14 maestros son los que se encuentran en esta situaci\u00f3n, entre ellas, una docente de la escuela primaria Gregorio Torres Quintero de la colonia El Mezquital de G\u00f3mez Palacio, por ello acudieron las madres de los alumnos de la misma para inconformarse por el caso particular de esta profesora.<\/p>\n<p>A la subsecretar\u00eda, acudieron cerca de 50 personas y fueron atendidas por funcionarios, a quienes externaron sus inconformidades.<\/p>\n<p><strong>Inconformes<\/strong><\/p>\n<p>Madres de familia y maestros argumentan:<\/p>\n<p><strong>? Un rechazo total a las acciones de la Reforma Educativa.<\/p>\n<p>? No a privatizar la educaci\u00f3n y a que las cuotas voluntarias sean obligatorias.<\/p>\n<p>? Que se respete el trabajo y las plazas de los maestros.<\/strong><\/p>\n<p><a href=\"https:\/\/www.elsiglodetorreon.com.mx\/noticia\/1207221.familias-protestan-por-cese-de-maestros.html\" target=\"_blank\">https:\/\/www.elsiglodetorreon.com.mx\/noticia\/1207221.familias-protestan-por-cese-de-maestros.html<\/a><\/p>\n","protected":false},"excerpt":{"rendered":"<p>CLAUDIA LANDEROS El siglo de torre\u00f3n Una comisi\u00f3n de madres de familia de tres colonias de G\u00f3mez Palacio, El Mezquital, Solidaridad y Leticia Herrera acudieron a manifestarse a las oficinas &hellip; <a href=\"https:\/\/www.grieta.org.mx\/index.php\/2016\/03\/18\/familias-protestan-por-cese-de-maestros\/\" class=\"more-link\">Leer m\u00e1s<\/a><\/p>\n","protected":false},"author":2,"featured_media":21928,"comment_status":"closed","ping_status":"open","sticky":false,"template":"","format":"standard","meta":{"ngg_post_thumbnail":0,"_jetpack_newsletter_access":"","_jetpack_dont_email_post_to_subs":false,"_jetpack_newsletter_tier_id":0,"_jetpack_memberships_contains_paywalled_content":false,"_jetpack_memberships_contains_paid_content":false,"footnotes":""},"categories":[80,15,1114],"tags":[163,249,180,135],"class_list":["post-4108","post","type-post","status-publish","format-standard","has-post-thumbnail","hentry","category-cintillo","category-durango","category-movilizaciones-contra-la-reforma-educativa-y-evaluacion-magisterial-en-durango","tag-despidos","tag-hostigamiento","tag-protesta","tag-reforma-educativa","entry"],"jetpack_featured_media_url":"https:\/\/www.grieta.org.mx\/wp-content\/uploads\/2018\/03\/14524434_1106112876131411_958039263622046936_o.jpg","jetpack_sharing_enabled":true,"jetpack_shortlink":"https:\/\/wp.me\/p7ZJR4-14g","jetpack_likes_enabled":false,"jetpack-related-posts":[{"id":17615,"url":"https:\/\/www.grieta.org.mx\/index.php\/2016\/07\/24\/maestros-vuelven-a-manifestarse-contra-reforma-educativa-campeche\/","url_meta":{"origin":4108,"position":0},"title":"Maestros vuelven a manifestarse contra Reforma Educativa (Campeche)","author":"grieta","date":"24 julio, 2016","format":false,"excerpt":"Maestros, padres de familia e integrantes de la sociedad civil se volvieron a manifestar en las calles del Centro Hist\u00f3rico contra la mal llamada Reforma Educativa y realizaron un mitin en el parque principal de la capital campechana, encabezados por la Coordinadora Estatal de Trabajadores de la Educaci\u00f3n de Campeche\u2026","rel":"","context":"En &quot;campeche&quot;","block_context":{"text":"campeche","link":"https:\/\/www.grieta.org.mx\/index.php\/category\/campeche\/"},"img":{"alt_text":"","src":"https:\/\/i0.wp.com\/www.grieta.org.mx\/wp-content\/uploads\/2018\/03\/14524434_1106112876131411_958039263622046936_o.jpg?resize=350%2C200&ssl=1","width":350,"height":200,"srcset":"https:\/\/i0.wp.com\/www.grieta.org.mx\/wp-content\/uploads\/2018\/03\/14524434_1106112876131411_958039263622046936_o.jpg?resize=350%2C200&ssl=1 1x, https:\/\/i0.wp.com\/www.grieta.org.mx\/wp-content\/uploads\/2018\/03\/14524434_1106112876131411_958039263622046936_o.jpg?resize=525%2C300&ssl=1 1.5x, https:\/\/i0.wp.com\/www.grieta.org.mx\/wp-content\/uploads\/2018\/03\/14524434_1106112876131411_958039263622046936_o.jpg?resize=700%2C400&ssl=1 2x"},"classes":[]},{"id":2223,"url":"https:\/\/www.grieta.org.mx\/index.php\/2015\/12\/06\/maestros-se-manifiestan-para-pedir-respaldo-de-la-ciudadania\/","url_meta":{"origin":4108,"position":1},"title":"Maestros se manifiestan para pedir respaldo de la ciudadan\u00eda","author":"grieta","date":"6 diciembre, 2015","format":false,"excerpt":"Pueblo Nuevo, Dgo.- Aproximadamente 250 maestros de distintas instituciones educativas que forman parte del magisterio unido, se manifestaron en la plaza de esta cabecera municipal para pedirle a la ciudadan\u00eda su apoyo y respaldo en las actividades que realizan en contra de la reforma educativa. En entrevista con uno de\u2026","rel":"","context":"En &quot;CINTILLO&quot;","block_context":{"text":"CINTILLO","link":"https:\/\/www.grieta.org.mx\/index.php\/category\/cintillo\/"},"img":{"alt_text":"","src":"https:\/\/i0.wp.com\/www.grieta.org.mx\/wp-content\/uploads\/2018\/03\/14524434_1106112876131411_958039263622046936_o.jpg?resize=350%2C200&ssl=1","width":350,"height":200,"srcset":"https:\/\/i0.wp.com\/www.grieta.org.mx\/wp-content\/uploads\/2018\/03\/14524434_1106112876131411_958039263622046936_o.jpg?resize=350%2C200&ssl=1 1x, https:\/\/i0.wp.com\/www.grieta.org.mx\/wp-content\/uploads\/2018\/03\/14524434_1106112876131411_958039263622046936_o.jpg?resize=525%2C300&ssl=1 1.5x, https:\/\/i0.wp.com\/www.grieta.org.mx\/wp-content\/uploads\/2018\/03\/14524434_1106112876131411_958039263622046936_o.jpg?resize=700%2C400&ssl=1 2x"},"classes":[]},{"id":4481,"url":"https:\/\/www.grieta.org.mx\/index.php\/2016\/03\/22\/cientos-de-maestros-se-manifiestan-en-vicente-guerrero\/","url_meta":{"origin":4108,"position":2},"title":"Cientos de maestros se manifiestan en Vicente Guerrero","author":"grieta","date":"22 marzo, 2016","format":false,"excerpt":"Por: Gerardo Talavera Vicente Guerrero, Dgo.- El d\u00eda martes, cientos de maestros marcharon por las principales calles de este municipio, en apoyo a los docentes detenidos por el Gobierno estatal, mismos que est\u00e1n presos en el cereso por exigir sus derechos, y estar en contra de la mal llamada Reforma\u2026","rel":"","context":"En &quot;CINTILLO&quot;","block_context":{"text":"CINTILLO","link":"https:\/\/www.grieta.org.mx\/index.php\/category\/cintillo\/"},"img":{"alt_text":"","src":"https:\/\/i0.wp.com\/www.grieta.org.mx\/wp-content\/uploads\/2018\/03\/14524434_1106112876131411_958039263622046936_o.jpg?resize=350%2C200&ssl=1","width":350,"height":200,"srcset":"https:\/\/i0.wp.com\/www.grieta.org.mx\/wp-content\/uploads\/2018\/03\/14524434_1106112876131411_958039263622046936_o.jpg?resize=350%2C200&ssl=1 1x, https:\/\/i0.wp.com\/www.grieta.org.mx\/wp-content\/uploads\/2018\/03\/14524434_1106112876131411_958039263622046936_o.jpg?resize=525%2C300&ssl=1 1.5x, https:\/\/i0.wp.com\/www.grieta.org.mx\/wp-content\/uploads\/2018\/03\/14524434_1106112876131411_958039263622046936_o.jpg?resize=700%2C400&ssl=1 2x"},"classes":[]},{"id":14915,"url":"https:\/\/www.grieta.org.mx\/index.php\/2016\/06\/23\/marchan-maestros-de-la-laguna-en-apoyo-a-docentes-de-oaxaca\/","url_meta":{"origin":4108,"position":3},"title":"Los maestros laguneros se unen a las protestas","author":"grieta","date":"23 junio, 2016","format":false,"excerpt":"TORRE\u00d3N, COAH.- Maestros de la Comarca Lagunera realizaron una movilizaci\u00f3n masiva en contra de la Reforma Educativa, ayer mi\u00e9rcoles por la tarde. Fue a las 18:00 horas que docentes de la Laguna de Durango se reunieron frente al museo Francisco Sarabia de Ciudad Lerdo, desde ah\u00ed marcharon por el bulevar\u2026","rel":"","context":"En &quot;CINTILLO&quot;","block_context":{"text":"CINTILLO","link":"https:\/\/www.grieta.org.mx\/index.php\/category\/cintillo\/"},"img":{"alt_text":"","src":"https:\/\/i0.wp.com\/www.grieta.org.mx\/wp-content\/uploads\/2018\/03\/14524434_1106112876131411_958039263622046936_o.jpg?resize=350%2C200&ssl=1","width":350,"height":200,"srcset":"https:\/\/i0.wp.com\/www.grieta.org.mx\/wp-content\/uploads\/2018\/03\/14524434_1106112876131411_958039263622046936_o.jpg?resize=350%2C200&ssl=1 1x, https:\/\/i0.wp.com\/www.grieta.org.mx\/wp-content\/uploads\/2018\/03\/14524434_1106112876131411_958039263622046936_o.jpg?resize=525%2C300&ssl=1 1.5x, https:\/\/i0.wp.com\/www.grieta.org.mx\/wp-content\/uploads\/2018\/03\/14524434_1106112876131411_958039263622046936_o.jpg?resize=700%2C400&ssl=1 2x"},"classes":[]},{"id":571,"url":"https:\/\/www.grieta.org.mx\/index.php\/2016\/09\/12\/movilizaciones-de-maestros-en-campeche-por-evaluacion-al-desempeno-y-reforma-educativa\/","url_meta":{"origin":4108,"position":4},"title":"Movilizaciones contra la Reforma Educativa y evaluaci\u00f3n magisterial en Campeche","author":"grieta","date":"12 septiembre, 2016","format":false,"excerpt":"12\/09\/16. Protestan en contra de reforma educativa (Campeche) El Expreso 24\/07\/16. Maestros vuelven a manifestarse contra Reforma Educativa (Campeche) P\u00e1gin@bierta 17\/07\/16. Maestros de Cetec exigen abrogar reforma educativa (Campeche) Tribuna 12\/07\/16. Campeche presente en las negociaciones de CNTE con Gobernaci\u00f3n P\u00e1gin@bierta 07\/07\/16. Volanteo y boteo de maestros democr\u00e1ticos en caseta\u2026","rel":"","context":"En &quot;Campeche&quot;","block_context":{"text":"Campeche","link":"https:\/\/www.grieta.org.mx\/index.php\/category\/noticias-nacionales\/campeche\/"},"img":{"alt_text":"","src":"https:\/\/i0.wp.com\/www.grieta.org.mx\/wp-content\/uploads\/2018\/03\/14524434_1106112876131411_958039263622046936_o.jpg?resize=350%2C200&ssl=1","width":350,"height":200,"srcset":"https:\/\/i0.wp.com\/www.grieta.org.mx\/wp-content\/uploads\/2018\/03\/14524434_1106112876131411_958039263622046936_o.jpg?resize=350%2C200&ssl=1 1x, https:\/\/i0.wp.com\/www.grieta.org.mx\/wp-content\/uploads\/2018\/03\/14524434_1106112876131411_958039263622046936_o.jpg?resize=525%2C300&ssl=1 1.5x, https:\/\/i0.wp.com\/www.grieta.org.mx\/wp-content\/uploads\/2018\/03\/14524434_1106112876131411_958039263622046936_o.jpg?resize=700%2C400&ssl=1 2x"},"classes":[]},{"id":15182,"url":"https:\/\/www.grieta.org.mx\/index.php\/2016\/06\/23\/magisterio-de-nuevo-ideal-marcha-en-apoyo-a-los-maestros-y-del-pueblo-de-oaxaca\/","url_meta":{"origin":4108,"position":5},"title":"Magisterio de Nuevo Ideal marcha en apoyo a los maestros y del pueblo de Oaxaca.","author":"grieta","date":"23 junio, 2016","format":false,"excerpt":"Por: Nidia D\u00edaz Nuevo Ideal, Dgo.- El pasado jueves a temprana hora el magisterio organiz\u00f3 una marcha donde participaron maestros de preescolar, primaria, secundaria y preparatoria en apoyo a los docentes de Oaxaca, quienes el pasado domingo protestaron en Nochixtl\u00e1n contra la Reforma Educativa y se enfrentaron con Polic\u00edas Federales\u2026","rel":"","context":"En &quot;CINTILLO&quot;","block_context":{"text":"CINTILLO","link":"https:\/\/www.grieta.org.mx\/index.php\/category\/cintillo\/"},"img":{"alt_text":"","src":"https:\/\/i0.wp.com\/www.grieta.org.mx\/wp-content\/uploads\/2018\/03\/14524434_1106112876131411_958039263622046936_o.jpg?resize=350%2C200&ssl=1","width":350,"height":200,"srcset":"https:\/\/i0.wp.com\/www.grieta.org.mx\/wp-content\/uploads\/2018\/03\/14524434_1106112876131411_958039263622046936_o.jpg?resize=350%2C200&ssl=1 1x, https:\/\/i0.wp.com\/www.grieta.org.mx\/wp-content\/uploads\/2018\/03\/14524434_1106112876131411_958039263622046936_o.jpg?resize=525%2C300&ssl=1 1.5x, https:\/\/i0.wp.com\/www.grieta.org.mx\/wp-content\/uploads\/2018\/03\/14524434_1106112876131411_958039263622046936_o.jpg?resize=700%2C400&ssl=1 2x"},"classes":[]}],"_links":{"self":[{"href":"https:\/\/www.grieta.org.mx\/index.php\/wp-json\/wp\/v2\/posts\/4108","targetHints":{"allow":["GET"]}}],"collection":[{"href":"https:\/\/www.grieta.org.mx\/index.php\/wp-json\/wp\/v2\/posts"}],"about":[{"href":"https:\/\/www.grieta.org.mx\/index.php\/wp-json\/wp\/v2\/types\/post"}],"author":[{"embeddable":true,"href":"https:\/\/www.grieta.org.mx\/index.php\/wp-json\/wp\/v2\/users\/2"}],"replies":[{"embeddable":true,"href":"https:\/\/www.grieta.org.mx\/index.php\/wp-json\/wp\/v2\/comments?post=4108"}],"version-history":[{"count":1,"href":"https:\/\/www.grieta.org.mx\/index.php\/wp-json\/wp\/v2\/posts\/4108\/revisions"}],"predecessor-version":[{"id":22380,"href":"https:\/\/www.grieta.org.mx\/index.php\/wp-json\/wp\/v2\/posts\/4108\/revisions\/22380"}],"wp:featuredmedia":[{"embeddable":true,"href":"https:\/\/www.grieta.org.mx\/index.php\/wp-json\/wp\/v2\/media\/21928"}],"wp:attachment":[{"href":"https:\/\/www.grieta.org.mx\/index.php\/wp-json\/wp\/v2\/media?parent=4108"}],"wp:term":[{"taxonomy":"category","embeddable":true,"href":"https:\/\/www.grieta.org.mx\/index.php\/wp-json\/wp\/v2\/categories?post=4108"},{"taxonomy":"post_tag","embeddable":true,"href":"https:\/\/www.grieta.org.mx\/index.php\/wp-json\/wp\/v2\/tags?post=4108"}],"curies":[{"name":"wp","href":"https:\/\/api.w.org\/{rel}","templated":true}]}}