{"id":4095,"date":"2016-03-18T03:24:01","date_gmt":"2016-03-18T03:24:01","guid":{"rendered":"http:\/\/50.22.11.12\/~grietaor\/?p=4095"},"modified":"2018-03-29T18:53:16","modified_gmt":"2018-03-30T00:53:16","slug":"maestros-se-manifiestan-por-la-libre-expresion","status":"publish","type":"post","link":"https:\/\/www.grieta.org.mx\/index.php\/2016\/03\/18\/maestros-se-manifiestan-por-la-libre-expresion\/","title":{"rendered":"Maestros se manifiestan por la libre expresi\u00f3n"},"content":{"rendered":"<p>Edgar Delfin<\/p>\n<p>Cientos de maestros desesperados por la represi\u00f3n de del gobierno y de las autoridades, marcharon para exigir la liberaci\u00f3n se los dos maestros que se encuentran presos.<\/p>\n<p>Adem\u00e1s exigiron que cesen las agresiones en su contra ya que solo est\u00e1n defendiendo sus derechos como maestros y padres de familia.<\/p>\n<p>Esta marcha denominada \u201d marcha silenciosa\u201d, consisti\u00f3 en amordazarse el rostro con la finalidad de mostrar que la Ley de expresi\u00f3n no puede ser recriminada.<\/p>\n<p>Es por eso que hoy docentes, padres de familia y alumnos mostraron su repudio hacia el gobierno y sus autoridades.<\/p>\n<p>Cabe destacar que actulmnete algunos maestros se encuentran escondidos por el temor ha ser detenidos, pues se especula que la Fiscal\u00eda General del Estado (FGD), tiene 20 ordenes de aprensi\u00f3n en su contra.<\/p>\n<div class=\"jetpack-video-wrapper\"><iframe loading=\"lazy\" title=\"No queremos que Durango sea otro Ayotzinapa\u201d: Docentes\" width=\"1170\" height=\"878\" src=\"https:\/\/www.youtube.com\/embed\/rHBZVo3A6i8?feature=oembed\" frameborder=\"0\" allow=\"accelerometer; autoplay; clipboard-write; encrypted-media; gyroscope; picture-in-picture\" allowfullscreen><\/iframe><\/div>\n<p><a href=\"http:\/\/www.durangoaldia.com\/maestros-se-manifiestan-la-libre-expresion\/2016\/03\" target=\"_blank\">http:\/\/www.durangoaldia.com\/maestros-se-manifiestan-la-libre-expresion\/2016\/03<\/a><\/p>\n","protected":false},"excerpt":{"rendered":"<p>Edgar Delfin Cientos de maestros desesperados por la represi\u00f3n de del gobierno y de las autoridades, marcharon para exigir la liberaci\u00f3n se los dos maestros que se encuentran presos. Adem\u00e1s &hellip; <a href=\"https:\/\/www.grieta.org.mx\/index.php\/2016\/03\/18\/maestros-se-manifiestan-por-la-libre-expresion\/\" class=\"more-link\">Leer m\u00e1s<\/a><\/p>\n","protected":false},"author":2,"featured_media":21928,"comment_status":"closed","ping_status":"open","sticky":false,"template":"","format":"standard","meta":{"ngg_post_thumbnail":0,"_jetpack_newsletter_access":"","_jetpack_dont_email_post_to_subs":false,"_jetpack_newsletter_tier_id":0,"_jetpack_memberships_contains_paywalled_content":false,"_jetpack_memberships_contains_paid_content":false,"footnotes":""},"categories":[80,15,1114],"tags":[278,133,135,130],"class_list":["post-4095","post","type-post","status-publish","format-standard","has-post-thumbnail","hentry","category-cintillo","category-durango","category-movilizaciones-contra-la-reforma-educativa-y-evaluacion-magisterial-en-durango","tag-libertad-expresion","tag-maestros","tag-reforma-educativa","tag-represion","entry"],"jetpack_featured_media_url":"https:\/\/www.grieta.org.mx\/wp-content\/uploads\/2018\/03\/14524434_1106112876131411_958039263622046936_o.jpg","jetpack_sharing_enabled":true,"jetpack_shortlink":"https:\/\/wp.me\/p7ZJR4-143","jetpack_likes_enabled":false,"jetpack-related-posts":[{"id":4494,"url":"https:\/\/www.grieta.org.mx\/index.php\/2016\/03\/19\/algunos-400-marcharon-contra-la-represion-al-magisterio\/","url_meta":{"origin":4095,"position":0},"title":"Algunos 400 marcharon contra la represi\u00f3n al magisterio","author":"grieta","date":"19 marzo, 2016","format":false,"excerpt":"*Con velas, vestidos de blanco y un ata\u00fad Por Martha Casas Durango, Dgo. La cita fue las 18:00 horas en el jard\u00edn de San Antonio de esta ciudad, ah\u00ed empezaron a reunirse los marchantes, algunos maestros, padres de familia y hasta ni\u00f1os, salieron minutos despu\u00e9s de las 19:00 horas con\u2026","rel":"","context":"En &quot;CINTILLO&quot;","block_context":{"text":"CINTILLO","link":"https:\/\/www.grieta.org.mx\/index.php\/category\/cintillo\/"},"img":{"alt_text":"","src":"https:\/\/i0.wp.com\/www.grieta.org.mx\/wp-content\/uploads\/2018\/03\/14524434_1106112876131411_958039263622046936_o.jpg?resize=350%2C200&ssl=1","width":350,"height":200,"srcset":"https:\/\/i0.wp.com\/www.grieta.org.mx\/wp-content\/uploads\/2018\/03\/14524434_1106112876131411_958039263622046936_o.jpg?resize=350%2C200&ssl=1 1x, https:\/\/i0.wp.com\/www.grieta.org.mx\/wp-content\/uploads\/2018\/03\/14524434_1106112876131411_958039263622046936_o.jpg?resize=525%2C300&ssl=1 1.5x, https:\/\/i0.wp.com\/www.grieta.org.mx\/wp-content\/uploads\/2018\/03\/14524434_1106112876131411_958039263622046936_o.jpg?resize=700%2C400&ssl=1 2x"},"classes":[]},{"id":2223,"url":"https:\/\/www.grieta.org.mx\/index.php\/2015\/12\/06\/maestros-se-manifiestan-para-pedir-respaldo-de-la-ciudadania\/","url_meta":{"origin":4095,"position":1},"title":"Maestros se manifiestan para pedir respaldo de la ciudadan\u00eda","author":"grieta","date":"6 diciembre, 2015","format":false,"excerpt":"Pueblo Nuevo, Dgo.- Aproximadamente 250 maestros de distintas instituciones educativas que forman parte del magisterio unido, se manifestaron en la plaza de esta cabecera municipal para pedirle a la ciudadan\u00eda su apoyo y respaldo en las actividades que realizan en contra de la reforma educativa. En entrevista con uno de\u2026","rel":"","context":"En &quot;CINTILLO&quot;","block_context":{"text":"CINTILLO","link":"https:\/\/www.grieta.org.mx\/index.php\/category\/cintillo\/"},"img":{"alt_text":"","src":"https:\/\/i0.wp.com\/www.grieta.org.mx\/wp-content\/uploads\/2018\/03\/14524434_1106112876131411_958039263622046936_o.jpg?resize=350%2C200&ssl=1","width":350,"height":200,"srcset":"https:\/\/i0.wp.com\/www.grieta.org.mx\/wp-content\/uploads\/2018\/03\/14524434_1106112876131411_958039263622046936_o.jpg?resize=350%2C200&ssl=1 1x, https:\/\/i0.wp.com\/www.grieta.org.mx\/wp-content\/uploads\/2018\/03\/14524434_1106112876131411_958039263622046936_o.jpg?resize=525%2C300&ssl=1 1.5x, https:\/\/i0.wp.com\/www.grieta.org.mx\/wp-content\/uploads\/2018\/03\/14524434_1106112876131411_958039263622046936_o.jpg?resize=700%2C400&ssl=1 2x"},"classes":[]},{"id":4481,"url":"https:\/\/www.grieta.org.mx\/index.php\/2016\/03\/22\/cientos-de-maestros-se-manifiestan-en-vicente-guerrero\/","url_meta":{"origin":4095,"position":2},"title":"Cientos de maestros se manifiestan en Vicente Guerrero","author":"grieta","date":"22 marzo, 2016","format":false,"excerpt":"Por: Gerardo Talavera Vicente Guerrero, Dgo.- El d\u00eda martes, cientos de maestros marcharon por las principales calles de este municipio, en apoyo a los docentes detenidos por el Gobierno estatal, mismos que est\u00e1n presos en el cereso por exigir sus derechos, y estar en contra de la mal llamada Reforma\u2026","rel":"","context":"En &quot;CINTILLO&quot;","block_context":{"text":"CINTILLO","link":"https:\/\/www.grieta.org.mx\/index.php\/category\/cintillo\/"},"img":{"alt_text":"","src":"https:\/\/i0.wp.com\/www.grieta.org.mx\/wp-content\/uploads\/2018\/03\/14524434_1106112876131411_958039263622046936_o.jpg?resize=350%2C200&ssl=1","width":350,"height":200,"srcset":"https:\/\/i0.wp.com\/www.grieta.org.mx\/wp-content\/uploads\/2018\/03\/14524434_1106112876131411_958039263622046936_o.jpg?resize=350%2C200&ssl=1 1x, https:\/\/i0.wp.com\/www.grieta.org.mx\/wp-content\/uploads\/2018\/03\/14524434_1106112876131411_958039263622046936_o.jpg?resize=525%2C300&ssl=1 1.5x, https:\/\/i0.wp.com\/www.grieta.org.mx\/wp-content\/uploads\/2018\/03\/14524434_1106112876131411_958039263622046936_o.jpg?resize=700%2C400&ssl=1 2x"},"classes":[]},{"id":3069,"url":"https:\/\/www.grieta.org.mx\/index.php\/2015\/07\/01\/marchan-maestros-en-tamaulipas-contra-la-reforma-educativa\/","url_meta":{"origin":4095,"position":3},"title":"Marchan maestros en Tamaulipas contra la reforma educativa","author":"grieta","date":"1 julio, 2015","format":false,"excerpt":"La Jornada Mart\u00edn S\u00e1nchez Trevi\u00f1o Cd. Victoria, Tamps. Unos 600 profesores y padres de familia de los municipios de Villagr\u00e1n, Mainero e Hidalgo, en los l\u00edmites con Nuevo Le\u00f3n, marcharon esta ma\u00f1ana sobre la carretera nacional, y la bloquearon temporalmente para protestar contra la reforma educativa. Entre sus demandas, los\u2026","rel":"","context":"En &quot;CINTILLO&quot;","block_context":{"text":"CINTILLO","link":"https:\/\/www.grieta.org.mx\/index.php\/category\/cintillo\/"},"img":{"alt_text":"","src":"https:\/\/i0.wp.com\/www.grieta.org.mx\/wp-content\/uploads\/2018\/03\/14524434_1106112876131411_958039263622046936_o.jpg?resize=350%2C200&ssl=1","width":350,"height":200,"srcset":"https:\/\/i0.wp.com\/www.grieta.org.mx\/wp-content\/uploads\/2018\/03\/14524434_1106112876131411_958039263622046936_o.jpg?resize=350%2C200&ssl=1 1x, https:\/\/i0.wp.com\/www.grieta.org.mx\/wp-content\/uploads\/2018\/03\/14524434_1106112876131411_958039263622046936_o.jpg?resize=525%2C300&ssl=1 1.5x, https:\/\/i0.wp.com\/www.grieta.org.mx\/wp-content\/uploads\/2018\/03\/14524434_1106112876131411_958039263622046936_o.jpg?resize=700%2C400&ssl=1 2x"},"classes":[]},{"id":15851,"url":"https:\/\/www.grieta.org.mx\/index.php\/2016\/07\/02\/padres-de-familia-bloquean-autopista-en-apoyo-a-maestros-del-cnte\/","url_meta":{"origin":4095,"position":4},"title":"Padres de familia bloquean autopista en apoyo a maestros del CNTE","author":"grieta","date":"2 julio, 2016","format":false,"excerpt":"Chalco, M\u00e9x.- 2 de Julio 2016.- Una centena de padres de familia, estudiantes y profesores de la Preparatoria n\u00famero 30 del municipio de Chalco realizaron manifestaci\u00f3n en la caseta de cobro n\u00famero 71 de Caminos y Puentes Federales (CAPUFE), en apoyo a los maestros de la Coordinadora Nacional de Trabajadores\u2026","rel":"","context":"En &quot;CINTILLO&quot;","block_context":{"text":"CINTILLO","link":"https:\/\/www.grieta.org.mx\/index.php\/category\/cintillo\/"},"img":{"alt_text":"","src":"https:\/\/i0.wp.com\/www.grieta.org.mx\/wp-content\/uploads\/2018\/03\/14524434_1106112876131411_958039263622046936_o.jpg?resize=350%2C200&ssl=1","width":350,"height":200,"srcset":"https:\/\/i0.wp.com\/www.grieta.org.mx\/wp-content\/uploads\/2018\/03\/14524434_1106112876131411_958039263622046936_o.jpg?resize=350%2C200&ssl=1 1x, https:\/\/i0.wp.com\/www.grieta.org.mx\/wp-content\/uploads\/2018\/03\/14524434_1106112876131411_958039263622046936_o.jpg?resize=525%2C300&ssl=1 1.5x, https:\/\/i0.wp.com\/www.grieta.org.mx\/wp-content\/uploads\/2018\/03\/14524434_1106112876131411_958039263622046936_o.jpg?resize=700%2C400&ssl=1 2x"},"classes":[]},{"id":15182,"url":"https:\/\/www.grieta.org.mx\/index.php\/2016\/06\/23\/magisterio-de-nuevo-ideal-marcha-en-apoyo-a-los-maestros-y-del-pueblo-de-oaxaca\/","url_meta":{"origin":4095,"position":5},"title":"Magisterio de Nuevo Ideal marcha en apoyo a los maestros y del pueblo de Oaxaca.","author":"grieta","date":"23 junio, 2016","format":false,"excerpt":"Por: Nidia D\u00edaz Nuevo Ideal, Dgo.- El pasado jueves a temprana hora el magisterio organiz\u00f3 una marcha donde participaron maestros de preescolar, primaria, secundaria y preparatoria en apoyo a los docentes de Oaxaca, quienes el pasado domingo protestaron en Nochixtl\u00e1n contra la Reforma Educativa y se enfrentaron con Polic\u00edas Federales\u2026","rel":"","context":"En &quot;CINTILLO&quot;","block_context":{"text":"CINTILLO","link":"https:\/\/www.grieta.org.mx\/index.php\/category\/cintillo\/"},"img":{"alt_text":"","src":"https:\/\/i0.wp.com\/www.grieta.org.mx\/wp-content\/uploads\/2018\/03\/14524434_1106112876131411_958039263622046936_o.jpg?resize=350%2C200&ssl=1","width":350,"height":200,"srcset":"https:\/\/i0.wp.com\/www.grieta.org.mx\/wp-content\/uploads\/2018\/03\/14524434_1106112876131411_958039263622046936_o.jpg?resize=350%2C200&ssl=1 1x, https:\/\/i0.wp.com\/www.grieta.org.mx\/wp-content\/uploads\/2018\/03\/14524434_1106112876131411_958039263622046936_o.jpg?resize=525%2C300&ssl=1 1.5x, https:\/\/i0.wp.com\/www.grieta.org.mx\/wp-content\/uploads\/2018\/03\/14524434_1106112876131411_958039263622046936_o.jpg?resize=700%2C400&ssl=1 2x"},"classes":[]}],"_links":{"self":[{"href":"https:\/\/www.grieta.org.mx\/index.php\/wp-json\/wp\/v2\/posts\/4095","targetHints":{"allow":["GET"]}}],"collection":[{"href":"https:\/\/www.grieta.org.mx\/index.php\/wp-json\/wp\/v2\/posts"}],"about":[{"href":"https:\/\/www.grieta.org.mx\/index.php\/wp-json\/wp\/v2\/types\/post"}],"author":[{"embeddable":true,"href":"https:\/\/www.grieta.org.mx\/index.php\/wp-json\/wp\/v2\/users\/2"}],"replies":[{"embeddable":true,"href":"https:\/\/www.grieta.org.mx\/index.php\/wp-json\/wp\/v2\/comments?post=4095"}],"version-history":[{"count":1,"href":"https:\/\/www.grieta.org.mx\/index.php\/wp-json\/wp\/v2\/posts\/4095\/revisions"}],"predecessor-version":[{"id":4096,"href":"https:\/\/www.grieta.org.mx\/index.php\/wp-json\/wp\/v2\/posts\/4095\/revisions\/4096"}],"wp:featuredmedia":[{"embeddable":true,"href":"https:\/\/www.grieta.org.mx\/index.php\/wp-json\/wp\/v2\/media\/21928"}],"wp:attachment":[{"href":"https:\/\/www.grieta.org.mx\/index.php\/wp-json\/wp\/v2\/media?parent=4095"}],"wp:term":[{"taxonomy":"category","embeddable":true,"href":"https:\/\/www.grieta.org.mx\/index.php\/wp-json\/wp\/v2\/categories?post=4095"},{"taxonomy":"post_tag","embeddable":true,"href":"https:\/\/www.grieta.org.mx\/index.php\/wp-json\/wp\/v2\/tags?post=4095"}],"curies":[{"name":"wp","href":"https:\/\/api.w.org\/{rel}","templated":true}]}}