{"id":40921,"date":"2019-10-30T13:22:04","date_gmt":"2019-10-30T19:22:04","guid":{"rendered":"http:\/\/www.grieta.org.mx\/?p=40921"},"modified":"2019-11-05T13:27:21","modified_gmt":"2019-11-05T19:27:21","slug":"denuncian-aumento-de-secuestros-de-migrantes-en-tabasco-aunque-autoridades-lo-niegan","status":"publish","type":"post","link":"https:\/\/www.grieta.org.mx\/index.php\/2019\/10\/30\/denuncian-aumento-de-secuestros-de-migrantes-en-tabasco-aunque-autoridades-lo-niegan\/","title":{"rendered":"Denuncian aumento de secuestros de migrantes en Tabasco, aunque autoridades lo niegan"},"content":{"rendered":"<figure id=\"attachment_40922\" aria-describedby=\"caption-attachment-40922\" style=\"width: 800px\" class=\"wp-caption aligncenter\"><img loading=\"lazy\" decoding=\"async\" data-attachment-id=\"40922\" data-permalink=\"https:\/\/www.grieta.org.mx\/index.php\/2019\/10\/30\/denuncian-aumento-de-secuestros-de-migrantes-en-tabasco-aunque-autoridades-lo-niegan\/aumento-secuestro-migrantes-tabasco-1\/\" data-orig-file=\"https:\/\/www.grieta.org.mx\/wp-content\/uploads\/2019\/11\/aumento-secuestro-migrantes-tabasco-1.jpg\" data-orig-size=\"960,500\" data-comments-opened=\"0\" data-image-meta=\"{&quot;aperture&quot;:&quot;5.6&quot;,&quot;credit&quot;:&quot;&quot;,&quot;camera&quot;:&quot;NIKON D800&quot;,&quot;caption&quot;:&quot;&quot;,&quot;created_timestamp&quot;:&quot;1563001345&quot;,&quot;copyright&quot;:&quot;Todos los derechos reservados&quot;,&quot;focal_length&quot;:&quot;240&quot;,&quot;iso&quot;:&quot;1000&quot;,&quot;shutter_speed&quot;:&quot;0.004&quot;,&quot;title&quot;:&quot;&quot;,&quot;orientation&quot;:&quot;1&quot;}\" data-image-title=\"aumento-secuestro-migrantes-tabasco-1\" data-image-description=\"\" data-image-caption=\"&lt;p&gt;Cuartoscuro&lt;\/p&gt;\n\" data-medium-file=\"https:\/\/www.grieta.org.mx\/wp-content\/uploads\/2019\/11\/aumento-secuestro-migrantes-tabasco-1-300x156.jpg\" data-large-file=\"https:\/\/www.grieta.org.mx\/wp-content\/uploads\/2019\/11\/aumento-secuestro-migrantes-tabasco-1.jpg\" class=\"wp-image-40922\" src=\"http:\/\/www.grieta.org.mx\/wp-content\/uploads\/2019\/11\/aumento-secuestro-migrantes-tabasco-1.jpg\" alt=\"\" width=\"800\" height=\"417\" srcset=\"https:\/\/www.grieta.org.mx\/wp-content\/uploads\/2019\/11\/aumento-secuestro-migrantes-tabasco-1.jpg 960w, https:\/\/www.grieta.org.mx\/wp-content\/uploads\/2019\/11\/aumento-secuestro-migrantes-tabasco-1-300x156.jpg 300w, https:\/\/www.grieta.org.mx\/wp-content\/uploads\/2019\/11\/aumento-secuestro-migrantes-tabasco-1-768x400.jpg 768w\" sizes=\"auto, (max-width: 800px) 100vw, 800px\" \/><figcaption id=\"caption-attachment-40922\" class=\"wp-caption-text\">Cuartoscuro<\/figcaption><\/figure>\n<p> Alberto Pradilla \/ Animal Pol\u00edtico<\/p>\n<p><strong>M\u00e9dicos Sin Fronteras se suma al albergue La 72 de Tenosique y alerta el incremento de los raptos, as\u00ed como de la violencia contra los migrantes. <\/strong><\/p>\n<p>Mar\u00eda lleg\u00f3 a Tenosique, Tabasco, el 15 de septiembre, coincidiendo con el grito de independencia. Lleg\u00f3 procedente de Tegucigalpa, la capital de Honduras, y su idea era quedarse en M\u00e9xico, al menos durante un tiempo. Sin embargo, escuch\u00f3 cantos de sirena y se dej\u00f3 enga\u00f1ar. Una mujer le asegur\u00f3 que podr\u00eda llevarla a Estados Unidos. As\u00ed que se fue con ella.<\/p>\n<p>Aquel 15 de septiembre no lo sab\u00eda, pero Mar\u00eda estaba a punto de ser secuestrada.<\/p>\n<p>\u201cUna se\u00f1ora me habl\u00f3 bonito, me dijo que solo iba a querer 3 mil 500 pesos, me convenc\u00ed y me trajeron para Reynosa. Me estafaron. Me retuvieron contra mi voluntad. Tuve que pagar 7 mil d\u00f3lares\u201d, explica la mujer, que tiene 38 a\u00f1os y su nombre es ficticio. Tampoco quiere decir en qu\u00e9 ciudad mexicana se encuentra ahora. Tiene miedo de la \u201cma\u00f1a\u201d. Cree que todav\u00eda pueden encontrarle. <\/p>\n<p>La organizaci\u00f3n M\u00e9dicos Sin Fronteras (MSF) ha alertado el incremento de los raptos de migrantes en su ruta hacia Estados Unidos en lugares como Tabasco. En un comunicado, la organizaci\u00f3n internacional denunci\u00f3 un aumento en los secuestros, as\u00ed como un \u201crecrudecimiento en los niveles de violencia\u201d que afrontan migrantes y refugiados en la frontera sur. <\/p>\n<p>\u201cSe est\u00e1 recrudeciendo la violencia organizada. El modus operandi est\u00e1 cambiando y tambi\u00e9n el de brutalidad\u201d, dice Gordon Finkbeiner, de MSF. En el comunicado, la organizaci\u00f3n denunci\u00f3 que en el mes de septiembre detectaron 11 casos de secuestro y tortura. Se trata del mismo n\u00famero que hab\u00edan advertido entre enero y agosto. <\/p>\n<p>La primera instituci\u00f3n en denunciar el incremento de los secuestros en la zona fue el albergue La 72. El pasado 10 de octubre, el refugio hizo p\u00fablico un comunicado en el que denunciaba que entre mediados de julio y septiembre, al menos 36 migrantes fueron secuestrados en siete episodios diferentes. \u201cVenimos documentando un alarmante incremento en el n\u00famero de secuestros y privaciones de libertad en Tenosique y sus comunidades, hechos sin precedentes en n\u00fameros de casos y de violencia desde 2016\u201d, dijo su director, Ram\u00f3n M\u00e1rquez.<\/p>\n<p>Las autoridades de Tabasco hicieron caso omiso a estas advertencias. El alcalde de Tenosique, Ra\u00fal Gustavo Guti\u00e9rrez Cort\u00e9s, dijo no tener constancia de estas pr\u00e1cticas y asegur\u00f3 que ni polic\u00eda municipal, ni Instituto Nacional de Migraci\u00f3n (INM) ni Guardia Nacional hab\u00edan detectado secuestros. Esta es la misma versi\u00f3n que ha mantenido el subsecretario de Asuntos Fronterizos, Migrantes y Derechos Humanos en Tabasco, Jos\u00e9 Ramiro L\u00f3pez Obrador, hermano del presidente Andr\u00e9s Manuel L\u00f3pez Obrador.<\/p>\n<p>Animal Pol\u00edtico quiso conocer las denuncias existentes ante la Fiscal\u00eda General de la Rep\u00fablica (FGR), pero al cierre de la nota no hab\u00eda recibido respuesta. <\/p>\n<p>Fuentes del INM indicaron que se trata de un asunto que trabajan las fiscal\u00edas.<br \/>\nDos secuestros en Reynosa<\/p>\n<p>\u201cLa ma\u00f1a es la \u00fanica que pod\u00eda darme el permiso de irme\u201d, dice Mar\u00eda, todav\u00eda aterrorizada.<\/p>\n<p>Su historia es terriblemente com\u00fan. Migr\u00f3 desde Honduras con 20 a\u00f1os y residi\u00f3 en Estados Unidos de forma irregular hasta los 38, cuando fue deportada luego de que la arrestaron por manejar superando la tasa de alcohol permitida. Hace cinco meses, su hermano, que era polic\u00eda, fue asesinado en Tegucigalpa. Poco despu\u00e9s aterriz\u00f3 ella en una Honduras que ya no reconoc\u00eda. Hab\u00eda pasado la mitad de su vida en Estados Unidos. <\/p>\n<p>\u201cNo pude estar mucho tiempo. La presi\u00f3n era peor. Estaba muerto el que era la ley en la casa\u201d, explica.<\/p>\n<p>Por eso se movi\u00f3. Pero termin\u00f3 enga\u00f1ada por una red que se presentaban como polleros, pero al final solo eran secuestradores. <\/p>\n<p>\u201cLa primera semana me sent\u00eda confiada\u201d, dice. Luego ya comenz\u00f3 a sospechar. Dejaron de darle de comer y empezaron las palabras gruesas. <\/p>\n<p>Para cuando estaba en Reynosa ya sab\u00eda que estaba secuestrada. Tendr\u00eda que pagar si quer\u00eda salir. Finalmente abon\u00f3 7 mil d\u00f3lares, que envi\u00f3 su hijo, que todav\u00eda est\u00e1 en Estados Unidos. Seg\u00fan su relato, la mujer logr\u00f3 escapar de la casa de seguridad en la que se encontraba. Huir no signific\u00f3 ser libre. Dice Mar\u00eda que cay\u00f3 en manos de otro tipo al que pidi\u00f3 que le llevase a la casa del migrante. En su lugar, el hombre la traslad\u00f3 a otra casa de seguridad, esta vez con m\u00e1s guatemaltecos, hondure\u00f1os y salvadore\u00f1os.<\/p>\n<p>Volv\u00eda a estar secuestrada. <\/p>\n<p>\u201cLe dije que no ten\u00eda dinero, lo cual es cierto, as\u00ed que termin\u00e9 pagando 500 d\u00f3lares\u201d, afirma. <\/p>\n<p>Finalmente, Mar\u00eda fue liberada. Pero ahora tiene miedo. Asegura que no ha presentado denuncia porque no quiere \u201cmeterse en problemas\u201d. \u201cNo quiero meterme con la ma\u00f1a\u201d, dice. <\/p>\n<p>La mujer tiene tres hijos en Estados Unidos. Sabe que existe el riesgo de no verlos en much\u00edsimo tiempo. Al menos, dice, pudo salir libre. <\/p>\n<p>MSF advierte de un incremento en la brutalidad de los secuestradores.<\/p>\n<p>\u201cLos sobrevivientes narraron en consulta m\u00e9dica y psicol\u00f3gica haber sido llevados a casas abandonadas donde fueron obligados a quitarse la ropa, fueron atados con lazos durante horas, expuestos a la intemperie a altas temperaturas y bajo las inclemencias del tiempo, a cambio de que proporcionaran los n\u00fameros de tel\u00e9fono de sus familiares.<\/p>\n<p>\u201cAtendimos a pacientes que recibieron impactos de armas de fuego, agresiones con armas blancas, agresiones sexuales y otras torturas como descargas el\u00e9ctricas en \u00e1reas genitales y el ano. Varios de ellos relataron que fueron obligados a presenciar violaciones a sus compa\u00f1eros\u201d, dijo Gemma Pomares, responsable de actividades m\u00e9dicas de MSF en Tenosique. <\/p>\n<p>\u201cLas pol\u00edticas sistem\u00e1ticas del gobierno mexicano, basadas en la criminalizaci\u00f3n, detenci\u00f3n y deportaci\u00f3n en aras de contener los flujos migratorios hacia la frontera norte condenan a la poblaci\u00f3n migrante a la clandestinidad y a tomar rutas cada vez m\u00e1s peligrosas\u201d, dijo MSF.<br \/>\n<a href=\"https:\/\/www.animalpolitico.com\/2019\/10\/ong-denuncian-aumento-de-secuestros-de-migrantes-en-tabasco-aunque-autoridades-lo-niegan\/\">https:\/\/www.animalpolitico.com\/2019\/10\/ong-denuncian-aumento-de-secuestros-de-migrantes-en-tabasco-aunque-autoridades-lo-niegan\/<\/a><\/p>\n","protected":false},"excerpt":{"rendered":"<p>Alberto Pradilla \/ Animal Pol\u00edtico M\u00e9dicos Sin Fronteras se suma al albergue La 72 de Tenosique y alerta el incremento de los raptos, as\u00ed como de la violencia contra los &hellip; <a href=\"https:\/\/www.grieta.org.mx\/index.php\/2019\/10\/30\/denuncian-aumento-de-secuestros-de-migrantes-en-tabasco-aunque-autoridades-lo-niegan\/\" class=\"more-link\">Leer m\u00e1s<\/a><\/p>\n","protected":false},"author":2,"featured_media":40922,"comment_status":"closed","ping_status":"closed","sticky":false,"template":"","format":"standard","meta":{"ngg_post_thumbnail":0,"_jetpack_newsletter_access":"","_jetpack_dont_email_post_to_subs":false,"_jetpack_newsletter_tier_id":0,"_jetpack_memberships_contains_paywalled_content":false,"_jetpack_memberships_contains_paid_content":false,"footnotes":""},"categories":[80,86,2,2622,32,83],"tags":[1872,2775,417],"class_list":["post-40921","post","type-post","status-publish","format-standard","has-post-thumbnail","hentry","category-cintillo","category-migrantes","category-noticias-nacionales","category-poblaciones-migrantes-en-tabasco","category-tabasco","category-temas-nacionales","tag-agresiones-a-migrantes","tag-secuestro-de-migrantes","tag-trata-de-personas","entry"],"jetpack_featured_media_url":"https:\/\/www.grieta.org.mx\/wp-content\/uploads\/2019\/11\/aumento-secuestro-migrantes-tabasco-1.jpg","jetpack_sharing_enabled":true,"jetpack_shortlink":"https:\/\/wp.me\/p7ZJR4-aE1","jetpack_likes_enabled":false,"jetpack-related-posts":[{"id":37163,"url":"https:\/\/www.grieta.org.mx\/index.php\/2019\/07\/29\/dos-salvadorenos-estan-desaparecidos-en-tabasco-mexico\/","url_meta":{"origin":40921,"position":0},"title":"Dos Salvadore\u00f1os est\u00e1n desaparecidos en Tabasco Mexico","author":"grieta","date":"29 julio, 2019","format":false,"excerpt":"Redacci\u00f3n DiariolibreSV Dos salvadore\u00f1os que viajaban hacia Estados Unidos han desaparecido. Los compatriotas desaparecieron de la vista de sus familiares una vez que entraron a M\u00e9xico en el municipio de Tenosique, Tabasco, as\u00ed lo alert\u00f3 un familiar a instituciones defensoras de migrantes. Los dos salvadore\u00f1os desaparecidos son: Carlos Antonio Morales\u2026","rel":"","context":"En &quot;CINTILLO&quot;","block_context":{"text":"CINTILLO","link":"https:\/\/www.grieta.org.mx\/index.php\/category\/cintillo\/"},"img":{"alt_text":"","src":"https:\/\/i0.wp.com\/www.grieta.org.mx\/wp-content\/uploads\/2019\/07\/migrantes-1.jpg?resize=350%2C200&ssl=1","width":350,"height":200,"srcset":"https:\/\/i0.wp.com\/www.grieta.org.mx\/wp-content\/uploads\/2019\/07\/migrantes-1.jpg?resize=350%2C200&ssl=1 1x, https:\/\/i0.wp.com\/www.grieta.org.mx\/wp-content\/uploads\/2019\/07\/migrantes-1.jpg?resize=525%2C300&ssl=1 1.5x"},"classes":[]},{"id":6561,"url":"https:\/\/www.grieta.org.mx\/index.php\/2016\/08\/08\/6561\/","url_meta":{"origin":40921,"position":1},"title":"Migrantes en Tabasco","author":"grieta","date":"8 agosto, 2016","format":false,"excerpt":"08\/08\/16. Denuncian que polic\u00edas de Tabasco participan en secuestros de migrantesProceso 11\/03\/16. Denuncia albergue \u201cLa 72\u201d reactivaci\u00f3n de operativos anti migratorios en Tenosique Proceso 17\/12\/15. Exigen migrantes freno a secuestro masivo en Tabasco Tabasco Hoy 24\/11\/15. Refugio de migrantes La 72 en alto riesgo pese a medidas de la CIDH\u2026","rel":"","context":"En &quot;Migrantes&quot;","block_context":{"text":"Migrantes","link":"https:\/\/www.grieta.org.mx\/index.php\/category\/temas-nacionales\/migrantes\/"},"img":{"alt_text":"","src":"https:\/\/i0.wp.com\/www.grieta.org.mx\/wp-content\/uploads\/2018\/03\/14524434_1106112876131411_958039263622046936_o.jpg?resize=350%2C200&ssl=1","width":350,"height":200,"srcset":"https:\/\/i0.wp.com\/www.grieta.org.mx\/wp-content\/uploads\/2018\/03\/14524434_1106112876131411_958039263622046936_o.jpg?resize=350%2C200&ssl=1 1x, https:\/\/i0.wp.com\/www.grieta.org.mx\/wp-content\/uploads\/2018\/03\/14524434_1106112876131411_958039263622046936_o.jpg?resize=525%2C300&ssl=1 1.5x, https:\/\/i0.wp.com\/www.grieta.org.mx\/wp-content\/uploads\/2018\/03\/14524434_1106112876131411_958039263622046936_o.jpg?resize=700%2C400&ssl=1 2x"},"classes":[]},{"id":53560,"url":"https:\/\/www.grieta.org.mx\/index.php\/2020\/08\/13\/denuncian-abusos-del-inm-contra-migrantes-en-tabasco\/","url_meta":{"origin":40921,"position":2},"title":"Denuncian abusos del INM contra migrantes en Tabasco","author":"grieta","date":"13 agosto, 2020","format":false,"excerpt":"Nora Bucio \/ MVS Esta organizaci\u00f3n manifest\u00f3 su repudio contra la violencia, la criminalizaci\u00f3n y atropello perpetrado por las autoridades contra las personas migrantes. El Equipo de la 72, hogar refugio para personas migrantes, denunci\u00f3 que el Instituto Nacional de Migraci\u00f3n (INM), ingres\u00f3 de manera violenta a un \u00e1rea de\u2026","rel":"","context":"En &quot;CINTILLO&quot;","block_context":{"text":"CINTILLO","link":"https:\/\/www.grieta.org.mx\/index.php\/category\/cintillo\/"},"img":{"alt_text":"","src":"https:\/\/i0.wp.com\/www.grieta.org.mx\/wp-content\/uploads\/2020\/09\/60d21f8a-inm.jpg?resize=350%2C200&ssl=1","width":350,"height":200},"classes":[]},{"id":6555,"url":"https:\/\/www.grieta.org.mx\/index.php\/2015\/12\/17\/exigen-migrantes-freno-a-secuestro-masivo-en-tabasco\/","url_meta":{"origin":40921,"position":3},"title":"Exigen migrantes freno a secuestro masivo en Tabasco","author":"grieta","date":"17 diciembre, 2015","format":false,"excerpt":"Francisco Ol\u00e1n La caravana de Migrantes hizo presencia en la ciudad de Villahermosa, y exigi\u00f3 al Instituto Nacional de Migraci\u00f3n (INM), la Procuradur\u00eda General de la Rep\u00fablica (PGR) y Fiscal\u00eda de Tabasco (FGE), freno a los secuestros masivos de Migrantes. \u201cHay un repunte de violencia, tenemos muchos casos como de\u2026","rel":"","context":"En &quot;CINTILLO&quot;","block_context":{"text":"CINTILLO","link":"https:\/\/www.grieta.org.mx\/index.php\/category\/cintillo\/"},"img":{"alt_text":"","src":"https:\/\/i0.wp.com\/www.grieta.org.mx\/wp-content\/uploads\/2018\/03\/14524434_1106112876131411_958039263622046936_o.jpg?resize=350%2C200&ssl=1","width":350,"height":200,"srcset":"https:\/\/i0.wp.com\/www.grieta.org.mx\/wp-content\/uploads\/2018\/03\/14524434_1106112876131411_958039263622046936_o.jpg?resize=350%2C200&ssl=1 1x, https:\/\/i0.wp.com\/www.grieta.org.mx\/wp-content\/uploads\/2018\/03\/14524434_1106112876131411_958039263622046936_o.jpg?resize=525%2C300&ssl=1 1.5x, https:\/\/i0.wp.com\/www.grieta.org.mx\/wp-content\/uploads\/2018\/03\/14524434_1106112876131411_958039263622046936_o.jpg?resize=700%2C400&ssl=1 2x"},"classes":[]},{"id":62148,"url":"https:\/\/www.grieta.org.mx\/index.php\/2021\/09\/25\/mas-31-mil-migrantes-fueron-detenidos-en-tabasco\/","url_meta":{"origin":40921,"position":4},"title":"M\u00e1s 31 mil migrantes fueron detenidos en Tabasco","author":"grieta","date":"25 septiembre, 2021","format":false,"excerpt":"Nicasio Arias | El Heraldo de Tabasco De acuerdo a los datos de la Unidad de Pol\u00edtica Migratoria de la Secretar\u00eda de Gobernaci\u00f3n, en Tabasco, durante 2019 y 2020, un total de 31 mil 335 migrantes fueron detenidos por la autoridad Del 2019 a julio del 2021, un total de\u2026","rel":"","context":"En &quot;CINTILLO&quot;","block_context":{"text":"CINTILLO","link":"https:\/\/www.grieta.org.mx\/index.php\/category\/cintillo\/"},"img":{"alt_text":"","src":"https:\/\/i0.wp.com\/www.grieta.org.mx\/wp-content\/uploads\/2021\/10\/migrantes.jpeg?resize=350%2C200&ssl=1","width":350,"height":200,"srcset":"https:\/\/i0.wp.com\/www.grieta.org.mx\/wp-content\/uploads\/2021\/10\/migrantes.jpeg?resize=350%2C200&ssl=1 1x, https:\/\/i0.wp.com\/www.grieta.org.mx\/wp-content\/uploads\/2021\/10\/migrantes.jpeg?resize=525%2C300&ssl=1 1.5x, https:\/\/i0.wp.com\/www.grieta.org.mx\/wp-content\/uploads\/2021\/10\/migrantes.jpeg?resize=700%2C400&ssl=1 2x"},"classes":[]},{"id":35377,"url":"https:\/\/www.grieta.org.mx\/index.php\/2019\/06\/19\/denuncian-presunta-persecucion-de-migrantes-en-tabasco\/","url_meta":{"origin":40921,"position":5},"title":"Denuncian presunta persecuci\u00f3n de migrantes en Tabasco","author":"grieta","date":"19 junio, 2019","format":false,"excerpt":"Apenas este 12 de junio, el Instituto Nacional de Migraci\u00f3n (Inami) inform\u00f3 del retorno v\u00eda a\u00e9rea de 108 hondure\u00f1os desde Villahermosa Redacci\u00f3n \/ C\u00f3dice Informativo Tenosique (M\u00e9xico), 12 jun (EFE).- Deportaciones, criminalizaci\u00f3n, hostilidad y violencia hacia migrantes son los primeros efectos del refuerzo de las fuerzas de seguridad en Tabasco,\u2026","rel":"","context":"En &quot;CINTILLO&quot;","block_context":{"text":"CINTILLO","link":"https:\/\/www.grieta.org.mx\/index.php\/category\/cintillo\/"},"img":{"alt_text":"","src":"https:\/\/i0.wp.com\/www.grieta.org.mx\/wp-content\/uploads\/2019\/06\/636772461467094046-1024x751.jpg?resize=350%2C200&ssl=1","width":350,"height":200,"srcset":"https:\/\/i0.wp.com\/www.grieta.org.mx\/wp-content\/uploads\/2019\/06\/636772461467094046-1024x751.jpg?resize=350%2C200&ssl=1 1x, https:\/\/i0.wp.com\/www.grieta.org.mx\/wp-content\/uploads\/2019\/06\/636772461467094046-1024x751.jpg?resize=525%2C300&ssl=1 1.5x, https:\/\/i0.wp.com\/www.grieta.org.mx\/wp-content\/uploads\/2019\/06\/636772461467094046-1024x751.jpg?resize=700%2C400&ssl=1 2x"},"classes":[]}],"_links":{"self":[{"href":"https:\/\/www.grieta.org.mx\/index.php\/wp-json\/wp\/v2\/posts\/40921","targetHints":{"allow":["GET"]}}],"collection":[{"href":"https:\/\/www.grieta.org.mx\/index.php\/wp-json\/wp\/v2\/posts"}],"about":[{"href":"https:\/\/www.grieta.org.mx\/index.php\/wp-json\/wp\/v2\/types\/post"}],"author":[{"embeddable":true,"href":"https:\/\/www.grieta.org.mx\/index.php\/wp-json\/wp\/v2\/users\/2"}],"replies":[{"embeddable":true,"href":"https:\/\/www.grieta.org.mx\/index.php\/wp-json\/wp\/v2\/comments?post=40921"}],"version-history":[{"count":1,"href":"https:\/\/www.grieta.org.mx\/index.php\/wp-json\/wp\/v2\/posts\/40921\/revisions"}],"predecessor-version":[{"id":40923,"href":"https:\/\/www.grieta.org.mx\/index.php\/wp-json\/wp\/v2\/posts\/40921\/revisions\/40923"}],"wp:featuredmedia":[{"embeddable":true,"href":"https:\/\/www.grieta.org.mx\/index.php\/wp-json\/wp\/v2\/media\/40922"}],"wp:attachment":[{"href":"https:\/\/www.grieta.org.mx\/index.php\/wp-json\/wp\/v2\/media?parent=40921"}],"wp:term":[{"taxonomy":"category","embeddable":true,"href":"https:\/\/www.grieta.org.mx\/index.php\/wp-json\/wp\/v2\/categories?post=40921"},{"taxonomy":"post_tag","embeddable":true,"href":"https:\/\/www.grieta.org.mx\/index.php\/wp-json\/wp\/v2\/tags?post=40921"}],"curies":[{"name":"wp","href":"https:\/\/api.w.org\/{rel}","templated":true}]}}