{"id":40915,"date":"2019-10-20T13:05:20","date_gmt":"2019-10-20T18:05:20","guid":{"rendered":"http:\/\/www.grieta.org.mx\/?p=40915"},"modified":"2019-11-05T13:09:35","modified_gmt":"2019-11-05T19:09:35","slug":"reprime-nydia-a-maestros-tabasco","status":"publish","type":"post","link":"https:\/\/www.grieta.org.mx\/index.php\/2019\/10\/20\/reprime-nydia-a-maestros-tabasco\/","title":{"rendered":"Reprime Nydia a maestros (Tabasco)"},"content":{"rendered":"<figure id=\"attachment_40916\" aria-describedby=\"caption-attachment-40916\" style=\"width: 750px\" class=\"wp-caption aligncenter\"><img loading=\"lazy\" decoding=\"async\" data-attachment-id=\"40916\" data-permalink=\"https:\/\/www.grieta.org.mx\/index.php\/2019\/10\/20\/reprime-nydia-a-maestros-tabasco\/492082_grande_hmnqaomy\/\" data-orig-file=\"https:\/\/www.grieta.org.mx\/wp-content\/uploads\/2019\/11\/492082_grande_hMNQaOmY.jpg\" data-orig-size=\"702,440\" data-comments-opened=\"0\" data-image-meta=\"{&quot;aperture&quot;:&quot;0&quot;,&quot;credit&quot;:&quot;&quot;,&quot;camera&quot;:&quot;&quot;,&quot;caption&quot;:&quot;&quot;,&quot;created_timestamp&quot;:&quot;0&quot;,&quot;copyright&quot;:&quot;&quot;,&quot;focal_length&quot;:&quot;0&quot;,&quot;iso&quot;:&quot;0&quot;,&quot;shutter_speed&quot;:&quot;0&quot;,&quot;title&quot;:&quot;&quot;,&quot;orientation&quot;:&quot;0&quot;}\" data-image-title=\"492082_grande_hMNQaOmY\" data-image-description=\"\" data-image-caption=\"&lt;p&gt;(Francisco Triano)&lt;\/p&gt;\n&lt;p&gt;Los docentes se llevaron sus escritorios y as\u00ed qued\u00f3 el lugar.&lt;\/p&gt;\n\" data-medium-file=\"https:\/\/www.grieta.org.mx\/wp-content\/uploads\/2019\/11\/492082_grande_hMNQaOmY-300x188.jpg\" data-large-file=\"https:\/\/www.grieta.org.mx\/wp-content\/uploads\/2019\/11\/492082_grande_hMNQaOmY.jpg\" class=\"wp-image-40916\" src=\"http:\/\/www.grieta.org.mx\/wp-content\/uploads\/2019\/11\/492082_grande_hMNQaOmY.jpg\" alt=\"\" width=\"750\" height=\"470\" srcset=\"https:\/\/www.grieta.org.mx\/wp-content\/uploads\/2019\/11\/492082_grande_hMNQaOmY.jpg 702w, https:\/\/www.grieta.org.mx\/wp-content\/uploads\/2019\/11\/492082_grande_hMNQaOmY-300x188.jpg 300w\" sizes=\"auto, (max-width: 750px) 100vw, 750px\" \/><figcaption id=\"caption-attachment-40916\" class=\"wp-caption-text\">(Francisco Triano)<br \/>Los docentes se llevaron sus escritorios y as\u00ed qued\u00f3 el lugar.<\/figcaption><\/figure>\n<p>Francisco Triano Coronel \/ Tabasco HOY<\/p>\n<p>Cunduac\u00e1n, Tabasco<br \/>\nDocentes del sector n\u00famero 12 de telesecundarias en este municipio sufrieron la represi\u00f3n de la alcaldesa Nyia Naranjo Cobi\u00e1n, ya que sin raz\u00f3n alguna y tras varios a\u00f1os de estar ocupando espacios en la parte alta de central camionera, simplemente fueron echados a la calle.<\/p>\n<p>Lo m\u00e1s sorprendente es que a los directivos de una sociedad de transportistas locales mantiene en este mismo espacio, donde inclusive hay locales abandonados.<\/p>\n<p>Fue a mediados de la semana pasada cuando los supervisores escolares de la zona escolar n\u00famero 12 de telesecundarias, a cargo del docente Alfredo Hern\u00e1ndez Palacios, tuvieron que desocupar los locales que desde hace muchos a\u00f1os ven\u00edan ocupando, al parecer por \u00f3rdenes directas de la alcaldesa Nydia Naranjo.<\/p>\n<p>Informes proporcionados por una fuente allegada a la propia Presidenta Municipal, fue el encargado de la Central Camionera, Abel Mario Taracena en &#8220;hacer la chamba&#8221; de correr a los maestros, ya que desde hace varios meses los comenz\u00f3 a presionar para que dejaran esas oficinas, ya que al parecer \u00e9l pretende apoderarse de ese espacio.<br \/>\nSE CUMPLE LA ORDEN<br \/>\nPero, fue hasta la semana pasada cuando finalmente, por \u00f3rdenes de la edil, Nydia Naranjo, que los maestros fueron echados a la calle, tal y como sucedi\u00f3 el pasado 11 de diciembre del 2018, con los maestros de la zona escolar n\u00famero 25 de telesecundarias a cargo del maestro Ramiro de la Cruz Carrillo, quienes, por presiones de la Directora de Asuntos Jur\u00eddicos, Maygualida Rodr\u00edguez fueron desalojados de las oficinas que tras ocupar 25 a\u00f1os ocuparon en las instalaciones del DIF local.<\/p>\n<p>Esta situaci\u00f3n, ha generado una grave molestia entre un gran n\u00famero de maestros de este sector, ya que aseguran que ellos no causaban ning\u00fan problema.<br \/>\nLAS 3 B\u00c1SICAS<br \/>\n\u00bfQU\u00c9?<br \/>\nLos maestros ocupaban un local en la segunda planta de la central camionera.<\/p>\n<p>\u00bfC\u00d3MO?<br \/>\nPor \u00f3rdenes de la alcaldesa Nydia Naranjo los maestros fueron desalojados del local.<\/p>\n<p>\u00bfCU\u00c1NDO?<br \/>\nFue la semana pasada cuando los maestros dejaron el lugar que utilizaban como oficina.<\/p>\n<p><a href=\"https:\/\/www.tabascohoy.com\/nota\/492082\/reprime-nydia-a-maestros\">https:\/\/www.tabascohoy.com\/nota\/492082\/reprime-nydia-a-maestros<\/a><\/p>\n","protected":false},"excerpt":{"rendered":"<p>Francisco Triano Coronel \/ Tabasco HOY Cunduac\u00e1n, Tabasco Docentes del sector n\u00famero 12 de telesecundarias en este municipio sufrieron la represi\u00f3n de la alcaldesa Nyia Naranjo Cobi\u00e1n, ya que sin &hellip; <a href=\"https:\/\/www.grieta.org.mx\/index.php\/2019\/10\/20\/reprime-nydia-a-maestros-tabasco\/\" class=\"more-link\">Leer m\u00e1s<\/a><\/p>\n","protected":false},"author":2,"featured_media":40916,"comment_status":"closed","ping_status":"closed","sticky":false,"template":"","format":"standard","meta":{"ngg_post_thumbnail":0,"_jetpack_newsletter_access":"","_jetpack_dont_email_post_to_subs":false,"_jetpack_newsletter_tier_id":0,"_jetpack_memberships_contains_paywalled_content":false,"_jetpack_memberships_contains_paid_content":false,"footnotes":""},"categories":[2203,80,916,2,32,83],"tags":[2452,1753,1361],"class_list":["post-40915","post","type-post","status-publish","format-standard","has-post-thumbnail","hentry","category-abuso-de-fuerzas-represivas-en-tabasco","category-cintillo","category-privatizacion-del-la-educacion-publica","category-noticias-nacionales","category-tabasco","category-temas-nacionales","tag-desalojo-de-maestros","tag-protesta-en-tele-secundaria-por-falta-de-maestros","tag-protestas-de-maestros","entry"],"jetpack_featured_media_url":"https:\/\/www.grieta.org.mx\/wp-content\/uploads\/2019\/11\/492082_grande_hMNQaOmY.jpg","jetpack_sharing_enabled":true,"jetpack_shortlink":"https:\/\/wp.me\/p7ZJR4-aDV","jetpack_likes_enabled":false,"jetpack-related-posts":[{"id":6263,"url":"https:\/\/www.grieta.org.mx\/index.php\/2015\/10\/12\/chocan-maestros-de-cnte-y-policias-en-tabasco\/","url_meta":{"origin":40915,"position":0},"title":"Chocan maestros de CNTE y polic\u00edas en Tabasco","author":"grieta","date":"12 octubre, 2015","format":false,"excerpt":"Con informaci\u00f3n de Luna L\u00f3pez Antimotines desalojan a docentes en la caseta de cobro de Villahermosa-Macuspana Elementos antimotines de la Secretar\u00eda de Seguridad P\u00fablica de Tabasco (SSP) desalojaron con gas lacrim\u00f3geno a maestros que se apostaron en la caseta de cobro de la carretera Villahermosa-Macuspana. Desde temprano, los docentes se\u2026","rel":"","context":"En &quot;CINTILLO&quot;","block_context":{"text":"CINTILLO","link":"https:\/\/www.grieta.org.mx\/index.php\/category\/cintillo\/"},"img":{"alt_text":"","src":"https:\/\/i0.wp.com\/www.grieta.org.mx\/wp-content\/uploads\/2018\/03\/14524434_1106112876131411_958039263622046936_o.jpg?resize=350%2C200&ssl=1","width":350,"height":200,"srcset":"https:\/\/i0.wp.com\/www.grieta.org.mx\/wp-content\/uploads\/2018\/03\/14524434_1106112876131411_958039263622046936_o.jpg?resize=350%2C200&ssl=1 1x, https:\/\/i0.wp.com\/www.grieta.org.mx\/wp-content\/uploads\/2018\/03\/14524434_1106112876131411_958039263622046936_o.jpg?resize=525%2C300&ssl=1 1.5x, https:\/\/i0.wp.com\/www.grieta.org.mx\/wp-content\/uploads\/2018\/03\/14524434_1106112876131411_958039263622046936_o.jpg?resize=700%2C400&ssl=1 2x"},"classes":[]},{"id":12554,"url":"https:\/\/www.grieta.org.mx\/index.php\/2016\/05\/15\/marchan-maestros-contra-reforma-educativa-tabasco\/","url_meta":{"origin":40915,"position":1},"title":"Marchan maestros contra reforma educativa (Tabasco)","author":"grieta","date":"15 mayo, 2016","format":false,"excerpt":"Fernando Chabl\u00e9 Este domingo maestros de los 17 municipios realizan una marcha desde la deportiva con direcci\u00f3n a la Plaza de Arma para exigir en el d\u00eda de maestro, no a la Reforma Educativa, pues son maestros con plazas y se\u00f1alan que con el examen que est\u00e1n aplicando es proactivamente\u2026","rel":"","context":"En &quot;CINTILLO&quot;","block_context":{"text":"CINTILLO","link":"https:\/\/www.grieta.org.mx\/index.php\/category\/cintillo\/"},"img":{"alt_text":"","src":"https:\/\/i0.wp.com\/www.grieta.org.mx\/wp-content\/uploads\/2018\/03\/14524434_1106112876131411_958039263622046936_o.jpg?resize=350%2C200&ssl=1","width":350,"height":200,"srcset":"https:\/\/i0.wp.com\/www.grieta.org.mx\/wp-content\/uploads\/2018\/03\/14524434_1106112876131411_958039263622046936_o.jpg?resize=350%2C200&ssl=1 1x, https:\/\/i0.wp.com\/www.grieta.org.mx\/wp-content\/uploads\/2018\/03\/14524434_1106112876131411_958039263622046936_o.jpg?resize=525%2C300&ssl=1 1.5x, https:\/\/i0.wp.com\/www.grieta.org.mx\/wp-content\/uploads\/2018\/03\/14524434_1106112876131411_958039263622046936_o.jpg?resize=700%2C400&ssl=1 2x"},"classes":[]},{"id":6250,"url":"https:\/\/www.grieta.org.mx\/index.php\/2016\/09\/12\/movilizaciones-contra-la-reforma-educativa-y-la-evaluacion-magisterial-en-tabasco\/","url_meta":{"origin":40915,"position":2},"title":"Movilizaciones contra la Reforma educativa y evaluaci\u00f3n magisterial en Tabasco","author":"grieta","date":"12 septiembre, 2016","format":false,"excerpt":"12\/09\/16. Demandar\u00e1 CNTE-CETET ante CEDH por agresi\u00f3n a paterfamiliaDiario de Tabasco 14\/07\/16. Desconocen maestros tabasque\u00f1os de la CNTE acuerdo SNTE-Nu\u00f1oEl Correo de Tabasco 08\/07\/16. Bloquean padres de familia carretera a Ciudad Pemex, MacuspanaAhora Tabasco 08\/07\/16. Maestros bloquean tres carreteras en TabascoHeraldo de Tabasco 01\/07\/16. Maestros de Tabasco repiten bloqueos en\u2026","rel":"","context":"En &quot;NOTICIAS NACIONALES&quot;","block_context":{"text":"NOTICIAS NACIONALES","link":"https:\/\/www.grieta.org.mx\/index.php\/category\/noticias-nacionales\/"},"img":{"alt_text":"","src":"https:\/\/i0.wp.com\/www.grieta.org.mx\/wp-content\/uploads\/2018\/03\/14524434_1106112876131411_958039263622046936_o.jpg?resize=350%2C200&ssl=1","width":350,"height":200,"srcset":"https:\/\/i0.wp.com\/www.grieta.org.mx\/wp-content\/uploads\/2018\/03\/14524434_1106112876131411_958039263622046936_o.jpg?resize=350%2C200&ssl=1 1x, https:\/\/i0.wp.com\/www.grieta.org.mx\/wp-content\/uploads\/2018\/03\/14524434_1106112876131411_958039263622046936_o.jpg?resize=525%2C300&ssl=1 1.5x, https:\/\/i0.wp.com\/www.grieta.org.mx\/wp-content\/uploads\/2018\/03\/14524434_1106112876131411_958039263622046936_o.jpg?resize=700%2C400&ssl=1 2x"},"classes":[]},{"id":6359,"url":"https:\/\/www.grieta.org.mx\/index.php\/2016\/03\/09\/protestas-de-estudiantes-y-padres-por-falta-de-maestros-en-escuelas-de-tabasco\/","url_meta":{"origin":40915,"position":3},"title":"Protestas de estudiantes y padres por falta de maestros en escuelas de Tabasco","author":"grieta","date":"9 marzo, 2016","format":false,"excerpt":"09\/03\/16. Otro bloqueo por falta de maestrosHeraldo de Tabasco 18\/02\/16. Cierran calle por segunda vez a falta de maestros en TenosiqueTabasco Hoy 12\/02\/16. Por falta de maestros padres toman escuelaDiario Avance 09\/02\/16. Segundo d\u00eda de protestas en escuelas por falta de maestrosTabasco Hoy","rel":"","context":"En &quot;NOTICIAS NACIONALES&quot;","block_context":{"text":"NOTICIAS NACIONALES","link":"https:\/\/www.grieta.org.mx\/index.php\/category\/noticias-nacionales\/"},"img":{"alt_text":"","src":"https:\/\/i0.wp.com\/www.grieta.org.mx\/wp-content\/uploads\/2018\/03\/14524434_1106112876131411_958039263622046936_o.jpg?resize=350%2C200&ssl=1","width":350,"height":200,"srcset":"https:\/\/i0.wp.com\/www.grieta.org.mx\/wp-content\/uploads\/2018\/03\/14524434_1106112876131411_958039263622046936_o.jpg?resize=350%2C200&ssl=1 1x, https:\/\/i0.wp.com\/www.grieta.org.mx\/wp-content\/uploads\/2018\/03\/14524434_1106112876131411_958039263622046936_o.jpg?resize=525%2C300&ssl=1 1.5x, https:\/\/i0.wp.com\/www.grieta.org.mx\/wp-content\/uploads\/2018\/03\/14524434_1106112876131411_958039263622046936_o.jpg?resize=700%2C400&ssl=1 2x"},"classes":[]},{"id":13271,"url":"https:\/\/www.grieta.org.mx\/index.php\/2016\/05\/30\/marchan-en-vhsa-400-maestros-contra-reforma-educativa\/","url_meta":{"origin":40915,"position":4},"title":"Marchan en Vhsa 400 maestros contra reforma educativa","author":"grieta","date":"30 mayo, 2016","format":false,"excerpt":"Redacci\u00f3n - Tabasco HOY Afirman que no acudir\u00e1n a ninguna evaluaci\u00f3n magisterial futura; en Tabasco se aplicar\u00e1 en Junio. Alrededor de 400 maestros sindicalizados marcharon desde Plaza de Armas por la avenida M\u00e9ndez, hasta la secretar\u00eda de educaci\u00f3n, en respuesta a las medidas adoptadas por la reforma educativa y que\u2026","rel":"","context":"En &quot;CINTILLO&quot;","block_context":{"text":"CINTILLO","link":"https:\/\/www.grieta.org.mx\/index.php\/category\/cintillo\/"},"img":{"alt_text":"","src":"https:\/\/i0.wp.com\/www.grieta.org.mx\/wp-content\/uploads\/2018\/03\/14524434_1106112876131411_958039263622046936_o.jpg?resize=350%2C200&ssl=1","width":350,"height":200,"srcset":"https:\/\/i0.wp.com\/www.grieta.org.mx\/wp-content\/uploads\/2018\/03\/14524434_1106112876131411_958039263622046936_o.jpg?resize=350%2C200&ssl=1 1x, https:\/\/i0.wp.com\/www.grieta.org.mx\/wp-content\/uploads\/2018\/03\/14524434_1106112876131411_958039263622046936_o.jpg?resize=525%2C300&ssl=1 1.5x, https:\/\/i0.wp.com\/www.grieta.org.mx\/wp-content\/uploads\/2018\/03\/14524434_1106112876131411_958039263622046936_o.jpg?resize=700%2C400&ssl=1 2x"},"classes":[]},{"id":7379,"url":"https:\/\/www.grieta.org.mx\/index.php\/2016\/03\/11\/maestros-de-tabasco-protestan-por-despidos-de-sus-companeros\/","url_meta":{"origin":40915,"position":5},"title":"Maestros de Tabasco protestan por despidos de sus compa\u00f1eros","author":"grieta","date":"11 marzo, 2016","format":false,"excerpt":"Organizaci\u00f3n Editorial Mexicana Villahermosa, Tab.- Centenares de maestros adheridos al SITET y a la CNTE marchan en protesta por el despido de 64 mentores que no presentaron el examen de desempe\u00f1o como lo marca la Reforma Educativa. Los docentes caminaron por las principales calles y avenidas de la capital tabasque\u00f1a,\u2026","rel":"","context":"En &quot;CINTILLO&quot;","block_context":{"text":"CINTILLO","link":"https:\/\/www.grieta.org.mx\/index.php\/category\/cintillo\/"},"img":{"alt_text":"","src":"https:\/\/i0.wp.com\/www.grieta.org.mx\/wp-content\/uploads\/2018\/03\/14524434_1106112876131411_958039263622046936_o.jpg?resize=350%2C200&ssl=1","width":350,"height":200,"srcset":"https:\/\/i0.wp.com\/www.grieta.org.mx\/wp-content\/uploads\/2018\/03\/14524434_1106112876131411_958039263622046936_o.jpg?resize=350%2C200&ssl=1 1x, https:\/\/i0.wp.com\/www.grieta.org.mx\/wp-content\/uploads\/2018\/03\/14524434_1106112876131411_958039263622046936_o.jpg?resize=525%2C300&ssl=1 1.5x, https:\/\/i0.wp.com\/www.grieta.org.mx\/wp-content\/uploads\/2018\/03\/14524434_1106112876131411_958039263622046936_o.jpg?resize=700%2C400&ssl=1 2x"},"classes":[]}],"_links":{"self":[{"href":"https:\/\/www.grieta.org.mx\/index.php\/wp-json\/wp\/v2\/posts\/40915","targetHints":{"allow":["GET"]}}],"collection":[{"href":"https:\/\/www.grieta.org.mx\/index.php\/wp-json\/wp\/v2\/posts"}],"about":[{"href":"https:\/\/www.grieta.org.mx\/index.php\/wp-json\/wp\/v2\/types\/post"}],"author":[{"embeddable":true,"href":"https:\/\/www.grieta.org.mx\/index.php\/wp-json\/wp\/v2\/users\/2"}],"replies":[{"embeddable":true,"href":"https:\/\/www.grieta.org.mx\/index.php\/wp-json\/wp\/v2\/comments?post=40915"}],"version-history":[{"count":1,"href":"https:\/\/www.grieta.org.mx\/index.php\/wp-json\/wp\/v2\/posts\/40915\/revisions"}],"predecessor-version":[{"id":40917,"href":"https:\/\/www.grieta.org.mx\/index.php\/wp-json\/wp\/v2\/posts\/40915\/revisions\/40917"}],"wp:featuredmedia":[{"embeddable":true,"href":"https:\/\/www.grieta.org.mx\/index.php\/wp-json\/wp\/v2\/media\/40916"}],"wp:attachment":[{"href":"https:\/\/www.grieta.org.mx\/index.php\/wp-json\/wp\/v2\/media?parent=40915"}],"wp:term":[{"taxonomy":"category","embeddable":true,"href":"https:\/\/www.grieta.org.mx\/index.php\/wp-json\/wp\/v2\/categories?post=40915"},{"taxonomy":"post_tag","embeddable":true,"href":"https:\/\/www.grieta.org.mx\/index.php\/wp-json\/wp\/v2\/tags?post=40915"}],"curies":[{"name":"wp","href":"https:\/\/api.w.org\/{rel}","templated":true}]}}