{"id":40845,"date":"2019-10-16T12:37:50","date_gmt":"2019-10-16T17:37:50","guid":{"rendered":"http:\/\/www.grieta.org.mx\/?p=40845"},"modified":"2019-11-04T12:42:32","modified_gmt":"2019-11-04T18:42:32","slug":"pese-a-promesa-de-prohibir-el-fracking-persiste-en-la-huasteca-meridional-veracruz","status":"publish","type":"post","link":"https:\/\/www.grieta.org.mx\/index.php\/2019\/10\/16\/pese-a-promesa-de-prohibir-el-fracking-persiste-en-la-huasteca-meridional-veracruz\/","title":{"rendered":"Pese a promesa de \u201cprohibir\u201d el fracking, persiste en la Huasteca Meridional (Veracruz)"},"content":{"rendered":"<p><img loading=\"lazy\" decoding=\"async\" data-attachment-id=\"40846\" data-permalink=\"https:\/\/www.grieta.org.mx\/index.php\/2019\/10\/16\/pese-a-promesa-de-prohibir-el-fracking-persiste-en-la-huasteca-meridional-veracruz\/especial\/\" data-orig-file=\"https:\/\/www.grieta.org.mx\/wp-content\/uploads\/2019\/11\/Especial.jpg\" data-orig-size=\"600,360\" data-comments-opened=\"0\" data-image-meta=\"{&quot;aperture&quot;:&quot;0&quot;,&quot;credit&quot;:&quot;&quot;,&quot;camera&quot;:&quot;&quot;,&quot;caption&quot;:&quot;&quot;,&quot;created_timestamp&quot;:&quot;0&quot;,&quot;copyright&quot;:&quot;&quot;,&quot;focal_length&quot;:&quot;0&quot;,&quot;iso&quot;:&quot;0&quot;,&quot;shutter_speed&quot;:&quot;0&quot;,&quot;title&quot;:&quot;&quot;,&quot;orientation&quot;:&quot;1&quot;}\" data-image-title=\"Especial\" data-image-description=\"\" data-image-caption=\"\" data-medium-file=\"https:\/\/www.grieta.org.mx\/wp-content\/uploads\/2019\/11\/Especial-300x180.jpg\" data-large-file=\"https:\/\/www.grieta.org.mx\/wp-content\/uploads\/2019\/11\/Especial.jpg\" class=\"aligncenter wp-image-40846\" src=\"http:\/\/www.grieta.org.mx\/wp-content\/uploads\/2019\/11\/Especial.jpg\" alt=\"\" width=\"800\" height=\"480\" srcset=\"https:\/\/www.grieta.org.mx\/wp-content\/uploads\/2019\/11\/Especial.jpg 600w, https:\/\/www.grieta.org.mx\/wp-content\/uploads\/2019\/11\/Especial-300x180.jpg 300w\" sizes=\"auto, (max-width: 800px) 100vw, 800px\" \/><\/p>\n<p> Jordana Gonzalez \/ Contral\u00ednea<\/p>\n<p>La imposici\u00f3n del fracking contin\u00faa en Ixhuatl\u00e1n de Madero, Veracruz, gracias al proyecto petrolero Aceite Terciario del Golfo. Ello, pese a la promesa del presidente Andr\u00e9s Manuel L\u00f3pez Obrador de cancelar la fractura hidr\u00e1ulica, revel\u00f3 el etn\u00f3logo Mauricio Gonz\u00e1lez Gonz\u00e1lez en un acercamiento etnogr\u00e1fico a la comunidad nahua de la Huasteca Meridional.<\/p>\n<p>En el libro Maseual ojtli. Graf\u00edas de la diferencia nahua en la Huasteca Meridional, Gonz\u00e1lez Gonz\u00e1lez da cuenta de que el indigenismo del mandatario no ha marcado la diferencia respecto de las administraciones pasadas en lo que respecta a la defensa de los recursos de las comunidades despojadas por la delincuencia organizada y por empresas multinacionales, coment\u00f3 el investigador Eduardo Garc\u00eda Silva durante la presentaci\u00f3n del libro.<\/p>\n<p>Y es que la legislaci\u00f3n actual en materia de hidrocarburos permite dicha pr\u00e1ctica, la cual ha da\u00f1ado y despojado de territorios a pobladores de la Huasteca del Sur.<\/p>\n<p>A\u00fan con la existencia de seis iniciativas en el Congreso para prohibir el fracking, no ha sido tema de discusi\u00f3n hasta el momento, se\u00f1al\u00f3 en un comunicado la Alianza Mexicana contra el Fracking. Por el contrario: la cuarta transformaci\u00f3n design\u00f3 10 mil 800 millones de pesos de acuerdo con el Proyecto de Presupuesto de Egresos de la Federaci\u00f3n para 2020.<\/p>\n<p>Ante el despojo territorial y la imposici\u00f3n del modelo de propiedad privada, la comunidad ind\u00edgena nahua \u201cresiste\u201d frente a las empresas Royal Dutch Shell, Halliburton y Tecpetrol, porque, seg\u00fan Mauricio Gonz\u00e1lez \u2013doctor en Desarrollo Rural por la Universidad Aut\u00f3noma Metropolitana\u2013, \u201cen donde hay opresi\u00f3n hay resistencia\u201d.<\/p>\n<p>Desde 2015, la comunidad masehual veracruzana organiz\u00f3 \u201ccaravanas anti fracking\u201d junto con pobladores y organizaciones de Hidalgo, San Luis Potos\u00ed, Puebla, Tamaulipas y Ciudad de M\u00e9xico. Los siete estados fundaron la Coordinadora de Acci\u00f3n Solidaria en Defensa del Territorio Huasteca-Totonacapan, que se menciona en el  apartado \u201cToojtli: de nuestros pasos\u201d.<br \/>\n<a href=\"https:\/\/www.contralinea.com.mx\/archivo-revista\/2019\/10\/16\/pese-a-promesa-de-prohibir-el-fracking-persiste-en-la-huasteca-meridional\/\">https:\/\/www.contralinea.com.mx\/archivo-revista\/2019\/10\/16\/pese-a-promesa-de-prohibir-el-fracking-persiste-en-la-huasteca-meridional\/<\/a><\/p>\n","protected":false},"excerpt":{"rendered":"<p>Jordana Gonzalez \/ Contral\u00ednea La imposici\u00f3n del fracking contin\u00faa en Ixhuatl\u00e1n de Madero, Veracruz, gracias al proyecto petrolero Aceite Terciario del Golfo. Ello, pese a la promesa del presidente Andr\u00e9s &hellip; <a href=\"https:\/\/www.grieta.org.mx\/index.php\/2019\/10\/16\/pese-a-promesa-de-prohibir-el-fracking-persiste-en-la-huasteca-meridional-veracruz\/\" class=\"more-link\">Leer m\u00e1s<\/a><\/p>\n","protected":false},"author":2,"featured_media":40846,"comment_status":"closed","ping_status":"closed","sticky":false,"template":"","format":"standard","meta":{"ngg_post_thumbnail":0,"_jetpack_newsletter_access":"","_jetpack_dont_email_post_to_subs":false,"_jetpack_newsletter_tier_id":0,"_jetpack_memberships_contains_paywalled_content":false,"_jetpack_memberships_contains_paid_content":false,"footnotes":""},"categories":[80,396,1923,3,922,951,2,35],"tags":[273,303,1283],"class_list":["post-40845","post","type-post","status-publish","format-standard","has-post-thumbnail","hentry","category-cintillo","category-fracking","category-fracking-en-veracruz","category-megaproyectos","category-megaproyectos-estados","category-mp-veracruz","category-noticias-nacionales","category-veracruz","tag-fracking","tag-hidrocarburos","tag-rechazo-fracking","entry"],"jetpack_featured_media_url":"https:\/\/www.grieta.org.mx\/wp-content\/uploads\/2019\/11\/Especial.jpg","jetpack_sharing_enabled":true,"jetpack_shortlink":"https:\/\/wp.me\/p7ZJR4-aCN","jetpack_likes_enabled":false,"jetpack-related-posts":[{"id":29751,"url":"https:\/\/www.grieta.org.mx\/index.php\/2019\/02\/25\/pese-a-prohibicion-de-amlo-fracking-amenaza-a-la-huasteca-veracruz\/","url_meta":{"origin":40845,"position":0},"title":"Pese a prohibici\u00f3n de AMLO, fracking amenaza a la Huasteca (Veracruz)","author":"grieta","date":"25 febrero, 2019","format":false,"excerpt":"Jos\u00e9 Luis Mart\u00ednez Castro \/ El Sol de San Luis Una vez m\u00e1s, surgir\u00e1 la lucha para evitar se da\u00f1e m\u00e1s al medio ambiente y a los recursos naturales Otra vez, la Huasteca potosina se ve amenazada por la exploraci\u00f3n petrolera que se realizara en Veracruz, utilizando la fracturaci\u00f3n hidr\u00e1ulica\u2026","rel":"","context":"En &quot;CINTILLO&quot;","block_context":{"text":"CINTILLO","link":"https:\/\/www.grieta.org.mx\/index.php\/category\/cintillo\/"},"img":{"alt_text":"","src":"https:\/\/i0.wp.com\/www.grieta.org.mx\/wp-content\/uploads\/2019\/02\/fracking-no.jpg?resize=350%2C200&ssl=1","width":350,"height":200,"srcset":"https:\/\/i0.wp.com\/www.grieta.org.mx\/wp-content\/uploads\/2019\/02\/fracking-no.jpg?resize=350%2C200&ssl=1 1x, https:\/\/i0.wp.com\/www.grieta.org.mx\/wp-content\/uploads\/2019\/02\/fracking-no.jpg?resize=525%2C300&ssl=1 1.5x, https:\/\/i0.wp.com\/www.grieta.org.mx\/wp-content\/uploads\/2019\/02\/fracking-no.jpg?resize=700%2C400&ssl=1 2x"},"classes":[]},{"id":8213,"url":"https:\/\/www.grieta.org.mx\/index.php\/2016\/03\/10\/fracking-en-veracruz\/","url_meta":{"origin":40845,"position":1},"title":"Fracking en Veracruz","author":"Admin","date":"10 marzo, 2016","format":false,"excerpt":"Desaparece el R\u00edo Atoyac, ambientalistas culpan al fracking 03\/03\/16. #Veracruz: Enorme cr\u00e1ter se \u2018traga\u2019 al R\u00edo Atoyac; ambientalistas culpan al \u2018fracking\u2019 Anonymous Hispano Oposici\u00f3n al Fracking en Veracruz 10\/03\/16. Protestan contra el fracking durante marcha UV en Poza Rica E-consulta Veracruz 03\/03\/16. Miles en Puebla y Veracruz rechazan fracking para\u2026","rel":"","context":"En &quot;Fracking&quot;","block_context":{"text":"Fracking","link":"https:\/\/www.grieta.org.mx\/index.php\/category\/megaproyectos\/fracking\/"},"img":{"alt_text":"","src":"https:\/\/i0.wp.com\/www.grieta.org.mx\/wp-content\/uploads\/2018\/03\/14524434_1106112876131411_958039263622046936_o.jpg?resize=350%2C200&ssl=1","width":350,"height":200,"srcset":"https:\/\/i0.wp.com\/www.grieta.org.mx\/wp-content\/uploads\/2018\/03\/14524434_1106112876131411_958039263622046936_o.jpg?resize=350%2C200&ssl=1 1x, https:\/\/i0.wp.com\/www.grieta.org.mx\/wp-content\/uploads\/2018\/03\/14524434_1106112876131411_958039263622046936_o.jpg?resize=525%2C300&ssl=1 1.5x, https:\/\/i0.wp.com\/www.grieta.org.mx\/wp-content\/uploads\/2018\/03\/14524434_1106112876131411_958039263622046936_o.jpg?resize=700%2C400&ssl=1 2x"},"classes":[]},{"id":43705,"url":"https:\/\/www.grieta.org.mx\/index.php\/2020\/01\/26\/pueblos-originarios-se-pronuncian-en-contra-de-fracking-veracruz-san-luis-potosi\/","url_meta":{"origin":40845,"position":2},"title":"Pueblos originarios se pronuncian en contra de fracking (Veracruz, San Luis Potos\u00ed)","author":"grieta","date":"26 enero, 2020","format":false,"excerpt":"Redacci\u00f3n \/ Expr\u00e9s Representantes de 20 municipios, se reunioneron en la Huastca para entregar una iniciativa que prohiba esta pr\u00e1ctica. Comunidades ind\u00edgenas, urbanas y rurales, se congregaron en la Huasteca potosina para hacer un pronunciamiento conjunto en contra del fracking, por lo que adem\u00e1s entregaron una iniciativa de reforma para\u2026","rel":"","context":"En &quot;CINTILLO&quot;","block_context":{"text":"CINTILLO","link":"https:\/\/www.grieta.org.mx\/index.php\/category\/cintillo\/"},"img":{"alt_text":"","src":"https:\/\/i0.wp.com\/www.grieta.org.mx\/wp-content\/uploads\/2020\/01\/6814cdfracking.jpg?resize=350%2C200&ssl=1","width":350,"height":200,"srcset":"https:\/\/i0.wp.com\/www.grieta.org.mx\/wp-content\/uploads\/2020\/01\/6814cdfracking.jpg?resize=350%2C200&ssl=1 1x, https:\/\/i0.wp.com\/www.grieta.org.mx\/wp-content\/uploads\/2020\/01\/6814cdfracking.jpg?resize=525%2C300&ssl=1 1.5x"},"classes":[]},{"id":53700,"url":"https:\/\/www.grieta.org.mx\/index.php\/2020\/09\/20\/mas-de-300-pozos-en-veracruz-son-perforados-con-fracking-cni\/","url_meta":{"origin":40845,"position":3},"title":"M\u00e1s de 300 pozos en Veracruz son perforados con fracking: CNI","author":"Admin","date":"20 septiembre, 2020","format":false,"excerpt":"Paco De Luna \/ Vanguardia de Veracruz Xalapa, Ver.- En el norte del estado de Veracruz hay m\u00e1s de 300 pozos con fracking y m\u00e1s de cinco mil campos petroleros que siguen derramando las aguas cong\u00e9nitas, sobre los afluentes y cultivos. Lo anterior fue dado a conocer por el integrante\u2026","rel":"","context":"En &quot;CINTILLO&quot;","block_context":{"text":"CINTILLO","link":"https:\/\/www.grieta.org.mx\/index.php\/category\/cintillo\/"},"img":{"alt_text":"","src":"https:\/\/i0.wp.com\/www.grieta.org.mx\/wp-content\/uploads\/2020\/09\/frac2.jpg?resize=350%2C200&ssl=1","width":350,"height":200,"srcset":"https:\/\/i0.wp.com\/www.grieta.org.mx\/wp-content\/uploads\/2020\/09\/frac2.jpg?resize=350%2C200&ssl=1 1x, https:\/\/i0.wp.com\/www.grieta.org.mx\/wp-content\/uploads\/2020\/09\/frac2.jpg?resize=525%2C300&ssl=1 1.5x, https:\/\/i0.wp.com\/www.grieta.org.mx\/wp-content\/uploads\/2020\/09\/frac2.jpg?resize=700%2C400&ssl=1 2x"},"classes":[]},{"id":8288,"url":"https:\/\/www.grieta.org.mx\/index.php\/2015\/06\/20\/crean-frente-para-frenar-el-fracking-en-el-totonacapan-y-la-huasteca\/","url_meta":{"origin":40845,"position":4},"title":"Crean frente para frenar el Fracking en el Totonacapan y la Huasteca","author":"Admin","date":"20 junio, 2015","format":false,"excerpt":"Xalapa, Ver. Con la reforma energ\u00e9tica se prev\u00e9n desastres ambientales en el estado de Veracruz, por lo que organizaciones civiles realizar\u00e1n un encuentro este fin de semana, en Papantla. Guillermo Rodr\u00edguez Curiel, l\u00edder de La Asamblea Veracruzana de Iniciativas en Defensa Ambiental (Lavida) indic\u00f3 que colectivos en defensa del territorio,\u2026","rel":"","context":"En &quot;CINTILLO&quot;","block_context":{"text":"CINTILLO","link":"https:\/\/www.grieta.org.mx\/index.php\/category\/cintillo\/"},"img":{"alt_text":"","src":"https:\/\/i0.wp.com\/www.grieta.org.mx\/wp-content\/uploads\/2018\/03\/14524434_1106112876131411_958039263622046936_o.jpg?resize=350%2C200&ssl=1","width":350,"height":200,"srcset":"https:\/\/i0.wp.com\/www.grieta.org.mx\/wp-content\/uploads\/2018\/03\/14524434_1106112876131411_958039263622046936_o.jpg?resize=350%2C200&ssl=1 1x, https:\/\/i0.wp.com\/www.grieta.org.mx\/wp-content\/uploads\/2018\/03\/14524434_1106112876131411_958039263622046936_o.jpg?resize=525%2C300&ssl=1 1.5x, https:\/\/i0.wp.com\/www.grieta.org.mx\/wp-content\/uploads\/2018\/03\/14524434_1106112876131411_958039263622046936_o.jpg?resize=700%2C400&ssl=1 2x"},"classes":[]},{"id":8740,"url":"https:\/\/www.grieta.org.mx\/index.php\/2015\/05\/21\/productores-agropecuarios-de-la-huasteca-se-pronuncian-contra-el-fracking\/","url_meta":{"origin":40845,"position":5},"title":"Productores agropecuarios de la Huasteca se pronuncian contra el fracking (San Luis Potos\u00ed)","author":"grieta","date":"21 mayo, 2015","format":false,"excerpt":"San Luis Potos\u00ed, S. L. P.- Rosa Esther Pe\u00f1a Soto, \u00a0Coordinadora de Organizaciones Campesinas e Ind\u00edgenas de la Huasteca Potosina \u00a0(COCIHP) denunci\u00f3 que en la Huasteca potosina, productores de 18 municipios podr\u00e1n verse afectados por el fracking y el plan Monterrey VI. Pe\u00f1a Soto detallo que cafetaleros, productores de piloncillo,\u2026","rel":"","context":"En &quot;CINTILLO&quot;","block_context":{"text":"CINTILLO","link":"https:\/\/www.grieta.org.mx\/index.php\/category\/cintillo\/"},"img":{"alt_text":"","src":"https:\/\/i0.wp.com\/www.grieta.org.mx\/wp-content\/uploads\/2015\/05\/Productores-agropecuarios-de-la-Huasteca-se-pronuncian-contra-el-fracking.jpg?resize=350%2C200&ssl=1","width":350,"height":200,"srcset":"https:\/\/i0.wp.com\/www.grieta.org.mx\/wp-content\/uploads\/2015\/05\/Productores-agropecuarios-de-la-Huasteca-se-pronuncian-contra-el-fracking.jpg?resize=350%2C200&ssl=1 1x, https:\/\/i0.wp.com\/www.grieta.org.mx\/wp-content\/uploads\/2015\/05\/Productores-agropecuarios-de-la-Huasteca-se-pronuncian-contra-el-fracking.jpg?resize=525%2C300&ssl=1 1.5x, https:\/\/i0.wp.com\/www.grieta.org.mx\/wp-content\/uploads\/2015\/05\/Productores-agropecuarios-de-la-Huasteca-se-pronuncian-contra-el-fracking.jpg?resize=700%2C400&ssl=1 2x, https:\/\/i0.wp.com\/www.grieta.org.mx\/wp-content\/uploads\/2015\/05\/Productores-agropecuarios-de-la-Huasteca-se-pronuncian-contra-el-fracking.jpg?resize=1050%2C600&ssl=1 3x, https:\/\/i0.wp.com\/www.grieta.org.mx\/wp-content\/uploads\/2015\/05\/Productores-agropecuarios-de-la-Huasteca-se-pronuncian-contra-el-fracking.jpg?resize=1400%2C800&ssl=1 4x"},"classes":[]}],"_links":{"self":[{"href":"https:\/\/www.grieta.org.mx\/index.php\/wp-json\/wp\/v2\/posts\/40845","targetHints":{"allow":["GET"]}}],"collection":[{"href":"https:\/\/www.grieta.org.mx\/index.php\/wp-json\/wp\/v2\/posts"}],"about":[{"href":"https:\/\/www.grieta.org.mx\/index.php\/wp-json\/wp\/v2\/types\/post"}],"author":[{"embeddable":true,"href":"https:\/\/www.grieta.org.mx\/index.php\/wp-json\/wp\/v2\/users\/2"}],"replies":[{"embeddable":true,"href":"https:\/\/www.grieta.org.mx\/index.php\/wp-json\/wp\/v2\/comments?post=40845"}],"version-history":[{"count":1,"href":"https:\/\/www.grieta.org.mx\/index.php\/wp-json\/wp\/v2\/posts\/40845\/revisions"}],"predecessor-version":[{"id":40847,"href":"https:\/\/www.grieta.org.mx\/index.php\/wp-json\/wp\/v2\/posts\/40845\/revisions\/40847"}],"wp:featuredmedia":[{"embeddable":true,"href":"https:\/\/www.grieta.org.mx\/index.php\/wp-json\/wp\/v2\/media\/40846"}],"wp:attachment":[{"href":"https:\/\/www.grieta.org.mx\/index.php\/wp-json\/wp\/v2\/media?parent=40845"}],"wp:term":[{"taxonomy":"category","embeddable":true,"href":"https:\/\/www.grieta.org.mx\/index.php\/wp-json\/wp\/v2\/categories?post=40845"},{"taxonomy":"post_tag","embeddable":true,"href":"https:\/\/www.grieta.org.mx\/index.php\/wp-json\/wp\/v2\/tags?post=40845"}],"curies":[{"name":"wp","href":"https:\/\/api.w.org\/{rel}","templated":true}]}}