{"id":40792,"date":"2019-10-28T09:25:36","date_gmt":"2019-10-28T15:25:36","guid":{"rendered":"http:\/\/www.grieta.org.mx\/?p=40792"},"modified":"2019-11-04T09:35:45","modified_gmt":"2019-11-04T15:35:45","slug":"ocho-anos-y-aun-no-hay-justicia-ni-responsables-por-las-fosas-halladas-en-tamaulipas-en-2011","status":"publish","type":"post","link":"https:\/\/www.grieta.org.mx\/index.php\/2019\/10\/28\/ocho-anos-y-aun-no-hay-justicia-ni-responsables-por-las-fosas-halladas-en-tamaulipas-en-2011\/","title":{"rendered":"Ocho a\u00f1os y a\u00fan no hay justicia ni responsables por las fosas halladas en Tamaulipas en 2011"},"content":{"rendered":"<blockquote><p>La CNDH cree que PGJT y FGR vulneraron gravemente los derechos humanos de las v\u00edctimas, que en su mayor\u00eda son mexicanas. \u201cSorprende que no haya una investigaci\u00f3n m\u00e1s puntual de la acci\u00f3n del Estado\u201d, dice ONG que representa a 21 familias.<\/p><\/blockquote>\n<p><img loading=\"lazy\" decoding=\"async\" data-attachment-id=\"40793\" data-permalink=\"https:\/\/www.grieta.org.mx\/index.php\/2019\/10\/28\/ocho-anos-y-aun-no-hay-justicia-ni-responsables-por-las-fosas-halladas-en-tamaulipas-en-2011\/fosas_veracruz-6-e1572269773515\/\" data-orig-file=\"https:\/\/www.grieta.org.mx\/wp-content\/uploads\/2019\/11\/Fosas_Veracruz-6-e1572269773515.jpg\" data-orig-size=\"5444,2667\" data-comments-opened=\"0\" data-image-meta=\"{&quot;aperture&quot;:&quot;0&quot;,&quot;credit&quot;:&quot;&quot;,&quot;camera&quot;:&quot;&quot;,&quot;caption&quot;:&quot;&quot;,&quot;created_timestamp&quot;:&quot;0&quot;,&quot;copyright&quot;:&quot;&quot;,&quot;focal_length&quot;:&quot;0&quot;,&quot;iso&quot;:&quot;0&quot;,&quot;shutter_speed&quot;:&quot;0&quot;,&quot;title&quot;:&quot;&quot;,&quot;orientation&quot;:&quot;0&quot;}\" data-image-title=\"Fosas_Veracruz-6-e1572269773515\" data-image-description=\"\" data-image-caption=\"\" data-medium-file=\"https:\/\/www.grieta.org.mx\/wp-content\/uploads\/2019\/11\/Fosas_Veracruz-6-e1572269773515-300x147.jpg\" data-large-file=\"https:\/\/www.grieta.org.mx\/wp-content\/uploads\/2019\/11\/Fosas_Veracruz-6-e1572269773515-1024x502.jpg\" src=\"http:\/\/www.grieta.org.mx\/wp-content\/uploads\/2019\/11\/Fosas_Veracruz-6-e1572269773515.jpg\" alt=\"\" width=\"5444\" height=\"2667\" class=\"aligncenter size-full wp-image-40793\" srcset=\"https:\/\/www.grieta.org.mx\/wp-content\/uploads\/2019\/11\/Fosas_Veracruz-6-e1572269773515.jpg 5444w, https:\/\/www.grieta.org.mx\/wp-content\/uploads\/2019\/11\/Fosas_Veracruz-6-e1572269773515-300x147.jpg 300w, https:\/\/www.grieta.org.mx\/wp-content\/uploads\/2019\/11\/Fosas_Veracruz-6-e1572269773515-768x376.jpg 768w, https:\/\/www.grieta.org.mx\/wp-content\/uploads\/2019\/11\/Fosas_Veracruz-6-e1572269773515-1024x502.jpg 1024w, https:\/\/www.grieta.org.mx\/wp-content\/uploads\/2019\/11\/Fosas_Veracruz-6-e1572269773515-1021x500.jpg 1021w\" sizes=\"auto, (max-width: 5444px) 100vw, 5444px\" \/><\/p>\n<p>Alberto Pradilla\/Animal Pol\u00edtico<br \/>\n28 de octubre 2019<\/p>\n<p>El Estado a\u00fan no ha identificado a 69 de los 196 cuerpos encontrados en 48 fosas clandestinas descubiertas en San Fernando, Tamaulipas, entre abril y mayo de 2011. Algunos de los restos entregados durante este tiempo estuvieron equivocados por una deficiente actuaci\u00f3n de las autoridades, que dificult\u00f3 la investigaci\u00f3n. <\/p>\n<p>Ocho a\u00f1os despu\u00e9s del hallazgo, la Comisi\u00f3n Nacional de los Derechos Humanos (CNDH) emite un informe en el que se constatan las \u201cgraves violaciones a los derechos humanos\u201d de las v\u00edctimas. En concreto, al derecho al acceso a la justicia, la seguridad jur\u00eddica y la verdad, tanto por las 196 v\u00edctimas como por otros 57 mexicanos desaparecidos cuyos familiares presentaron reclamos ante la instituci\u00f3n cuando se hizo p\u00fablico el descubrimiento de las fosas. <\/p>\n<p>Entre las recomendaciones formuladas al titular de la Fiscal\u00eda General de la Rep\u00fablica (FGR) y al gobernador de Tamaulipas, Francisco Javier Garc\u00eda Cabeza de Vaca: buscar a los familiares de las v\u00edctimas y brindarles atenci\u00f3n, acciones para localizar a 55 desaparecidos, una disculpa institucional y colaboraci\u00f3n para la presentaci\u00f3n de denuncias penales y administrativas contra once funcionarios a los que encuentra responsables de las omisiones e irregularidades que dificultaron las identificaciones y, adem\u00e1s, complicaron la investigaci\u00f3n.<\/p>\n<p>El panorama que presenta el informe es desolador. En sus p\u00e1ginas se constata lo habitual de pr\u00e1cticas como el secuestro de autobuses, la incapacidad de autoridades estatales y federales para encontrar a los responsables de las muertes, las carencias a la hora de identificar los cuerpos y entreg\u00e1rselos a sus familiares y la nula disposici\u00f3n a colaborar por parte de instituciones como la Procuradur\u00eda General del Estado de Tamaulipas, que hasta en cuatro ocasiones llega a ignorar peticiones expl\u00edcitas por parte de la CNHD. <\/p>\n<p>\u201cSorprende que no haya una investigaci\u00f3n m\u00e1s puntual de la acci\u00f3n del Estado. Cu\u00e1l fue la responsabilidad del Estado\u201d, considera Ana Lorena Delgadillo, abogada de la Fundaci\u00f3n para la Justicia, que representa a 21 de las familias de las v\u00edctimas.<\/p>\n<p>A d\u00eda de hoy, ocho a\u00f1os despu\u00e9s del hallazgo de las fosas clandestinas, \u00fanicamente hay 127 cuerpos identificados. De ellos 83 son mexicanos, 31 guatemaltecos, 2 salvadore\u00f1os y un hondure\u00f1o, a los que hay que sumar otros diez cuerpos que el informe asegura que la PGJT entreg\u00f3 \u201csin informe pericial alguno\u201d. El resto sigue en una fosa com\u00fan sin que a\u00fan se sepa nada sobre su origen. <\/p>\n<p>Se trataba, en su mayor\u00eda, de migrantes y trabajadores que trataban de alcanzar la frontera con Estados Unidos. Por eso, el informe recuerda recomendaciones previas como las formuladas en 2013 sobre la masacre de los 72, perpetrada tambi\u00e9n en San Fernando en 2010, o el informe sobre secuestros de migrantes elaborado en 2013.<\/p>\n<p>Ana Lorena Delgadillo, abogada de Fundaci\u00f3n para la Justicia, lament\u00f3 que la CNDH no se hubiese entrevistado con sus defendidos y consider\u00f3 imprescindible una investigaci\u00f3n m\u00e1s \u201camplia\u201d que incluya a sus defendidos en el proceso. Adem\u00e1s, se mostr\u00f3 contrariada por el hecho de que no se ahonde en la responsabilidad estatal, a pesar de ser una tesis que aparece en informes citados por la recomendaci\u00f3n. <\/p>\n<p>La mayor\u00eda de los muertos fueron asesinados por un traumatismo craneoencef\u00e1lico.<\/p>\n<p>Esta versi\u00f3n de las muertes concuerda con el \u00fanico testimonio que se incluye en el informe: el de tres personas, que son citadas como testigos y no como v\u00edctimas, que aseguran haber salido de Tejupilco, estado de M\u00e9xico, con destino a la frontera con Estados Unidos. Al pasar en autob\u00fas por San Fernando, estas personas aseguraron haber sido obligadas a bajar y conducidas a una casa de seguridad.<\/p>\n<p>\u201cDetallaron que al llegar a San Fernando, Tamaulipas, fueron bajados del autob\u00fas por personas desconocidas y trasladados a bordo de camionetas a una casa en la que se encontraban m\u00e1s personas y donde fueron objeto de malos tratos, observaron que una persona se neg\u00f3 a trabajar para sus captores por lo que fue privado de la vida con varios golpes en la cabeza producidos con un bate\u201d, dice el documento. <\/p>\n<p>Entre los testimonios que aparecen recogidos en el informe se incluyen dos que se\u00f1alan directamente a autoridades.<\/p>\n<p>Por una parte, est\u00e1 el relato de dos pilotos de autob\u00fas que refieren haber recibido el alto por personas identificadas como \u201cdos patrullas de Seguridad P\u00fablica Municipal que contaban con r\u00f3tulos de la Polic\u00eda Municipal y tambi\u00e9n se encontraba una camioneta \u2026 con personas del sexo masculino vestidos de civiles y los cuales todos se encontraban armados\u201d. Estos \u00faltimos habr\u00edan subido al autob\u00fas para obligar a una decena de sus pasajeros, todos hombres, a bajar a la fuerza e introducirse en unos taxis. <\/p>\n<p>En otro de los casos, el padre de un migrante asegura tener conocimiento de que su hijo fue \u201crescatado\u201d de una casa de seguridad en Reynosa, Tamaulipas, por agentes del Instituto Nacional de Migraci\u00f3n (INM) que lo habr\u00edan extorsionado. Desde entonces no ha vuelto a saber de \u00e9l y su cuerpo no est\u00e1 entre los identificados. <\/p>\n<p>El informe, no obstante, no ahonda en esta l\u00ednea de investigaci\u00f3n (alega que su mandato no es el de realizar pesquisas penales) sino que profundiza en las irregularidades detectadas desde el momento en el que aparecen las fosas y los cuerpos hasta la actualidad. S\u00ed que recuerda que en 2013 se instruy\u00f3 acci\u00f3n penal contra 17 polic\u00edas municipales. <\/p>\n<p>El informe asume que el secuestro en autobuses es pr\u00e1ctica habitual hasta el punto de ser planteado como hip\u00f3tesis por la PGJ de Tamaulipas. Sin embargo, sorprende que la presidencia municipal de San Fernando dijeses que desconoc\u00eda que esa pr\u00e1ctica se llevaba a cabo en su zona. <\/p>\n<p>\u201cLa Comisi\u00f3n Nacional advierte que la actuaci\u00f3n de las autoridades responsables de salvaguardar la integridad y derechos tanto de los habitantes del estado de Tamaulipas como de las personas que transitan de manera ocasional o regular en ese territorio fueron insuficientes e ineficaces, ya que no existieron mecanismos para el establecimiento de pol\u00edticas en materia de seguridad p\u00fablica, lo que gener\u00f3 hechos como los del asunto de m\u00e9rito, en el que se hallaron 196 cuerpos y\/o restos de cuerpos de personas en fosas clandestinas en el municipio de San Fernando, Tamaulipas, as\u00ed como la desaparici\u00f3n de personas de nacionalidad mexicana que transitaban en el interior de esa entidad federativa\u201d, afirma el documento.<\/p>\n<p>Denuncia tambi\u00e9n el informe la nula colaboraci\u00f3n de la PGJ de Tamaulipas. \u201cMediante oficios del 11 de julio, 9 de agosto, 1 y 30 de noviembre, todos de 2018, la Comisi\u00f3n Nacional solicit\u00f3 informaci\u00f3n al Procurador General de Justicia de Tamaulipas, sin que a la fecha de la emisi\u00f3n de la presente Recomendaci\u00f3n se haya recibido respuesta alguna\u201d, dice.<\/p>\n<p>El documento es muy cr\u00edtico con la investigaci\u00f3n practicada por FGR y PGJT.<\/p>\n<p>\u201cDel an\u00e1lisis de las constancias que integran el expediente de queja, se advierte que los procedimientos de investigaci\u00f3n y procuraci\u00f3n de justicia en las indagatorias radicadas por la PGJ-Tamaulipas y la FGR, no se realizaron de acuerdo a lo que establecen los ordenamientos legales vigentes al momento en que acontecieron los hechos, en atenci\u00f3n a lo siguiente\u201d, dice.<\/p>\n<p>No se preservaron los lugares ni se recogieron evidencias, se\u00f1ala el documento, que indica que ni se vigil\u00f3 el per\u00edmetro durante el tiempo en el que se hac\u00edan las exhumaciones ni se guard\u00f3 la debida cadena de custodia. <\/p>\n<p>\u201cDestaca la falta de conocimiento por parte de los agentes del Ministerio P\u00fablico encargados de la investigaci\u00f3n al desconocer las periciales m\u00ednimas e id\u00f3neas que se requer\u00edan para el procesamiento de los indicios y la posterior identificaci\u00f3n de las v\u00edctimas, lo que afect\u00f3 directamente la investigaci\u00f3n de los delitos y eventualmente obstaculiz\u00f3 una reparaci\u00f3n del da\u00f1o oportuna\u201d, afirma. <\/p>\n<p>Sobre la FGR (entonces PGR), la CNDH dice que \u201calgunos cuerpos fueron incinerados; sin embargo, de las documentales consultadas no se observ\u00f3 el acuerdo que haya ordenado, fundado y motivado dicha cremaci\u00f3n\u201d. <\/p>\n<p>Adem\u00e1s, denuncia una incorrecta entrega de restos y dilaciones en las identificaciones al menos en una veintena de casos. <\/p>\n<p>\u201cLas demoras y omisiones injustificadas que se evidenciaron, provocaron la p\u00e9rdida irreversible de informaci\u00f3n para identificar oportunamente a las v\u00edctimas, as\u00ed como garantizar la reparaci\u00f3n integral a las v\u00edctimas indirectas (familiares) y la posible ubicaci\u00f3n de los responsables, teniendo como consecuencia la transgresi\u00f3n del derecho al acceso a la justicia y a la verdad\u201d, afirma.<\/p>\n<p>En este sentido, el documento responsabiliza al gobierno de Tamaulipas por no garantizar la seguridad en su territorio y a FGR y PGJT por no garantizar el acceso a la verdad y la justicia a v\u00edctimas y familiares. <\/p>\n<p>Pide abrir un proceso penal y administrativo contra once funcionarios y solicita de las autoridades una disculpa p\u00fablica con las v\u00edctimas. <\/p>\n<p><a href=\"https:\/\/www.animalpolitico.com\/2019\/10\/tamaulipas-fosas-cuerpos-cndh\/\" rel=\"noopener noreferrer\" target=\"_blank\">https:\/\/www.animalpolitico.com\/2019\/10\/tamaulipas-fosas-cuerpos-cndh\/<\/a><\/p>\n","protected":false},"excerpt":{"rendered":"<p>La CNDH cree que PGJT y FGR vulneraron gravemente los derechos humanos de las v\u00edctimas, que en su mayor\u00eda son mexicanas. \u201cSorprende que no haya una investigaci\u00f3n m\u00e1s puntual de &hellip; <a href=\"https:\/\/www.grieta.org.mx\/index.php\/2019\/10\/28\/ocho-anos-y-aun-no-hay-justicia-ni-responsables-por-las-fosas-halladas-en-tamaulipas-en-2011\/\" class=\"more-link\">Leer m\u00e1s<\/a><\/p>\n","protected":false},"author":2,"featured_media":40793,"comment_status":"closed","ping_status":"closed","sticky":false,"template":"","format":"standard","meta":{"ngg_post_thumbnail":0,"_jetpack_newsletter_access":"","_jetpack_dont_email_post_to_subs":false,"_jetpack_newsletter_tier_id":0,"_jetpack_memberships_contains_paywalled_content":false,"_jetpack_memberships_contains_paid_content":false,"footnotes":""},"categories":[80,87,1197,2,33,83],"tags":[1410,121,604],"class_list":["post-40792","post","type-post","status-publish","format-standard","has-post-thumbnail","hentry","category-cintillo","category-desaparecidos","category-desaparecidos-en-tamaulipas","category-noticias-nacionales","category-tamaulipas","category-temas-nacionales","tag-abusos-contra-migrantes","tag-desaparecidos","tag-san-fernando","entry"],"jetpack_featured_media_url":"https:\/\/www.grieta.org.mx\/wp-content\/uploads\/2019\/11\/Fosas_Veracruz-6-e1572269773515.jpg","jetpack_sharing_enabled":true,"jetpack_shortlink":"https:\/\/wp.me\/p7ZJR4-aBW","jetpack_likes_enabled":false,"jetpack-related-posts":[{"id":31251,"url":"https:\/\/www.grieta.org.mx\/index.php\/2019\/03\/26\/crearan-grupo-para-localizar-y-revisar-fosas-en-la-frontera-tamaulipas\/","url_meta":{"origin":40792,"position":0},"title":"Crear\u00e1n grupo para localizar y revisar fosas en la frontera (Tamaulipas)","author":"grieta","date":"26 marzo, 2019","format":false,"excerpt":"Viviana Cervantes \/ El Ma\u00f1ana Buscar\u00e1 a desaparecidos la Asociaci\u00f3n Justicia Tamaulipas Reynosa, Tam. La Asociaci\u00f3n Justicia Tamaulipas, dedicada a la b\u00fasqueda de personas desaparecidas, crear\u00e1 un grupo especializado para localizar y revisar las fosas clandestinas que est\u00e1n en la zona fronteriza. Giovanni Barrios Moreno, director del organismo, se\u00f1al\u00f3 que\u2026","rel":"","context":"En &quot;CINTILLO&quot;","block_context":{"text":"CINTILLO","link":"https:\/\/www.grieta.org.mx\/index.php\/category\/cintillo\/"},"img":{"alt_text":"","src":"https:\/\/i0.wp.com\/www.grieta.org.mx\/wp-content\/uploads\/2019\/03\/Crear%C3%A1n-grupo-para-localizar-y-revisar-fosas-en-la-frontera-tama-mzo-300x158.jpg?resize=350%2C200","width":350,"height":200},"classes":[]},{"id":22958,"url":"https:\/\/www.grieta.org.mx\/index.php\/2017\/04\/23\/80-mil-desaparecidos-en-tamaulipas\/","url_meta":{"origin":40792,"position":1},"title":"\u00bf80 mil desaparecidos en Tamaulipas?","author":"grieta","date":"23 abril, 2017","format":false,"excerpt":"Redacci\u00f3n\/Posta TAMAULIPAS.- El vocero e integrante del Colectivo de Amigos y Familiares de Personas Desaparecidas de Tamaulipas , Guillermo Guti\u00e9rrez Riestra, consider\u00f3 que a pesar de que las cifras oficiales reconocen a 5 mil 567 personas \"no localizadas\" en la entidad, en la realidad la cifra pudiera ascender hasta los\u2026","rel":"","context":"En &quot;CINTILLO&quot;","block_context":{"text":"CINTILLO","link":"https:\/\/www.grieta.org.mx\/index.php\/category\/cintillo\/"},"img":{"alt_text":"","src":"https:\/\/i0.wp.com\/www.grieta.org.mx\/wp-content\/uploads\/2018\/05\/d4.jpg?resize=350%2C200&ssl=1","width":350,"height":200,"srcset":"https:\/\/i0.wp.com\/www.grieta.org.mx\/wp-content\/uploads\/2018\/05\/d4.jpg?resize=350%2C200&ssl=1 1x, https:\/\/i0.wp.com\/www.grieta.org.mx\/wp-content\/uploads\/2018\/05\/d4.jpg?resize=525%2C300&ssl=1 1.5x"},"classes":[]},{"id":33490,"url":"https:\/\/www.grieta.org.mx\/index.php\/2019\/05\/13\/piden-a-cdv-declarar-a-tamaulipas-en-emergencia-estatal-forense\/","url_meta":{"origin":40792,"position":2},"title":"Piden a CDV declarar a Tamaulipas en emergencia estatal forense","author":"grieta","date":"13 mayo, 2019","format":false,"excerpt":"Lupita \u00c1lvarez \/ Gaceta Cd. Victoria, Tamaulipas.- El Colectivo de Familiares y Amigos de Personas Desaparecidas pidi\u00f3 al gobernador Francisco Garc\u00eda Cabeza de Vaca declarar a Tamaulipas en emergencia estatal forense, considerando que la Procuradur\u00eda General de Justicia del Estado tiene ocho mil cuerpos que no ha podido identificar. El\u2026","rel":"","context":"En &quot;CINTILLO&quot;","block_context":{"text":"CINTILLO","link":"https:\/\/www.grieta.org.mx\/index.php\/category\/cintillo\/"},"img":{"alt_text":"","src":"https:\/\/i0.wp.com\/www.grieta.org.mx\/wp-content\/uploads\/2019\/05\/Piden-a-CDV-declarar-a-Tamaulipas-en-emergencia-estatal-forense-tama-may.jpg?resize=350%2C200","width":350,"height":200},"classes":[]},{"id":38728,"url":"https:\/\/www.grieta.org.mx\/index.php\/2019\/08\/22\/masacre-de-migrantes-en-san-fernando-cambio-el-rostro-de-tamaulipas\/","url_meta":{"origin":40792,"position":3},"title":"Masacre de migrantes en San Fernando cambi\u00f3 el rostro de Tamaulipas","author":"grieta","date":"22 agosto, 2019","format":false,"excerpt":"Antonio Hern\u00e1ndez \/ Milenio Al recordar en Ciudad Victoria la masacre de 72 migrantes en San Fernando, Guillermo Guti\u00e9rrez, vocero del Colectivo de Familiares y Amigos de Desaparecidos en Tamaulipas, tambi\u00e9n asegur\u00f3 que la delincuencia est\u00e1 mejor armada que las fuerzas del orden y que mientras no se les afecte\u2026","rel":"","context":"En &quot;CINTILLO&quot;","block_context":{"text":"CINTILLO","link":"https:\/\/www.grieta.org.mx\/index.php\/category\/cintillo\/"},"img":{"alt_text":"","src":"https:\/\/i0.wp.com\/www.grieta.org.mx\/wp-content\/uploads\/2019\/09\/secretaria-marina-hallo-cuerpos-personas_10_14_584_363.jpeg?resize=350%2C200&ssl=1","width":350,"height":200,"srcset":"https:\/\/i0.wp.com\/www.grieta.org.mx\/wp-content\/uploads\/2019\/09\/secretaria-marina-hallo-cuerpos-personas_10_14_584_363.jpeg?resize=350%2C200&ssl=1 1x, https:\/\/i0.wp.com\/www.grieta.org.mx\/wp-content\/uploads\/2019\/09\/secretaria-marina-hallo-cuerpos-personas_10_14_584_363.jpeg?resize=525%2C300&ssl=1 1.5x, https:\/\/i0.wp.com\/www.grieta.org.mx\/wp-content\/uploads\/2019\/09\/secretaria-marina-hallo-cuerpos-personas_10_14_584_363.jpeg?resize=700%2C400&ssl=1 2x"},"classes":[]},{"id":38380,"url":"https:\/\/www.grieta.org.mx\/index.php\/2019\/08\/01\/tamaulipas-con-2-mil-cuerpos-sin-identificar-en-fosas-clandestinas\/","url_meta":{"origin":40792,"position":4},"title":"Tamaulipas, con 2 mil cuerpos sin identificar en fosas clandestinas","author":"grieta","date":"1 agosto, 2019","format":false,"excerpt":"Arnoldo Garc\u00eda \/ La Silla Rota Cd. Victoria, Tam.- Los trabajos de b\u00fasqueda de cuerpos y restos humanos en fosas clandestinas son in\u00fatiles cuando existen en Tamaulipas m\u00e1s de dos mil cuerpos sin identificar en fosas comunes. Este d\u00eda se inici\u00f3 en Reynosa la b\u00fasqueda de desaparecidos por parte de\u2026","rel":"","context":"En &quot;CINTILLO&quot;","block_context":{"text":"CINTILLO","link":"https:\/\/www.grieta.org.mx\/index.php\/category\/cintillo\/"},"img":{"alt_text":"","src":"https:\/\/i0.wp.com\/www.grieta.org.mx\/wp-content\/uploads\/2019\/08\/tamaulipas-focus-0-0-983-557.jpg?resize=350%2C200&ssl=1","width":350,"height":200,"srcset":"https:\/\/i0.wp.com\/www.grieta.org.mx\/wp-content\/uploads\/2019\/08\/tamaulipas-focus-0-0-983-557.jpg?resize=350%2C200&ssl=1 1x, https:\/\/i0.wp.com\/www.grieta.org.mx\/wp-content\/uploads\/2019\/08\/tamaulipas-focus-0-0-983-557.jpg?resize=525%2C300&ssl=1 1.5x, https:\/\/i0.wp.com\/www.grieta.org.mx\/wp-content\/uploads\/2019\/08\/tamaulipas-focus-0-0-983-557.jpg?resize=700%2C400&ssl=1 2x"},"classes":[]},{"id":40583,"url":"https:\/\/www.grieta.org.mx\/index.php\/2019\/10\/27\/fgr-debe-buscar-a-familiares-de-las-196-victimas-halladas-en-fosas-de-tamaulipas-y-ofrecer-disculpa-cndh\/","url_meta":{"origin":40792,"position":5},"title":"FGR debe buscar a familiares de las 196 v\u00edctimas halladas en fosas de Tamaulipas y ofrecer disculpa: CNDH","author":"grieta","date":"27 octubre, 2019","format":false,"excerpt":"La CNDH pidi\u00f3 que la FGR que ofrezca una disculpa p\u00fablica institucional \u201cpartiendo del reconocimiento de los hechos y la aceptaci\u00f3n de responsabilidades por las violaciones a derechos humanos\". Redacci\u00f3n\/Animal Pol\u00edtico 27 octubre 2019 La Comisi\u00f3n Nacional de los Derechos Humanos (CNDH) pidi\u00f3 a la Fiscal\u00eda General de la Rep\u00fablica\u2026","rel":"","context":"En &quot;CINTILLO&quot;","block_context":{"text":"CINTILLO","link":"https:\/\/www.grieta.org.mx\/index.php\/category\/cintillo\/"},"img":{"alt_text":"","src":"https:\/\/i0.wp.com\/www.grieta.org.mx\/wp-content\/uploads\/2019\/10\/fosas-clandestinas-san-fernando-.jpg?resize=350%2C200&ssl=1","width":350,"height":200,"srcset":"https:\/\/i0.wp.com\/www.grieta.org.mx\/wp-content\/uploads\/2019\/10\/fosas-clandestinas-san-fernando-.jpg?resize=350%2C200&ssl=1 1x, https:\/\/i0.wp.com\/www.grieta.org.mx\/wp-content\/uploads\/2019\/10\/fosas-clandestinas-san-fernando-.jpg?resize=525%2C300&ssl=1 1.5x, https:\/\/i0.wp.com\/www.grieta.org.mx\/wp-content\/uploads\/2019\/10\/fosas-clandestinas-san-fernando-.jpg?resize=700%2C400&ssl=1 2x"},"classes":[]}],"_links":{"self":[{"href":"https:\/\/www.grieta.org.mx\/index.php\/wp-json\/wp\/v2\/posts\/40792","targetHints":{"allow":["GET"]}}],"collection":[{"href":"https:\/\/www.grieta.org.mx\/index.php\/wp-json\/wp\/v2\/posts"}],"about":[{"href":"https:\/\/www.grieta.org.mx\/index.php\/wp-json\/wp\/v2\/types\/post"}],"author":[{"embeddable":true,"href":"https:\/\/www.grieta.org.mx\/index.php\/wp-json\/wp\/v2\/users\/2"}],"replies":[{"embeddable":true,"href":"https:\/\/www.grieta.org.mx\/index.php\/wp-json\/wp\/v2\/comments?post=40792"}],"version-history":[{"count":1,"href":"https:\/\/www.grieta.org.mx\/index.php\/wp-json\/wp\/v2\/posts\/40792\/revisions"}],"predecessor-version":[{"id":40794,"href":"https:\/\/www.grieta.org.mx\/index.php\/wp-json\/wp\/v2\/posts\/40792\/revisions\/40794"}],"wp:featuredmedia":[{"embeddable":true,"href":"https:\/\/www.grieta.org.mx\/index.php\/wp-json\/wp\/v2\/media\/40793"}],"wp:attachment":[{"href":"https:\/\/www.grieta.org.mx\/index.php\/wp-json\/wp\/v2\/media?parent=40792"}],"wp:term":[{"taxonomy":"category","embeddable":true,"href":"https:\/\/www.grieta.org.mx\/index.php\/wp-json\/wp\/v2\/categories?post=40792"},{"taxonomy":"post_tag","embeddable":true,"href":"https:\/\/www.grieta.org.mx\/index.php\/wp-json\/wp\/v2\/tags?post=40792"}],"curies":[{"name":"wp","href":"https:\/\/api.w.org\/{rel}","templated":true}]}}