{"id":40772,"date":"2019-10-26T20:47:59","date_gmt":"2019-10-27T01:47:59","guid":{"rendered":"http:\/\/www.grieta.org.mx\/?p=40772"},"modified":"2019-11-01T20:57:49","modified_gmt":"2019-11-02T02:57:49","slug":"marchan-en-tecamac-contra-aeropuerto-de-santa-lucia-estado-de-mexico","status":"publish","type":"post","link":"https:\/\/www.grieta.org.mx\/index.php\/2019\/10\/26\/marchan-en-tecamac-contra-aeropuerto-de-santa-lucia-estado-de-mexico\/","title":{"rendered":"Marchan en Tec\u00e1mac contra aeropuerto de Santa Luc\u00eda (Estado de M\u00e9xico)"},"content":{"rendered":"<p><img loading=\"lazy\" decoding=\"async\" data-attachment-id=\"40773\" data-permalink=\"https:\/\/www.grieta.org.mx\/index.php\/2019\/10\/26\/marchan-en-tecamac-contra-aeropuerto-de-santa-lucia-estado-de-mexico\/marchan-en-tecamac-contra-aeropuerto-de-santa-lucia-edomex-nov\/\" data-orig-file=\"https:\/\/www.grieta.org.mx\/wp-content\/uploads\/2019\/11\/Marchan-en-Tec\u00e1mac-contra-aeropuerto-de-Santa-Luc\u00eda-edomex-nov.jpg\" data-orig-size=\"958,596\" data-comments-opened=\"0\" data-image-meta=\"{&quot;aperture&quot;:&quot;0&quot;,&quot;credit&quot;:&quot;&quot;,&quot;camera&quot;:&quot;&quot;,&quot;caption&quot;:&quot;&quot;,&quot;created_timestamp&quot;:&quot;0&quot;,&quot;copyright&quot;:&quot;&quot;,&quot;focal_length&quot;:&quot;0&quot;,&quot;iso&quot;:&quot;0&quot;,&quot;shutter_speed&quot;:&quot;0&quot;,&quot;title&quot;:&quot;&quot;,&quot;orientation&quot;:&quot;0&quot;}\" data-image-title=\"Marchan en Tec\u00e1mac contra aeropuerto de Santa Luc\u00eda edomex nov\" data-image-description=\"\" data-image-caption=\"\" data-medium-file=\"https:\/\/www.grieta.org.mx\/wp-content\/uploads\/2019\/11\/Marchan-en-Tec\u00e1mac-contra-aeropuerto-de-Santa-Luc\u00eda-edomex-nov-300x187.jpg\" data-large-file=\"https:\/\/www.grieta.org.mx\/wp-content\/uploads\/2019\/11\/Marchan-en-Tec\u00e1mac-contra-aeropuerto-de-Santa-Luc\u00eda-edomex-nov.jpg\" class=\"aligncenter size-full wp-image-40773\" src=\"http:\/\/www.grieta.org.mx\/wp-content\/uploads\/2019\/11\/Marchan-en-Tec\u00e1mac-contra-aeropuerto-de-Santa-Luc\u00eda-edomex-nov.jpg\" alt=\"\" width=\"958\" height=\"596\" srcset=\"https:\/\/www.grieta.org.mx\/wp-content\/uploads\/2019\/11\/Marchan-en-Tec\u00e1mac-contra-aeropuerto-de-Santa-Luc\u00eda-edomex-nov.jpg 958w, https:\/\/www.grieta.org.mx\/wp-content\/uploads\/2019\/11\/Marchan-en-Tec\u00e1mac-contra-aeropuerto-de-Santa-Luc\u00eda-edomex-nov-300x187.jpg 300w, https:\/\/www.grieta.org.mx\/wp-content\/uploads\/2019\/11\/Marchan-en-Tec\u00e1mac-contra-aeropuerto-de-Santa-Luc\u00eda-edomex-nov-768x478.jpg 768w, https:\/\/www.grieta.org.mx\/wp-content\/uploads\/2019\/11\/Marchan-en-Tec\u00e1mac-contra-aeropuerto-de-Santa-Luc\u00eda-edomex-nov-804x500.jpg 804w\" sizes=\"auto, (max-width: 958px) 100vw, 958px\" \/><br \/>\nAlejandra Gudi\u00f1o \/ Milenio<\/p>\n<blockquote><p>La agrupaci\u00f3n denominada 12 pueblos originarios reiter\u00f3 su oposici\u00f3n al proyecto y demand\u00f3 una mesa de di\u00e1logo con las autoridades.<\/p><\/blockquote>\n<p>Integrantes de los 12 pueblos originarios de Tec\u00e1mac realizaron una marcha que parti\u00f3 de la explanada municipal hasta la entrada de la base a\u00e9rea de Santa Luc\u00eda en protesta por la construcci\u00f3n del aeropuerto &#8220;Felipe \u00c1ngeles&#8221;, el cual -dijeron- solo les traer\u00e1 problemas de salud, mayor escasez de agua y de inseguridad a toda esta regi\u00f3n del Valle de M\u00e9xico.<\/p>\n<p>Arturo Hern\u00e1ndez Buend\u00eda, integrante de esta organizaci\u00f3n se\u00f1al\u00f3 que lo que pretenden es salir de la invisibilidad en la que los est\u00e1 dejando el gobierno en sus tres \u00f3rdenes, federal, estatal y municipal, \u201clo que pedimos es que se forme la comisi\u00f3n de enlace y que vayamos trabajando previamente donde podamos asistir pueblos, asesores t\u00e9cnicos y jur\u00eddicos\u201d.<\/p>\n<p>Manifest\u00f3 que es impostergable que ya se formalice una reuni\u00f3n con el presidente Andr\u00e9s Manuel Lopez Obrador para que conozca el sentir de los integrantes de los 12 pueblos originarios de Tec\u00e1mac, quienes desde un principio se han opuesto a la construcci\u00f3n del aeropuerto en la base a\u00e9rea de Santa Luc\u00eda, \u201csi \u00e9l no nos atiende que designe a alg\u00fan representante que nos reciba y atienda nuestras demandas\u201d.<\/p>\n<p>Hern\u00e1ndez Buend\u00eda record\u00f3 que el jueves pasado, cuando el presidente L\u00f3pez Obrador se retiraba, luego de hacer el anuncio del inicio de la obra de la terminal a\u00e9rea en Santa Luc\u00eda, les dijo que los iba a atender, \u201cpero no creemos que sea una invitaci\u00f3n formal\u201d.<\/p>\n<p>Los manifestantes caminaron portando mantas y cartulinas en las que pod\u00eda leerse su rechazo a la obra del aeropuerto, desde la presidencia municipal de Tec\u00e1mac, por la antigua carretera M\u00e9xico-Pachuca, hasta la entrada principal de la base a\u00e9rea de Santa Luc\u00eda, en donde efectuaron un peque\u00f1o mitin en el que dieron a conocer sus demandas.<\/p>\n<p>Explicaron que la principal es la problem\u00e1tica que enfrentan por la falta de agua y cuestionaron sobre c\u00f3mo le va a hacer el gobierno para atender el desabasto, que se recrudecer\u00e1 con la construcci\u00f3n del aeropuerto de Santa Luc\u00eda, adem\u00e1s de que mostraron su preocupaci\u00f3n por el hecho de c\u00f3mo se evitar\u00e1 la contaminaci\u00f3n, si es que como se ha dicho, se traer\u00e1 agua del Valle del Mezquital, \u201cla cual es agua negra de la ciudad de M\u00e9xico\u201d.<\/p>\n<p><a href=\"https:\/\/www.milenio.com\/policia\/marchan-en-tecamac-contra-aeropuerto-de-santa-lucia\" target=\"_blank\" rel=\"noopener noreferrer\">https:\/\/www.milenio.com\/policia\/marchan-en-tecamac-contra-aeropuerto-de-santa-lucia<\/a><\/p>\n","protected":false},"excerpt":{"rendered":"<p>Alejandra Gudi\u00f1o \/ Milenio La agrupaci\u00f3n denominada 12 pueblos originarios reiter\u00f3 su oposici\u00f3n al proyecto y demand\u00f3 una mesa de di\u00e1logo con las autoridades. Integrantes de los 12 pueblos originarios &hellip; <a href=\"https:\/\/www.grieta.org.mx\/index.php\/2019\/10\/26\/marchan-en-tecamac-contra-aeropuerto-de-santa-lucia-estado-de-mexico\/\" class=\"more-link\">Leer m\u00e1s<\/a><\/p>\n","protected":false},"author":2,"featured_media":40773,"comment_status":"closed","ping_status":"closed","sticky":false,"template":"","format":"standard","meta":{"ngg_post_thumbnail":0,"_jetpack_newsletter_access":"","_jetpack_dont_email_post_to_subs":false,"_jetpack_newsletter_tier_id":0,"_jetpack_memberships_contains_paywalled_content":false,"_jetpack_memberships_contains_paid_content":false,"footnotes":""},"categories":[80,2724,1571,2492,914,2899,1278,16,1729,3,922,932,2,167,2526,83],"tags":[2494,2403,96,2112,1596,2528],"class_list":["post-40772","post","type-post","status-publish","format-standard","has-post-thumbnail","hentry","category-cintillo","category-conflictos-por-desarrollo-inmobiliario-en-el-estado-de-mexico","category-conflictos-por-falta-de-agua-en-el-estado-de-mexico","category-conflictos-por-la-construccion-del-aeropuerto-en-la-base-militar-de-santa-lucia","category-privatizacion-del-agua","category-danos-a-la-salud-por-contaminacion-en-el-estado-de-mexico","category-despojo-de-tierras-y-territorios","category-estado-de-mexico","category-lucha-y-resistencia-del-pueblo-en-el-estado-de-mexico","category-megaproyectos","category-megaproyectos-estados","category-mp-edo-mex","category-noticias-nacionales","category-nuevo-aeropuerto-de-la-ciudad-de-mexico","category-resistencia-de-los-pueblos-indigenas-del-estado-de-mexico","category-temas-nacionales","tag-aeropuerto-santa-lucia","tag-crisis-del-agua","tag-megaproyectos","tag-problemas-de-salud","tag-pueblos-originarios","tag-resistencia-contra-megaproyectos","entry"],"jetpack_featured_media_url":"https:\/\/www.grieta.org.mx\/wp-content\/uploads\/2019\/11\/Marchan-en-Tec\u00e1mac-contra-aeropuerto-de-Santa-Luc\u00eda-edomex-nov.jpg","jetpack_sharing_enabled":true,"jetpack_shortlink":"https:\/\/wp.me\/p7ZJR4-aBC","jetpack_likes_enabled":false,"jetpack-related-posts":[{"id":40359,"url":"https:\/\/www.grieta.org.mx\/index.php\/2019\/10\/17\/habitantes-de-pueblos-originarios-protestan-contra-aeropuerto-en-santa-lucia-estado-de-mexico\/","url_meta":{"origin":40772,"position":0},"title":"Habitantes de pueblos originarios protestan contra aeropuerto en Santa Luc\u00eda (Estado de M\u00e9xico)","author":"grieta","date":"17 octubre, 2019","format":false,"excerpt":"Emilio Fern\u00e1ndez \/ El Universal Los residentes argumentan que la construcci\u00f3n y operaci\u00f3n de la terminal a\u00e9rea dejar\u00e1 sin agua potable tanto a las comunidades de las zonas cercanas a la base como los municipios que se encuentran en esta zona del Valle de M\u00e9xico Tec\u00e1mac, Mex.- Un grupo de\u2026","rel":"","context":"En &quot;CINTILLO&quot;","block_context":{"text":"CINTILLO","link":"https:\/\/www.grieta.org.mx\/index.php\/category\/cintillo\/"},"img":{"alt_text":"","src":"https:\/\/i0.wp.com\/www.grieta.org.mx\/wp-content\/uploads\/2019\/10\/Habitantes-de-pueblos-originarios-protestan-contra-aeropuerto-en-Santa-Luc%C3%ADa-edomex-oct.jpg?resize=350%2C200","width":350,"height":200},"classes":[]},{"id":40999,"url":"https:\/\/www.grieta.org.mx\/index.php\/2019\/11\/04\/unam-omitio-danos-a-indigenas-por-construccion-del-aeropuerto-en-santa-lucia-ong-estado-de-mexico\/","url_meta":{"origin":40772,"position":1},"title":"UNAM omiti\u00f3 da\u00f1os a ind\u00edgenas por construcci\u00f3n del aeropuerto en Santa Luc\u00eda: ONG (Estado de M\u00e9xico)","author":"grieta","date":"4 noviembre, 2019","format":false,"excerpt":"Jordana gonz\u00e1lez \/ Contral\u00ednea La Facultad de Ingenier\u00eda de la Universidad Nacional Aut\u00f3noma de M\u00e9xico (UNAM) omiti\u00f3 da\u00f1os ambientales y sociales hacia comunidades originarias, que habitan la cuenca Norte de la Ciudad de M\u00e9xico, en la manifestaci\u00f3n de impacto ambiental que realiz\u00f3 respecto de la construcci\u00f3n del aeropuerto en Santa\u2026","rel":"","context":"En &quot;CINTILLO&quot;","block_context":{"text":"CINTILLO","link":"https:\/\/www.grieta.org.mx\/index.php\/category\/cintillo\/"},"img":{"alt_text":"","src":"https:\/\/i0.wp.com\/www.grieta.org.mx\/wp-content\/uploads\/2019\/11\/UNAM-omiti%C3%B3-da%C3%B1os-a-ind%C3%ADgenas-por-construcci%C3%B3n-del-aeropuerto-en-Santa-Luc%C3%ADa-ONG-edomex-nov.jpg?resize=350%2C200&ssl=1","width":350,"height":200,"srcset":"https:\/\/i0.wp.com\/www.grieta.org.mx\/wp-content\/uploads\/2019\/11\/UNAM-omiti%C3%B3-da%C3%B1os-a-ind%C3%ADgenas-por-construcci%C3%B3n-del-aeropuerto-en-Santa-Luc%C3%ADa-ONG-edomex-nov.jpg?resize=350%2C200&ssl=1 1x, https:\/\/i0.wp.com\/www.grieta.org.mx\/wp-content\/uploads\/2019\/11\/UNAM-omiti%C3%B3-da%C3%B1os-a-ind%C3%ADgenas-por-construcci%C3%B3n-del-aeropuerto-en-Santa-Luc%C3%ADa-ONG-edomex-nov.jpg?resize=525%2C300&ssl=1 1.5x"},"classes":[]},{"id":40295,"url":"https:\/\/www.grieta.org.mx\/index.php\/2019\/10\/16\/ong-acusa-que-se-violo-derecho-de-consulta-por-santa-lucia-alista-demanda-estado-de-mexico\/","url_meta":{"origin":40772,"position":2},"title":"ONG acusa que se viol\u00f3 derecho de consulta por Santa Luc\u00eda; alista demanda (Estado de M\u00e9xico)","author":"grieta","date":"16 octubre, 2019","format":false,"excerpt":"Emilio Fern\u00e1ndez \/ El Universal Considera que viol\u00f3 el derecho a la consulta de las comunidades originarias que no est\u00e1n de acuerdo con la construcci\u00f3n del aeropuerto Tec\u00e1mac.-El Frente de Pueblos Originarios en Defensa del Agua (FPODA) de Tec\u00e1mac y Zumpango demandar\u00e1 ante la Comisi\u00f3n Interamericana de Derechos Humanos (CIDH)\u2026","rel":"","context":"En &quot;CINTILLO&quot;","block_context":{"text":"CINTILLO","link":"https:\/\/www.grieta.org.mx\/index.php\/category\/cintillo\/"},"img":{"alt_text":"","src":"https:\/\/i0.wp.com\/www.grieta.org.mx\/wp-content\/uploads\/2019\/10\/ONG-acusa-que-se-viol%C3%B3-derecho-de-consulta-por-santa-luc%C3%ADa-alista-demanda-edomex-oct.jpg?resize=350%2C200","width":350,"height":200},"classes":[]},{"id":44832,"url":"https:\/\/www.grieta.org.mx\/index.php\/2020\/02\/21\/dislocada-en-zumpango-estado-de-mexico-jornadas-samir-somos-todas-y-todos\/","url_meta":{"origin":40772,"position":3},"title":"Dislocada en Zumpango, Estado de M\u00e9xico. Jornadas \u201cSamir Somos Todas y Todos\u201d","author":"grieta","date":"21 febrero, 2020","format":false,"excerpt":"Fotograf\u00eda: Colectivo Tlilzokitl Con jornada pol\u00edtico cultural en Zumpango, contin\u00faa la lucha de Samir Flores Soberanes por la defensa de la vida y la tierra a un a\u00f1o de su asesinato Colectivo Grieta 21 de febrero de 2020 El jueves 20 de febrero con la participaci\u00f3n de pueblos, comunidades, colectivos\u2026","rel":"","context":"En &quot;Abuso policiaco y tortura en el Estado de M\u00e9xico&quot;","block_context":{"text":"Abuso policiaco y tortura en el Estado de M\u00e9xico","link":"https:\/\/www.grieta.org.mx\/index.php\/category\/noticias-nacionales\/estado-de-mexico\/abuso-policiaco-y-tortura-en-el-estado-de-mexico\/"},"img":{"alt_text":"","src":"https:\/\/i0.wp.com\/www.grieta.org.mx\/wp-content\/uploads\/2020\/02\/zumpjov3.jpg?resize=350%2C200&ssl=1","width":350,"height":200,"srcset":"https:\/\/i0.wp.com\/www.grieta.org.mx\/wp-content\/uploads\/2020\/02\/zumpjov3.jpg?resize=350%2C200&ssl=1 1x, https:\/\/i0.wp.com\/www.grieta.org.mx\/wp-content\/uploads\/2020\/02\/zumpjov3.jpg?resize=525%2C300&ssl=1 1.5x, https:\/\/i0.wp.com\/www.grieta.org.mx\/wp-content\/uploads\/2020\/02\/zumpjov3.jpg?resize=700%2C400&ssl=1 2x"},"classes":[]},{"id":33716,"url":"https:\/\/www.grieta.org.mx\/index.php\/2019\/05\/20\/por-aeropuerto-de-santa-lucia-extorsionan-a-ejidatarios-estado-de-mexico\/","url_meta":{"origin":40772,"position":4},"title":"Por aeropuerto de Santa Luc\u00eda, extorsionan a ejidatarios (Estado de M\u00e9xico)","author":"grieta","date":"20 mayo, 2019","format":false,"excerpt":"El Universal Denuncian amenazas por ventas de sus tierras; aeropuerto devastar\u00e1 el ambiente, aseguran Tec\u00e1mac, M\u00e9x.\u2014 Residentes de los 12 pueblos originarios de Tec\u00e1mac que se oponen a la construcci\u00f3n del nuevo aeropuerto en la Base A\u00e9rea de Santa Luc\u00eda denunciaron que inmobiliarias y desarrolladores amenazan a los propietarios de\u2026","rel":"","context":"En &quot;CINTILLO&quot;","block_context":{"text":"CINTILLO","link":"https:\/\/www.grieta.org.mx\/index.php\/category\/cintillo\/"},"img":{"alt_text":"","src":"https:\/\/i0.wp.com\/www.grieta.org.mx\/wp-content\/uploads\/2018\/03\/14524434_1106112876131411_958039263622046936_o.jpg?resize=350%2C200&ssl=1","width":350,"height":200,"srcset":"https:\/\/i0.wp.com\/www.grieta.org.mx\/wp-content\/uploads\/2018\/03\/14524434_1106112876131411_958039263622046936_o.jpg?resize=350%2C200&ssl=1 1x, https:\/\/i0.wp.com\/www.grieta.org.mx\/wp-content\/uploads\/2018\/03\/14524434_1106112876131411_958039263622046936_o.jpg?resize=525%2C300&ssl=1 1.5x, https:\/\/i0.wp.com\/www.grieta.org.mx\/wp-content\/uploads\/2018\/03\/14524434_1106112876131411_958039263622046936_o.jpg?resize=700%2C400&ssl=1 2x"},"classes":[]},{"id":45242,"url":"https:\/\/www.grieta.org.mx\/index.php\/2020\/02\/27\/jornadas-samir-somos-todas-y-todos-inauguran-mural-por-la-identidad-cultural-y-la-memoria-colectiva-del-pueblo-de-santa-maria-ajoloapan-tecamac-estado-de-mexico\/","url_meta":{"origin":40772,"position":5},"title":"Jornadas \u201cSamir Somos Todas y Todos\u201d, Inauguran mural por la identidad cultural y la memoria colectiva del pueblo de Santa Mar\u00eda Ajoloapan, Tec\u00e1mac, Estado de M\u00e9xico","author":"grieta","date":"27 febrero, 2020","format":false,"excerpt":"Fotograf\u00eda: Colectivo Grieta El Aeropuerto Internacional de Santa Luc\u00eda, amenaza la vida comunitaria de los pueblos Colectivo Grieta 25 de febrero de 2020 El domingo 16 de febrero en el pueblo originario de Santa Mar\u00eda Ajoloapan, Tec\u00e1mac, Estado de M\u00e9xico, dentro de las jornadas \u201cSamir Somos Todas y Todos\u201d, se\u2026","rel":"","context":"En &quot;CINTILLO&quot;","block_context":{"text":"CINTILLO","link":"https:\/\/www.grieta.org.mx\/index.php\/category\/cintillo\/"},"img":{"alt_text":"","src":"https:\/\/i0.wp.com\/www.grieta.org.mx\/wp-content\/uploads\/2020\/02\/samir-ajoloapan1.jpg?resize=350%2C200&ssl=1","width":350,"height":200,"srcset":"https:\/\/i0.wp.com\/www.grieta.org.mx\/wp-content\/uploads\/2020\/02\/samir-ajoloapan1.jpg?resize=350%2C200&ssl=1 1x, https:\/\/i0.wp.com\/www.grieta.org.mx\/wp-content\/uploads\/2020\/02\/samir-ajoloapan1.jpg?resize=525%2C300&ssl=1 1.5x, https:\/\/i0.wp.com\/www.grieta.org.mx\/wp-content\/uploads\/2020\/02\/samir-ajoloapan1.jpg?resize=700%2C400&ssl=1 2x, https:\/\/i0.wp.com\/www.grieta.org.mx\/wp-content\/uploads\/2020\/02\/samir-ajoloapan1.jpg?resize=1050%2C600&ssl=1 3x, https:\/\/i0.wp.com\/www.grieta.org.mx\/wp-content\/uploads\/2020\/02\/samir-ajoloapan1.jpg?resize=1400%2C800&ssl=1 4x"},"classes":[]}],"_links":{"self":[{"href":"https:\/\/www.grieta.org.mx\/index.php\/wp-json\/wp\/v2\/posts\/40772","targetHints":{"allow":["GET"]}}],"collection":[{"href":"https:\/\/www.grieta.org.mx\/index.php\/wp-json\/wp\/v2\/posts"}],"about":[{"href":"https:\/\/www.grieta.org.mx\/index.php\/wp-json\/wp\/v2\/types\/post"}],"author":[{"embeddable":true,"href":"https:\/\/www.grieta.org.mx\/index.php\/wp-json\/wp\/v2\/users\/2"}],"replies":[{"embeddable":true,"href":"https:\/\/www.grieta.org.mx\/index.php\/wp-json\/wp\/v2\/comments?post=40772"}],"version-history":[{"count":1,"href":"https:\/\/www.grieta.org.mx\/index.php\/wp-json\/wp\/v2\/posts\/40772\/revisions"}],"predecessor-version":[{"id":40774,"href":"https:\/\/www.grieta.org.mx\/index.php\/wp-json\/wp\/v2\/posts\/40772\/revisions\/40774"}],"wp:featuredmedia":[{"embeddable":true,"href":"https:\/\/www.grieta.org.mx\/index.php\/wp-json\/wp\/v2\/media\/40773"}],"wp:attachment":[{"href":"https:\/\/www.grieta.org.mx\/index.php\/wp-json\/wp\/v2\/media?parent=40772"}],"wp:term":[{"taxonomy":"category","embeddable":true,"href":"https:\/\/www.grieta.org.mx\/index.php\/wp-json\/wp\/v2\/categories?post=40772"},{"taxonomy":"post_tag","embeddable":true,"href":"https:\/\/www.grieta.org.mx\/index.php\/wp-json\/wp\/v2\/tags?post=40772"}],"curies":[{"name":"wp","href":"https:\/\/api.w.org\/{rel}","templated":true}]}}