{"id":40757,"date":"2019-10-22T13:14:05","date_gmt":"2019-10-22T18:14:05","guid":{"rendered":"http:\/\/www.grieta.org.mx\/?p=40757"},"modified":"2019-11-01T13:26:07","modified_gmt":"2019-11-01T19:26:07","slug":"un-grupo-de-500-sicarios-de-los-ardillos-sitiaron-la-comunidad-rincon-de-chautla-guerrero","status":"publish","type":"post","link":"https:\/\/www.grieta.org.mx\/index.php\/2019\/10\/22\/un-grupo-de-500-sicarios-de-los-ardillos-sitiaron-la-comunidad-rincon-de-chautla-guerrero\/","title":{"rendered":"Un grupo de 500 sicarios de Los Ardillos sitiaron la comunidad Rinc\u00f3n de Chautla, Guerrero"},"content":{"rendered":"<figure id=\"attachment_40758\" aria-describedby=\"caption-attachment-40758\" style=\"width: 800px\" class=\"wp-caption aligncenter\"><a href=\"http:\/\/www.grieta.org.mx\/wp-content\/uploads\/2019\/11\/Captura-de-pantalla-2019-11-01-13.18.25.png\"><img loading=\"lazy\" decoding=\"async\" data-attachment-id=\"40758\" data-permalink=\"https:\/\/www.grieta.org.mx\/index.php\/2019\/10\/22\/un-grupo-de-500-sicarios-de-los-ardillos-sitiaron-la-comunidad-rincon-de-chautla-guerrero\/captura-de-pantalla-2019-11-01-13-18-25\/\" data-orig-file=\"https:\/\/www.grieta.org.mx\/wp-content\/uploads\/2019\/11\/Captura-de-pantalla-2019-11-01-13.18.25.png\" data-orig-size=\"601,456\" data-comments-opened=\"0\" data-image-meta=\"{&quot;aperture&quot;:&quot;0&quot;,&quot;credit&quot;:&quot;&quot;,&quot;camera&quot;:&quot;&quot;,&quot;caption&quot;:&quot;&quot;,&quot;created_timestamp&quot;:&quot;0&quot;,&quot;copyright&quot;:&quot;&quot;,&quot;focal_length&quot;:&quot;0&quot;,&quot;iso&quot;:&quot;0&quot;,&quot;shutter_speed&quot;:&quot;0&quot;,&quot;title&quot;:&quot;&quot;,&quot;orientation&quot;:&quot;0&quot;}\" data-image-title=\"Captura de pantalla 2019-11-01 13.18.25\" data-image-description=\"\" data-image-caption=\"&lt;p&gt;Los Ardillos pelean por el control de la monta\u00f1a baja de Guerrero para el trasiego de drogas (Foto: Cuartoscuro)&lt;\/p&gt;\n\" data-medium-file=\"https:\/\/www.grieta.org.mx\/wp-content\/uploads\/2019\/11\/Captura-de-pantalla-2019-11-01-13.18.25-300x228.png\" data-large-file=\"https:\/\/www.grieta.org.mx\/wp-content\/uploads\/2019\/11\/Captura-de-pantalla-2019-11-01-13.18.25.png\" class=\"wp-image-40758\" src=\"http:\/\/www.grieta.org.mx\/wp-content\/uploads\/2019\/11\/Captura-de-pantalla-2019-11-01-13.18.25-300x228.png\" alt=\"\" width=\"800\" height=\"607\" srcset=\"https:\/\/www.grieta.org.mx\/wp-content\/uploads\/2019\/11\/Captura-de-pantalla-2019-11-01-13.18.25-300x228.png 300w, https:\/\/www.grieta.org.mx\/wp-content\/uploads\/2019\/11\/Captura-de-pantalla-2019-11-01-13.18.25.png 601w\" sizes=\"auto, (max-width: 800px) 100vw, 800px\" \/><\/a><figcaption id=\"caption-attachment-40758\" class=\"wp-caption-text\">Los Ardillos pelean por el control de la monta\u00f1a baja de Guerrero para el trasiego de drogas (Foto: Cuartoscuro)<\/figcaption><\/figure>\n<p>Redacci\u00f3n \/ Infobae<\/p>\n<p>Alrededor de 500 sicarios del grupo criminal Los Ardillos cercaron la comunidad de Rinc\u00f3n de Chautla, municipio de Chilapa de \u00c1lvarez, Guerrero, denunci\u00f3 la Coordinadora Regional de Autoridades Comunitarias de los Pueblos Fundadores (CRAC-PF).<\/p>\n<p>La organizaci\u00f3n lanz\u00f3 un llamado urgente a los gobiernos federal y estatal para que intervengan a la brevedad para evitar una tragedia.<\/p>\n<p>El coordinador de la CRAC-PF, David S\u00e1nchez Luna inform\u00f3 que alrededor de la una de la tarde de este martes unos 200 hombres armados fueron vistos cerca de la comunidad El caracol, que se encuentra a unos 20 minutos de Rinc\u00f3n de Chautla.<\/p>\n<p>Explic\u00f3 que del otro extremo por el lado de Zacapezco intentaban llegar caminando otras 300 personas armadas con la intenci\u00f3n de agredir a la Polic\u00eda Comunitaria de Rinc\u00f3n de Chautla.<\/p>\n<p>S\u00e1nchez Luna denunci\u00f3 que los presuntos sicarios buscan entrar a Rinc\u00f3n de Chautla a donde han pretendido irrumpir desde el 27 de enero cuando ocurri\u00f3 un enfrentamiento en la entrada del pueblo que dej\u00f3 dos agresores muertos. Insisti\u00f3 en que intervengan los gobiernos federal y estatal para evitar un enfrentamiento.<\/p>\n<p>Ese d\u00eda, 150 hombres armados del grupo de Los Ardillos, entraron a Rinc\u00f3n de Chautla, y durante cuatro horas dispararon contra la polic\u00eda comunitaria dejando 12 muertos y dos heridos.<\/p>\n<p>En mayo pasado en redes sociales fue difundido un video en el que un grupo de ni\u00f1os aparece realizando un adiestramiento de guerrilla, mientras leen un comunicado donde aseguran que combatir\u00e1n a todo grupo armado que intente ingresar al poblado Rinc\u00f3n de Chautla.<\/p>\n<p>Despu\u00e9s de esto, la violencia ha continuado cobr\u00e1ndose la vida de los promotores del Consejo Ind\u00edgena y Popular de Guerrero Emiliano Zapata y del Congreso Nacional Ind\u00edgena, por lo que, tras no recibir ayuda de las autoridades, estos ni\u00f1os se presentaron como integrantes de las autodefensas de esta comunidad ind\u00edgena enclavada en la Monta\u00f1a Baja de Guerrero.<\/p>\n<p>Las im\u00e1genes muestran a ocho menores no mayores a 12 a\u00f1os, que portan palos que manejan como si fuesen armas de fuego en un adiestramiento.<\/p>\n<p>\u201cEs nuestra cara contra la de los sicarios, nos matan a un polic\u00eda comunitario y vamos por 10 sicarios. Fuimos atacados los ni\u00f1os y las ni\u00f1as que hoy somos sobrevivientes de un ataque sanguinario\u201d, ley\u00f3 uno de los ni\u00f1os.<\/p>\n<p>Ante esta situaci\u00f3n, el gobierno del estado se pronunci\u00f3 por el respeto de los derechos de la ni\u00f1ez y dijo que su participaci\u00f3n no debe ser alentada.<\/p>\n<p>En julio pasado integrantes de la Coordinadora Regional de Autoridades Comunitarias-Pueblos Fundadores (CRAC-PF) lanzaron una campa\u00f1a para capturar a 100 sicarios al servicio de Los Ardillos en al menos 17 comunidades de la zona de la monta\u00f1a baja de Guerrero.<\/p>\n<p>Esto, luego de que el 24 de mayo fueron encontrados muertos en la v\u00eda Chilapa-Tlapa, los comunitarios Bertoldo Hilario Morales e Isa\u00edas Xantenco Ahuejote.<\/p>\n<p>David S\u00e1nchez Luna, l\u00edder de Coordinadora Regional de Autoridades Comunitarias de los Pueblos Fundadores explic\u00f3 que ya est\u00e1n listos los polic\u00edas comunitarios que van a incursionar en los poblados nahuas de Tula, Zacapexco, Ayahualtempa, Para\u00edso de Tepila, Alcozacan, Xicotl\u00e1n, San Jer\u00f3nimo Palantla, Ahuixtla, Xochitempa y Ahuehueitec, entre otras, para detener a informantes y otros integrantes de la delincuencia organizada.<\/p>\n<p>Dijo tambi\u00e9n que la CRAC- PF continuar\u00e1 adiestrando a ni\u00f1os y mujeres para que aprendan a defenderse de los criminales y detengan a sus c\u00f3mplices. En las comunidades de Rinc\u00f3n de Chautla, Ayahualtempa y Zacapexco ya se integraron mujeres a las polic\u00edas comunitarias.<\/p>\n<p>En julio, El Consejo Ind\u00edgena y Popular de Guerrero denunci\u00f3 un ataque armado en la comunidad Tula de Guerrero, tambi\u00e9n perteneciente al municipio de Chilapa de \u00c1lvarez por lo que llam\u00f3 a las autoridades locales, estatales y federales para que intervinieran para evitar una masacre.<\/p>\n<p>En Chilapa, Los Ardilos mantienen una guerra por el control del territorio para el trasiego de drogas, por lo que no cesa la violencia desde que en 2015 los grupos de polic\u00edas comunitarios irrumpieron en la zona.<\/p>\n<p><a href=\"https:\/\/www.infobae.com\/america\/mexico\/2019\/10\/23\/alrededor-de-500-sicarios-de-los-ardillos-sitiaron-la-comunidad-rincon-de-chautla-guerrero\/\">https:\/\/www.infobae.com\/america\/mexico\/2019\/10\/23\/alrededor-de-500-sicarios-de-los-ardillos-sitiaron-la-comunidad-rincon-de-chautla-guerrero\/<\/a><\/p>\n","protected":false},"excerpt":{"rendered":"<p>Redacci\u00f3n \/ Infobae Alrededor de 500 sicarios del grupo criminal Los Ardillos cercaron la comunidad de Rinc\u00f3n de Chautla, municipio de Chilapa de \u00c1lvarez, Guerrero, denunci\u00f3 la Coordinadora Regional de &hellip; <a href=\"https:\/\/www.grieta.org.mx\/index.php\/2019\/10\/22\/un-grupo-de-500-sicarios-de-los-ardillos-sitiaron-la-comunidad-rincon-de-chautla-guerrero\/\" class=\"more-link\">Leer m\u00e1s<\/a><\/p>\n","protected":false},"author":1,"featured_media":40758,"comment_status":"closed","ping_status":"closed","sticky":false,"template":"","format":"standard","meta":{"ngg_post_thumbnail":0,"_jetpack_newsletter_access":"","_jetpack_dont_email_post_to_subs":false,"_jetpack_newsletter_tier_id":0,"_jetpack_memberships_contains_paywalled_content":false,"_jetpack_memberships_contains_paid_content":false,"footnotes":""},"categories":[80,18,1128,2,1577],"tags":[2625,1133],"class_list":["post-40757","post","type-post","status-publish","format-standard","has-post-thumbnail","hentry","category-cintillo","category-guerrero","category-incremento-en-la-violencia-en-guerrero","category-noticias-nacionales","category-policia-comunitaria-en-guerrero","tag-crac-pc-pf","tag-incremento-en-la-violencia","entry"],"jetpack_featured_media_url":"https:\/\/www.grieta.org.mx\/wp-content\/uploads\/2019\/11\/Captura-de-pantalla-2019-11-01-13.18.25.png","jetpack_sharing_enabled":true,"jetpack_shortlink":"https:\/\/wp.me\/p7ZJR4-aBn","jetpack_likes_enabled":false,"jetpack-related-posts":[{"id":34623,"url":"https:\/\/www.grieta.org.mx\/index.php\/2019\/06\/03\/responsabilizan-al-gobierno-por-posible-enfrentamiento-en-hueycantenango-guerrero\/","url_meta":{"origin":40757,"position":0},"title":"Responsabilizan al gobierno por posible enfrentamiento en Hueycantenango (Guerrero)","author":"Admin","date":"3 junio, 2019","format":false,"excerpt":"Eduardo Yener Santos \/ Quadrat\u00edn CHILPANCINGO, Gro., 3 de junio de 2019.- Integrantes de la Coordinadora Regional de Autoridades Comunitarias-Polic\u00eda Comunitaria de los Pueblos Fundadores (CRAC-PC- PF) de Rinc\u00f3n de Chautla, Chilapa, responsabilizaron a los tres \u00f3rdenes de gobierno de cualquier enfrentamiento armado que se pueda originar este martes en\u2026","rel":"","context":"En &quot;CINTILLO&quot;","block_context":{"text":"CINTILLO","link":"https:\/\/www.grieta.org.mx\/index.php\/category\/cintillo\/"},"img":{"alt_text":"","src":"https:\/\/i0.wp.com\/www.grieta.org.mx\/wp-content\/uploads\/2019\/06\/CRACPCPF-1160x700.jpg?resize=350%2C200&ssl=1","width":350,"height":200,"srcset":"https:\/\/i0.wp.com\/www.grieta.org.mx\/wp-content\/uploads\/2019\/06\/CRACPCPF-1160x700.jpg?resize=350%2C200&ssl=1 1x, https:\/\/i0.wp.com\/www.grieta.org.mx\/wp-content\/uploads\/2019\/06\/CRACPCPF-1160x700.jpg?resize=525%2C300&ssl=1 1.5x, https:\/\/i0.wp.com\/www.grieta.org.mx\/wp-content\/uploads\/2019\/06\/CRACPCPF-1160x700.jpg?resize=700%2C400&ssl=1 2x, https:\/\/i0.wp.com\/www.grieta.org.mx\/wp-content\/uploads\/2019\/06\/CRACPCPF-1160x700.jpg?resize=1050%2C600&ssl=1 3x"},"classes":[]},{"id":51861,"url":"https:\/\/www.grieta.org.mx\/index.php\/2020\/06\/17\/bloquea-crac-pf-en-chilapa-para-impedir-entrada-de-la-guardia-nacional-guerrero\/","url_meta":{"origin":40757,"position":1},"title":"Bloquea CRAC-PF en Chilapa para impedir entrada de la Guardia Nacional  (Guerrero)","author":"Admin","date":"17 junio, 2020","format":false,"excerpt":"Eduardo Y\u00e9ner \/ Quadrat\u00edn CHILPANCINGO, Gro., 17 de junio de 2020.- Integrantes de la Coordinadora Regional de Autoridades Comunitarias-Pueblos Fundadores (CRAC-PF) de Chilapa bloquean la carretera que conduce a Hueycantenango en el crucero de la comunidad de Alcozac\u00e1n. El bloqueo que se instal\u00f3 esta tarde y en el cual participan\u2026","rel":"","context":"En &quot;CINTILLO&quot;","block_context":{"text":"CINTILLO","link":"https:\/\/www.grieta.org.mx\/index.php\/category\/cintillo\/"},"img":{"alt_text":"","src":"https:\/\/i0.wp.com\/www.grieta.org.mx\/wp-content\/uploads\/2020\/07\/bloqueoCRAC-PF-1160x700.jpeg?resize=350%2C200&ssl=1","width":350,"height":200,"srcset":"https:\/\/i0.wp.com\/www.grieta.org.mx\/wp-content\/uploads\/2020\/07\/bloqueoCRAC-PF-1160x700.jpeg?resize=350%2C200&ssl=1 1x, https:\/\/i0.wp.com\/www.grieta.org.mx\/wp-content\/uploads\/2020\/07\/bloqueoCRAC-PF-1160x700.jpeg?resize=525%2C300&ssl=1 1.5x, https:\/\/i0.wp.com\/www.grieta.org.mx\/wp-content\/uploads\/2020\/07\/bloqueoCRAC-PF-1160x700.jpeg?resize=700%2C400&ssl=1 2x, https:\/\/i0.wp.com\/www.grieta.org.mx\/wp-content\/uploads\/2020\/07\/bloqueoCRAC-PF-1160x700.jpeg?resize=1050%2C600&ssl=1 3x"},"classes":[]},{"id":9172,"url":"https:\/\/www.grieta.org.mx\/index.php\/2016\/02\/03\/buscan-comunitarios-a-rojos-y-ardillos-en-chilapa\/","url_meta":{"origin":40757,"position":2},"title":"Buscan comunitarios a Rojos y Ardillos en Chilapa","author":"grieta","date":"3 febrero, 2016","format":false,"excerpt":"Quadratin CHILAPA, Gro., 3 de febrero de 2016.- La Polic\u00eda Comunitaria de Rinc\u00f3n de Chautla del municipio de Chilapa perteneciente a la Coordinadora Regional de Autoridades Comunitarias- Polic\u00eda Comunitaria de los Pueblos Fundadores (CRAC-PC-PF), ha emprendido una serie de recorridos en poblaciones y cerros de las 18 comunidades de Chilapa\u2026","rel":"","context":"En &quot;CINTILLO&quot;","block_context":{"text":"CINTILLO","link":"https:\/\/www.grieta.org.mx\/index.php\/category\/cintillo\/"},"img":{"alt_text":"","src":"https:\/\/i0.wp.com\/www.grieta.org.mx\/wp-content\/uploads\/2018\/03\/14524434_1106112876131411_958039263622046936_o.jpg?resize=350%2C200&ssl=1","width":350,"height":200,"srcset":"https:\/\/i0.wp.com\/www.grieta.org.mx\/wp-content\/uploads\/2018\/03\/14524434_1106112876131411_958039263622046936_o.jpg?resize=350%2C200&ssl=1 1x, https:\/\/i0.wp.com\/www.grieta.org.mx\/wp-content\/uploads\/2018\/03\/14524434_1106112876131411_958039263622046936_o.jpg?resize=525%2C300&ssl=1 1.5x, https:\/\/i0.wp.com\/www.grieta.org.mx\/wp-content\/uploads\/2018\/03\/14524434_1106112876131411_958039263622046936_o.jpg?resize=700%2C400&ssl=1 2x"},"classes":[]},{"id":43434,"url":"https:\/\/www.grieta.org.mx\/index.php\/2020\/01\/22\/menores-marchan-y-entrenan-en-las-filas-de-la-crac-pf-guerrero\/","url_meta":{"origin":40757,"position":3},"title":"Menores marchan y entrenan en las filas de la CRAC-PF (Guerrero)","author":"Admin","date":"22 enero, 2020","format":false,"excerpt":"Texto y foto: Marlene Castro \/ Amapola La Coordinadora Regional de Autoridades Comunitarias de los Pueblos Fundadores (CRAC-PF), con cinco nuevos integrantes menores de edad y habitantes de las comunidades nahuas del corredor Chilapa-Hueycatenango marcharon hoy por aproximadamente dos kil\u00f3metros de esta carretera para exigir los cad\u00e1veres de cinco de\u2026","rel":"","context":"En &quot;CINTILLO&quot;","block_context":{"text":"CINTILLO","link":"https:\/\/www.grieta.org.mx\/index.php\/category\/cintillo\/"},"img":{"alt_text":"","src":"https:\/\/i0.wp.com\/www.grieta.org.mx\/wp-content\/uploads\/2020\/01\/Captura-de-pantalla-2020-01-24-a-las-1.43.46-p.m..png?resize=350%2C200&ssl=1","width":350,"height":200,"srcset":"https:\/\/i0.wp.com\/www.grieta.org.mx\/wp-content\/uploads\/2020\/01\/Captura-de-pantalla-2020-01-24-a-las-1.43.46-p.m..png?resize=350%2C200&ssl=1 1x, https:\/\/i0.wp.com\/www.grieta.org.mx\/wp-content\/uploads\/2020\/01\/Captura-de-pantalla-2020-01-24-a-las-1.43.46-p.m..png?resize=525%2C300&ssl=1 1.5x"},"classes":[]},{"id":35654,"url":"https:\/\/www.grieta.org.mx\/index.php\/2019\/05\/28\/en-5-meses-de-guerra-chilapa-deja-18-muertos-14-desaparecidos-un-sinfin-de-familias-desplazadas\/","url_meta":{"origin":40757,"position":4},"title":"En 5 meses de guerra, Chilapa deja 18 muertos, 14 desaparecidos, un sinf\u00edn de familias desplazadas","author":"Admin","date":"28 mayo, 2019","format":false,"excerpt":"Zacar\u00edas Cervantes \/ El Sur \/ Sinembargo Los enfrentamientos entre ambos bloques, la Coordinadora Regional de Autoridades Comunitarias-Pueblos Fundadores (CRAC-PF) y la Polic\u00eda Comunitaria por la Paz y la Justicia, de pueblos comenzaron hace cinco meses. El 19 de diciembre un matrimonio fue asesinado en Para\u00edso de Tepila; en esa\u2026","rel":"","context":"En &quot;CINTILLO&quot;","block_context":{"text":"CINTILLO","link":"https:\/\/www.grieta.org.mx\/index.php\/category\/cintillo\/"},"img":{"alt_text":"","src":"https:\/\/i0.wp.com\/www.grieta.org.mx\/wp-content\/uploads\/2019\/06\/photo5724598928170657710.jpg?resize=350%2C200&ssl=1","width":350,"height":200,"srcset":"https:\/\/i0.wp.com\/www.grieta.org.mx\/wp-content\/uploads\/2019\/06\/photo5724598928170657710.jpg?resize=350%2C200&ssl=1 1x, https:\/\/i0.wp.com\/www.grieta.org.mx\/wp-content\/uploads\/2019\/06\/photo5724598928170657710.jpg?resize=525%2C300&ssl=1 1.5x, https:\/\/i0.wp.com\/www.grieta.org.mx\/wp-content\/uploads\/2019\/06\/photo5724598928170657710.jpg?resize=700%2C400&ssl=1 2x, https:\/\/i0.wp.com\/www.grieta.org.mx\/wp-content\/uploads\/2019\/06\/photo5724598928170657710.jpg?resize=1050%2C600&ssl=1 3x"},"classes":[]},{"id":46987,"url":"https:\/\/www.grieta.org.mx\/index.php\/2020\/03\/08\/los-ninos-soldado-de-guerrero-fusil-en-mano-contra-el-narcotrafico\/","url_meta":{"origin":40757,"position":5},"title":"Los ni\u00f1os soldado de Guerrero, fusil en mano contra el narcotr\u00e1fico","author":"Admin","date":"8 marzo, 2020","format":false,"excerpt":"Daniel Blanco Esteban | Ciudad de M\u00e9xico \/ La Raz\u00f3n Muchos menores, desprotegidos, se han sumando a la polic\u00eda comunitaria: \u00abA m\u00ed me gustar\u00eda estudiar, pero no puedo ir porque tengo miedo\u00bb Eran 19 ni\u00f1os que marchaban por el borde de la carretera. Los m\u00e1s peque\u00f1os ten\u00edan 6 a\u00f1os y\u2026","rel":"","context":"En &quot;CINTILLO&quot;","block_context":{"text":"CINTILLO","link":"https:\/\/www.grieta.org.mx\/index.php\/category\/cintillo\/"},"img":{"alt_text":"","src":"https:\/\/i0.wp.com\/www.grieta.org.mx\/wp-content\/uploads\/2020\/03\/QSMCMBMKPNDPPGDTU3BOOVU77M.jpg?resize=350%2C200&ssl=1","width":350,"height":200,"srcset":"https:\/\/i0.wp.com\/www.grieta.org.mx\/wp-content\/uploads\/2020\/03\/QSMCMBMKPNDPPGDTU3BOOVU77M.jpg?resize=350%2C200&ssl=1 1x, https:\/\/i0.wp.com\/www.grieta.org.mx\/wp-content\/uploads\/2020\/03\/QSMCMBMKPNDPPGDTU3BOOVU77M.jpg?resize=525%2C300&ssl=1 1.5x, https:\/\/i0.wp.com\/www.grieta.org.mx\/wp-content\/uploads\/2020\/03\/QSMCMBMKPNDPPGDTU3BOOVU77M.jpg?resize=700%2C400&ssl=1 2x, https:\/\/i0.wp.com\/www.grieta.org.mx\/wp-content\/uploads\/2020\/03\/QSMCMBMKPNDPPGDTU3BOOVU77M.jpg?resize=1050%2C600&ssl=1 3x"},"classes":[]}],"_links":{"self":[{"href":"https:\/\/www.grieta.org.mx\/index.php\/wp-json\/wp\/v2\/posts\/40757","targetHints":{"allow":["GET"]}}],"collection":[{"href":"https:\/\/www.grieta.org.mx\/index.php\/wp-json\/wp\/v2\/posts"}],"about":[{"href":"https:\/\/www.grieta.org.mx\/index.php\/wp-json\/wp\/v2\/types\/post"}],"author":[{"embeddable":true,"href":"https:\/\/www.grieta.org.mx\/index.php\/wp-json\/wp\/v2\/users\/1"}],"replies":[{"embeddable":true,"href":"https:\/\/www.grieta.org.mx\/index.php\/wp-json\/wp\/v2\/comments?post=40757"}],"version-history":[{"count":1,"href":"https:\/\/www.grieta.org.mx\/index.php\/wp-json\/wp\/v2\/posts\/40757\/revisions"}],"predecessor-version":[{"id":40760,"href":"https:\/\/www.grieta.org.mx\/index.php\/wp-json\/wp\/v2\/posts\/40757\/revisions\/40760"}],"wp:featuredmedia":[{"embeddable":true,"href":"https:\/\/www.grieta.org.mx\/index.php\/wp-json\/wp\/v2\/media\/40758"}],"wp:attachment":[{"href":"https:\/\/www.grieta.org.mx\/index.php\/wp-json\/wp\/v2\/media?parent=40757"}],"wp:term":[{"taxonomy":"category","embeddable":true,"href":"https:\/\/www.grieta.org.mx\/index.php\/wp-json\/wp\/v2\/categories?post=40757"},{"taxonomy":"post_tag","embeddable":true,"href":"https:\/\/www.grieta.org.mx\/index.php\/wp-json\/wp\/v2\/tags?post=40757"}],"curies":[{"name":"wp","href":"https:\/\/api.w.org\/{rel}","templated":true}]}}