{"id":4073,"date":"2015-08-22T01:10:00","date_gmt":"2015-08-22T01:10:00","guid":{"rendered":"http:\/\/50.22.11.12\/~grietaor\/?p=4073"},"modified":"2016-03-21T01:13:29","modified_gmt":"2016-03-21T01:13:29","slug":"surge-movimiento-separatista-en-holbox","status":"publish","type":"post","link":"https:\/\/www.grieta.org.mx\/index.php\/2015\/08\/22\/surge-movimiento-separatista-en-holbox\/","title":{"rendered":"Surge movimiento separatista en Holbox"},"content":{"rendered":"<p>CANC\u00daN, Q. Roo (proceso.com.mx).- Ante la intentona del ayuntamiento local por boicotear el plan de manejo del \u00c1rea de Protecci\u00f3n de Flora y Fauna (APFF) de Yum Balam -donde se ubica Holbox-, organizaciones ambientalistas promueven la separaci\u00f3n pol\u00edtica de esta isla y otras comunidades costeras para crear un nuevo municipio que corresponder\u00eda s\u00f3lo al territorio comprendido dentro de esta \u00c1rea Natural Protegida (ANP).<\/p>\n<p>Las organizaciones ambientalistas de Holbox reaccionaron ante la consulta que inici\u00f3 el ayuntamiento de L\u00e1zaro C\u00e1rdenas para incluir en el plan de manejo \u201cdesarrollos tur\u00edsticos\u201d dentro de esta isla.<\/p>\n<p>Como parte de la consulta, esta semana el presidente municipal Luciano Sima Cab y el diputado local Emilio Jim\u00e9nez Ancona, del PRI y Panal, respectivamente, se reunieron con representantes de 22 ejidos de todo el municipio de L\u00e1zaro C\u00e1rdenas a fin de que se sumen a la tarea de juntar cinco mil firmas para detener el plan de manejo del APFF de Yum Balam, que estar\u00eda pr\u00f3ximo a publicarse por parte de la Comisi\u00f3n Nacional de \u00c1reas Naturales Protegidas (Conanp).<\/p>\n<p>Sin embargo, la mayor\u00eda de los ejidos son ajenos a las comunidades ubicadas dentro del \u00e1rea protegida de Yum Balam.<\/p>\n<p>Carlos Mart\u00ednez Correa, de la agrupaci\u00f3n Yo Defiendo Holbox, dijo que los habitantes de Holbox y de otros ejidos costeros en lugar de firmar en apoyo al alcalde Sima, lo hagan en favor de la creaci\u00f3n del nuevo municipio.<\/p>\n<p>Sostuvo que \u201cla creaci\u00f3n del onceavo municipio de Yum Balam es una necesidad urgente para esta zona, desde hace ya mucho tiempo la gente habla de esto. Las leyes estatales pueden modificarse para este fin. Firmemos mejor para solicitar la creaci\u00f3n de un nuevo municipio con las poblaciones que integran el \u00e1rea de protecci\u00f3n\u201d.<\/p>\n<p>El ambientalista afirm\u00f3 que hay una rivalidad entre la cabecera municipal de Kantunilk\u00edn con las comunidades que est\u00e1n dentro del APFF que ahora se refleja en la intenci\u00f3n del alcalde Sima de afectar el entorno ambiental de Holbox.<\/p>\n<p>\u201cLa rivalidad entre las poblaciones que integran la reserva y la cabecera municipal de L\u00e1zaro C\u00e1rdenas ha llevado al abandono de estas poblaciones y en muchos casos a situaciones r\u00edspidas como la intenci\u00f3n de buscar detener o modificar el plan de manejo del APFF de Yum Balam\u201d, dijo Mart\u00ednez Correa.<\/p>\n<p>Agreg\u00f3 que no hay raz\u00f3n para someter a consulta el proyecto del plan de manejo del APFF de Yum Balam, ya que ha sido evaluado \u201cen dos ocasiones con las poblaciones interesadas, comunidad econ\u00f3mica y dependencias del gobierno federal\u201d.<\/p>\n<p>Desde hace un a\u00f1o, ambientalistas exigen la publicaci\u00f3n del plan de manejo de Yum Balam cuyos ecosistemas est\u00e1n bajo amenaza por los diversos proyectos tur\u00edsticos que pretenden llevarse a cabo, entre los que figura La Ensenada.<\/p>\n<p>La ANP de Yum Balam fue creada en 1994 y un a\u00f1o despu\u00e9s deb\u00eda contar con un plan de manejo, sin embargo, ese instrumento para regular las actividades en la reserva ubicada en el extremo norte de Quintana Roo no se ha publicado hasta ahora.<\/p>\n<p><a href=\"http:\/\/www.proceso.com.mx\/413501\/surge-movimiento-separatista-en-holbox\" target=\"_blank\">www.proceso.com.mx\/413501\/2015\/08\/22\/surge-movimiento-separatista-en-holbox<\/a><\/p>\n","protected":false},"excerpt":{"rendered":"<p>CANC\u00daN, Q. Roo (proceso.com.mx).- Ante la intentona del ayuntamiento local por boicotear el plan de manejo del \u00c1rea de Protecci\u00f3n de Flora y Fauna (APFF) de Yum Balam -donde se &hellip; <a href=\"https:\/\/www.grieta.org.mx\/index.php\/2015\/08\/22\/surge-movimiento-separatista-en-holbox\/\" class=\"more-link\">Leer m\u00e1s<\/a><\/p>\n","protected":false},"author":2,"featured_media":21928,"comment_status":"closed","ping_status":"open","sticky":false,"template":"","format":"standard","meta":{"ngg_post_thumbnail":0,"_jetpack_newsletter_access":"","_jetpack_dont_email_post_to_subs":false,"_jetpack_newsletter_tier_id":0,"_jetpack_memberships_contains_paywalled_content":false,"_jetpack_memberships_contains_paid_content":false,"footnotes":""},"categories":[80,151],"tags":[330,285],"class_list":["post-4073","post","type-post","status-publish","format-standard","has-post-thumbnail","hentry","category-cintillo","category-quintana-roo","tag-holbox","tag-turismo","entry"],"jetpack_featured_media_url":"https:\/\/www.grieta.org.mx\/wp-content\/uploads\/2018\/03\/14524434_1106112876131411_958039263622046936_o.jpg","jetpack_sharing_enabled":true,"jetpack_shortlink":"https:\/\/wp.me\/p7ZJR4-13H","jetpack_likes_enabled":false,"jetpack-related-posts":[{"id":57787,"url":"https:\/\/www.grieta.org.mx\/index.php\/2021\/03\/19\/denuncian-nula-actuacion-de-conanp-contra-el-ecocidio-de-manglares-en-holbox-video-quintana-roo\/","url_meta":{"origin":4073,"position":0},"title":"Denuncian nula actuaci\u00f3n de Conanp contra el ecocidio de manglares en Holbox : Video  (Quintana Roo)","author":"grieta","date":"19 marzo, 2021","format":false,"excerpt":"PorEsto! Hasta el momento la dependencia no ha hecho nada al respecto sobre la devastaci\u00f3n de manglares en Holbox, indicaron habitantes La devastaci\u00f3n de manglares en una de las zonas de conservaci\u00f3n de la isla choca de Holbox continua sin que hasta ahora las autoridades ambientales federales, entre ellas la\u2026","rel":"","context":"En &quot;\u00c1reas naturales protegidas&quot;","block_context":{"text":"\u00c1reas naturales protegidas","link":"https:\/\/www.grieta.org.mx\/index.php\/category\/megaproyectos\/areas-naturales-protegidas\/"},"img":{"alt_text":"","src":"https:\/\/i0.wp.com\/www.grieta.org.mx\/wp-content\/uploads\/2021\/03\/HolboxDeforest.png?resize=350%2C200&ssl=1","width":350,"height":200,"srcset":"https:\/\/i0.wp.com\/www.grieta.org.mx\/wp-content\/uploads\/2021\/03\/HolboxDeforest.png?resize=350%2C200&ssl=1 1x, https:\/\/i0.wp.com\/www.grieta.org.mx\/wp-content\/uploads\/2021\/03\/HolboxDeforest.png?resize=525%2C300&ssl=1 1.5x"},"classes":[]},{"id":4081,"url":"https:\/\/www.grieta.org.mx\/index.php\/2015\/06\/27\/jornada-de-protestas-ambientales-en-quintana-roo\/","url_meta":{"origin":4073,"position":1},"title":"Jornada de protestas ambientales en Quintana Roo","author":"grieta","date":"27 junio, 2015","format":false,"excerpt":"CANC\u00daN, MX.- Este s\u00e1bado, Quintana Roo vivir\u00e1 una jornada de protestas ciudadanas cuando se realice en Puerto Morelos una marcha para defender una escuela secundaria que se encuentra frente al mar y que ser\u00eda demolida para construir un muelle privado, as\u00ed como una cadena humana en la isla de Holbox\u2026","rel":"","context":"En &quot;CINTILLO&quot;","block_context":{"text":"CINTILLO","link":"https:\/\/www.grieta.org.mx\/index.php\/category\/cintillo\/"},"img":{"alt_text":"","src":"https:\/\/i0.wp.com\/www.grieta.org.mx\/wp-content\/uploads\/2018\/03\/14524434_1106112876131411_958039263622046936_o.jpg?resize=350%2C200&ssl=1","width":350,"height":200,"srcset":"https:\/\/i0.wp.com\/www.grieta.org.mx\/wp-content\/uploads\/2018\/03\/14524434_1106112876131411_958039263622046936_o.jpg?resize=350%2C200&ssl=1 1x, https:\/\/i0.wp.com\/www.grieta.org.mx\/wp-content\/uploads\/2018\/03\/14524434_1106112876131411_958039263622046936_o.jpg?resize=525%2C300&ssl=1 1.5x, https:\/\/i0.wp.com\/www.grieta.org.mx\/wp-content\/uploads\/2018\/03\/14524434_1106112876131411_958039263622046936_o.jpg?resize=700%2C400&ssl=1 2x"},"classes":[]},{"id":4075,"url":"https:\/\/www.grieta.org.mx\/index.php\/2015\/08\/12\/alcalde-inicia-campana-para-impedir-proteccion-de-la-reserva-de-yum-balam-holbox\/","url_meta":{"origin":4073,"position":2},"title":"Alcalde inicia campa\u00f1a para impedir protecci\u00f3n de la reserva de Yum Balam (Holbox)","author":"grieta","date":"12 agosto, 2015","format":false,"excerpt":"CANC\u00daN, MX.- El presidente municipal de L\u00e1zaro C\u00e1rdenas, el priista Luciano Sim\u00e1 Cab, inici\u00f3 una campa\u00f1a de recolecci\u00f3n de firmas para frenar la inminente publicaci\u00f3n del plan de manejo de la zona de reserva de Yum Balam, que busca resguardar el equilibrio ecol\u00f3gico en esa \u00c1rea Natural Protegida (ANP). Luciano\u2026","rel":"","context":"En &quot;CINTILLO&quot;","block_context":{"text":"CINTILLO","link":"https:\/\/www.grieta.org.mx\/index.php\/category\/cintillo\/"},"img":{"alt_text":"","src":"https:\/\/i0.wp.com\/www.grieta.org.mx\/wp-content\/uploads\/2018\/03\/14524434_1106112876131411_958039263622046936_o.jpg?resize=350%2C200&ssl=1","width":350,"height":200,"srcset":"https:\/\/i0.wp.com\/www.grieta.org.mx\/wp-content\/uploads\/2018\/03\/14524434_1106112876131411_958039263622046936_o.jpg?resize=350%2C200&ssl=1 1x, https:\/\/i0.wp.com\/www.grieta.org.mx\/wp-content\/uploads\/2018\/03\/14524434_1106112876131411_958039263622046936_o.jpg?resize=525%2C300&ssl=1 1.5x, https:\/\/i0.wp.com\/www.grieta.org.mx\/wp-content\/uploads\/2018\/03\/14524434_1106112876131411_958039263622046936_o.jpg?resize=700%2C400&ssl=1 2x"},"classes":[]},{"id":4068,"url":"https:\/\/www.grieta.org.mx\/index.php\/2015\/11\/08\/en-holbox-quintana-roo-buscan-separacion-politica-para-frenar-desarrollo-turistico\/","url_meta":{"origin":4073,"position":3},"title":"En Holbox (Quintana Roo) buscan separaci\u00f3n pol\u00edtica para frenar desarrollo tur\u00edstico","author":"grieta","date":"8 noviembre, 2015","format":false,"excerpt":"08\/11\/15. Promueven proyecto de hotel en Holbox BlueEl Economista 22\/08\/15. Surge movimiento separatista en HolboxProceso 12\/08\/15. Alcalde inicia campa\u00f1a para impedir protecci\u00f3n de la reserva de Yum Balam (Holbox)Noticaribe 04\/07\/15. Asegura Profepa embarcaciones sin autorizaci\u00f3n para avistamiento del tibur\u00f3n ballena en HolboxNoticaribe 27\/06\/15. Cadena humana para proteger HolboxNoticaribe 27\/06\/15. Jornada\u2026","rel":"","context":"En &quot;16. Pueblo Maya&quot;","block_context":{"text":"16. Pueblo Maya","link":"https:\/\/www.grieta.org.mx\/index.php\/category\/espejos-de-la-resistencia\/16-pueblo-maya\/"},"img":{"alt_text":"","src":"https:\/\/i0.wp.com\/www.grieta.org.mx\/wp-content\/uploads\/2018\/03\/14524434_1106112876131411_958039263622046936_o.jpg?resize=350%2C200&ssl=1","width":350,"height":200,"srcset":"https:\/\/i0.wp.com\/www.grieta.org.mx\/wp-content\/uploads\/2018\/03\/14524434_1106112876131411_958039263622046936_o.jpg?resize=350%2C200&ssl=1 1x, https:\/\/i0.wp.com\/www.grieta.org.mx\/wp-content\/uploads\/2018\/03\/14524434_1106112876131411_958039263622046936_o.jpg?resize=525%2C300&ssl=1 1.5x, https:\/\/i0.wp.com\/www.grieta.org.mx\/wp-content\/uploads\/2018\/03\/14524434_1106112876131411_958039263622046936_o.jpg?resize=700%2C400&ssl=1 2x"},"classes":[]},{"id":4083,"url":"https:\/\/www.grieta.org.mx\/index.php\/2015\/05\/21\/escala-otra-querella-ambiental-en-holbox\/","url_meta":{"origin":4073,"position":4},"title":"Escala otra querella ambiental en Holbox","author":"grieta","date":"21 mayo, 2015","format":false,"excerpt":"CANC\u00daN, MX.- Ambientalistas interpusieron una denuncia ante la Procuradur\u00eda Federal de Protecci\u00f3n al Ambiente (Profepa) por la construcci\u00f3n ilegal de puentes sobre una laguna de baja profundidad ubicada en un \u00e1rea de descanso y anidaci\u00f3n de aves, en el poniente de la isla de Holbox. Alejandra Serrano, directora Regional Oficina\u2026","rel":"","context":"En &quot;CINTILLO&quot;","block_context":{"text":"CINTILLO","link":"https:\/\/www.grieta.org.mx\/index.php\/category\/cintillo\/"},"img":{"alt_text":"","src":"https:\/\/i0.wp.com\/www.grieta.org.mx\/wp-content\/uploads\/2018\/03\/14524434_1106112876131411_958039263622046936_o.jpg?resize=350%2C200&ssl=1","width":350,"height":200,"srcset":"https:\/\/i0.wp.com\/www.grieta.org.mx\/wp-content\/uploads\/2018\/03\/14524434_1106112876131411_958039263622046936_o.jpg?resize=350%2C200&ssl=1 1x, https:\/\/i0.wp.com\/www.grieta.org.mx\/wp-content\/uploads\/2018\/03\/14524434_1106112876131411_958039263622046936_o.jpg?resize=525%2C300&ssl=1 1.5x, https:\/\/i0.wp.com\/www.grieta.org.mx\/wp-content\/uploads\/2018\/03\/14524434_1106112876131411_958039263622046936_o.jpg?resize=700%2C400&ssl=1 2x"},"classes":[]},{"id":4079,"url":"https:\/\/www.grieta.org.mx\/index.php\/2015\/06\/27\/cadena-humana-para-proteger-holbox\/","url_meta":{"origin":4073,"position":5},"title":"Cadena humana para proteger Holbox","author":"grieta","date":"27 junio, 2015","format":false,"excerpt":"HOLBOX, MX.- Pese a las amenazas del gobierno del estado hacia algunos activistas para no organizar la cadena humana en pro de Holbox, la convocatoria fue un \u00e9xito porque incluso se recurrir\u00eda al amparo para obligar a la publicaci\u00f3n del Plan de Manejo por parte de la Comisi\u00f3n Nacional de\u2026","rel":"","context":"En &quot;CINTILLO&quot;","block_context":{"text":"CINTILLO","link":"https:\/\/www.grieta.org.mx\/index.php\/category\/cintillo\/"},"img":{"alt_text":"","src":"https:\/\/i0.wp.com\/www.grieta.org.mx\/wp-content\/uploads\/2018\/03\/14524434_1106112876131411_958039263622046936_o.jpg?resize=350%2C200&ssl=1","width":350,"height":200,"srcset":"https:\/\/i0.wp.com\/www.grieta.org.mx\/wp-content\/uploads\/2018\/03\/14524434_1106112876131411_958039263622046936_o.jpg?resize=350%2C200&ssl=1 1x, https:\/\/i0.wp.com\/www.grieta.org.mx\/wp-content\/uploads\/2018\/03\/14524434_1106112876131411_958039263622046936_o.jpg?resize=525%2C300&ssl=1 1.5x, https:\/\/i0.wp.com\/www.grieta.org.mx\/wp-content\/uploads\/2018\/03\/14524434_1106112876131411_958039263622046936_o.jpg?resize=700%2C400&ssl=1 2x"},"classes":[]}],"_links":{"self":[{"href":"https:\/\/www.grieta.org.mx\/index.php\/wp-json\/wp\/v2\/posts\/4073","targetHints":{"allow":["GET"]}}],"collection":[{"href":"https:\/\/www.grieta.org.mx\/index.php\/wp-json\/wp\/v2\/posts"}],"about":[{"href":"https:\/\/www.grieta.org.mx\/index.php\/wp-json\/wp\/v2\/types\/post"}],"author":[{"embeddable":true,"href":"https:\/\/www.grieta.org.mx\/index.php\/wp-json\/wp\/v2\/users\/2"}],"replies":[{"embeddable":true,"href":"https:\/\/www.grieta.org.mx\/index.php\/wp-json\/wp\/v2\/comments?post=4073"}],"version-history":[{"count":1,"href":"https:\/\/www.grieta.org.mx\/index.php\/wp-json\/wp\/v2\/posts\/4073\/revisions"}],"predecessor-version":[{"id":4074,"href":"https:\/\/www.grieta.org.mx\/index.php\/wp-json\/wp\/v2\/posts\/4073\/revisions\/4074"}],"wp:featuredmedia":[{"embeddable":true,"href":"https:\/\/www.grieta.org.mx\/index.php\/wp-json\/wp\/v2\/media\/21928"}],"wp:attachment":[{"href":"https:\/\/www.grieta.org.mx\/index.php\/wp-json\/wp\/v2\/media?parent=4073"}],"wp:term":[{"taxonomy":"category","embeddable":true,"href":"https:\/\/www.grieta.org.mx\/index.php\/wp-json\/wp\/v2\/categories?post=4073"},{"taxonomy":"post_tag","embeddable":true,"href":"https:\/\/www.grieta.org.mx\/index.php\/wp-json\/wp\/v2\/tags?post=4073"}],"curies":[{"name":"wp","href":"https:\/\/api.w.org\/{rel}","templated":true}]}}