{"id":40728,"date":"2019-10-31T23:37:39","date_gmt":"2019-11-01T05:37:39","guid":{"rendered":"http:\/\/www.grieta.org.mx\/?p=40728"},"modified":"2019-10-31T23:37:39","modified_gmt":"2019-11-01T05:37:39","slug":"llegan-maquinas-y-policias-al-rio-metlapanapa-puebla","status":"publish","type":"post","link":"https:\/\/www.grieta.org.mx\/index.php\/2019\/10\/31\/llegan-maquinas-y-policias-al-rio-metlapanapa-puebla\/","title":{"rendered":"Llegan m\u00e1quinas y polic\u00edas al r\u00edo Metlapanapa (Puebla)"},"content":{"rendered":"<p><a href=\"http:\/\/www.grieta.org.mx\/wp-content\/uploads\/2019\/10\/Pdp_rio_metlapanapa_especial-1140x570.jpg\"><img loading=\"lazy\" decoding=\"async\" data-attachment-id=\"40729\" data-permalink=\"https:\/\/www.grieta.org.mx\/index.php\/2019\/10\/31\/llegan-maquinas-y-policias-al-rio-metlapanapa-puebla\/pdp_rio_metlapanapa_especial-1140x570\/\" data-orig-file=\"https:\/\/www.grieta.org.mx\/wp-content\/uploads\/2019\/10\/Pdp_rio_metlapanapa_especial-1140x570.jpg\" data-orig-size=\"1140,570\" data-comments-opened=\"0\" data-image-meta=\"{&quot;aperture&quot;:&quot;0&quot;,&quot;credit&quot;:&quot;&quot;,&quot;camera&quot;:&quot;&quot;,&quot;caption&quot;:&quot;&quot;,&quot;created_timestamp&quot;:&quot;0&quot;,&quot;copyright&quot;:&quot;&quot;,&quot;focal_length&quot;:&quot;0&quot;,&quot;iso&quot;:&quot;0&quot;,&quot;shutter_speed&quot;:&quot;0&quot;,&quot;title&quot;:&quot;&quot;,&quot;orientation&quot;:&quot;1&quot;}\" data-image-title=\"Pdp_rio_metlapanapa_especial-1140&amp;#215;570\" data-image-description=\"\" data-image-caption=\"&lt;p&gt;Victimas de enfrentamientos en Chilapa, Guerrero (Foto: Cuartoscuro)&lt;\/p&gt;\n\" data-medium-file=\"https:\/\/www.grieta.org.mx\/wp-content\/uploads\/2019\/10\/Pdp_rio_metlapanapa_especial-1140x570-300x150.jpg\" data-large-file=\"https:\/\/www.grieta.org.mx\/wp-content\/uploads\/2019\/10\/Pdp_rio_metlapanapa_especial-1140x570-1024x512.jpg\" class=\"aligncenter wp-image-40729\" src=\"http:\/\/www.grieta.org.mx\/wp-content\/uploads\/2019\/10\/Pdp_rio_metlapanapa_especial-1140x570-300x150.jpg\" alt=\"\" width=\"800\" height=\"400\" srcset=\"https:\/\/www.grieta.org.mx\/wp-content\/uploads\/2019\/10\/Pdp_rio_metlapanapa_especial-1140x570-300x150.jpg 300w, https:\/\/www.grieta.org.mx\/wp-content\/uploads\/2019\/10\/Pdp_rio_metlapanapa_especial-1140x570-768x384.jpg 768w, https:\/\/www.grieta.org.mx\/wp-content\/uploads\/2019\/10\/Pdp_rio_metlapanapa_especial-1140x570-1024x512.jpg 1024w, https:\/\/www.grieta.org.mx\/wp-content\/uploads\/2019\/10\/Pdp_rio_metlapanapa_especial-1140x570-1000x500.jpg 1000w, https:\/\/www.grieta.org.mx\/wp-content\/uploads\/2019\/10\/Pdp_rio_metlapanapa_especial-1140x570.jpg 1140w\" sizes=\"auto, (max-width: 800px) 100vw, 800px\" \/><\/a><\/p>\n<p>Polic\u00edas estatales y la Guardia Nacional llegaron en resguardo de las m\u00e1quinas y agredieron a pobladores que intentaban impedir, por tercera ocasi\u00f3n, la construcci\u00f3n de un drenaje industrial en el r\u00edo Metlapanapa; la obra no tiene el permiso de las comunidades nahuas ni de la Comisi\u00f3n Nacional del Agua<\/p>\n<p>Texto: Daliri Oropeza<\/p>\n<p>Fotos: Especial<\/p>\n<p>Trabajadores resguardados por la polic\u00eda estatal de Puebla y la Guardia Nacional entraron este mi\u00e9rcoles con maquinaria al municipio de Juan C Bonilla, para iniciar la construcci\u00f3n del drenaje de deshechos t\u00f3xicos que desembocar\u00eda al r\u00edo Metlapanapa.<\/p>\n<p>Integrantes de las cuatro comunidades nahuas (Ometoxtla, Cuanal\u00e1, Zacatepec y Nextetelco) de este municipio de Puebla salieron a la carretera Cholula-Huejotzingo, en el entronque que lleva al aeropuerto Internacional de Puebla, pues la maquinaria operaba a un costado de donde est\u00e1 el r\u00edo.<\/p>\n<p>Los pobladores intentaron detener las m\u00e1quinas de empresas constructoras que quieren realizar las obras del drenaje para residuos t\u00f3xicos que desemboque en su r\u00edo, pero los polic\u00edas estatales lo impidieron.<\/p>\n<p>El ingreso de la maquinaria ocurri\u00f3 despu\u00e9s de que el representante legal de los empresarios participara en una asamblea con pobladores. Un d\u00eda antes, las comunidades solicitaron una inspecci\u00f3n judicial por contaminaci\u00f3n en el r\u00edo Metlapanapa.<\/p>\n<p>En un informe ante el juez Primero de Distrito de Puebla, donde las comunidades tramitan un amparo, la Comisi\u00f3n Nacional del Agua (Conagua) asegura que las empresas no tienen permisos para descargar sus aguas en el Metlapanapa.<\/p>\n<p>\u201cA la fecha no se cuenta con solicitudes ni validaciones de la obra\u201d, dice el documento de la Conagua, proporcionado por el abogado Juan Carlos Flores.<\/p>\n<p>En la asamblea del s\u00e1bado pasado realizada en Ometoxtla, las comunidades reiteraron que no dan permiso de construir el drenaje t\u00f3xico frente al representante de los empresarios. Firmaron una segunda acta de asamblea en donde niegan la autorizaci\u00f3n a la zona industrial para que construya en el municipio de Juan C Bonilla.<br \/>\nMaquinaria escoltada<\/p>\n<p>La polic\u00eda lleg\u00f3 desde las siete de la ma\u00f1ana, antes que las m\u00e1quinas.<\/p>\n<p>\u201cCuando llegamos, al polic\u00eda recibi\u00f3 la orden y comenzaron a resguardar las m\u00e1quinas\u201d, asegura un integrante de la comunidad que prefiere el anonimato por seguridad. Describe que los polic\u00edas comenzaron a hacer una valla para que las personas no pasaran a donde estaba la maquinaria excavando.<\/p>\n<p>\u201cLas mujeres se metieron (en la valla), y los polic\u00edas las empujaron, les pegaron con las macanas, y las aventaron para que no estuvieran cerca\u201d, narra el habitante de Cuanal\u00e1. \u201cEse momento fue muy tenso, por lo cual decidimos replegarnos hacia el puente de Zacatepec donde bloqueamos otras tres horas\u201d, relata.<\/p>\n<p>Quienes protestaban sacaron dos tubos grandes que hab\u00edan colocado los operadores de la maquinaria y los dejaron en medio de la carretera. La polic\u00eda quer\u00eda llevarlos de vuelta, pero no pudieron. La Guardia Nacional estuvo todo el tiempo presente en la carretera y el Ej\u00e9rcito realiz\u00f3 rondines.<\/p>\n<p>Pese a la protesta y el cierre de las carreteras, la maquinaria nunca se detuvo. Un delegado de la Secretar\u00eda de Gobernaci\u00f3n de Puebla busc\u00f3 la manera de que siguieran los trabajos y acus\u00f3 a los pobladores de ser ellos quienes no quieren negociar.<\/p>\n<p><a href=\"http:\/\/www.grieta.org.mx\/wp-content\/uploads\/2019\/10\/Pdp_rio_metlapanapa_especial1-1200x750.jpg\"><img loading=\"lazy\" decoding=\"async\" data-attachment-id=\"40730\" data-permalink=\"https:\/\/www.grieta.org.mx\/index.php\/2019\/10\/31\/llegan-maquinas-y-policias-al-rio-metlapanapa-puebla\/pdp_rio_metlapanapa_especial1-1200x750\/\" data-orig-file=\"https:\/\/www.grieta.org.mx\/wp-content\/uploads\/2019\/10\/Pdp_rio_metlapanapa_especial1-1200x750.jpg\" data-orig-size=\"1200,750\" data-comments-opened=\"0\" data-image-meta=\"{&quot;aperture&quot;:&quot;0&quot;,&quot;credit&quot;:&quot;&quot;,&quot;camera&quot;:&quot;&quot;,&quot;caption&quot;:&quot;&quot;,&quot;created_timestamp&quot;:&quot;0&quot;,&quot;copyright&quot;:&quot;&quot;,&quot;focal_length&quot;:&quot;0&quot;,&quot;iso&quot;:&quot;0&quot;,&quot;shutter_speed&quot;:&quot;0&quot;,&quot;title&quot;:&quot;&quot;,&quot;orientation&quot;:&quot;1&quot;}\" data-image-title=\"Pdp_rio_metlapanapa_especial1-1200&amp;#215;750\" data-image-description=\"\" data-image-caption=\"\" data-medium-file=\"https:\/\/www.grieta.org.mx\/wp-content\/uploads\/2019\/10\/Pdp_rio_metlapanapa_especial1-1200x750-300x188.jpg\" data-large-file=\"https:\/\/www.grieta.org.mx\/wp-content\/uploads\/2019\/10\/Pdp_rio_metlapanapa_especial1-1200x750-1024x640.jpg\" class=\"aligncenter wp-image-40730\" src=\"http:\/\/www.grieta.org.mx\/wp-content\/uploads\/2019\/10\/Pdp_rio_metlapanapa_especial1-1200x750-300x188.jpg\" alt=\"\" width=\"800\" height=\"500\" srcset=\"https:\/\/www.grieta.org.mx\/wp-content\/uploads\/2019\/10\/Pdp_rio_metlapanapa_especial1-1200x750-300x188.jpg 300w, https:\/\/www.grieta.org.mx\/wp-content\/uploads\/2019\/10\/Pdp_rio_metlapanapa_especial1-1200x750-768x480.jpg 768w, https:\/\/www.grieta.org.mx\/wp-content\/uploads\/2019\/10\/Pdp_rio_metlapanapa_especial1-1200x750-1024x640.jpg 1024w, https:\/\/www.grieta.org.mx\/wp-content\/uploads\/2019\/10\/Pdp_rio_metlapanapa_especial1-1200x750-800x500.jpg 800w, https:\/\/www.grieta.org.mx\/wp-content\/uploads\/2019\/10\/Pdp_rio_metlapanapa_especial1-1200x750.jpg 1200w\" sizes=\"auto, (max-width: 800px) 100vw, 800px\" \/><\/a><\/p>\n<p>\u201cNo se prestaron al di\u00e1logo\u201d<\/p>\n<p>\u201cC\u00f3mo van a querer di\u00e1logo si llegan con polic\u00eda, eso es violencia\u201d, denunci\u00f3 el habitante de Cuanal\u00e1.<\/p>\n<p>\u201cNo se prestaron al di\u00e1logo, por eso movimos los tubos para avanzar m\u00e1s y ah\u00ed se escuch\u00f3 un fuerte estruendo, era un polic\u00eda que ten\u00eda un arma que no identificamos si saca gas o balines. En ese momento lanzaron el gas del extinguidor y nos enojamos, fue cuando comenzamos a arrojarles las piedras\u201d, relata el testigo.<\/p>\n<p>Quienes protestaron aseguran que las provocaciones fueron por parte de la polic\u00eda.<\/p>\n<p>Los militares quisieron intervenir, pero los integrantes de las comunidades que estaban protestando les impidieron el paso.<\/p>\n<p>\u201cLos polic\u00edas nos comentaron que fueron enviados por los empresarios (\u2026). Responsabilizamos a Miguel Barbosa, gobernador de Puebla, y a los empresarios del parque Industrial de Huejotzingo, por las agresiones. Ellos est\u00e1n haciendo todo esto al amparo de la corrupci\u00f3n\u201d, denuncia un integrante de la comunidad de Zacatepec, que tambi\u00e9n participa en la radio comunitaria.<br \/>\nDenuncian a autoridades<\/p>\n<p>Las cuatro comunidades nahuas interpusieron un amparo desde la semana pasada en contra 20 autoridades municipales, estatales y federales, de acuerdo con el abogado Juan Carlos Flores.<\/p>\n<p>Entre los denunciados est\u00e1 el presidente municipal Joel Lozano Alameda, quien lleva m\u00e1s de un mes ausente del municipio, a quien las comunidades responsabilizan de la entrada de la maquinaria.<\/p>\n<p>El amparo interpuesto es por la violaci\u00f3n al derecho de autodeterminaci\u00f3n de la comunidad, pues ya hab\u00edan decidido e informado a las autoridades que no autorizan que se instale el proyecto de drenaje industrial, pero tambi\u00e9n por el derecho al medio ambiente y las afectaciones a su r\u00edo, que es parte de su territorio, detalla el abogado Flores.<\/p>\n<p><a href=\"http:\/\/www.grieta.org.mx\/wp-content\/uploads\/2019\/10\/Pdp_rio_metlapanapa_especial2-1200x750.jpg\"><img loading=\"lazy\" decoding=\"async\" data-attachment-id=\"40731\" data-permalink=\"https:\/\/www.grieta.org.mx\/index.php\/2019\/10\/31\/llegan-maquinas-y-policias-al-rio-metlapanapa-puebla\/pdp_rio_metlapanapa_especial2-1200x750\/\" data-orig-file=\"https:\/\/www.grieta.org.mx\/wp-content\/uploads\/2019\/10\/Pdp_rio_metlapanapa_especial2-1200x750.jpg\" data-orig-size=\"1200,750\" data-comments-opened=\"0\" data-image-meta=\"{&quot;aperture&quot;:&quot;0&quot;,&quot;credit&quot;:&quot;&quot;,&quot;camera&quot;:&quot;&quot;,&quot;caption&quot;:&quot;&quot;,&quot;created_timestamp&quot;:&quot;0&quot;,&quot;copyright&quot;:&quot;&quot;,&quot;focal_length&quot;:&quot;0&quot;,&quot;iso&quot;:&quot;0&quot;,&quot;shutter_speed&quot;:&quot;0&quot;,&quot;title&quot;:&quot;&quot;,&quot;orientation&quot;:&quot;1&quot;}\" data-image-title=\"Pdp_rio_metlapanapa_especial2-1200&amp;#215;750\" data-image-description=\"\" data-image-caption=\"\" data-medium-file=\"https:\/\/www.grieta.org.mx\/wp-content\/uploads\/2019\/10\/Pdp_rio_metlapanapa_especial2-1200x750-300x188.jpg\" data-large-file=\"https:\/\/www.grieta.org.mx\/wp-content\/uploads\/2019\/10\/Pdp_rio_metlapanapa_especial2-1200x750-1024x640.jpg\" class=\"aligncenter wp-image-40731\" src=\"http:\/\/www.grieta.org.mx\/wp-content\/uploads\/2019\/10\/Pdp_rio_metlapanapa_especial2-1200x750-300x188.jpg\" alt=\"\" width=\"800\" height=\"500\" srcset=\"https:\/\/www.grieta.org.mx\/wp-content\/uploads\/2019\/10\/Pdp_rio_metlapanapa_especial2-1200x750-300x188.jpg 300w, https:\/\/www.grieta.org.mx\/wp-content\/uploads\/2019\/10\/Pdp_rio_metlapanapa_especial2-1200x750-768x480.jpg 768w, https:\/\/www.grieta.org.mx\/wp-content\/uploads\/2019\/10\/Pdp_rio_metlapanapa_especial2-1200x750-1024x640.jpg 1024w, https:\/\/www.grieta.org.mx\/wp-content\/uploads\/2019\/10\/Pdp_rio_metlapanapa_especial2-1200x750-800x500.jpg 800w, https:\/\/www.grieta.org.mx\/wp-content\/uploads\/2019\/10\/Pdp_rio_metlapanapa_especial2-1200x750.jpg 1200w\" sizes=\"auto, (max-width: 800px) 100vw, 800px\" \/><\/a><\/p>\n<p>Asamblea urgente<\/p>\n<p>Las comunidades explican que la Asociaci\u00f3n De Empresarios Del Parque Industrial Ciudad Textil De Puebla A.C. ha contaminado los r\u00edos, incluido el Atoyac, que es el tercer m\u00e1s contaminado de M\u00e9xico, sin respetar la NOM-001-SEMARNAT-1996.<\/p>\n<p>\u201cAnte los medios nosotros somos los que agreden, para justificar sus agresiones. Pero hoy ya nos dieron una se\u00f1al, estaba la Guardia Nacional, la gendarmer\u00eda de blanco y los militares de verde. Llegaron con gr\u00faas. Los polic\u00edas municipales participaron como de tr\u00e1fico. Quieren imponer el proyecto de drenaje industrial\u201d. Integrantes de las comunidades denuncian al peri\u00f3dico El Sol de Puebla, Imagen TV y L\u00f3pez D\u00edaz.<\/p>\n<p>Las comunidades convocaron a una asamblea urgente. Buscan solicitar la destituci\u00f3n del presidente municipal Joel Lozano Alameda.<\/p>\n<p><a href=\"https:\/\/piedepagina.mx\/llegan-maquinas-y-policias-al-rio-metlapanapa\/\">https:\/\/piedepagina.mx\/llegan-maquinas-y-policias-al-rio-metlapanapa\/<\/a><\/p>\n","protected":false},"excerpt":{"rendered":"<p>Polic\u00edas estatales y la Guardia Nacional llegaron en resguardo de las m\u00e1quinas y agredieron a pobladores que intentaban impedir, por tercera ocasi\u00f3n, la construcci\u00f3n de un drenaje industrial en el &hellip; <a href=\"https:\/\/www.grieta.org.mx\/index.php\/2019\/10\/31\/llegan-maquinas-y-policias-al-rio-metlapanapa-puebla\/\" class=\"more-link\">Leer m\u00e1s<\/a><\/p>\n","protected":false},"author":1,"featured_media":40729,"comment_status":"closed","ping_status":"closed","sticky":false,"template":"","format":"standard","meta":{"ngg_post_thumbnail":0,"_jetpack_newsletter_access":"","_jetpack_dont_email_post_to_subs":false,"_jetpack_newsletter_tier_id":0,"_jetpack_memberships_contains_paywalled_content":false,"_jetpack_memberships_contains_paid_content":false,"footnotes":""},"categories":[80,1255,2703,3,922,942,2,1253,44,26,1249],"tags":[425],"class_list":["post-40728","post","type-post","status-publish","format-standard","has-post-thumbnail","hentry","category-cintillo","category-contaminacion-del-agua-por-industria-en-puebla","category-defensa-de-los-recursos-naturales-en-puebla","category-megaproyectos","category-megaproyectos-estados","category-mp-puebla","category-noticias-nacionales","category-privatizacion-del-agua-y-el-drenaje-en-puebla","category-proyecto-integral-morelos","category-puebla","category-rechazo-al-proyecto-interal-morelos-en-puebla","tag-contaminacion-agua","entry"],"jetpack_featured_media_url":"https:\/\/www.grieta.org.mx\/wp-content\/uploads\/2019\/10\/Pdp_rio_metlapanapa_especial-1140x570.jpg","jetpack_sharing_enabled":true,"jetpack_shortlink":"https:\/\/wp.me\/p7ZJR4-aAU","jetpack_likes_enabled":false,"jetpack-related-posts":[{"id":39690,"url":"https:\/\/www.grieta.org.mx\/index.php\/2019\/09\/28\/pobladores-denuncian-obras-para-industrializar-tierras-cercanas-al-volcan-popocatepetl-puebla\/","url_meta":{"origin":40728,"position":0},"title":"Pobladores denuncian obras para industrializar tierras cercanas al volc\u00e1n Popocat\u00e9petl (Puebla)","author":"Admin","date":"28 septiembre, 2019","format":false,"excerpt":"Gabriela Hern\u00e1ndez \/ Proceso PUEBLA, Pue. (apro).- El Frente de Pueblos Morelos-Puebla-Tlaxcala (FPMPT) denunci\u00f3 que, con el respaldo de polic\u00edas estatales, federales y de la Guardia Nacional, este viernes se reiniciaron las obras para descargar desechos al r\u00edo Metlapanapa, con lo que se busca extender el corredor industrial de Huejotzingo\u2026","rel":"","context":"En &quot;CINTILLO&quot;","block_context":{"text":"CINTILLO","link":"https:\/\/www.grieta.org.mx\/index.php\/category\/cintillo\/"},"img":{"alt_text":"","src":"https:\/\/i0.wp.com\/www.grieta.org.mx\/wp-content\/uploads\/2019\/09\/https-_cdn.proceso.com_.mx_media_2019_09_Puebla-ok.jpg?resize=350%2C200&ssl=1","width":350,"height":200,"srcset":"https:\/\/i0.wp.com\/www.grieta.org.mx\/wp-content\/uploads\/2019\/09\/https-_cdn.proceso.com_.mx_media_2019_09_Puebla-ok.jpg?resize=350%2C200&ssl=1 1x, https:\/\/i0.wp.com\/www.grieta.org.mx\/wp-content\/uploads\/2019\/09\/https-_cdn.proceso.com_.mx_media_2019_09_Puebla-ok.jpg?resize=525%2C300&ssl=1 1.5x, https:\/\/i0.wp.com\/www.grieta.org.mx\/wp-content\/uploads\/2019\/09\/https-_cdn.proceso.com_.mx_media_2019_09_Puebla-ok.jpg?resize=700%2C400&ssl=1 2x, https:\/\/i0.wp.com\/www.grieta.org.mx\/wp-content\/uploads\/2019\/09\/https-_cdn.proceso.com_.mx_media_2019_09_Puebla-ok.jpg?resize=1050%2C600&ssl=1 3x"},"classes":[]},{"id":41315,"url":"https:\/\/www.grieta.org.mx\/index.php\/2019\/11\/19\/acciones-para-frenar-drenaje-industrial-en-juan-c-bonilla-puebla\/","url_meta":{"origin":40728,"position":1},"title":"Acciones para frenar drenaje industrial en Juan C Bonilla (Puebla)","author":"Admin","date":"19 noviembre, 2019","format":false,"excerpt":"Juan C Bonilla, Pue.- Las muestras de inconformidad al drenaje industrial al que se oponen los habitantes de juntas auxiliares del municipio de Juan Cris\u00f3stomo Bonilla, van el aumento y es que adem\u00e1s de plantar \u00e1rboles, colocar un campamento permanente, se iniciar\u00e1 con la construcci\u00f3n de una capilla en honor\u2026","rel":"","context":"En &quot;CINTILLO&quot;","block_context":{"text":"CINTILLO","link":"https:\/\/www.grieta.org.mx\/index.php\/category\/cintillo\/"},"img":{"alt_text":"","src":"https:\/\/i0.wp.com\/www.grieta.org.mx\/wp-content\/uploads\/2019\/11\/whatsapp_image_2019-11-19_at_16.31.52.jpeg?resize=350%2C200&ssl=1","width":350,"height":200,"srcset":"https:\/\/i0.wp.com\/www.grieta.org.mx\/wp-content\/uploads\/2019\/11\/whatsapp_image_2019-11-19_at_16.31.52.jpeg?resize=350%2C200&ssl=1 1x, https:\/\/i0.wp.com\/www.grieta.org.mx\/wp-content\/uploads\/2019\/11\/whatsapp_image_2019-11-19_at_16.31.52.jpeg?resize=525%2C300&ssl=1 1.5x, https:\/\/i0.wp.com\/www.grieta.org.mx\/wp-content\/uploads\/2019\/11\/whatsapp_image_2019-11-19_at_16.31.52.jpeg?resize=700%2C400&ssl=1 2x"},"classes":[]},{"id":43477,"url":"https:\/\/www.grieta.org.mx\/index.php\/2020\/01\/24\/detienen-a-miguel-lopez-vega-defensor-del-rio-metlapanapa-puebla\/","url_meta":{"origin":40728,"position":2},"title":"Detienen a Miguel L\u00f3pez Vega defensor del r\u00edo Metlapanapa (Puebla)","author":"Admin","date":"24 enero, 2020","format":false,"excerpt":"El defensor del R\u00edo Metlapanapa Miguel L\u00f3pez Vega fue detenido por la polic\u00eda estatal despu\u00e9s de salir de la Secretar\u00eda de Gobernaci\u00f3n de Puebla, donde entreg\u00f3 un acta en la que su comunidad se declaraba en autogobierno y libre de partidos politicos Texto y foto: Daliri Oropeza \/ Pie de\u2026","rel":"","context":"En &quot;CINTILLO&quot;","block_context":{"text":"CINTILLO","link":"https:\/\/www.grieta.org.mx\/index.php\/category\/cintillo\/"},"img":{"alt_text":"","src":"https:\/\/i0.wp.com\/www.grieta.org.mx\/wp-content\/uploads\/2020\/01\/radio-zacatepec_daliri-oropeza-3.jpg?resize=350%2C200&ssl=1","width":350,"height":200,"srcset":"https:\/\/i0.wp.com\/www.grieta.org.mx\/wp-content\/uploads\/2020\/01\/radio-zacatepec_daliri-oropeza-3.jpg?resize=350%2C200&ssl=1 1x, https:\/\/i0.wp.com\/www.grieta.org.mx\/wp-content\/uploads\/2020\/01\/radio-zacatepec_daliri-oropeza-3.jpg?resize=525%2C300&ssl=1 1.5x, https:\/\/i0.wp.com\/www.grieta.org.mx\/wp-content\/uploads\/2020\/01\/radio-zacatepec_daliri-oropeza-3.jpg?resize=700%2C400&ssl=1 2x, https:\/\/i0.wp.com\/www.grieta.org.mx\/wp-content\/uploads\/2020\/01\/radio-zacatepec_daliri-oropeza-3.jpg?resize=1050%2C600&ssl=1 3x"},"classes":[]},{"id":43631,"url":"https:\/\/www.grieta.org.mx\/index.php\/2020\/01\/26\/ingresa-el-ambientalista-miguel-lopez-al-penal-de-san-miguel-por-considerarse-peligroso-puebla\/","url_meta":{"origin":40728,"position":3},"title":"Ingresa el ambientalista Miguel L\u00f3pez al penal de San Miguel por considerarse \u201cpeligroso\u201d (Puebla)","author":"Admin","date":"26 enero, 2020","format":false,"excerpt":"Yadira Llaven Anzure \/ La Jornada de Oriente El defensor del r\u00edo Metlapanapa y comunicador comunitario Miguel L\u00f3pez Vega ingres\u00f3 la noche de este s\u00e1bado al penal de San Miguel, acusado de los delitos de obstrucci\u00f3n a obra p\u00fablica, da\u00f1os a las v\u00edas de comunicaci\u00f3n y uso de explosivos, sin\u2026","rel":"","context":"En &quot;CINTILLO&quot;","block_context":{"text":"CINTILLO","link":"https:\/\/www.grieta.org.mx\/index.php\/category\/cintillo\/"},"img":{"alt_text":"","src":"https:\/\/i0.wp.com\/www.grieta.org.mx\/wp-content\/uploads\/2020\/01\/191105DCjuan03.jpg?resize=350%2C200&ssl=1","width":350,"height":200,"srcset":"https:\/\/i0.wp.com\/www.grieta.org.mx\/wp-content\/uploads\/2020\/01\/191105DCjuan03.jpg?resize=350%2C200&ssl=1 1x, https:\/\/i0.wp.com\/www.grieta.org.mx\/wp-content\/uploads\/2020\/01\/191105DCjuan03.jpg?resize=525%2C300&ssl=1 1.5x, https:\/\/i0.wp.com\/www.grieta.org.mx\/wp-content\/uploads\/2020\/01\/191105DCjuan03.jpg?resize=700%2C400&ssl=1 2x, https:\/\/i0.wp.com\/www.grieta.org.mx\/wp-content\/uploads\/2020\/01\/191105DCjuan03.jpg?resize=1050%2C600&ssl=1 3x"},"classes":[]},{"id":41310,"url":"https:\/\/www.grieta.org.mx\/index.php\/2019\/11\/19\/integran-frente-regional-en-defensa-del-rio-metlapanapa-puebla\/","url_meta":{"origin":40728,"position":4},"title":"Integran frente regional en defensa del r\u00edo Metlapanapa, Puebla","author":"Admin","date":"19 noviembre, 2019","format":false,"excerpt":"Cuatro comunidades n\u00e1huatl de Juan C. Bonilla tejen alianzas con poblaciones aleda\u00f1as al r\u00edo Metlapanapa. Buscan evitar que las empresas de la regi\u00f3n y el gobierno de Puebla conecten el drenaje industrial al caudal. Denuncian amenazas contra opositores a la obra Texto: Daliri Oropeza de Pie de P\u00e1gina Fotos: David\u2026","rel":"","context":"En &quot;CINTILLO&quot;","block_context":{"text":"CINTILLO","link":"https:\/\/www.grieta.org.mx\/index.php\/category\/cintillo\/"},"img":{"alt_text":"","src":"https:\/\/i0.wp.com\/www.grieta.org.mx\/wp-content\/uploads\/2019\/11\/pdp_riometlapanapa_puebla_dalirioropeza00-1140x570.jpg?resize=350%2C200&ssl=1","width":350,"height":200,"srcset":"https:\/\/i0.wp.com\/www.grieta.org.mx\/wp-content\/uploads\/2019\/11\/pdp_riometlapanapa_puebla_dalirioropeza00-1140x570.jpg?resize=350%2C200&ssl=1 1x, https:\/\/i0.wp.com\/www.grieta.org.mx\/wp-content\/uploads\/2019\/11\/pdp_riometlapanapa_puebla_dalirioropeza00-1140x570.jpg?resize=525%2C300&ssl=1 1.5x, https:\/\/i0.wp.com\/www.grieta.org.mx\/wp-content\/uploads\/2019\/11\/pdp_riometlapanapa_puebla_dalirioropeza00-1140x570.jpg?resize=700%2C400&ssl=1 2x, https:\/\/i0.wp.com\/www.grieta.org.mx\/wp-content\/uploads\/2019\/11\/pdp_riometlapanapa_puebla_dalirioropeza00-1140x570.jpg?resize=1050%2C600&ssl=1 3x"},"classes":[]},{"id":42371,"url":"https:\/\/www.grieta.org.mx\/index.php\/2019\/12\/03\/se-unen-organizaciones-contra-proyecto-de-ciudad-textil-puebla\/","url_meta":{"origin":40728,"position":5},"title":"Se unen organizaciones contra proyecto de Ciudad Textil (Puebla)","author":"Admin","date":"3 diciembre, 2019","format":false,"excerpt":"Vigilar\u00e1n con lupa la obra para evitar contaminaci\u00f3n al R\u00edo Metlapanapa Foto: Alba Espejel | El Sol de Puebla Debido a que varios ciudadanos han sido agredidos al denunciar la contaminaci\u00f3n del R\u00edo Metlapanapa por la operaci\u00f3n del proyecto Ciudad Textil que est\u00e1 en los l\u00edmites territoriales de Juan C.\u2026","rel":"","context":"En &quot;CINTILLO&quot;","block_context":{"text":"CINTILLO","link":"https:\/\/www.grieta.org.mx\/index.php\/category\/cintillo\/"},"img":{"alt_text":"","src":"https:\/\/i0.wp.com\/www.grieta.org.mx\/wp-content\/uploads\/2019\/12\/ZAVATEPEC.jpg?resize=350%2C200&ssl=1","width":350,"height":200,"srcset":"https:\/\/i0.wp.com\/www.grieta.org.mx\/wp-content\/uploads\/2019\/12\/ZAVATEPEC.jpg?resize=350%2C200&ssl=1 1x, https:\/\/i0.wp.com\/www.grieta.org.mx\/wp-content\/uploads\/2019\/12\/ZAVATEPEC.jpg?resize=525%2C300&ssl=1 1.5x, https:\/\/i0.wp.com\/www.grieta.org.mx\/wp-content\/uploads\/2019\/12\/ZAVATEPEC.jpg?resize=700%2C400&ssl=1 2x"},"classes":[]}],"_links":{"self":[{"href":"https:\/\/www.grieta.org.mx\/index.php\/wp-json\/wp\/v2\/posts\/40728","targetHints":{"allow":["GET"]}}],"collection":[{"href":"https:\/\/www.grieta.org.mx\/index.php\/wp-json\/wp\/v2\/posts"}],"about":[{"href":"https:\/\/www.grieta.org.mx\/index.php\/wp-json\/wp\/v2\/types\/post"}],"author":[{"embeddable":true,"href":"https:\/\/www.grieta.org.mx\/index.php\/wp-json\/wp\/v2\/users\/1"}],"replies":[{"embeddable":true,"href":"https:\/\/www.grieta.org.mx\/index.php\/wp-json\/wp\/v2\/comments?post=40728"}],"version-history":[{"count":1,"href":"https:\/\/www.grieta.org.mx\/index.php\/wp-json\/wp\/v2\/posts\/40728\/revisions"}],"predecessor-version":[{"id":40735,"href":"https:\/\/www.grieta.org.mx\/index.php\/wp-json\/wp\/v2\/posts\/40728\/revisions\/40735"}],"wp:featuredmedia":[{"embeddable":true,"href":"https:\/\/www.grieta.org.mx\/index.php\/wp-json\/wp\/v2\/media\/40729"}],"wp:attachment":[{"href":"https:\/\/www.grieta.org.mx\/index.php\/wp-json\/wp\/v2\/media?parent=40728"}],"wp:term":[{"taxonomy":"category","embeddable":true,"href":"https:\/\/www.grieta.org.mx\/index.php\/wp-json\/wp\/v2\/categories?post=40728"},{"taxonomy":"post_tag","embeddable":true,"href":"https:\/\/www.grieta.org.mx\/index.php\/wp-json\/wp\/v2\/tags?post=40728"}],"curies":[{"name":"wp","href":"https:\/\/api.w.org\/{rel}","templated":true}]}}