{"id":40652,"date":"2019-10-22T19:21:14","date_gmt":"2019-10-23T00:21:14","guid":{"rendered":"http:\/\/www.grieta.org.mx\/?p=40652"},"modified":"2019-10-28T19:27:06","modified_gmt":"2019-10-29T01:27:06","slug":"brotan-anomalias-en-licitaciones-del-opd-servicios-de-salud-jalisco","status":"publish","type":"post","link":"https:\/\/www.grieta.org.mx\/index.php\/2019\/10\/22\/brotan-anomalias-en-licitaciones-del-opd-servicios-de-salud-jalisco\/","title":{"rendered":"Brotan anomal\u00edas en licitaciones del OPD Servicios de Salud (Jalisco)"},"content":{"rendered":"<p><img loading=\"lazy\" decoding=\"async\" data-attachment-id=\"40653\" data-permalink=\"https:\/\/www.grieta.org.mx\/index.php\/2019\/10\/22\/brotan-anomalias-en-licitaciones-del-opd-servicios-de-salud-jalisco\/attachment\/23220\/\" data-orig-file=\"https:\/\/www.grieta.org.mx\/wp-content\/uploads\/2019\/10\/23220.jpg\" data-orig-size=\"254,181\" data-comments-opened=\"0\" data-image-meta=\"{&quot;aperture&quot;:&quot;0&quot;,&quot;credit&quot;:&quot;&quot;,&quot;camera&quot;:&quot;&quot;,&quot;caption&quot;:&quot;&quot;,&quot;created_timestamp&quot;:&quot;0&quot;,&quot;copyright&quot;:&quot;&quot;,&quot;focal_length&quot;:&quot;0&quot;,&quot;iso&quot;:&quot;0&quot;,&quot;shutter_speed&quot;:&quot;0&quot;,&quot;title&quot;:&quot;&quot;,&quot;orientation&quot;:&quot;1&quot;}\" data-image-title=\"23220\" data-image-description=\"\" data-image-caption=\"\" data-medium-file=\"https:\/\/www.grieta.org.mx\/wp-content\/uploads\/2019\/10\/23220.jpg\" data-large-file=\"https:\/\/www.grieta.org.mx\/wp-content\/uploads\/2019\/10\/23220.jpg\" class=\"aligncenter wp-image-40653\" src=\"http:\/\/www.grieta.org.mx\/wp-content\/uploads\/2019\/10\/23220.jpg\" alt=\"\" width=\"800\" height=\"570\" \/><\/p>\n<p>Imagen ilustrativa<\/p>\n<p><em>En menos de un a\u00f1o de la administraci\u00f3n estatal en el OPD Servicios de Salud Jalisco se cocinan las finanzas a favor de familiares de la titular Consuelo Robles Sierra<\/em><\/p>\n<p>Isaura L\u00f3pez Villalobos \/ UDGTV<\/p>\n<p><strong>Guadalajara, Jalisco. <\/strong>Pese al discurso de gobernador de Jalisco, Enrique Alfaro Ram\u00edrez de ir en contra de funcionarios que provocaron el saqueo en salud en la pasada administraci\u00f3n,\u00a0<strong>hoy da luz otro brote en contra de las arcas de salud.<\/strong><\/p>\n<p>En menos de un a\u00f1o de la administraci\u00f3n estatal en el Organismo P\u00fablico Descentralizado Servicios de Salud Jalisco se cocinan las finanzas a favor de familiares de la titular Consuelo Robles Sierra.<\/p>\n<p>La empresa que otorga mantenimiento a veh\u00edculos oficiales de salud es Llantas Tapias S de RL de CV cuyo gerente es V\u00edctor Manuel Guzm\u00e1n Villaseca (esposo) y de Quey Julieta Chavira Robles (hija) de la funcionaria estatal.<\/p>\n<p>Dicha empresa antes de participar en la Licitaci\u00f3n P\u00fablica Local LPL99\/2019 ya otorgaba servicio de mantenimiento y reparaci\u00f3n de veh\u00edculos al OPD en particular a la regi\u00f3n sanitaria XI Centro-Tonal\u00e1 -el d\u00eda nueve de abril de 2019-\u00a0<strong>de acuerdo al documento que Se\u00f1al Informativa obtuvo<\/strong>.<\/p>\n<p>En el aparato de descripci\u00f3n se se\u00f1ala \u201cLLANTAS 235\/70R16 COOPER WILDCAT MASTERCRAFT AT2, con un valor unitario de 2 mil 672 pesos con 41 centavos, sin descuento, m\u00e1s impuesto, el aporte total fue por casi 12 mil 400 pesos de la partida 29601. Tipo vehicular: FORD 2001 NO. ECO 899<\/p>\n<p>Llantas Tapias S de RL de CV del cual es gerente el esposo de la funcionaria estatal V\u00edctor Manuel Guzm\u00e1n Villaseca e hija Quey Julieta Chavira Robles particip\u00f3 en la licitaci\u00f3n P\u00fablica LPL99\/2019 denominada \u201cAdquisici\u00f3n del servicio de talleres mec\u00e1nicos externos para mantenimiento preventivo y correctivo a veh\u00edculos de gasolina, di\u00e9sel y motocicletas propiedad del Gobierno del estado de Jalisco\u201d; el cual tiene documentos este medio informativo.<\/p>\n<p>En el aparto de resolutivos, de acuerdo al documento v\u00eda transparencia, se indica, la adjudicaci\u00f3n econ\u00f3mica fue por un monto aproximado de 3 millones 174 mil pesos, dicha licitaci\u00f3n inici\u00f3 el 10 de julio, y el 6 de agosto fue la presentaci\u00f3n y apertura de propuestas t\u00e9cnicas y econ\u00f3micas.<\/p>\n<p>Sin embargo, la empresa del esposo de la funcionaria ya hab\u00eda otorgado el servicio a la regi\u00f3n sanitaria XI Centro-Tonal\u00e1.<\/p>\n<p>El documento est\u00e1 firmado por el coordinador general de administraci\u00f3n, regi\u00f3n sanitaria XI Centro-Tonal\u00e1, Edmundo Aguirre Garrido y por el director de la regi\u00f3n Edgar Jes\u00fas Ramos.<\/p>\n<p>Otro de los datos obtenidos fue que la empresa Llantas Tapat\u00edas S de RL de CV fue proveedor del Gobierno de Le\u00f3n, Guanajuato, adem\u00e1s de aparecer en el Buholegal, expediente: 779\/2012, Juzgado de Partido S\u00e9ptimo Civil. Actor: Eliseo M, Demandado: entre otras personas aparece V\u00edctor Manuel Guzm\u00e1n Villaseca. Tercero llamado a juicio ordinario civil. El \u00faltimo informe fue el 27 abril de 2015.<\/p>\n<p>De acuerdo a las leyes un proveedor del Gobierno no puede ser deudor, y los servidores p\u00fablicos\u00a0<strong>pueden incurrir en conflicto de inter\u00e9s<\/strong>, cuando al realizar sus actividades atiendan o se relacionen con familiares o amigos cercanos o tienen alguna deuda.<\/p>\n<p><a href=\"http:\/\/udgtv.com\/noticias\/brotan-anomalias-licitaciones-opd-servicios-salud-jalisco\/\">http:\/\/udgtv.com\/noticias\/brotan-anomalias-licitaciones-opd-servicios-salud-jalisco\/<\/a><\/p>\n","protected":false},"excerpt":{"rendered":"<p>Imagen ilustrativa En menos de un a\u00f1o de la administraci\u00f3n estatal en el OPD Servicios de Salud Jalisco se cocinan las finanzas a favor de familiares de la titular Consuelo &hellip; <a href=\"https:\/\/www.grieta.org.mx\/index.php\/2019\/10\/22\/brotan-anomalias-en-licitaciones-del-opd-servicios-de-salud-jalisco\/\" class=\"more-link\">Leer m\u00e1s<\/a><\/p>\n","protected":false},"author":2,"featured_media":40653,"comment_status":"closed","ping_status":"closed","sticky":false,"template":"","format":"standard","meta":{"ngg_post_thumbnail":0,"_jetpack_newsletter_access":"","_jetpack_dont_email_post_to_subs":false,"_jetpack_newsletter_tier_id":0,"_jetpack_memberships_contains_paywalled_content":false,"_jetpack_memberships_contains_paid_content":false,"footnotes":""},"categories":[80,918,2535,20,2,83],"tags":[2367,2578],"class_list":["post-40652","post","type-post","status-publish","format-standard","has-post-thumbnail","hentry","category-cintillo","category-privatizacion-del-sector-salud","category-crisis-del-sector-salud-en-jalisco","category-jalisco","category-noticias-nacionales","category-temas-nacionales","tag-crisis-en-el-sector-salud","tag-desmantelamiento-del-sector-salud","entry"],"jetpack_featured_media_url":"https:\/\/www.grieta.org.mx\/wp-content\/uploads\/2019\/10\/23220.jpg","jetpack_sharing_enabled":true,"jetpack_shortlink":"https:\/\/wp.me\/p7ZJR4-azG","jetpack_likes_enabled":false,"jetpack-related-posts":[{"id":43178,"url":"https:\/\/www.grieta.org.mx\/index.php\/2020\/01\/14\/trabajadores-del-opd-servicios-de-salud-jalisco-realizaron-paros-ante-falta-de-pagos-jalisco\/","url_meta":{"origin":40652,"position":0},"title":"Trabajadores del OPD, Servicios de Salud Jalisco realizaron paros ante falta de pagos (Jalisco)","author":"grieta","date":"14 enero, 2020","format":false,"excerpt":"Fotograf\u00eda: Isalura L\u00f3pez Villalobos Los trabajadores realizaron paros escalonados en oficinas centrales, hospitales, institutos y centros de salud este lunes ante la segunda dispersi\u00f3n de aguinaldo 2019 Isaura L\u00f3pez Villaobos \/ UDGTV Guadalajara, Jalisco.\u00a0Sin afectar el \u00e1rea de urgencias, trabajadores del Organismo P\u00fablico Descentralizado, Servicios de Salud Jalisco\u00a0realizaron paros escalonados\u2026","rel":"","context":"En &quot;CINTILLO&quot;","block_context":{"text":"CINTILLO","link":"https:\/\/www.grieta.org.mx\/index.php\/category\/cintillo\/"},"img":{"alt_text":"","src":"https:\/\/i0.wp.com\/www.grieta.org.mx\/wp-content\/uploads\/2020\/01\/Manifestaci%C3%B3n-OPD-Salud-Isaura-L%C3%B3pez-Villalobos-696x392.jpg?resize=350%2C200&ssl=1","width":350,"height":200,"srcset":"https:\/\/i0.wp.com\/www.grieta.org.mx\/wp-content\/uploads\/2020\/01\/Manifestaci%C3%B3n-OPD-Salud-Isaura-L%C3%B3pez-Villalobos-696x392.jpg?resize=350%2C200&ssl=1 1x, https:\/\/i0.wp.com\/www.grieta.org.mx\/wp-content\/uploads\/2020\/01\/Manifestaci%C3%B3n-OPD-Salud-Isaura-L%C3%B3pez-Villalobos-696x392.jpg?resize=525%2C300&ssl=1 1.5x"},"classes":[]},{"id":40955,"url":"https:\/\/www.grieta.org.mx\/index.php\/2019\/11\/04\/el-dinero-para-el-dengue-en-jalisco-volo-y-se-quedo-sin-prevencion-y-atencion\/","url_meta":{"origin":40652,"position":1},"title":"El dinero para el dengue en Jalisco vol\u00f3 y se qued\u00f3 sin prevenci\u00f3n y atenci\u00f3n","author":"grieta","date":"4 noviembre, 2019","format":false,"excerpt":"Consuelo Robles Sierra y Fernando Petersen Aranguren han recibido como sueldo en lo que va del a\u00f1o cerca de un mill\u00f3n 45 mil pesos cada uno. Isaura L\u00f3pez Villalobos \/ UDGTV Guadalajara, Jalisco. El dinero para el dengue en Jalisco vol\u00f3 y se qued\u00f3 sin prevenci\u00f3n y atenci\u00f3n, sin embargo,\u2026","rel":"","context":"En &quot;CINTILLO&quot;","block_context":{"text":"CINTILLO","link":"https:\/\/www.grieta.org.mx\/index.php\/category\/cintillo\/"},"img":{"alt_text":"","src":"https:\/\/i0.wp.com\/www.grieta.org.mx\/wp-content\/uploads\/2019\/11\/dengue-medicina-interna-600x356.jpg?resize=350%2C200&ssl=1","width":350,"height":200,"srcset":"https:\/\/i0.wp.com\/www.grieta.org.mx\/wp-content\/uploads\/2019\/11\/dengue-medicina-interna-600x356.jpg?resize=350%2C200&ssl=1 1x, https:\/\/i0.wp.com\/www.grieta.org.mx\/wp-content\/uploads\/2019\/11\/dengue-medicina-interna-600x356.jpg?resize=525%2C300&ssl=1 1.5x"},"classes":[]},{"id":40637,"url":"https:\/\/www.grieta.org.mx\/index.php\/2019\/10\/20\/crisis-interna-en-salud-jalisco-ocasiono-epidemia-de-dengue-sin-control-guadalupe-martinez-jalisco\/","url_meta":{"origin":40652,"position":2},"title":"Crisis interna en Salud Jalisco ocasion\u00f3 epidemia de dengue sin control: Guadalupe Mart\u00ednez (Jalisco)","author":"grieta","date":"20 octubre, 2019","format":false,"excerpt":"Foto: Isaura L\u00f3pez Villalobos La crisis interna en el sistema de salud del Gobierno de Jalisco ocasion\u00f3 una epidemia sin control en la Zona Metropolitana de Guadalajara Isaura L\u00f3pez Villalobos \/ UDGTV Guadalajara, Jalisco. La crisis interna en el sistema de salud del Gobierno de Jalisco ocasion\u00f3 una epidemia sin\u2026","rel":"","context":"En &quot;CINTILLO&quot;","block_context":{"text":"CINTILLO","link":"https:\/\/www.grieta.org.mx\/index.php\/category\/cintillo\/"},"img":{"alt_text":"","src":"https:\/\/i0.wp.com\/www.grieta.org.mx\/wp-content\/uploads\/2018\/03\/14524434_1106112876131411_958039263622046936_o.jpg?resize=350%2C200&ssl=1","width":350,"height":200,"srcset":"https:\/\/i0.wp.com\/www.grieta.org.mx\/wp-content\/uploads\/2018\/03\/14524434_1106112876131411_958039263622046936_o.jpg?resize=350%2C200&ssl=1 1x, https:\/\/i0.wp.com\/www.grieta.org.mx\/wp-content\/uploads\/2018\/03\/14524434_1106112876131411_958039263622046936_o.jpg?resize=525%2C300&ssl=1 1.5x, https:\/\/i0.wp.com\/www.grieta.org.mx\/wp-content\/uploads\/2018\/03\/14524434_1106112876131411_958039263622046936_o.jpg?resize=700%2C400&ssl=1 2x"},"classes":[]},{"id":51443,"url":"https:\/\/www.grieta.org.mx\/index.php\/2020\/06\/26\/bono-de-covid-19-no-llego-a-zapopan-trabajadores-de-la-salud-piden-bases-jalisco\/","url_meta":{"origin":40652,"position":3},"title":"Bono de Covid-19 no lleg\u00f3 a Zapopan; trabajadores de la Salud piden bases (Jalisco)","author":"grieta","date":"26 junio, 2020","format":false,"excerpt":"Foto: Antonio Miramontes Se contabiliz\u00f3 un promedio de 60 manifestantes por cada unidad m\u00e9dica adscritos al OPD Servicios M\u00e9dicos Municipales de Zapopan V\u00edctor Ch\u00e1vez \/ El occidental Personal m\u00e9dico sindicalizado del OPD Servicios M\u00e9dicos Municipales de Zapopan y que han enfrentado de frente la pandemia, se manifestaron al un\u00edsono para\u2026","rel":"","context":"En &quot;CINTILLO&quot;","block_context":{"text":"CINTILLO","link":"https:\/\/www.grieta.org.mx\/index.php\/category\/cintillo\/"},"img":{"alt_text":"","src":"https:\/\/i0.wp.com\/www.grieta.org.mx\/wp-content\/uploads\/2020\/06\/personal-de-salud.jpg?resize=350%2C200&ssl=1","width":350,"height":200,"srcset":"https:\/\/i0.wp.com\/www.grieta.org.mx\/wp-content\/uploads\/2020\/06\/personal-de-salud.jpg?resize=350%2C200&ssl=1 1x, https:\/\/i0.wp.com\/www.grieta.org.mx\/wp-content\/uploads\/2020\/06\/personal-de-salud.jpg?resize=525%2C300&ssl=1 1.5x, https:\/\/i0.wp.com\/www.grieta.org.mx\/wp-content\/uploads\/2020\/06\/personal-de-salud.jpg?resize=700%2C400&ssl=1 2x"},"classes":[]},{"id":53023,"url":"https:\/\/www.grieta.org.mx\/index.php\/2020\/09\/02\/pacientes-renales-protestan-por-falta-de-medicamentos-jalisco\/","url_meta":{"origin":40652,"position":4},"title":"Pacientes renales protestan por falta de medicamentos (Jalisco)","author":"grieta","date":"2 septiembre, 2020","format":false,"excerpt":"Foto: Jorge Alberto Mendoza Edgar Flotes \/ El Diario NTR Unos 20 pacientes renales y sus familias, se manifestaron hoy a las afueras de la Delegaci\u00f3n Estatal del Instituto Mexicano del Seguro Social (IMSS) para exigir medicamentos. A decir de los inconformes, hay un atraso de hasta dos meses en\u2026","rel":"","context":"En &quot;CINTILLO&quot;","block_context":{"text":"CINTILLO","link":"https:\/\/www.grieta.org.mx\/index.php\/category\/cintillo\/"},"img":{"alt_text":"","src":"https:\/\/i0.wp.com\/www.grieta.org.mx\/wp-content\/uploads\/2020\/09\/2020-09-02_11-09-36___2301.jpg?resize=350%2C200&ssl=1","width":350,"height":200,"srcset":"https:\/\/i0.wp.com\/www.grieta.org.mx\/wp-content\/uploads\/2020\/09\/2020-09-02_11-09-36___2301.jpg?resize=350%2C200&ssl=1 1x, https:\/\/i0.wp.com\/www.grieta.org.mx\/wp-content\/uploads\/2020\/09\/2020-09-02_11-09-36___2301.jpg?resize=525%2C300&ssl=1 1.5x, https:\/\/i0.wp.com\/www.grieta.org.mx\/wp-content\/uploads\/2020\/09\/2020-09-02_11-09-36___2301.jpg?resize=700%2C400&ssl=1 2x"},"classes":[]},{"id":56793,"url":"https:\/\/www.grieta.org.mx\/index.php\/2021\/02\/01\/habitantes-de-el-colorado-denuncian-falta-de-servicios-medicos\/","url_meta":{"origin":40652,"position":5},"title":"Habitantes de El Colorado denuncian falta de servicios m\u00e9dicos (Jalisco)","author":"grieta","date":"1 febrero, 2021","format":false,"excerpt":"Foto: Tribuna de la Bah\u00eda Alberto Garc\u00eda \/ Tribuna de la Bah\u00eda La semana pasada, las autoridades municipales y de salud estatal realizaron un evento en el rancho el Colorado, Jalisco para nombrarlo comunidad saludable, casi de inmediato los vecinos de la comunidad renegaron de ese hecho considerando que se\u2026","rel":"","context":"En &quot;CINTILLO&quot;","block_context":{"text":"CINTILLO","link":"https:\/\/www.grieta.org.mx\/index.php\/category\/cintillo\/"},"img":{"alt_text":"","src":"https:\/\/i0.wp.com\/www.grieta.org.mx\/wp-content\/uploads\/2021\/02\/2Semka3XQfM1Pw3xEGZNpr5RbyJgCHMRC7o0gCqt-portada.jpg?resize=350%2C200&ssl=1","width":350,"height":200,"srcset":"https:\/\/i0.wp.com\/www.grieta.org.mx\/wp-content\/uploads\/2021\/02\/2Semka3XQfM1Pw3xEGZNpr5RbyJgCHMRC7o0gCqt-portada.jpg?resize=350%2C200&ssl=1 1x, https:\/\/i0.wp.com\/www.grieta.org.mx\/wp-content\/uploads\/2021\/02\/2Semka3XQfM1Pw3xEGZNpr5RbyJgCHMRC7o0gCqt-portada.jpg?resize=525%2C300&ssl=1 1.5x, https:\/\/i0.wp.com\/www.grieta.org.mx\/wp-content\/uploads\/2021\/02\/2Semka3XQfM1Pw3xEGZNpr5RbyJgCHMRC7o0gCqt-portada.jpg?resize=700%2C400&ssl=1 2x"},"classes":[]}],"_links":{"self":[{"href":"https:\/\/www.grieta.org.mx\/index.php\/wp-json\/wp\/v2\/posts\/40652","targetHints":{"allow":["GET"]}}],"collection":[{"href":"https:\/\/www.grieta.org.mx\/index.php\/wp-json\/wp\/v2\/posts"}],"about":[{"href":"https:\/\/www.grieta.org.mx\/index.php\/wp-json\/wp\/v2\/types\/post"}],"author":[{"embeddable":true,"href":"https:\/\/www.grieta.org.mx\/index.php\/wp-json\/wp\/v2\/users\/2"}],"replies":[{"embeddable":true,"href":"https:\/\/www.grieta.org.mx\/index.php\/wp-json\/wp\/v2\/comments?post=40652"}],"version-history":[{"count":1,"href":"https:\/\/www.grieta.org.mx\/index.php\/wp-json\/wp\/v2\/posts\/40652\/revisions"}],"predecessor-version":[{"id":40654,"href":"https:\/\/www.grieta.org.mx\/index.php\/wp-json\/wp\/v2\/posts\/40652\/revisions\/40654"}],"wp:featuredmedia":[{"embeddable":true,"href":"https:\/\/www.grieta.org.mx\/index.php\/wp-json\/wp\/v2\/media\/40653"}],"wp:attachment":[{"href":"https:\/\/www.grieta.org.mx\/index.php\/wp-json\/wp\/v2\/media?parent=40652"}],"wp:term":[{"taxonomy":"category","embeddable":true,"href":"https:\/\/www.grieta.org.mx\/index.php\/wp-json\/wp\/v2\/categories?post=40652"},{"taxonomy":"post_tag","embeddable":true,"href":"https:\/\/www.grieta.org.mx\/index.php\/wp-json\/wp\/v2\/tags?post=40652"}],"curies":[{"name":"wp","href":"https:\/\/api.w.org\/{rel}","templated":true}]}}