{"id":40631,"date":"2019-09-11T17:40:57","date_gmt":"2019-09-11T22:40:57","guid":{"rendered":"http:\/\/www.grieta.org.mx\/?p=40631"},"modified":"2019-10-28T17:46:55","modified_gmt":"2019-10-28T23:46:55","slug":"bahia-primer-lugar-en-suicidios-en-nayarit","status":"publish","type":"post","link":"https:\/\/www.grieta.org.mx\/index.php\/2019\/09\/11\/bahia-primer-lugar-en-suicidios-en-nayarit\/","title":{"rendered":"Bah\u00eda, primer lugar en suicidios en Nayarit"},"content":{"rendered":"<p><img loading=\"lazy\" decoding=\"async\" data-attachment-id=\"40632\" data-permalink=\"https:\/\/www.grieta.org.mx\/index.php\/2019\/09\/11\/bahia-primer-lugar-en-suicidios-en-nayarit\/sin-titulo-1-34\/\" data-orig-file=\"https:\/\/www.grieta.org.mx\/wp-content\/uploads\/2019\/10\/Sin-t\u00edtulo-1-34.gif\" data-orig-size=\"1024,682\" data-comments-opened=\"0\" data-image-meta=\"{&quot;aperture&quot;:&quot;0&quot;,&quot;credit&quot;:&quot;&quot;,&quot;camera&quot;:&quot;&quot;,&quot;caption&quot;:&quot;&quot;,&quot;created_timestamp&quot;:&quot;0&quot;,&quot;copyright&quot;:&quot;&quot;,&quot;focal_length&quot;:&quot;0&quot;,&quot;iso&quot;:&quot;0&quot;,&quot;shutter_speed&quot;:&quot;0&quot;,&quot;title&quot;:&quot;&quot;,&quot;orientation&quot;:&quot;0&quot;}\" data-image-title=\"Sin-t\u00edtulo-1-34\" data-image-description=\"\" data-image-caption=\"\" data-medium-file=\"https:\/\/www.grieta.org.mx\/wp-content\/uploads\/2019\/10\/Sin-t\u00edtulo-1-34-300x200.gif\" data-large-file=\"https:\/\/www.grieta.org.mx\/wp-content\/uploads\/2019\/10\/Sin-t\u00edtulo-1-34-1024x682.gif\" class=\"aligncenter wp-image-40632\" src=\"http:\/\/www.grieta.org.mx\/wp-content\/uploads\/2019\/10\/Sin-t\u00edtulo-1-34.gif\" alt=\"\" width=\"800\" height=\"533\" \/><\/p>\n<p>Foto: Tribuna de la Bah\u00eda<\/p>\n<p>Israel Torres \/ Tribuna de la Bahia<\/p>\n<p>Bah\u00eda de Banderas, Nay.- En el marco del D\u00eda Mundial de la Salud Mental, las cifras son alarmantes, el municipio Bah\u00eda de Banderas, pas\u00f3 de ser el segundo lugar en suicidios \u2013despu\u00e9s de Tepic\u2013, al primer lugar en el estado, sobre todo en j\u00f3venes de 15 a 35 a\u00f1os.<\/p>\n<p>De acuerdo con el Comit\u00e9 Municipal de Salud Mental en Bah\u00eda de Banderas, este municipio se observa una tasa de 10.5 suicidios por cada 100 mil habitantes, contra el promedio nacional de 5.2, y el tema del suicidio se coloc\u00f3 en el 2018 como una de las primeras 10 causas de mortalidad.<\/p>\n<p><a href=\"https:\/\/tribunadelabahia.com.mx\/bahia-primer-lugar-en-suicidios-en-nayarit\/\">https:\/\/tribunadelabahia.com.mx\/bahia-primer-lugar-en-suicidios-en-nayarit\/<\/a><\/p>\n","protected":false},"excerpt":{"rendered":"<p>Foto: Tribuna de la Bah\u00eda Israel Torres \/ Tribuna de la Bahia Bah\u00eda de Banderas, Nay.- En el marco del D\u00eda Mundial de la Salud Mental, las cifras son alarmantes, &hellip; <a href=\"https:\/\/www.grieta.org.mx\/index.php\/2019\/09\/11\/bahia-primer-lugar-en-suicidios-en-nayarit\/\" class=\"more-link\">Leer m\u00e1s<\/a><\/p>\n","protected":false},"author":2,"featured_media":40632,"comment_status":"closed","ping_status":"closed","sticky":false,"template":"","format":"standard","meta":{"ngg_post_thumbnail":0,"_jetpack_newsletter_access":"","_jetpack_dont_email_post_to_subs":false,"_jetpack_newsletter_tier_id":0,"_jetpack_memberships_contains_paywalled_content":false,"_jetpack_memberships_contains_paid_content":false,"footnotes":""},"categories":[80,1827,2718,23,2,83],"tags":[2362,1165],"class_list":["post-40631","post","type-post","status-publish","format-standard","has-post-thumbnail","hentry","category-cintillo","category-la-ninez-en-la-tormenta-capitalista","category-la-ninez-en-la-tormenta-en-nayarit","category-nayarit","category-noticias-nacionales","category-temas-nacionales","tag-la-ninez-en-la-tormenta","tag-violencia-contra-jovenes","entry"],"jetpack_featured_media_url":"https:\/\/www.grieta.org.mx\/wp-content\/uploads\/2019\/10\/Sin-t\u00edtulo-1-34.gif","jetpack_sharing_enabled":true,"jetpack_shortlink":"https:\/\/wp.me\/p7ZJR4-azl","jetpack_likes_enabled":false,"jetpack-related-posts":[{"id":65593,"url":"https:\/\/www.grieta.org.mx\/index.php\/2022\/10\/20\/nayarit-primer-lugar-nacional-en-abuso-sexual-infantil\/","url_meta":{"origin":40631,"position":0},"title":"Nayarit primer lugar nacional en abuso sexual infantil","author":"grieta","date":"20 octubre, 2022","format":false,"excerpt":"Imagen: Tribuna de la Bah\u00eda Israel Torres \/ Tribuna de la Bah\u00eda En el marco de la conformaci\u00f3n del Sistema Municipal de Protecci\u00f3n Integral de los Ni\u00f1os, Ni\u00f1as y Adolescentes, la Secretaria Ejecutiva de la SIPINNA en Nayarit, Concepci\u00f3n Rodr\u00edguez Llamas, aplaudi\u00f3 la conformaci\u00f3n de este comit\u00e9, pero tambi\u00e9n dio\u2026","rel":"","context":"En &quot;CINTILLO&quot;","block_context":{"text":"CINTILLO","link":"https:\/\/www.grieta.org.mx\/index.php\/category\/cintillo\/"},"img":{"alt_text":"","src":"https:\/\/i0.wp.com\/www.grieta.org.mx\/wp-content\/uploads\/2022\/10\/ninos-caminando-en-la-calle-con-su-mama-cover.jpg?resize=350%2C200&ssl=1","width":350,"height":200,"srcset":"https:\/\/i0.wp.com\/www.grieta.org.mx\/wp-content\/uploads\/2022\/10\/ninos-caminando-en-la-calle-con-su-mama-cover.jpg?resize=350%2C200&ssl=1 1x, https:\/\/i0.wp.com\/www.grieta.org.mx\/wp-content\/uploads\/2022\/10\/ninos-caminando-en-la-calle-con-su-mama-cover.jpg?resize=525%2C300&ssl=1 1.5x, https:\/\/i0.wp.com\/www.grieta.org.mx\/wp-content\/uploads\/2022\/10\/ninos-caminando-en-la-calle-con-su-mama-cover.jpg?resize=700%2C400&ssl=1 2x"},"classes":[]},{"id":40634,"url":"https:\/\/www.grieta.org.mx\/index.php\/2019\/10\/14\/reconocen-incremento-de-explotacion-infantil-nayarit\/","url_meta":{"origin":40631,"position":1},"title":"Reconocen incremento de explotaci\u00f3n infantil (Nayarit)","author":"grieta","date":"14 octubre, 2019","format":false,"excerpt":"Foto: Tribuna de la Bah\u00eda Israel Torre \/ Tribuna de la Bah\u00eda Bah\u00eda de Banderas, Nay.- Aunque Bah\u00eda de Banderas no figura entre los municipios con mayor tasa de explotaci\u00f3n infantil, seg\u00fan un mapeo realizado por la Secretar\u00eda del Trabajo y Previsi\u00f3n Social en 2017, donde se encontraba en los\u2026","rel":"","context":"En &quot;CINTILLO&quot;","block_context":{"text":"CINTILLO","link":"https:\/\/www.grieta.org.mx\/index.php\/category\/cintillo\/"},"img":{"alt_text":"","src":"https:\/\/i0.wp.com\/www.grieta.org.mx\/wp-content\/uploads\/2019\/10\/Sin-t%C3%ADtulo-1-14-700x500.jpg?resize=350%2C200&ssl=1","width":350,"height":200,"srcset":"https:\/\/i0.wp.com\/www.grieta.org.mx\/wp-content\/uploads\/2019\/10\/Sin-t%C3%ADtulo-1-14-700x500.jpg?resize=350%2C200&ssl=1 1x, https:\/\/i0.wp.com\/www.grieta.org.mx\/wp-content\/uploads\/2019\/10\/Sin-t%C3%ADtulo-1-14-700x500.jpg?resize=525%2C300&ssl=1 1.5x, https:\/\/i0.wp.com\/www.grieta.org.mx\/wp-content\/uploads\/2019\/10\/Sin-t%C3%ADtulo-1-14-700x500.jpg?resize=700%2C400&ssl=1 2x"},"classes":[]},{"id":62285,"url":"https:\/\/www.grieta.org.mx\/index.php\/2021\/10\/02\/marchan-feministas-por-el-asesinato-de-amelia-y-veronica\/","url_meta":{"origin":40631,"position":2},"title":"Marchan feministas por el asesinato de Amelia y Ver\u00f3nica","author":"grieta","date":"2 octubre, 2021","format":false,"excerpt":"Foto: Tribuna dela Bah\u00eda Alberto Garc\u00eda \/ Tribuna de la Bah\u00eda Este fin de semana colectivos feministas de Puerto Vallarta y del municipio de Bah\u00eda de Banderas realizaron una marcha de protesta por el asesinato de las ni\u00f1as: Amelia y Ver\u00f3nica de 11 y 14 a\u00f1os respectivamente. El fin de\u2026","rel":"","context":"En &quot;CINTILLO&quot;","block_context":{"text":"CINTILLO","link":"https:\/\/www.grieta.org.mx\/index.php\/category\/cintillo\/"},"img":{"alt_text":"","src":"https:\/\/i0.wp.com\/www.grieta.org.mx\/wp-content\/uploads\/2021\/10\/26-marcha-feminista-por-asesinato-de-hermanas-cover.jpg?resize=350%2C200&ssl=1","width":350,"height":200,"srcset":"https:\/\/i0.wp.com\/www.grieta.org.mx\/wp-content\/uploads\/2021\/10\/26-marcha-feminista-por-asesinato-de-hermanas-cover.jpg?resize=350%2C200&ssl=1 1x, https:\/\/i0.wp.com\/www.grieta.org.mx\/wp-content\/uploads\/2021\/10\/26-marcha-feminista-por-asesinato-de-hermanas-cover.jpg?resize=525%2C300&ssl=1 1.5x, https:\/\/i0.wp.com\/www.grieta.org.mx\/wp-content\/uploads\/2021\/10\/26-marcha-feminista-por-asesinato-de-hermanas-cover.jpg?resize=700%2C400&ssl=1 2x"},"classes":[]},{"id":63291,"url":"https:\/\/www.grieta.org.mx\/index.php\/2022\/01\/31\/denuncian-casos-de-abuso-sexual-infantil-en-parque-acuatico-nayarit\/","url_meta":{"origin":40631,"position":3},"title":"Denuncian casos de abuso sexual infantil en parque acu\u00e1tico (Nayarit)","author":"grieta","date":"31 enero, 2022","format":false,"excerpt":"Foto: Tribuna de la Bah\u00eda Israel Torres \/ Tribuna de la Bah\u00eda En los \u00faltimos d\u00edas, el colectivo feminista Bah\u00eda Violeta hizo p\u00fablico el caso de dos ni\u00f1as entre 10 y 11 a\u00f1os de edad que fueron abusadas sexualmente por un instructor de un parque acu\u00e1tico ubicado sobre la carretera\u2026","rel":"","context":"En &quot;CINTILLO&quot;","block_context":{"text":"CINTILLO","link":"https:\/\/www.grieta.org.mx\/index.php\/category\/cintillo\/"},"img":{"alt_text":"","src":"https:\/\/i0.wp.com\/www.grieta.org.mx\/wp-content\/uploads\/2022\/02\/denuncian-casos-de-abuso-sexual-infantil-en-parque-acuatico-2-cover.jpg?resize=350%2C200&ssl=1","width":350,"height":200,"srcset":"https:\/\/i0.wp.com\/www.grieta.org.mx\/wp-content\/uploads\/2022\/02\/denuncian-casos-de-abuso-sexual-infantil-en-parque-acuatico-2-cover.jpg?resize=350%2C200&ssl=1 1x, https:\/\/i0.wp.com\/www.grieta.org.mx\/wp-content\/uploads\/2022\/02\/denuncian-casos-de-abuso-sexual-infantil-en-parque-acuatico-2-cover.jpg?resize=525%2C300&ssl=1 1.5x, https:\/\/i0.wp.com\/www.grieta.org.mx\/wp-content\/uploads\/2022\/02\/denuncian-casos-de-abuso-sexual-infantil-en-parque-acuatico-2-cover.jpg?resize=700%2C400&ssl=1 2x"},"classes":[]},{"id":37730,"url":"https:\/\/www.grieta.org.mx\/index.php\/2019\/08\/06\/paro-estatal-del-sutsem-se-siente-en-bahia-de-banderas-nayarit\/","url_meta":{"origin":40631,"position":4},"title":"Paro estatal del SUTSEM se siente en Bah\u00eda de Banderas (Nayarit)","author":"grieta","date":"6 agosto, 2019","format":false,"excerpt":"Foto: Tribuna de la Bah\u00eda Israel Torres \/ Tribuna de la Bah\u00eda Bah\u00eda de Banderas, Nay.- Este lunes desde las ocho de la ma\u00f1ana, m\u00e1s 100 trabajadores del d\u00e9cimo ayuntamiento de Bah\u00eda de Banderas, afiliados al SUTSEM (Sindicato \u00danico de Trabajadores al Servicio del Estado y Municipios) se manifestaron a\u2026","rel":"","context":"En &quot;CINTILLO&quot;","block_context":{"text":"CINTILLO","link":"https:\/\/www.grieta.org.mx\/index.php\/category\/cintillo\/"},"img":{"alt_text":"","src":"https:\/\/i0.wp.com\/www.grieta.org.mx\/wp-content\/uploads\/2019\/08\/12y13Bah%C3%ADa-2-2-700x500.jpg?resize=350%2C200&ssl=1","width":350,"height":200,"srcset":"https:\/\/i0.wp.com\/www.grieta.org.mx\/wp-content\/uploads\/2019\/08\/12y13Bah%C3%ADa-2-2-700x500.jpg?resize=350%2C200&ssl=1 1x, https:\/\/i0.wp.com\/www.grieta.org.mx\/wp-content\/uploads\/2019\/08\/12y13Bah%C3%ADa-2-2-700x500.jpg?resize=525%2C300&ssl=1 1.5x, https:\/\/i0.wp.com\/www.grieta.org.mx\/wp-content\/uploads\/2019\/08\/12y13Bah%C3%ADa-2-2-700x500.jpg?resize=700%2C400&ssl=1 2x"},"classes":[]},{"id":65817,"url":"https:\/\/www.grieta.org.mx\/index.php\/2022\/11\/24\/marcha-en-bahia-por-el-dia-de-erradicacion-de-violencia-contra-la-mujer-nayarit\/","url_meta":{"origin":40631,"position":5},"title":"Marcha en Bah\u00eda por el d\u00eda de Erradicaci\u00f3n de Violencia contra la Mujer (Nayarit)","author":"grieta","date":"24 noviembre, 2022","format":false,"excerpt":"Imagen: Tribuna de la Bah\u00eda Israel Torres \/ Tribuna de la Bah\u00eda Colectivos feministas y familiares de\u00a0mujeres desaparecidas\u00a0de\u00a0Bah\u00eda de Banderas, realizar\u00e1n este\u00a0viernes 25 de noviembre,\u00a0en punto de las 05:00 p.m, una\u00a0marcha conmemorativa al D\u00eda Internacional de la Eliminaci\u00f3n de la Violencia contra la Mujer, con el \u00e1nimo de visibilizar los\u2026","rel":"","context":"En &quot;CINTILLO&quot;","block_context":{"text":"CINTILLO","link":"https:\/\/www.grieta.org.mx\/index.php\/category\/cintillo\/"},"img":{"alt_text":"","src":"https:\/\/i0.wp.com\/www.grieta.org.mx\/wp-content\/uploads\/2022\/11\/marcha-bahia-violencia-cover.jpg?resize=350%2C200&ssl=1","width":350,"height":200,"srcset":"https:\/\/i0.wp.com\/www.grieta.org.mx\/wp-content\/uploads\/2022\/11\/marcha-bahia-violencia-cover.jpg?resize=350%2C200&ssl=1 1x, https:\/\/i0.wp.com\/www.grieta.org.mx\/wp-content\/uploads\/2022\/11\/marcha-bahia-violencia-cover.jpg?resize=525%2C300&ssl=1 1.5x, https:\/\/i0.wp.com\/www.grieta.org.mx\/wp-content\/uploads\/2022\/11\/marcha-bahia-violencia-cover.jpg?resize=700%2C400&ssl=1 2x"},"classes":[]}],"_links":{"self":[{"href":"https:\/\/www.grieta.org.mx\/index.php\/wp-json\/wp\/v2\/posts\/40631","targetHints":{"allow":["GET"]}}],"collection":[{"href":"https:\/\/www.grieta.org.mx\/index.php\/wp-json\/wp\/v2\/posts"}],"about":[{"href":"https:\/\/www.grieta.org.mx\/index.php\/wp-json\/wp\/v2\/types\/post"}],"author":[{"embeddable":true,"href":"https:\/\/www.grieta.org.mx\/index.php\/wp-json\/wp\/v2\/users\/2"}],"replies":[{"embeddable":true,"href":"https:\/\/www.grieta.org.mx\/index.php\/wp-json\/wp\/v2\/comments?post=40631"}],"version-history":[{"count":1,"href":"https:\/\/www.grieta.org.mx\/index.php\/wp-json\/wp\/v2\/posts\/40631\/revisions"}],"predecessor-version":[{"id":40633,"href":"https:\/\/www.grieta.org.mx\/index.php\/wp-json\/wp\/v2\/posts\/40631\/revisions\/40633"}],"wp:featuredmedia":[{"embeddable":true,"href":"https:\/\/www.grieta.org.mx\/index.php\/wp-json\/wp\/v2\/media\/40632"}],"wp:attachment":[{"href":"https:\/\/www.grieta.org.mx\/index.php\/wp-json\/wp\/v2\/media?parent=40631"}],"wp:term":[{"taxonomy":"category","embeddable":true,"href":"https:\/\/www.grieta.org.mx\/index.php\/wp-json\/wp\/v2\/categories?post=40631"},{"taxonomy":"post_tag","embeddable":true,"href":"https:\/\/www.grieta.org.mx\/index.php\/wp-json\/wp\/v2\/tags?post=40631"}],"curies":[{"name":"wp","href":"https:\/\/api.w.org\/{rel}","templated":true}]}}