{"id":40596,"date":"2019-10-15T11:58:45","date_gmt":"2019-10-15T16:58:45","guid":{"rendered":"http:\/\/www.grieta.org.mx\/?p=40596"},"modified":"2019-10-28T12:04:04","modified_gmt":"2019-10-28T18:04:04","slug":"rema-exige-esclarecer-el-asesinato-de-isaias-cantu-defensor-de-la-montana-de-guerrero","status":"publish","type":"post","link":"https:\/\/www.grieta.org.mx\/index.php\/2019\/10\/15\/rema-exige-esclarecer-el-asesinato-de-isaias-cantu-defensor-de-la-montana-de-guerrero\/","title":{"rendered":"REMA exige esclarecer el asesinato de Isa\u00edas Cant\u00fa, defensor de la monta\u00f1a de Guerrero"},"content":{"rendered":"<p><a href=\"http:\/\/www.grieta.org.mx\/wp-content\/uploads\/2019\/08\/Estados1.jpg\"><img loading=\"lazy\" decoding=\"async\" data-attachment-id=\"38429\" data-permalink=\"https:\/\/www.grieta.org.mx\/index.php\/2019\/08\/22\/alumnos-de-la-salle-oaxaca-exigen-localizar-a-una-companera-y-su-madre-desaparecidas-en-diciembre\/estados1\/\" data-orig-file=\"https:\/\/www.grieta.org.mx\/wp-content\/uploads\/2019\/08\/Estados1.jpg\" data-orig-size=\"702,367\" data-comments-opened=\"0\" data-image-meta=\"{&quot;aperture&quot;:&quot;0&quot;,&quot;credit&quot;:&quot;&quot;,&quot;camera&quot;:&quot;&quot;,&quot;caption&quot;:&quot;&quot;,&quot;created_timestamp&quot;:&quot;0&quot;,&quot;copyright&quot;:&quot;&quot;,&quot;focal_length&quot;:&quot;0&quot;,&quot;iso&quot;:&quot;0&quot;,&quot;shutter_speed&quot;:&quot;0&quot;,&quot;title&quot;:&quot;&quot;,&quot;orientation&quot;:&quot;0&quot;}\" data-image-title=\"Estados1\" data-image-description=\"\" data-image-caption=\"\" data-medium-file=\"https:\/\/www.grieta.org.mx\/wp-content\/uploads\/2019\/08\/Estados1-300x157.jpg\" data-large-file=\"https:\/\/www.grieta.org.mx\/wp-content\/uploads\/2019\/08\/Estados1.jpg\" class=\"aligncenter wp-image-38429\" src=\"http:\/\/www.grieta.org.mx\/wp-content\/uploads\/2019\/08\/Estados1-300x157.jpg\" alt=\"\" width=\"800\" height=\"418\" srcset=\"https:\/\/www.grieta.org.mx\/wp-content\/uploads\/2019\/08\/Estados1-300x157.jpg 300w, https:\/\/www.grieta.org.mx\/wp-content\/uploads\/2019\/08\/Estados1.jpg 702w\" sizes=\"auto, (max-width: 800px) 100vw, 800px\" \/><\/a><\/p>\n<p>Ixtlix\u00f3chitl L\u00f3pez \/ Proceso<\/p>\n<p>CIUDAD DE M\u00c9XICO (apro).- La Red Mexicana de Afectados por la Miner\u00eda (REMA) exigi\u00f3 esclarecer \u201cel cobarde asesinato\u201d de su compa\u00f1ero Isa\u00edas Cant\u00fa Carrasco, integrante del Concejo Regional de Autoridades Agrarias en Defensa del Territorio (CRAADT), quien desde hace siete a\u00f1os emprendi\u00f3 una lucha contra la explotaci\u00f3n minera y la imposici\u00f3n de una reserva de la biosfera en la regi\u00f3n.<\/p>\n<p>En un comunicado, los miembros de la REMA denunciaron que, desde el crimen del defensor de la naturaleza en la monta\u00f1a de Guerrero, el pasado viernes 11, no han obtenido informaci\u00f3n sobre lo ocurrido y tampoco se sabe nada de los responsables del crimen.<br \/>\nPor ello, se sumaron a la exigencia de esclarecer de manera pronta y expedita el asesinato del defensor del pueblo M\u00e8\u2019ph\u00e0\u00e0\u00e0 y castigo para los culpables. Adem\u00e1s, enviaron sus condolencias a la familia.<\/p>\n<p>El viernes pasado Cant\u00fa Carrasco, quien tambi\u00e9n fung\u00eda como comisariado de los Bienes Comunales de Paraje Montero, en el municipio de Malinaltepec, Guerrero, fue asesinado por arma de fuego cerca de la comisar\u00eda de la regi\u00f3n.<\/p>\n<p><a href=\"https:\/\/www.proceso.com.mx\/603222\/rema-exige-esclarecer-el-asesinato-de-isaias-cantu-defensor-de-la-montana-de-guerrero\">https:\/\/www.proceso.com.mx\/603222\/rema-exige-esclarecer-el-asesinato-de-isaias-cantu-defensor-de-la-montana-de-guerrero<\/a><\/p>\n","protected":false},"excerpt":{"rendered":"<p>Ixtlix\u00f3chitl L\u00f3pez \/ Proceso CIUDAD DE M\u00c9XICO (apro).- La Red Mexicana de Afectados por la Miner\u00eda (REMA) exigi\u00f3 esclarecer \u201cel cobarde asesinato\u201d de su compa\u00f1ero Isa\u00edas Cant\u00fa Carrasco, integrante del &hellip; <a href=\"https:\/\/www.grieta.org.mx\/index.php\/2019\/10\/15\/rema-exige-esclarecer-el-asesinato-de-isaias-cantu-defensor-de-la-montana-de-guerrero\/\" class=\"more-link\">Leer m\u00e1s<\/a><\/p>\n","protected":false},"author":1,"featured_media":40068,"comment_status":"closed","ping_status":"closed","sticky":false,"template":"","format":"standard","meta":{"ngg_post_thumbnail":0,"_jetpack_newsletter_access":"","_jetpack_dont_email_post_to_subs":false,"_jetpack_newsletter_tier_id":0,"_jetpack_memberships_contains_paywalled_content":false,"_jetpack_memberships_contains_paid_content":false,"footnotes":""},"categories":[80,87,1200,18,1008,2,83],"tags":[1834,2216,260],"class_list":["post-40596","post","type-post","status-publish","format-standard","has-post-thumbnail","hentry","category-cintillo","category-desaparecidos","category-desaparecidos-en-guerrero","category-guerrero","category-mineria-en-guerrero","category-noticias-nacionales","category-temas-nacionales","tag-asesinato-de-lideres-indigenas","tag-conflictos-por-mineria","tag-desaparicion-forzada","entry"],"jetpack_featured_media_url":"https:\/\/www.grieta.org.mx\/wp-content\/uploads\/2019\/10\/Estados1.jpg","jetpack_sharing_enabled":true,"jetpack_shortlink":"https:\/\/wp.me\/p7ZJR4-ayM","jetpack_likes_enabled":false,"jetpack-related-posts":[{"id":32322,"url":"https:\/\/www.grieta.org.mx\/index.php\/2019\/04\/14\/azotan-grupos-criminales-a-mineros-de-guerrero\/","url_meta":{"origin":40596,"position":0},"title":"Azotan grupos criminales a mineros de Guerrero","author":"grieta","date":"14 abril, 2019","format":false,"excerpt":"Redacci\u00f3n\/ Z\u00f3calo Guerrero.- El crimen organizado hall\u00f3 su veta de oro en las empresas mineras y sus proveedores, as\u00ed como en negocios, transporte p\u00fablico y hasta tienditas del llamado \"Cintur\u00f3n de Oro\", seg\u00fan reportes de organizaciones no gubernamentales y testimonios. Las minas de oro y plata que padecen las extorsiones\u2026","rel":"","context":"En &quot;CINTILLO&quot;","block_context":{"text":"CINTILLO","link":"https:\/\/www.grieta.org.mx\/index.php\/category\/cintillo\/"},"img":{"alt_text":"","src":"https:\/\/i0.wp.com\/www.grieta.org.mx\/wp-content\/uploads\/2019\/04\/Azota-crimen-a-minas-de-oro_680240-621x354.jpg?resize=350%2C200&ssl=1","width":350,"height":200,"srcset":"https:\/\/i0.wp.com\/www.grieta.org.mx\/wp-content\/uploads\/2019\/04\/Azota-crimen-a-minas-de-oro_680240-621x354.jpg?resize=350%2C200&ssl=1 1x, https:\/\/i0.wp.com\/www.grieta.org.mx\/wp-content\/uploads\/2019\/04\/Azota-crimen-a-minas-de-oro_680240-621x354.jpg?resize=525%2C300&ssl=1 1.5x"},"classes":[]},{"id":38121,"url":"https:\/\/www.grieta.org.mx\/index.php\/2019\/08\/21\/riesgo-de-represion-contra-opositores-a-minas-en-puebla-alerta-rema\/","url_meta":{"origin":40596,"position":1},"title":"Riesgo de represi\u00f3n contra opositores a minas en Puebla, alerta REMA","author":"Admin","date":"21 agosto, 2019","format":false,"excerpt":"Laura Ruiz \/ e-consulta La Red Mexicana de Afectados por la Miner\u00eda (REMA) consider\u00f3 a Puebla como una de las entidades en riesgo de represi\u00f3n social e hizo un llamado al presidente Andr\u00e9s Manuel L\u00f3pez Obrador para atender los conflictos de esa industria. Luego de que hace unos d\u00edas el\u2026","rel":"","context":"En &quot;CINTILLO&quot;","block_context":{"text":"CINTILLO","link":"https:\/\/www.grieta.org.mx\/index.php\/category\/cintillo\/"},"img":{"alt_text":"","src":"https:\/\/i0.wp.com\/www.grieta.org.mx\/wp-content\/uploads\/2019\/08\/minais.jpg?resize=350%2C200&ssl=1","width":350,"height":200,"srcset":"https:\/\/i0.wp.com\/www.grieta.org.mx\/wp-content\/uploads\/2019\/08\/minais.jpg?resize=350%2C200&ssl=1 1x, https:\/\/i0.wp.com\/www.grieta.org.mx\/wp-content\/uploads\/2019\/08\/minais.jpg?resize=525%2C300&ssl=1 1.5x"},"classes":[]},{"id":31356,"url":"https:\/\/www.grieta.org.mx\/index.php\/2019\/03\/18\/alertan-sobre-ola-de-despojos-de-mineras-y-petroleras-en-mexico\/","url_meta":{"origin":40596,"position":2},"title":"Alertan sobre ola de despojos de mineras y petroleras en M\u00e9xico","author":"grieta","date":"18 marzo, 2019","format":false,"excerpt":"Redacci\u00f3n \/ Vanguardia Zacatecas, Zac., M\u00e1s de 2 mil comunidades rurales de cerca de 50 municipios de Chiapas, Oaxaca, Veracruz, Puebla, Guerrero, Chihuahua y San Luis Potos\u00ed se han declarado libres de miner\u00eda con acciones legales, no pol\u00edticas, inform\u00f3 Miguel Mijangos Mart\u00ednez, vocero de la Red Mexicana de Afectados por\u2026","rel":"","context":"En &quot;CINTILLO&quot;","block_context":{"text":"CINTILLO","link":"https:\/\/www.grieta.org.mx\/index.php\/category\/cintillo\/"},"img":{"alt_text":"","src":"https:\/\/i0.wp.com\/www.grieta.org.mx\/wp-content\/uploads\/2019\/03\/protesta_de_campesinos_contra_el_proyecto_tia_maria_en_cocachacra_perufoto_ap.jpg?resize=350%2C200&ssl=1","width":350,"height":200,"srcset":"https:\/\/i0.wp.com\/www.grieta.org.mx\/wp-content\/uploads\/2019\/03\/protesta_de_campesinos_contra_el_proyecto_tia_maria_en_cocachacra_perufoto_ap.jpg?resize=350%2C200&ssl=1 1x, https:\/\/i0.wp.com\/www.grieta.org.mx\/wp-content\/uploads\/2019\/03\/protesta_de_campesinos_contra_el_proyecto_tia_maria_en_cocachacra_perufoto_ap.jpg?resize=525%2C300&ssl=1 1.5x, https:\/\/i0.wp.com\/www.grieta.org.mx\/wp-content\/uploads\/2019\/03\/protesta_de_campesinos_contra_el_proyecto_tia_maria_en_cocachacra_perufoto_ap.jpg?resize=700%2C400&ssl=1 2x"},"classes":[]},{"id":68520,"url":"https:\/\/www.grieta.org.mx\/index.php\/2024\/02\/15\/condenan-y-exigen-justicia-por-el-asesinato-del-buscador-noe-sandoval-adame-en-zumpango-guerrero\/","url_meta":{"origin":40596,"position":3},"title":"Condenan y exigen Justicia por el asesinato del buscador No\u00e9 Sandoval Adame en Zumpango, Guerrero","author":"grieta","date":"15 febrero, 2024","format":false,"excerpt":"Imagen: Redaci\u00f3n \/ Somoselmedio Zumpango, Guerrero\u00a0\u2013 El mi\u00e9rcoles 14 de febrero de 2024, la Brigada Nacional de B\u00fasqueda junto con diversos colectivos de familiares, organizaciones de derechos humanos y la sociedad civil, emitieron un comunicado condenando el asesinato de No\u00e9 Sandoval Adame, integrante del Colectivo Familiares en B\u00fasqueda Mar\u00eda Herrera\u2026","rel":"","context":"En &quot;CINTILLO&quot;","block_context":{"text":"CINTILLO","link":"https:\/\/www.grieta.org.mx\/index.php\/category\/cintillo\/"},"img":{"alt_text":"","src":"https:\/\/i0.wp.com\/www.grieta.org.mx\/wp-content\/uploads\/2024\/02\/Brigada-de-Busqueda.jpg?resize=350%2C200&ssl=1","width":350,"height":200,"srcset":"https:\/\/i0.wp.com\/www.grieta.org.mx\/wp-content\/uploads\/2024\/02\/Brigada-de-Busqueda.jpg?resize=350%2C200&ssl=1 1x, https:\/\/i0.wp.com\/www.grieta.org.mx\/wp-content\/uploads\/2024\/02\/Brigada-de-Busqueda.jpg?resize=525%2C300&ssl=1 1.5x, https:\/\/i0.wp.com\/www.grieta.org.mx\/wp-content\/uploads\/2024\/02\/Brigada-de-Busqueda.jpg?resize=700%2C400&ssl=1 2x, https:\/\/i0.wp.com\/www.grieta.org.mx\/wp-content\/uploads\/2024\/02\/Brigada-de-Busqueda.jpg?resize=1050%2C600&ssl=1 3x"},"classes":[]},{"id":28176,"url":"https:\/\/www.grieta.org.mx\/index.php\/2018\/12\/23\/emite-epn-40-titulos-de-asignacion-minera-guerrero\/","url_meta":{"origin":40596,"position":4},"title":"Emite EPN 40 t\u00edtulos de asignaci\u00f3n minera (Guerrero)","author":"grieta","date":"23 diciembre, 2018","format":false,"excerpt":"Redacci\u00f3n \/ El Imparcial En el \u00faltimo d\u00eda de su Administraci\u00f3n, el Gobierno de Enrique Pe\u00f1a Nieto emiti\u00f3 42 t\u00edtulos de asignaci\u00f3n minera en diferentes estados. Los lotes asignados van desde 122 hasta 44 mil hect\u00e1reas, de acuerdo con los t\u00edtulos publicados el 30 de noviembre en el Diario Oficial\u2026","rel":"","context":"En &quot;CINTILLO&quot;","block_context":{"text":"CINTILLO","link":"https:\/\/www.grieta.org.mx\/index.php\/category\/cintillo\/"},"img":{"alt_text":"","src":"https:\/\/i0.wp.com\/www.grieta.org.mx\/wp-content\/uploads\/2019\/01\/1955382-N.jpg?resize=350%2C200&ssl=1","width":350,"height":200,"srcset":"https:\/\/i0.wp.com\/www.grieta.org.mx\/wp-content\/uploads\/2019\/01\/1955382-N.jpg?resize=350%2C200&ssl=1 1x, https:\/\/i0.wp.com\/www.grieta.org.mx\/wp-content\/uploads\/2019\/01\/1955382-N.jpg?resize=525%2C300&ssl=1 1.5x, https:\/\/i0.wp.com\/www.grieta.org.mx\/wp-content\/uploads\/2019\/01\/1955382-N.jpg?resize=700%2C400&ssl=1 2x"},"classes":[]},{"id":33879,"url":"https:\/\/www.grieta.org.mx\/index.php\/2019\/05\/25\/comunicado-del-concejo-indigena-y-popular-de-guerrero-emiliano-zapata-cipog-ez-por-el-reciente-asesinato-de-nuestros-hermanos-bartolo-hilario-morales-e-isaias-xanteco-ahuejote\/","url_meta":{"origin":40596,"position":5},"title":"Comunicado del Concejo Ind\u00edgena y Popular de Guerrero \u2013 Emiliano Zapata (CIPOG-EZ), por el reciente asesinato de nuestros hermanos Bartolo Hilario Morales e Isa\u00edas Xanteco Ahuejote","author":"grieta","date":"25 mayo, 2019","format":false,"excerpt":"COMUNICADO DEL CONCEJO IND\u00cdGENA Y POPULAR DE GUERRERO \u2013 EMILIANO ZAPATA (CIPOG-EZ), POR EL RECIENTE ASESINATO DE NUESTROS HERMANOS BARTOLO HILARIO MORALES E ISA\u00cdAS XANTECO AHUEJOTE Mayo del 2019, Monta\u00f1a Baja del Estado de Guerrero. Al Ejercito Zapatista de Liberaci\u00f3n Nacional Al Congreso Nacional Ind\u00edgena Al Concejo Ind\u00edgena de Gobierno\u2026","rel":"","context":"En &quot;CINTILLO&quot;","block_context":{"text":"CINTILLO","link":"https:\/\/www.grieta.org.mx\/index.php\/category\/cintillo\/"},"img":{"alt_text":"","src":"https:\/\/i0.wp.com\/www.grieta.org.mx\/wp-content\/uploads\/2019\/05\/logo-CNI-To.png?resize=350%2C200&ssl=1","width":350,"height":200,"srcset":"https:\/\/i0.wp.com\/www.grieta.org.mx\/wp-content\/uploads\/2019\/05\/logo-CNI-To.png?resize=350%2C200&ssl=1 1x, https:\/\/i0.wp.com\/www.grieta.org.mx\/wp-content\/uploads\/2019\/05\/logo-CNI-To.png?resize=525%2C300&ssl=1 1.5x"},"classes":[]}],"_links":{"self":[{"href":"https:\/\/www.grieta.org.mx\/index.php\/wp-json\/wp\/v2\/posts\/40596","targetHints":{"allow":["GET"]}}],"collection":[{"href":"https:\/\/www.grieta.org.mx\/index.php\/wp-json\/wp\/v2\/posts"}],"about":[{"href":"https:\/\/www.grieta.org.mx\/index.php\/wp-json\/wp\/v2\/types\/post"}],"author":[{"embeddable":true,"href":"https:\/\/www.grieta.org.mx\/index.php\/wp-json\/wp\/v2\/users\/1"}],"replies":[{"embeddable":true,"href":"https:\/\/www.grieta.org.mx\/index.php\/wp-json\/wp\/v2\/comments?post=40596"}],"version-history":[{"count":1,"href":"https:\/\/www.grieta.org.mx\/index.php\/wp-json\/wp\/v2\/posts\/40596\/revisions"}],"predecessor-version":[{"id":40598,"href":"https:\/\/www.grieta.org.mx\/index.php\/wp-json\/wp\/v2\/posts\/40596\/revisions\/40598"}],"wp:featuredmedia":[{"embeddable":true,"href":"https:\/\/www.grieta.org.mx\/index.php\/wp-json\/wp\/v2\/media\/40068"}],"wp:attachment":[{"href":"https:\/\/www.grieta.org.mx\/index.php\/wp-json\/wp\/v2\/media?parent=40596"}],"wp:term":[{"taxonomy":"category","embeddable":true,"href":"https:\/\/www.grieta.org.mx\/index.php\/wp-json\/wp\/v2\/categories?post=40596"},{"taxonomy":"post_tag","embeddable":true,"href":"https:\/\/www.grieta.org.mx\/index.php\/wp-json\/wp\/v2\/tags?post=40596"}],"curies":[{"name":"wp","href":"https:\/\/api.w.org\/{rel}","templated":true}]}}