{"id":40568,"date":"2019-10-24T10:22:46","date_gmt":"2019-10-24T15:22:46","guid":{"rendered":"http:\/\/www.grieta.org.mx\/?p=40568"},"modified":"2019-10-28T10:45:10","modified_gmt":"2019-10-28T16:45:10","slug":"exhiben-carencias-del-imss-tamaulipas-y-exigen-destitucion-de-delegado-estatal","status":"publish","type":"post","link":"https:\/\/www.grieta.org.mx\/index.php\/2019\/10\/24\/exhiben-carencias-del-imss-tamaulipas-y-exigen-destitucion-de-delegado-estatal\/","title":{"rendered":"Exhiben carencias del IMSS Tamaulipas y exigen destituci\u00f3n de delegado estatal"},"content":{"rendered":"<blockquote><p>El grupo de inconformes son un promedio de 13 mil trabajadores en el estado y trabajar\u00e1n bajo protesta durante este tiempo hasta que les den una soluci\u00f3n<\/p><\/blockquote>\n<p><img loading=\"lazy\" decoding=\"async\" data-attachment-id=\"40569\" data-permalink=\"https:\/\/www.grieta.org.mx\/index.php\/2019\/10\/24\/exhiben-carencias-del-imss-tamaulipas-y-exigen-destitucion-de-delegado-estatal\/captura-de-pantalla-2019-10-26-a-las-3-30-34-p-m\/\" data-orig-file=\"https:\/\/www.grieta.org.mx\/wp-content\/uploads\/2019\/10\/Captura-de-pantalla-2019-10-26-a-las-3.30.34-p.m..png\" data-orig-size=\"768,479\" data-comments-opened=\"0\" data-image-meta=\"{&quot;aperture&quot;:&quot;0&quot;,&quot;credit&quot;:&quot;&quot;,&quot;camera&quot;:&quot;&quot;,&quot;caption&quot;:&quot;&quot;,&quot;created_timestamp&quot;:&quot;0&quot;,&quot;copyright&quot;:&quot;&quot;,&quot;focal_length&quot;:&quot;0&quot;,&quot;iso&quot;:&quot;0&quot;,&quot;shutter_speed&quot;:&quot;0&quot;,&quot;title&quot;:&quot;&quot;,&quot;orientation&quot;:&quot;0&quot;}\" data-image-title=\"Captura de pantalla 2019-10-26 a las 3.30.34 p.m.\" data-image-description=\"\" data-image-caption=\"\" data-medium-file=\"https:\/\/www.grieta.org.mx\/wp-content\/uploads\/2019\/10\/Captura-de-pantalla-2019-10-26-a-las-3.30.34-p.m.-300x187.png\" data-large-file=\"https:\/\/www.grieta.org.mx\/wp-content\/uploads\/2019\/10\/Captura-de-pantalla-2019-10-26-a-las-3.30.34-p.m..png\" src=\"http:\/\/www.grieta.org.mx\/wp-content\/uploads\/2019\/10\/Captura-de-pantalla-2019-10-26-a-las-3.30.34-p.m..png\" alt=\"\" width=\"768\" height=\"479\" class=\"aligncenter size-full wp-image-40569\" srcset=\"https:\/\/www.grieta.org.mx\/wp-content\/uploads\/2019\/10\/Captura-de-pantalla-2019-10-26-a-las-3.30.34-p.m..png 768w, https:\/\/www.grieta.org.mx\/wp-content\/uploads\/2019\/10\/Captura-de-pantalla-2019-10-26-a-las-3.30.34-p.m.-300x187.png 300w\" sizes=\"auto, (max-width: 768px) 100vw, 768px\" \/><\/p>\n<p>Juan Hern\u00e1ndez\/El Sol de Tampico<\/p>\n<p>Debido a diferentes problem\u00e1ticas a las que se enfrenta, trabajadores de la Secci\u00f3n 10 del Sindicato Nacional de Trabajadores del Seguro Social exigieron la destituci\u00f3n del delegado del IMSS, Fernando L\u00f3pez G\u00f3mez, adem\u00e1s de se\u00f1alar que trabajar\u00e1n bajo protesta.<\/p>\n<p>En rueda de prensa realizada en las instalaciones de este sindicato, decenas de trabajadores externaron sus quejas ante estas circunstancias que est\u00e1n padeciendo y que se han agudizado en las \u00faltimas semanas.<\/p>\n<p>Rosa Elena L\u00f3pez V\u00e1zquez, representante de los inconformes y enfermera jefa de piso, se\u00f1al\u00f3 que \u201ces en contra de nuestro delegado Fernando L\u00f3pez G\u00f3mez, ya que tenemos falta de insumos tanto de recurso humano como de abastecimiento, tenemos falta de equipos electrom\u00e9dicos as\u00ed como camillas, las salas de urgencias est\u00e1n rebasadas\u201d.<\/p>\n<p>Coment\u00f3 que no existe ning\u00fan tipo de negociaci\u00f3n y lo que quieren los trabajadores es la destituci\u00f3n del delegado.<\/p>\n<p>El cirujano especialista, Gast\u00f3n Silva Valdez, se\u00f1al\u00f3 -sin mostrar pruebas- que su trabajo se ve afectado debido a las carencias que tienen en diversas \u00e1reas de esta instituci\u00f3n m\u00e9dica.<\/p>\n<p>\u201cNuestro trabajo se ve afectado de manera que tenemos una falta de recurso humano, por lo tanto tenemos una sobre carga laboral y somos obligados a sacar trabajo con lo que tenemos, tenemos falta de insumos, falta de medicamentos, no contamos con tratamientos de c\u00e1ncer, donde los medicamentos de alto insumo tiene mucho tiempo en donde no se est\u00e1n cubriendo y no se est\u00e1n realizando\u201d.<\/p>\n<p>Agreg\u00f3 que el \u00e1rea de urgencias ha sido rebasado por la falta de infraestructura del hospital que genera el malestar entre los derechohabientes \u201cel \u00e1rea de urgencias vemos que los pacientes se encuentran en el piso y les estamos dando una atenci\u00f3n de mala calidad debido a la mala calidad de estos insumos\u201d.<\/p>\n<p>El grupo de inconformes quienes mencionaron son un promedio de 13 mil trabajadores en el estado, trabajar\u00e1n bajo protesta durante este tiempo hasta que las autoridades federales les den una soluci\u00f3n.<\/p>\n<p>\u201cEsta situaci\u00f3n se ha venido realizando en las \u00faltimas fechas pero se ha agravado en los \u00faltimos d\u00edas y es por eso que ya no soportamos m\u00e1s y queremos una soluci\u00f3n inmediata\u201d.<\/p>\n<p><img loading=\"lazy\" decoding=\"async\" data-attachment-id=\"40570\" data-permalink=\"https:\/\/www.grieta.org.mx\/index.php\/2019\/10\/24\/exhiben-carencias-del-imss-tamaulipas-y-exigen-destitucion-de-delegado-estatal\/captura-de-pantalla-2019-10-26-a-las-3-30-40-p-m\/\" data-orig-file=\"https:\/\/www.grieta.org.mx\/wp-content\/uploads\/2019\/10\/Captura-de-pantalla-2019-10-26-a-las-3.30.40-p.m..png\" data-orig-size=\"720,540\" data-comments-opened=\"0\" data-image-meta=\"{&quot;aperture&quot;:&quot;0&quot;,&quot;credit&quot;:&quot;&quot;,&quot;camera&quot;:&quot;&quot;,&quot;caption&quot;:&quot;&quot;,&quot;created_timestamp&quot;:&quot;0&quot;,&quot;copyright&quot;:&quot;&quot;,&quot;focal_length&quot;:&quot;0&quot;,&quot;iso&quot;:&quot;0&quot;,&quot;shutter_speed&quot;:&quot;0&quot;,&quot;title&quot;:&quot;&quot;,&quot;orientation&quot;:&quot;0&quot;}\" data-image-title=\"Captura de pantalla 2019-10-26 a las 3.30.40 p.m.\" data-image-description=\"\" data-image-caption=\"\" data-medium-file=\"https:\/\/www.grieta.org.mx\/wp-content\/uploads\/2019\/10\/Captura-de-pantalla-2019-10-26-a-las-3.30.40-p.m.-300x225.png\" data-large-file=\"https:\/\/www.grieta.org.mx\/wp-content\/uploads\/2019\/10\/Captura-de-pantalla-2019-10-26-a-las-3.30.40-p.m..png\" src=\"http:\/\/www.grieta.org.mx\/wp-content\/uploads\/2019\/10\/Captura-de-pantalla-2019-10-26-a-las-3.30.40-p.m..png\" alt=\"\" width=\"720\" height=\"540\" class=\"aligncenter size-full wp-image-40570\" srcset=\"https:\/\/www.grieta.org.mx\/wp-content\/uploads\/2019\/10\/Captura-de-pantalla-2019-10-26-a-las-3.30.40-p.m..png 720w, https:\/\/www.grieta.org.mx\/wp-content\/uploads\/2019\/10\/Captura-de-pantalla-2019-10-26-a-las-3.30.40-p.m.-300x225.png 300w, https:\/\/www.grieta.org.mx\/wp-content\/uploads\/2019\/10\/Captura-de-pantalla-2019-10-26-a-las-3.30.40-p.m.-667x500.png 667w\" sizes=\"auto, (max-width: 720px) 100vw, 720px\" \/><\/p>\n<p><a href=\"https:\/\/www.elsoldetampico.com.mx\/local\/regional\/exhiben-carencias-imss-tamaulipas-destitucion-delegado-estatal-fernando-lopez-gomez-4370898.html\" rel=\"noopener noreferrer\" target=\"_blank\">https:\/\/www.elsoldetampico.com.mx\/local\/regional\/exhiben-carencias-imss-tamaulipas-destitucion-delegado-estatal-fernando-lopez-gomez-4370898.html<\/a><\/p>\n","protected":false},"excerpt":{"rendered":"<p>El grupo de inconformes son un promedio de 13 mil trabajadores en el estado y trabajar\u00e1n bajo protesta durante este tiempo hasta que les den una soluci\u00f3n Juan Hern\u00e1ndez\/El Sol &hellip; <a href=\"https:\/\/www.grieta.org.mx\/index.php\/2019\/10\/24\/exhiben-carencias-del-imss-tamaulipas-y-exigen-destitucion-de-delegado-estatal\/\" class=\"more-link\">Leer m\u00e1s<\/a><\/p>\n","protected":false},"author":2,"featured_media":40569,"comment_status":"closed","ping_status":"closed","sticky":false,"template":"","format":"standard","meta":{"ngg_post_thumbnail":0,"_jetpack_newsletter_access":"","_jetpack_dont_email_post_to_subs":false,"_jetpack_newsletter_tier_id":0,"_jetpack_memberships_contains_paywalled_content":false,"_jetpack_memberships_contains_paid_content":false,"footnotes":""},"categories":[80,918,2368,2,33,83],"tags":[1459],"class_list":["post-40568","post","type-post","status-publish","format-standard","has-post-thumbnail","hentry","category-cintillo","category-privatizacion-del-sector-salud","category-crisis-del-sector-salud-en-tamaulipas","category-noticias-nacionales","category-tamaulipas","category-temas-nacionales","tag-crisis-sector-salud","entry"],"jetpack_featured_media_url":"https:\/\/www.grieta.org.mx\/wp-content\/uploads\/2019\/10\/Captura-de-pantalla-2019-10-26-a-las-3.30.34-p.m..png","jetpack_sharing_enabled":true,"jetpack_shortlink":"https:\/\/wp.me\/p7ZJR4-ayk","jetpack_likes_enabled":false,"jetpack-related-posts":[{"id":40798,"url":"https:\/\/www.grieta.org.mx\/index.php\/2019\/10\/28\/protestan-contra-delegado-del-imss-en-tamaulipas\/","url_meta":{"origin":40568,"position":0},"title":"Protestan contra delegado del IMSS en Tamaulipas","author":"grieta","date":"28 octubre, 2019","format":false,"excerpt":"Carlos Ju\u00e1rez\/El Heraldo 28 octubre 2019 Los manifestantes de la Secci\u00f3n 10 del Sindicato Nacional de Trabajadores del Seguro Social realizaron las movilizaciones en los municipios Ciudad Madero, Ciudad Victoria y Reynosa En Tamaulipas se realizaron tres protestas simult\u00e1neas para exigir la destituci\u00f3n del delegado del Instituto Mexicano del Seguro\u2026","rel":"","context":"En &quot;CINTILLO&quot;","block_context":{"text":"CINTILLO","link":"https:\/\/www.grieta.org.mx\/index.php\/category\/cintillo\/"},"img":{"alt_text":"","src":"https:\/\/i0.wp.com\/www.grieta.org.mx\/wp-content\/uploads\/2019\/11\/imss-tamaulipas.jpg?resize=350%2C200&ssl=1","width":350,"height":200,"srcset":"https:\/\/i0.wp.com\/www.grieta.org.mx\/wp-content\/uploads\/2019\/11\/imss-tamaulipas.jpg?resize=350%2C200&ssl=1 1x, https:\/\/i0.wp.com\/www.grieta.org.mx\/wp-content\/uploads\/2019\/11\/imss-tamaulipas.jpg?resize=525%2C300&ssl=1 1.5x"},"classes":[]},{"id":40572,"url":"https:\/\/www.grieta.org.mx\/index.php\/2019\/10\/24\/tambien-en-nuevo-laredo-trabajan-bajo-protesta-en-el-imss\/","url_meta":{"origin":40568,"position":1},"title":"Tambi\u00e9n en Nuevo Laredo trabajan bajo protesta en el IMSS","author":"grieta","date":"24 octubre, 2019","format":false,"excerpt":"Juan Rodr\u00edguez\/Hoy Tamaulipas 26 octubre Nuevo Laredo, Tamaulipas. - Integrantes del Sindicato de Trabajadores del Seguro Social en Nuevo Laredo, pertenecientes a la Secci\u00f3n 10 de Tamaulipas, anunciaron trabajar bajo protesta, al considerar que las condiciones en que laboran no son \u00f3ptimas, a la vez que solicitan la renuncia del\u2026","rel":"","context":"En &quot;CINTILLO&quot;","block_context":{"text":"CINTILLO","link":"https:\/\/www.grieta.org.mx\/index.php\/category\/cintillo\/"},"img":{"alt_text":"","src":"https:\/\/i0.wp.com\/www.grieta.org.mx\/wp-content\/uploads\/2019\/10\/Tambien-en-Nuevo-Laredo-trabajan-bajo-protesta-en-el-IMSS.jpg?resize=350%2C200&ssl=1","width":350,"height":200,"srcset":"https:\/\/i0.wp.com\/www.grieta.org.mx\/wp-content\/uploads\/2019\/10\/Tambien-en-Nuevo-Laredo-trabajan-bajo-protesta-en-el-IMSS.jpg?resize=350%2C200&ssl=1 1x, https:\/\/i0.wp.com\/www.grieta.org.mx\/wp-content\/uploads\/2019\/10\/Tambien-en-Nuevo-Laredo-trabajan-bajo-protesta-en-el-IMSS.jpg?resize=525%2C300&ssl=1 1.5x, https:\/\/i0.wp.com\/www.grieta.org.mx\/wp-content\/uploads\/2019\/10\/Tambien-en-Nuevo-Laredo-trabajan-bajo-protesta-en-el-IMSS.jpg?resize=700%2C400&ssl=1 2x"},"classes":[]},{"id":51769,"url":"https:\/\/www.grieta.org.mx\/index.php\/2020\/07\/07\/trabajaran-bajo-protesta-en-el-hospital-general-de-reynosa-tamaulipas\/","url_meta":{"origin":40568,"position":2},"title":"Trabajar\u00e1n bajo protesta en el Hospital General de Reynosa (Tamaulipas)","author":"grieta","date":"7 julio, 2020","format":false,"excerpt":"Rosal\u00eda Quint\u00e1 Uresti\/Hoy T.am 7 julio 2020 Foto: Rosal\u00eda Quint\u00e1 Uresti Reynosa, Tamaulipas. - Trabajadores del Hospital General (HG) de Reynosa volvieron a manifestarse con el prop\u00f3sito de exponer las carencias con las que est\u00e1n enfrentando la pandemia por Covid-19. Se\u00f1alaron que se mantendr\u00e1n dentro de sus labores, pero trabajar\u00e1n\u2026","rel":"","context":"En &quot;CINTILLO&quot;","block_context":{"text":"CINTILLO","link":"https:\/\/www.grieta.org.mx\/index.php\/category\/cintillo\/"},"img":{"alt_text":"","src":"https:\/\/i0.wp.com\/www.grieta.org.mx\/wp-content\/uploads\/2020\/07\/Tamaulipas-Trabajarn-bajo-protesta-en-el-Hospital-General-de-Reynosa.jpg?resize=350%2C200&ssl=1","width":350,"height":200,"srcset":"https:\/\/i0.wp.com\/www.grieta.org.mx\/wp-content\/uploads\/2020\/07\/Tamaulipas-Trabajarn-bajo-protesta-en-el-Hospital-General-de-Reynosa.jpg?resize=350%2C200&ssl=1 1x, https:\/\/i0.wp.com\/www.grieta.org.mx\/wp-content\/uploads\/2020\/07\/Tamaulipas-Trabajarn-bajo-protesta-en-el-Hospital-General-de-Reynosa.jpg?resize=525%2C300&ssl=1 1.5x, https:\/\/i0.wp.com\/www.grieta.org.mx\/wp-content\/uploads\/2020\/07\/Tamaulipas-Trabajarn-bajo-protesta-en-el-Hospital-General-de-Reynosa.jpg?resize=700%2C400&ssl=1 2x"},"classes":[]},{"id":72316,"url":"https:\/\/www.grieta.org.mx\/index.php\/2025\/09\/02\/trabajadores-del-centro-de-salud-de-merida-exigen-la-destitucion-del-director-acusan-hostigamiento-y-amenazas-yucatan\/","url_meta":{"origin":40568,"position":3},"title":"Trabajadores del Centro de Salud de M\u00e9rida exigen la destituci\u00f3n del Director; acusan hostigamiento y amenazas (Yucat\u00e1n)","author":"grieta","date":"2 septiembre, 2025","format":false,"excerpt":"Katia Leyva \/ Por Esto! El conflicto laboral en la Jurisdicci\u00f3n Sanitaria N\u00famero 1 escal\u00f3 ayer a un punto cr\u00edtico: trabajadores del Centro de Salud de M\u00e9rida, respaldados por el Sindicato Nacional de Trabajadores de la Secretar\u00eda de Salud, Secci\u00f3n 67 (SNTSA), exigieron la destituci\u00f3n inmediata del director, doctor Mario\u2026","rel":"","context":"En &quot;CINTILLO&quot;","block_context":{"text":"CINTILLO","link":"https:\/\/www.grieta.org.mx\/index.php\/category\/cintillo\/"},"img":{"alt_text":"","src":"https:\/\/i0.wp.com\/www.grieta.org.mx\/wp-content\/uploads\/2025\/09\/CentroSalud-e1758416076306.jpg?resize=350%2C200&ssl=1","width":350,"height":200,"srcset":"https:\/\/i0.wp.com\/www.grieta.org.mx\/wp-content\/uploads\/2025\/09\/CentroSalud-e1758416076306.jpg?resize=350%2C200&ssl=1 1x, https:\/\/i0.wp.com\/www.grieta.org.mx\/wp-content\/uploads\/2025\/09\/CentroSalud-e1758416076306.jpg?resize=525%2C300&ssl=1 1.5x, https:\/\/i0.wp.com\/www.grieta.org.mx\/wp-content\/uploads\/2025\/09\/CentroSalud-e1758416076306.jpg?resize=700%2C400&ssl=1 2x"},"classes":[]},{"id":32903,"url":"https:\/\/www.grieta.org.mx\/index.php\/2019\/05\/02\/ni-medicos-especialistas-y-medicamentos-hay-en-el-270-tamaulipas\/","url_meta":{"origin":40568,"position":4},"title":"Ni m\u00e9dicos especialistas y medicamentos hay en el 270 (Tamaulipas)","author":"grieta","date":"2 mayo, 2019","format":false,"excerpt":"Nubia Rivera Ju\u00e1rez \/ La Tarde As\u00ed lo reconoci\u00f3 la secretaria general del Sindicato de Trabajadores del IMSS y eso hace tardadas las operaciones No hay medicamentos ni m\u00e9dicos especialistas en el Hospital Regional de Especialidades 270 del Instituto Mexicano del Seguro Social, que se encuentra rumbo a la carretera\u2026","rel":"","context":"En &quot;CINTILLO&quot;","block_context":{"text":"CINTILLO","link":"https:\/\/www.grieta.org.mx\/index.php\/category\/cintillo\/"},"img":{"alt_text":"","src":"https:\/\/i0.wp.com\/www.grieta.org.mx\/wp-content\/uploads\/2019\/05\/Ni-m%C3%A9dicos-especialistas-y-medicamentos-hay-en-el-270-tama-may.jpg?resize=350%2C200&ssl=1","width":350,"height":200,"srcset":"https:\/\/i0.wp.com\/www.grieta.org.mx\/wp-content\/uploads\/2019\/05\/Ni-m%C3%A9dicos-especialistas-y-medicamentos-hay-en-el-270-tama-may.jpg?resize=350%2C200&ssl=1 1x, https:\/\/i0.wp.com\/www.grieta.org.mx\/wp-content\/uploads\/2019\/05\/Ni-m%C3%A9dicos-especialistas-y-medicamentos-hay-en-el-270-tama-may.jpg?resize=525%2C300&ssl=1 1.5x"},"classes":[]},{"id":31592,"url":"https:\/\/www.grieta.org.mx\/index.php\/2019\/04\/01\/piden-basificacion-trabajadores-de-salud-de-la-zona-sur-de-tamaulipas\/","url_meta":{"origin":40568,"position":5},"title":"Piden basificaci\u00f3n trabajadores de Salud de la zona sur de Tamaulipas","author":"grieta","date":"1 abril, 2019","format":false,"excerpt":"Noticias Reynosa Realizaron protesta pac\u00edfica en Tampico Tampico, Tamaulipas Un grupo de profesionales de la medicina en la zona sur de Tamaulipas aprovecharon la presencia del presidente de la rep\u00fablica Andr\u00e9s Manuel L\u00f3pez Obrador para hacer una protesta pac\u00edfica en donde solicitan la masificaci\u00f3n para 2 mil 400 trabajadores que\u2026","rel":"","context":"En &quot;CINTILLO&quot;","block_context":{"text":"CINTILLO","link":"https:\/\/www.grieta.org.mx\/index.php\/category\/cintillo\/"},"img":{"alt_text":"","src":"https:\/\/i0.wp.com\/www.grieta.org.mx\/wp-content\/uploads\/2019\/04\/Piden-basificaci%C3%B3n-trabajadores-de-Salud-de-la-zona-sur-de-Tamaulipas-abr.jpg?resize=350%2C200&ssl=1","width":350,"height":200,"srcset":"https:\/\/i0.wp.com\/www.grieta.org.mx\/wp-content\/uploads\/2019\/04\/Piden-basificaci%C3%B3n-trabajadores-de-Salud-de-la-zona-sur-de-Tamaulipas-abr.jpg?resize=350%2C200&ssl=1 1x, https:\/\/i0.wp.com\/www.grieta.org.mx\/wp-content\/uploads\/2019\/04\/Piden-basificaci%C3%B3n-trabajadores-de-Salud-de-la-zona-sur-de-Tamaulipas-abr.jpg?resize=525%2C300&ssl=1 1.5x, https:\/\/i0.wp.com\/www.grieta.org.mx\/wp-content\/uploads\/2019\/04\/Piden-basificaci%C3%B3n-trabajadores-de-Salud-de-la-zona-sur-de-Tamaulipas-abr.jpg?resize=700%2C400&ssl=1 2x"},"classes":[]}],"_links":{"self":[{"href":"https:\/\/www.grieta.org.mx\/index.php\/wp-json\/wp\/v2\/posts\/40568","targetHints":{"allow":["GET"]}}],"collection":[{"href":"https:\/\/www.grieta.org.mx\/index.php\/wp-json\/wp\/v2\/posts"}],"about":[{"href":"https:\/\/www.grieta.org.mx\/index.php\/wp-json\/wp\/v2\/types\/post"}],"author":[{"embeddable":true,"href":"https:\/\/www.grieta.org.mx\/index.php\/wp-json\/wp\/v2\/users\/2"}],"replies":[{"embeddable":true,"href":"https:\/\/www.grieta.org.mx\/index.php\/wp-json\/wp\/v2\/comments?post=40568"}],"version-history":[{"count":1,"href":"https:\/\/www.grieta.org.mx\/index.php\/wp-json\/wp\/v2\/posts\/40568\/revisions"}],"predecessor-version":[{"id":40571,"href":"https:\/\/www.grieta.org.mx\/index.php\/wp-json\/wp\/v2\/posts\/40568\/revisions\/40571"}],"wp:featuredmedia":[{"embeddable":true,"href":"https:\/\/www.grieta.org.mx\/index.php\/wp-json\/wp\/v2\/media\/40569"}],"wp:attachment":[{"href":"https:\/\/www.grieta.org.mx\/index.php\/wp-json\/wp\/v2\/media?parent=40568"}],"wp:term":[{"taxonomy":"category","embeddable":true,"href":"https:\/\/www.grieta.org.mx\/index.php\/wp-json\/wp\/v2\/categories?post=40568"},{"taxonomy":"post_tag","embeddable":true,"href":"https:\/\/www.grieta.org.mx\/index.php\/wp-json\/wp\/v2\/tags?post=40568"}],"curies":[{"name":"wp","href":"https:\/\/api.w.org\/{rel}","templated":true}]}}