{"id":40559,"date":"2019-10-27T21:37:41","date_gmt":"2019-10-28T03:37:41","guid":{"rendered":"http:\/\/www.grieta.org.mx\/?p=40559"},"modified":"2019-10-27T22:34:58","modified_gmt":"2019-10-28T04:34:58","slug":"sin-nada-a-cambio-y-bajo-amenazas-de-trump-mexico-acepto-recibir-a-inmigrantes","status":"publish","type":"post","link":"https:\/\/www.grieta.org.mx\/index.php\/2019\/10\/27\/sin-nada-a-cambio-y-bajo-amenazas-de-trump-mexico-acepto-recibir-a-inmigrantes\/","title":{"rendered":"Sin nada a cambio, y bajo amenazas de Trump, M\u00e9xico acept\u00f3 recibir a inmigrantes"},"content":{"rendered":"<p>Maurizio Guerrero\/ PROCESO<\/p>\n<figure id=\"attachment_40560\" aria-describedby=\"caption-attachment-40560\" style=\"width: 800px\" class=\"wp-caption aligncenter\"><img loading=\"lazy\" decoding=\"async\" data-attachment-id=\"40560\" data-permalink=\"https:\/\/www.grieta.org.mx\/index.php\/2019\/10\/27\/sin-nada-a-cambio-y-bajo-amenazas-de-trump-mexico-acepto-recibir-a-inmigrantes\/albergue-insuficiente-foto-raymundo-ruiz\/\" data-orig-file=\"https:\/\/www.grieta.org.mx\/wp-content\/uploads\/2019\/10\/Albergue-insuficiente.-Foto-Raymundo-Ruiz.jpg\" data-orig-size=\"1024,683\" data-comments-opened=\"0\" data-image-meta=\"{&quot;aperture&quot;:&quot;4&quot;,&quot;credit&quot;:&quot;Raymundo Ruiz \/ Procesofoto \/ Chih.&quot;,&quot;camera&quot;:&quot;Canon EOS 60D&quot;,&quot;caption&quot;:&quot;Los migrantes que llegaron al Gimnasio de Bachilleres ya rebasaron la capacidad.&quot;,&quot;created_timestamp&quot;:&quot;1550500211&quot;,&quot;copyright&quot;:&quot;&quot;,&quot;focal_length&quot;:&quot;18&quot;,&quot;iso&quot;:&quot;3200&quot;,&quot;shutter_speed&quot;:&quot;0.01&quot;,&quot;title&quot;:&quot;&quot;,&quot;orientation&quot;:&quot;1&quot;}\" data-image-title=\"Albergue-insuficiente.-Foto-Raymundo-Ruiz\" data-image-description=\"\" data-image-caption=\"&lt;p&gt;Los migrantes que llegaron al Gimnasio de Bachilleres ya rebasaron la capacidad.&lt;\/p&gt;\n\" data-medium-file=\"https:\/\/www.grieta.org.mx\/wp-content\/uploads\/2019\/10\/Albergue-insuficiente.-Foto-Raymundo-Ruiz-300x200.jpg\" data-large-file=\"https:\/\/www.grieta.org.mx\/wp-content\/uploads\/2019\/10\/Albergue-insuficiente.-Foto-Raymundo-Ruiz-1024x683.jpg\" class=\"wp-image-40560\" src=\"http:\/\/www.grieta.org.mx\/wp-content\/uploads\/2019\/10\/Albergue-insuficiente.-Foto-Raymundo-Ruiz.jpg\" alt=\"\" width=\"800\" height=\"534\" srcset=\"https:\/\/www.grieta.org.mx\/wp-content\/uploads\/2019\/10\/Albergue-insuficiente.-Foto-Raymundo-Ruiz.jpg 1024w, https:\/\/www.grieta.org.mx\/wp-content\/uploads\/2019\/10\/Albergue-insuficiente.-Foto-Raymundo-Ruiz-300x200.jpg 300w, https:\/\/www.grieta.org.mx\/wp-content\/uploads\/2019\/10\/Albergue-insuficiente.-Foto-Raymundo-Ruiz-768x512.jpg 768w, https:\/\/www.grieta.org.mx\/wp-content\/uploads\/2019\/10\/Albergue-insuficiente.-Foto-Raymundo-Ruiz-750x500.jpg 750w\" sizes=\"auto, (max-width: 800px) 100vw, 800px\" \/><figcaption id=\"caption-attachment-40560\" class=\"wp-caption-text\">Los migrantes que llegaron al Gimnasio de Bachilleres ya rebasaron la capacidad. <a href=\"https:\/\/cdn.proceso.com.mx\/media\/2019\/10\/Albergue-insuficiente.-Foto-Raymundo-Ruiz.jpg\" data-size=\"1024x683\"><span class=\"caption-image\">Albergue insuficiente. Foto: Raymundo Ruiz<\/span><\/a><\/figcaption><\/figure>\n<blockquote><p>Una investigaci\u00f3n de Julie Hirschfeld Davis y Michael Shear, reporteros de The New York Times, revela que los negociadores del equipo de trabajo del canciller Marcelo Ebrard se reunieron con funcionarios estadunidenses para acordar la recepci\u00f3n en territorio mexicano de miles de deportados. Lo que el gobierno de Andr\u00e9s Manuel L\u00f3pez Obrador trat\u00f3 como una medida unilateral de Washington en realidad fue una estrategia compartida a cambio de una inversi\u00f3n millonaria que hasta el momento Estados Unidos no ha cumplido.<\/p><\/blockquote>\n<p>NUEVA YORK (Proceso).- A cambio de vagas promesas de inversi\u00f3n y ante las amenazas de funcionarios de Estados Unidos, sobre que Donald Trump har\u00eda algo \u201crealmente terrible\u201d, el gobierno de M\u00e9xico cedi\u00f3 y ahora alberga a docenas de miles de inmigrantes que solicitan asilo en las cortes estadunidenses.<\/p>\n<p>Seg\u00fan el libro Border Wars: Inside Trump\u2019s Assault on Immigration, de los reporteros de The New York Times Julie Hirschfeld Davis y Michael Shear, el ahora canciller Marcelo Ebrard y su equipo de negociadores acordaron la implementaci\u00f3n del protocolo \u201cRemain in Mexico\u201d (Qu\u00e9date en M\u00e9xico), pese a que de manera p\u00fablica manifestaron que la decisi\u00f3n fue tomada unilateralmente por Washington.<\/p>\n<p>Las negociaciones que se realizaron durante la transici\u00f3n entre las administraciones de Andr\u00e9s Manuel L\u00f3pez Obrador y Enrique Pe\u00f1a Nieto fueron aceleradas por los amagos de Trump lanzados despu\u00e9s de las elecciones intermedias de noviembre de 2018, cuando dijo que estar\u00eda dispuesto a cerrar la frontera sur de Estados Unidos y restringir el asilo, rese\u00f1a el libro publicado este mes.<\/p>\n<p>Las limitaciones al asilo ser\u00edan m\u00e1s tarde bloqueadas por un juez, pero el amague de Trump ayud\u00f3 a los secretarios de Seguridad Nacional y de Estado, Kirstjen Nielsen y Michael Pompeo, respectivamente, a subrayar lo que estaba en juego para Ebrard.<\/p>\n<p>\u201cNuestro presidente est\u00e1 dispuesto a hacer cosas completamente locas si no podemos firmar este acuerdo. Vamos a comenzar a rechazar a los migrantes. Si ustedes no los aceptan, Trump enloquecer\u00e1 de furia y les va a ir muy mal. \u00c9l va a cerrar la frontera. No es una mentira. No es una hip\u00e9rbole. Realmente lo dice en serio. Tenemos que cerrar este trato\u201d, le advirtieron a Ebrard, seg\u00fan la obra de los periodistas.<\/p>\n<p>El texto menciona que el hecho de que los estadunidenses hubieran podido obtener un compromiso de los mexicanos para comenzar a retomar a los inmigrantes significaba que hab\u00eda espacio para un acuerdo. Sobre todo, lo que los llev\u00f3 ah\u00ed fue la amenaza de que Trump estaba tan loco, como a veces parec\u00eda\u2026<\/p>\n<p>Para que M\u00e9xico aceptara, seg\u00fan Davis y Shear, Estados Unidos tendr\u00eda que comprometerse con un plan de desarrollo de 10 mil millones de d\u00f3lares para M\u00e9xico y los pa\u00edses centroamericanos, que se anunciar\u00eda primero. Eso permitir\u00eda a M\u00e9xico se\u00f1alar una ventaja para su cooperaci\u00f3n con el nuevo acuerdo.<\/p>\n<p>Esa inversi\u00f3n, sin embargo, no se ha concretado, confirmaron voceros de la Secretar\u00eda de Relaciones Exteriores a Proceso.<\/p>\n<p>El negociador de los detalles del acuerdo fue, seg\u00fan el libro, Javier L\u00f3pez Casar\u00edn, quien no era ni es funcionario de la Canciller\u00eda mexicana. Es descrito como la \u201cmano derecha\u201d de Ebrard. L\u00f3pez Casar\u00edn es presidente del Consejo T\u00e9cnico, Acad\u00e9mico y Cient\u00edfico del Consejo Consultivo de la Agencia Mexicana de Cooperaci\u00f3n Internacional para el Desarrollo.<\/p>\n<p>El negociador estadunidense fue Miles Taylor, quien \u201ctuvo que convencer a L\u00f3pez Casar\u00edn de que Washington realmente procesar\u00eda las solicitudes de asilo de los migrantes, en lugar de dejarlos languidecer en M\u00e9xico indefinidamente\u201d.<\/p>\n<p>Por su parte, L\u00f3pez Casar\u00edn \u201ctuvo que jurar a Taylor que los mexicanos no liberar\u00edan simplemente a los migrantes para que fueran blanco de los brutales c\u00e1rteles de la droga, una de las principales razones por las que hab\u00edan huido a Estados Unidos\u201d.<\/p>\n<p>S\u00faplica y amago<\/p>\n<p>Pese a las mutuas garant\u00edas, el acuerdo estuvo a punto de naufragar. El diario The Washington Post public\u00f3 el 24 de noviembre \u00faltimo que el gobierno de Trump se encontraba en las etapas finales de las conversaciones con M\u00e9xico para implementar \u201cRemain in Mexico\u201d, oficialmente rebautizado como \u201cProtocolos de Protecci\u00f3n de Migrantes\u201d (MPP).<\/p>\n<p>El reportaje del Post \u201cenfureci\u00f3 y asust\u00f3 al equipo negociador mexicano. Ya estaban recibiendo cr\u00edticas pol\u00edticas en su pa\u00eds, incluso, por entablar negociaciones con el equipo de Trump, dijeron los mexicanos, y ahora que los detalles se hab\u00edan filtrado, la resistencia que enfrentaban se estaba intensificando\u201d.<\/p>\n<p>La entonces secretaria designada de Gobernaci\u00f3n, Olga S\u00e1nchez Cordero, emiti\u00f3 un comunicado para rechazar la existencia de pactos entre el gobierno entrante de L\u00f3pez Obrador y el gobierno de Trump. Las conversaciones se estancaron.<\/p>\n<p>El negociador estadunidense recurri\u00f3 entonces \u201ca la s\u00faplica\u201d y una vez m\u00e1s a la amenaza. \u201cTaylor rog\u00f3 a L\u00f3pez Casar\u00edn y a su equipo para que mantuvieran el rumbo de las negociaciones. \u2018Trump se est\u00e1 volviendo loco por esto. Esta es nuestra \u00faltima esperanza para evitar que haga algo realmente terrible\u2019\u201d.<\/p>\n<p>Los mexicanos cerraron el acuerdo, sin firmas ni documentos, con dos condiciones: la inversi\u00f3n de 10 mil millones de d\u00f3lares para M\u00e9xico y Centroam\u00e9rica, y que el gobierno de Estados Unidos lo anunciara como una medida unilateral.<\/p>\n<p>Ese arreglo fue \u201cpol\u00edticamente ventajoso para ambas partes: Trump se vio como el presidente estadunidense que hablaba duro, exigiendo que los mexicanos hicieran su parte para detener a los migrantes antes de llegar a la frontera; mientras que los mexicanos podr\u00edan evitar parecer c\u00f3mplices y, en cambio, decir que simplemente estaban cumpliendo con su deber humanitario\u201d.<\/p>\n<p>La secretaria de Seguridad Nacional, Kirstjen Nielsen, present\u00f3 el 20 de diciembre el MPP, aunque \u201cel paquete de ayuda al que Estados Unidos se hab\u00eda comprometido no fue mencionado\u201d, apunta el libro.<\/p>\n<p>Pese a la previa revelaci\u00f3n de The Washington Post, sobre las negociaciones bilaterales, y a lo publicado por los reporteros de The New York Times, tal y como hiciera en su momento la secretaria S\u00e1nchez Cordero y la propia Canciller\u00eda voceros de esta dependencia a\u00fan sostienen que el MPP fue \u201cuna medida unilateral\u201d en la cual M\u00e9xico no tuvo injerencia.<\/p>\n<p>En respuesta a una nota de la publicaci\u00f3n digital Animal Pol\u00edtico sobre el libro de Davis y Shear, el vocero de la Canciller\u00eda Roberto Velasco acept\u00f3 al menos que el equipo negociador mexicano s\u00ed conoc\u00eda las intenciones estadunidenses desde antes de que fueran anunciadas.<\/p>\n<p>En reuniones de acercamiento entre Ebrard y funcionarios del gobierno de Trump, \u201cM\u00e9xico rechaz\u00f3 la solicitud de un Acuerdo de Tercer Pa\u00eds Seguro y, en respuesta, Estados Unidos plante\u00f3 la implementaci\u00f3n unilateral del art\u00edculo 235 (b) (2)(c) de la Ley de Inmigraci\u00f3n y Nacionalidad\u201d, indic\u00f3 Velasco.<\/p>\n<p>El art\u00edculo 235 (b) (2)(c) establece que los extranjeros que lleguen por tierra desde M\u00e9xico o Canad\u00e1 deben ser, en lo general, devueltos al territorio de arribo mientras esperan que sea procesada su solicitud de asilo en cortes estadunidenses.<\/p>\n<p>Ilegal<\/p>\n<p>Juristas y grupos civiles han denunciado que el MPP o \u201cRemain in Mexico\u201d viola los compromisos internacionales sobre los refugiados y solicitantes de asilo, as\u00ed como los protocolos nacionales.<\/p>\n<p>\u201cLa pol\u00edtica de retorno forzado viola la prohibici\u00f3n legal contenida en las leyes de Estados Unidos, as\u00ed como en obligaciones internacionales, que impide devolver a personas que buscan la protecci\u00f3n estadunidense ante persecuci\u00f3n y tortura\u201d, seg\u00fan un informe de octubre reciente del grupo civil Human Rights First (HRF).<\/p>\n<p>Titulado \u00d3rdenes desde arriba: abusos masivos contra los derechos humanos bajo la pol\u00edtica de la administraci\u00f3n Trump de devolver a M\u00e9xico, el informe a\u00f1adi\u00f3 que el protocolo MPP \u201cpasa por alto descaradamente las leyes de asilo y las protecciones del debido proceso que el Congreso (de Estados Unidos) aprob\u00f3 para los refugiados que buscan protecci\u00f3n en la frontera\u201d.<\/p>\n<p>El protocolo viola, incluso, sus lineamientos de implementaci\u00f3n al devolver a M\u00e9xico a migrantes que temen por su seguridad en territorio mexicano. HRF document\u00f3 m\u00e1s de 340 denuncias p\u00fablicas por violaci\u00f3n, secuestro, tortura y otros actos violentos contra solicitantes de asilo que regresaron a M\u00e9xico bajo el MPP.<\/p>\n<p>Ese abuso no es s\u00f3lo una mala fortuna. La mayor parte de los solicitantes de asilo bajo el MPP han sido enviados a Tamaulipas, al que el propio Departamento de Estado de Estados Unidos asigna un riesgo de amenaza nivel cuatro, igual que Afganist\u00e1n, Irak, Siria, Somalia, Corea del Norte y Yemen.<\/p>\n<p>Para M\u00e9xico, el protocolo ha significado recibir, desde enero en que fue implementado hasta principios de octubre, a poco m\u00e1s de 50 mil migrantes en su territorio, seg\u00fan la Oficina Ejecutiva para la Revisi\u00f3n de Inmigraci\u00f3n en Estados Unidos.<\/p>\n<p>S\u00f3lo en los \u00faltimos tres meses (julio, agosto y septiembre) M\u00e9xico ha recibido de Estados Unidos a poco m\u00e1s de 11 mil migrantes por mes, seg\u00fan el proyecto TRAC de la Universidad de Syracuse. Con esa tendencia la cifra de solicitantes de asilo retornados a M\u00e9xico podr\u00eda seguir aumentado bajo el protocolo.<\/p>\n<p>El acuerdo informal al que se comprometi\u00f3 M\u00e9xico no contempla un l\u00edmite preciso al n\u00famero de migrantes que M\u00e9xico aceptar\u00eda bajo el MPP. Hasta ahora, el pa\u00eds ha recibido apenas una fracci\u00f3n de los solicitantes de asilo de Estados Unidos.<\/p>\n<p>En septiembre, TRAC indic\u00f3: \u201cPese a que aparecen mucho en las noticias, los casos nuevos en que se ha requerido a las personas \u2018permanecer en M\u00e9xico\u2019 durante su procesamiento en la corte representan menos de 10% (9.9%)\u201d de las solicitudes de asilo ingresadas este a\u00f1o en Estados Unidos.<\/p>\n<p>Estos migrantes que escapan a la marginaci\u00f3n y violencia esperar\u00e1n unos dos a\u00f1os en M\u00e9xico en condiciones que a menudo son \u201cinhumanas y horribles\u201d, seg\u00fan HRF. En la ciudad de Matamoros, por ejemplo, m\u00e1s de mil ni\u00f1os, familias y adultos duermen en las calles frente a la garita fronteriza, sin acceso adecuado a agua o saneamiento.<\/p>\n<p>Hasta agosto, la espera promedio para la resoluci\u00f3n de casos de asilo en cortes estadunidenses era de 696 d\u00edas, seg\u00fan TRAC, aunque con variaciones notables. La espera promedio para salvadore\u00f1os, por ejemplo, era de 836 d\u00edas.<\/p>\n<p>Esos migrantes internacionales se suman a los 26 mil individuos varados en M\u00e9xico, a quienes el gobierno de Estados Unidos se niega a aceptar solicitudes de asilo.<\/p>\n<p>En reacci\u00f3n al art\u00edculo de opini\u00f3n escrito por Le\u00f3n Krauze, titulado \u201cGuerras Fronterizas: M\u00e9xico c\u00f3mplice\u201d, publicado en el diario El Universal, el vocero de la Canciller\u00eda, Roberto Velasco, manifest\u00f3 que el libro de Davis y Shear recurre a fuentes an\u00f3nimas, lo que \u201cresta credibilidad a lo dicho\u201d sobre el papel que desempe\u00f1aron Ebrard y su equipo en la gestaci\u00f3n de \u201cRemain in Mexico\u201d.<\/p>\n<p>Velasco hab\u00eda se\u00f1alado previamente que los reporteros nunca consultaron a la Canciller\u00eda para obtener su versi\u00f3n de los hechos.<\/p>\n<p>Cuestionado al respecto, Michael Shear, coautor de la investigaci\u00f3n, respondi\u00f3 a Proceso: \u201cEl \u00fanico comentario que tenemos es que respaldamos la informaci\u00f3n reportada en el libro\u201d.<\/p>\n<p>Este reportaje se public\u00f3 el 20 de octubre de 2019 en la edici\u00f3n 2242 de la revista Proceso<\/p>\n<p><a href=\"https:\/\/www.proceso.com.mx\/604626\/sin-nada-a-cambio-y-bajo-amenazas-de-trump-mexico-acepto-recibir-a-inmigrantes\" target=\"_blank\" rel=\"noopener noreferrer\">https:\/\/www.proceso.com.mx\/604626\/sin-nada-a-cambio-y-bajo-amenazas-de-trump-mexico-acepto-recibir-a-inmigrantes<\/a><\/p>\n","protected":false},"excerpt":{"rendered":"<p>Maurizio Guerrero\/ PROCESO Una investigaci\u00f3n de Julie Hirschfeld Davis y Michael Shear, reporteros de The New York Times, revela que los negociadores del equipo de trabajo del canciller Marcelo Ebrard &hellip; <a href=\"https:\/\/www.grieta.org.mx\/index.php\/2019\/10\/27\/sin-nada-a-cambio-y-bajo-amenazas-de-trump-mexico-acepto-recibir-a-inmigrantes\/\" class=\"more-link\">Leer m\u00e1s<\/a><\/p>\n","protected":false},"author":2,"featured_media":40560,"comment_status":"closed","ping_status":"closed","sticky":false,"template":"","format":"standard","meta":{"ngg_post_thumbnail":0,"_jetpack_newsletter_access":"","_jetpack_dont_email_post_to_subs":false,"_jetpack_newsletter_tier_id":0,"_jetpack_memberships_contains_paywalled_content":false,"_jetpack_memberships_contains_paid_content":false,"footnotes":""},"categories":[80,86,370,83],"tags":[1410,2836,2898,2788],"class_list":["post-40559","post","type-post","status-publish","format-standard","has-post-thumbnail","hentry","category-cintillo","category-migrantes","category-migrantes-analisis","category-temas-nacionales","tag-abusos-contra-migrantes","tag-alineacion-de-amlo-con-politica-antimigrante-de-trump","tag-sometimiento-de-mexico-a-politica-migratoria-norteamericana","tag-violacion-de-derechos-humanos-de-migrantes-por-el-estado-mexicano","entry"],"jetpack_featured_media_url":"https:\/\/www.grieta.org.mx\/wp-content\/uploads\/2019\/10\/Albergue-insuficiente.-Foto-Raymundo-Ruiz.jpg","jetpack_sharing_enabled":true,"jetpack_shortlink":"https:\/\/wp.me\/p7ZJR4-ayb","jetpack_likes_enabled":false,"jetpack-related-posts":[{"id":39344,"url":"https:\/\/www.grieta.org.mx\/index.php\/2019\/09\/04\/senalan-continuidad-de-politica-migratoria-con-la-4t\/","url_meta":{"origin":40559,"position":0},"title":"Se\u00f1alan continuidad de pol\u00edtica migratoria con la 4T","author":"grieta","date":"4 septiembre, 2019","format":false,"excerpt":"Texto y foto: Redacci\u00f3n PIE DE P\u00c1GINA La Guardia Nacional comete las mismas violaciones a derechos humanos que los los viejos elementos de seguridad, acusaron representantes de la Red de Red de Documentaci\u00f3n de las Organizaciones Defensoras de Migrantes Durante la presentaci\u00f3n de su informe anual, Procesos Migratorios en M\u00e9xico,\u2026","rel":"","context":"En &quot;CINTILLO&quot;","block_context":{"text":"CINTILLO","link":"https:\/\/www.grieta.org.mx\/index.php\/category\/cintillo\/"},"img":{"alt_text":"","src":"https:\/\/i0.wp.com\/www.grieta.org.mx\/wp-content\/uploads\/2019\/09\/PDP_informe_migracion_AC-1-1140x570.jpg?resize=350%2C200&ssl=1","width":350,"height":200,"srcset":"https:\/\/i0.wp.com\/www.grieta.org.mx\/wp-content\/uploads\/2019\/09\/PDP_informe_migracion_AC-1-1140x570.jpg?resize=350%2C200&ssl=1 1x, https:\/\/i0.wp.com\/www.grieta.org.mx\/wp-content\/uploads\/2019\/09\/PDP_informe_migracion_AC-1-1140x570.jpg?resize=525%2C300&ssl=1 1.5x, https:\/\/i0.wp.com\/www.grieta.org.mx\/wp-content\/uploads\/2019\/09\/PDP_informe_migracion_AC-1-1140x570.jpg?resize=700%2C400&ssl=1 2x, https:\/\/i0.wp.com\/www.grieta.org.mx\/wp-content\/uploads\/2019\/09\/PDP_informe_migracion_AC-1-1140x570.jpg?resize=1050%2C600&ssl=1 3x"},"classes":[]},{"id":38295,"url":"https:\/\/www.grieta.org.mx\/index.php\/2019\/08\/23\/migracion-y-violencia-en-mexico\/","url_meta":{"origin":40559,"position":1},"title":"Migraci\u00f3n y violencia en M\u00e9xico","author":"grieta","date":"23 agosto, 2019","format":false,"excerpt":"Son miles de migrantes los que a su paso por territorio mexicano rumbo a Estados Unidos han sufrido alg\u00fan tipo de violencia. Con la implementaci\u00f3n de la Guardia Nacional en todo M\u00e9xico estos aspectos de violencia solo se profundizar\u00e1n. Omar Morales\/ LA IZQUIERDA DIARIO Desde hace un a\u00f1o el flujo\u2026","rel":"","context":"En &quot;CINTILLO&quot;","block_context":{"text":"CINTILLO","link":"https:\/\/www.grieta.org.mx\/index.php\/category\/cintillo\/"},"img":{"alt_text":"","src":"https:\/\/i0.wp.com\/www.grieta.org.mx\/wp-content\/uploads\/2018\/03\/14524434_1106112876131411_958039263622046936_o.jpg?resize=350%2C200&ssl=1","width":350,"height":200,"srcset":"https:\/\/i0.wp.com\/www.grieta.org.mx\/wp-content\/uploads\/2018\/03\/14524434_1106112876131411_958039263622046936_o.jpg?resize=350%2C200&ssl=1 1x, https:\/\/i0.wp.com\/www.grieta.org.mx\/wp-content\/uploads\/2018\/03\/14524434_1106112876131411_958039263622046936_o.jpg?resize=525%2C300&ssl=1 1.5x, https:\/\/i0.wp.com\/www.grieta.org.mx\/wp-content\/uploads\/2018\/03\/14524434_1106112876131411_958039263622046936_o.jpg?resize=700%2C400&ssl=1 2x"},"classes":[]},{"id":39190,"url":"https:\/\/www.grieta.org.mx\/index.php\/2019\/09\/13\/nueva-ola-de-desesperacion-entre-migrantes-en-frontera-mexicana\/","url_meta":{"origin":40559,"position":2},"title":"Nueva ola de desesperaci\u00f3n entre migrantes en frontera mexicana","author":"grieta","date":"13 septiembre, 2019","format":false,"excerpt":"HISPANTV Debido al nuevo fallo de la Corte Suprema de EE.UU., decenas de miles de migrantes sienten desesperados en la frontera con M\u00e9xico. La nueva ola de desesperaci\u00f3n se extiende entre decenas de miles de migrantes que esperaban en la frontera mexicana para buscar refugio en EE.UU. despu\u00e9s de las\u2026","rel":"","context":"En &quot;CINTILLO&quot;","block_context":{"text":"CINTILLO","link":"https:\/\/www.grieta.org.mx\/index.php\/category\/cintillo\/"},"img":{"alt_text":"","src":"https:\/\/i0.wp.com\/www.grieta.org.mx\/wp-content\/uploads\/2019\/09\/migrantes-varados.jpg?resize=350%2C200&ssl=1","width":350,"height":200,"srcset":"https:\/\/i0.wp.com\/www.grieta.org.mx\/wp-content\/uploads\/2019\/09\/migrantes-varados.jpg?resize=350%2C200&ssl=1 1x, https:\/\/i0.wp.com\/www.grieta.org.mx\/wp-content\/uploads\/2019\/09\/migrantes-varados.jpg?resize=525%2C300&ssl=1 1.5x, https:\/\/i0.wp.com\/www.grieta.org.mx\/wp-content\/uploads\/2019\/09\/migrantes-varados.jpg?resize=700%2C400&ssl=1 2x, https:\/\/i0.wp.com\/www.grieta.org.mx\/wp-content\/uploads\/2019\/09\/migrantes-varados.jpg?resize=1050%2C600&ssl=1 3x"},"classes":[]},{"id":40687,"url":"https:\/\/www.grieta.org.mx\/index.php\/2019\/10\/30\/medicos-sin-fronteras-denuncia-inhumanas-torturas-a-migrantes-en-el-sur-de-mexico\/","url_meta":{"origin":40559,"position":3},"title":"M\u00e9dicos Sin Fronteras denuncia inhumanas torturas a migrantes en el sur de M\u00e9xico","author":"grieta","date":"30 octubre, 2019","format":false,"excerpt":"HISPANTV Un grupo de centroamericanos, que viaja con la segunda caravana migrante en su intento por cruzar el r\u00edo Suchiate, que separa a M\u00e9xico de Guatemala. La ONG M\u00e9dicos Sin Fronteras (MSF) denuncia casos de secuestro y tortura con descargas el\u00e9ctricas a migrantes en la frontera sur de M\u00e9xico. Un\u2026","rel":"","context":"En &quot;CINTILLO&quot;","block_context":{"text":"CINTILLO","link":"https:\/\/www.grieta.org.mx\/index.php\/category\/cintillo\/"},"img":{"alt_text":"","src":"https:\/\/i0.wp.com\/www.grieta.org.mx\/wp-content\/uploads\/2019\/10\/MSF.jpg?resize=350%2C200&ssl=1","width":350,"height":200,"srcset":"https:\/\/i0.wp.com\/www.grieta.org.mx\/wp-content\/uploads\/2019\/10\/MSF.jpg?resize=350%2C200&ssl=1 1x, https:\/\/i0.wp.com\/www.grieta.org.mx\/wp-content\/uploads\/2019\/10\/MSF.jpg?resize=525%2C300&ssl=1 1.5x, https:\/\/i0.wp.com\/www.grieta.org.mx\/wp-content\/uploads\/2019\/10\/MSF.jpg?resize=700%2C400&ssl=1 2x"},"classes":[]},{"id":46386,"url":"https:\/\/www.grieta.org.mx\/index.php\/2020\/03\/18\/trump-deportara-a-mexico-a-migrantes-que-solicitan-asilo-en-estados-unidos\/","url_meta":{"origin":40559,"position":4},"title":"Trump deportar\u00e1 a M\u00e9xico a migrantes que solicitan asilo en Estados Unidos","author":"grieta","date":"18 marzo, 2020","format":false,"excerpt":"Jes\u00fas Esquivel\/ PROCESO WASHINGTON (apro).- El presidente de Estados Unidos, Donald Trump, anunci\u00f3 que su gobierno deportar\u00e1 a M\u00e9xico a todos los migrantes extranjeros solicitantes de asilo en su pa\u00eds como parte de las medidas para prevenir la expansi\u00f3n y contagio del Covid-19. En conferencia de prensa para actualizar a\u2026","rel":"","context":"En &quot;CINTILLO&quot;","block_context":{"text":"CINTILLO","link":"https:\/\/www.grieta.org.mx\/index.php\/category\/cintillo\/"},"img":{"alt_text":"","src":"https:\/\/i0.wp.com\/www.grieta.org.mx\/wp-content\/uploads\/2020\/03\/Trump-covid-2-870x522.jpg?resize=350%2C200&ssl=1","width":350,"height":200,"srcset":"https:\/\/i0.wp.com\/www.grieta.org.mx\/wp-content\/uploads\/2020\/03\/Trump-covid-2-870x522.jpg?resize=350%2C200&ssl=1 1x, https:\/\/i0.wp.com\/www.grieta.org.mx\/wp-content\/uploads\/2020\/03\/Trump-covid-2-870x522.jpg?resize=525%2C300&ssl=1 1.5x, https:\/\/i0.wp.com\/www.grieta.org.mx\/wp-content\/uploads\/2020\/03\/Trump-covid-2-870x522.jpg?resize=700%2C400&ssl=1 2x"},"classes":[]},{"id":34291,"url":"https:\/\/www.grieta.org.mx\/index.php\/2019\/05\/20\/mas-de-18-mil-migrantes-ahora-buscan-el-sueno-mexicano\/","url_meta":{"origin":40559,"position":5},"title":"M\u00e1s de 18 mil migrantes ahora buscan el &#8220;sue\u00f1o mexicano&#8221;","author":"grieta","date":"20 mayo, 2019","format":false,"excerpt":"Gustavo Pineda \/ Cultura colectiva Al menos 18 mil 365 migrantes tramitaron su solicitud de refugio en M\u00e9xico durante el primer cuatrimestre del 2019. Al menos 18 mil 365 migrantes abandonaron el llamado \"sue\u00f1o americano\" para solicitar refugio en M\u00e9xico durante el primer cuatrimestre del a\u00f1o, seg\u00fan datos de la\u2026","rel":"","context":"En &quot;CINTILLO&quot;","block_context":{"text":"CINTILLO","link":"https:\/\/www.grieta.org.mx\/index.php\/category\/cintillo\/"},"img":{"alt_text":"","src":"https:\/\/i0.wp.com\/www.grieta.org.mx\/wp-content\/uploads\/2019\/06\/000_1gd98j-high.jpg?resize=350%2C200&ssl=1","width":350,"height":200,"srcset":"https:\/\/i0.wp.com\/www.grieta.org.mx\/wp-content\/uploads\/2019\/06\/000_1gd98j-high.jpg?resize=350%2C200&ssl=1 1x, https:\/\/i0.wp.com\/www.grieta.org.mx\/wp-content\/uploads\/2019\/06\/000_1gd98j-high.jpg?resize=525%2C300&ssl=1 1.5x, https:\/\/i0.wp.com\/www.grieta.org.mx\/wp-content\/uploads\/2019\/06\/000_1gd98j-high.jpg?resize=700%2C400&ssl=1 2x"},"classes":[]}],"_links":{"self":[{"href":"https:\/\/www.grieta.org.mx\/index.php\/wp-json\/wp\/v2\/posts\/40559","targetHints":{"allow":["GET"]}}],"collection":[{"href":"https:\/\/www.grieta.org.mx\/index.php\/wp-json\/wp\/v2\/posts"}],"about":[{"href":"https:\/\/www.grieta.org.mx\/index.php\/wp-json\/wp\/v2\/types\/post"}],"author":[{"embeddable":true,"href":"https:\/\/www.grieta.org.mx\/index.php\/wp-json\/wp\/v2\/users\/2"}],"replies":[{"embeddable":true,"href":"https:\/\/www.grieta.org.mx\/index.php\/wp-json\/wp\/v2\/comments?post=40559"}],"version-history":[{"count":1,"href":"https:\/\/www.grieta.org.mx\/index.php\/wp-json\/wp\/v2\/posts\/40559\/revisions"}],"predecessor-version":[{"id":40561,"href":"https:\/\/www.grieta.org.mx\/index.php\/wp-json\/wp\/v2\/posts\/40559\/revisions\/40561"}],"wp:featuredmedia":[{"embeddable":true,"href":"https:\/\/www.grieta.org.mx\/index.php\/wp-json\/wp\/v2\/media\/40560"}],"wp:attachment":[{"href":"https:\/\/www.grieta.org.mx\/index.php\/wp-json\/wp\/v2\/media?parent=40559"}],"wp:term":[{"taxonomy":"category","embeddable":true,"href":"https:\/\/www.grieta.org.mx\/index.php\/wp-json\/wp\/v2\/categories?post=40559"},{"taxonomy":"post_tag","embeddable":true,"href":"https:\/\/www.grieta.org.mx\/index.php\/wp-json\/wp\/v2\/tags?post=40559"}],"curies":[{"name":"wp","href":"https:\/\/api.w.org\/{rel}","templated":true}]}}