{"id":40539,"date":"2019-10-25T18:37:46","date_gmt":"2019-10-25T23:37:46","guid":{"rendered":"http:\/\/www.grieta.org.mx\/?p=40539"},"modified":"2019-10-27T18:47:45","modified_gmt":"2019-10-28T00:47:45","slug":"acusan-desabasto-de-farmaco-por-vih-en-tamaulipas","status":"publish","type":"post","link":"https:\/\/www.grieta.org.mx\/index.php\/2019\/10\/25\/acusan-desabasto-de-farmaco-por-vih-en-tamaulipas\/","title":{"rendered":"Acusan desabasto de f\u00e1rmaco por VIH en Tamaulipas"},"content":{"rendered":"<blockquote><p>El IMSS de la delegaci\u00f3n Tampico tiene a unas 300 personas portadoras de VIH bajo este esquema de tratamiento.<\/p><\/blockquote>\n<p>Agencia Reforma\/El Imparcial<\/p>\n<p><img loading=\"lazy\" decoding=\"async\" data-attachment-id=\"40540\" data-permalink=\"https:\/\/www.grieta.org.mx\/index.php\/2019\/10\/25\/acusan-desabasto-de-farmaco-por-vih-en-tamaulipas\/medicamento-sida\/\" data-orig-file=\"https:\/\/www.grieta.org.mx\/wp-content\/uploads\/2019\/10\/medicamento-sida.jpg\" data-orig-size=\"841,470\" data-comments-opened=\"0\" data-image-meta=\"{&quot;aperture&quot;:&quot;0&quot;,&quot;credit&quot;:&quot;&quot;,&quot;camera&quot;:&quot;&quot;,&quot;caption&quot;:&quot;&quot;,&quot;created_timestamp&quot;:&quot;0&quot;,&quot;copyright&quot;:&quot;&quot;,&quot;focal_length&quot;:&quot;0&quot;,&quot;iso&quot;:&quot;0&quot;,&quot;shutter_speed&quot;:&quot;0&quot;,&quot;title&quot;:&quot;&quot;,&quot;orientation&quot;:&quot;0&quot;}\" data-image-title=\"medicamento sida\" data-image-description=\"\" data-image-caption=\"\" data-medium-file=\"https:\/\/www.grieta.org.mx\/wp-content\/uploads\/2019\/10\/medicamento-sida-300x168.jpg\" data-large-file=\"https:\/\/www.grieta.org.mx\/wp-content\/uploads\/2019\/10\/medicamento-sida.jpg\" src=\"http:\/\/www.grieta.org.mx\/wp-content\/uploads\/2019\/10\/medicamento-sida.jpg\" alt=\"\" width=\"841\" height=\"470\" class=\"aligncenter size-full wp-image-40540\" srcset=\"https:\/\/www.grieta.org.mx\/wp-content\/uploads\/2019\/10\/medicamento-sida.jpg 841w, https:\/\/www.grieta.org.mx\/wp-content\/uploads\/2019\/10\/medicamento-sida-300x168.jpg 300w, https:\/\/www.grieta.org.mx\/wp-content\/uploads\/2019\/10\/medicamento-sida-768x429.jpg 768w\" sizes=\"auto, (max-width: 841px) 100vw, 841px\" \/><\/p>\n<p>TAMPICO, Tamaulipas.-Derechohabientes del IMSS en el sur de Tamaulipas denunciaron ayer el desabasto del medicamento denominado truvada, utilizado junto con el f\u00e1rmaco efavirenz, como parte del tratamiento antirretroviral en personas portadoras de VIH.<\/p>\n<p>Estos medicamentos deben tomarse juntos y a la misma hora, ya que su combinaci\u00f3n inhibe la replicaci\u00f3n del virus, y dejar de consumirlos implica riesgos en las personas portadoras del virus.<\/p>\n<p>Fui a surtir mi receta ayer (mi\u00e9rcoles)&#8221;, dijo un paciente. &#8220;Se me dio el efavirenz, pero me dijeron que no hay truvada, que venga hasta el lunes.<\/p>\n<p>&#8220;A\u00fan podemos esperar porque se nos medicament\u00f3 por un mes y tenemos reservas para una semana, pero no m\u00e1s&#8221;, recalc\u00f3.<\/p>\n<p>Los pacientes recordaron que a principios de a\u00f1o sufrieron desabasto del medicamento y la falta de medicinas en otros estados, como Nuevo Le\u00f3n, donde est\u00e1n faltando tratamientos para ni\u00f1os con c\u00e1ncer.<\/p>\n<p>&#8220;Vemos que hay problemas de desabasto en Monterrey, al principio de a\u00f1o tambi\u00e9n nosotros tuvimos ese problema&#8221;, dijo un usuario.<\/p>\n<p>&#8220;Pagar los medicamentos de nuestro bolsillo es imposible, necesitar\u00edamos m\u00ednimo 14 mil pesos mensuales&#8221;, agreg\u00f3.<\/p>\n<p>El IMSS de la delegaci\u00f3n Tampico tiene a unas 300 personas portadoras de VIH bajo este esquema de tratamiento.<\/p>\n<p><a href=\"https:\/\/www.elimparcial.com\/mexico\/Acusan-desabasto-de-farmaco-por-VIH-en-Tamaulipas-20191025-0014.html\" rel=\"noopener noreferrer\" target=\"_blank\">https:\/\/www.elimparcial.com\/mexico\/Acusan-desabasto-de-farmaco-por-VIH-en-Tamaulipas-20191025-0014.html<\/a><\/p>\n","protected":false},"excerpt":{"rendered":"<p>El IMSS de la delegaci\u00f3n Tampico tiene a unas 300 personas portadoras de VIH bajo este esquema de tratamiento. Agencia Reforma\/El Imparcial TAMPICO, Tamaulipas.-Derechohabientes del IMSS en el sur de &hellip; <a href=\"https:\/\/www.grieta.org.mx\/index.php\/2019\/10\/25\/acusan-desabasto-de-farmaco-por-vih-en-tamaulipas\/\" class=\"more-link\">Leer m\u00e1s<\/a><\/p>\n","protected":false},"author":2,"featured_media":40540,"comment_status":"closed","ping_status":"closed","sticky":false,"template":"","format":"standard","meta":{"ngg_post_thumbnail":0,"_jetpack_newsletter_access":"","_jetpack_dont_email_post_to_subs":false,"_jetpack_newsletter_tier_id":0,"_jetpack_memberships_contains_paywalled_content":false,"_jetpack_memberships_contains_paid_content":false,"footnotes":""},"categories":[918,2368,2,33,83],"tags":[2551],"class_list":["post-40539","post","type-post","status-publish","format-standard","has-post-thumbnail","hentry","category-privatizacion-del-sector-salud","category-crisis-del-sector-salud-en-tamaulipas","category-noticias-nacionales","category-tamaulipas","category-temas-nacionales","tag-falta-de-medicinas","entry"],"jetpack_featured_media_url":"https:\/\/www.grieta.org.mx\/wp-content\/uploads\/2019\/10\/medicamento-sida.jpg","jetpack_sharing_enabled":true,"jetpack_shortlink":"https:\/\/wp.me\/p7ZJR4-axR","jetpack_likes_enabled":false,"jetpack-related-posts":[{"id":33173,"url":"https:\/\/www.grieta.org.mx\/index.php\/2019\/05\/08\/discriminan-a-pacientes-con-vih-en-el-hospital-tamaulipas\/","url_meta":{"origin":40539,"position":0},"title":"Discriminan a pacientes con VIH en el Hospital (Tamaulipas)","author":"grieta","date":"8 mayo, 2019","format":false,"excerpt":"Erik Huerta \/ El Ma\u00f1ana Han presentado dos quejas ante la Codeht Tampico, Tam.- Dos quejas ante la Comisi\u00f3n de los Derechos Humanos de Tamaulipas (Codeht) han interpuesto integrantes de la Asociaci\u00f3n Diversidad Vihda Trans, en contra del Hospital Civil de Tampico, \"Dr. Carlos Canseco\", luego de que refieren que\u2026","rel":"","context":"En &quot;CINTILLO&quot;","block_context":{"text":"CINTILLO","link":"https:\/\/www.grieta.org.mx\/index.php\/category\/cintillo\/"},"img":{"alt_text":"","src":"https:\/\/i0.wp.com\/www.grieta.org.mx\/wp-content\/uploads\/2019\/05\/Discriminan-a-pacientes-con-VIH-en-el-Hospital-tama-may.jpg?resize=350%2C200&ssl=1","width":350,"height":200,"srcset":"https:\/\/i0.wp.com\/www.grieta.org.mx\/wp-content\/uploads\/2019\/05\/Discriminan-a-pacientes-con-VIH-en-el-Hospital-tama-may.jpg?resize=350%2C200&ssl=1 1x, https:\/\/i0.wp.com\/www.grieta.org.mx\/wp-content\/uploads\/2019\/05\/Discriminan-a-pacientes-con-VIH-en-el-Hospital-tama-may.jpg?resize=525%2C300&ssl=1 1.5x"},"classes":[]},{"id":33471,"url":"https:\/\/www.grieta.org.mx\/index.php\/2019\/05\/13\/de-vih-a-sida-por-desabasto-de-antirretrovirales-tamaulipas\/","url_meta":{"origin":40539,"position":1},"title":"De VIH a SIDA por desabasto de antirretrovirales (Tamaulipas)","author":"grieta","date":"13 mayo, 2019","format":false,"excerpt":"Patricia Azuara \/ CNT Cd. Victoria Tam.-El retraso de las licitaciones en materia de salud, en la Federaci\u00f3n, ya impacta el abasto en las entidades federativas; en el caso de Tamaulipas se ha cancelado la entrega de antirretrovirales provocando que al menos un paciente con VIH entr\u00f3 en periodo de\u2026","rel":"","context":"En &quot;CINTILLO&quot;","block_context":{"text":"CINTILLO","link":"https:\/\/www.grieta.org.mx\/index.php\/category\/cintillo\/"},"img":{"alt_text":"","src":"https:\/\/i0.wp.com\/www.grieta.org.mx\/wp-content\/uploads\/2019\/05\/de-VIH-a-SIDA-tama-may.jpeg?resize=350%2C200&ssl=1","width":350,"height":200,"srcset":"https:\/\/i0.wp.com\/www.grieta.org.mx\/wp-content\/uploads\/2019\/05\/de-VIH-a-SIDA-tama-may.jpeg?resize=350%2C200&ssl=1 1x, https:\/\/i0.wp.com\/www.grieta.org.mx\/wp-content\/uploads\/2019\/05\/de-VIH-a-SIDA-tama-may.jpeg?resize=525%2C300&ssl=1 1.5x, https:\/\/i0.wp.com\/www.grieta.org.mx\/wp-content\/uploads\/2019\/05\/de-VIH-a-SIDA-tama-may.jpeg?resize=700%2C400&ssl=1 2x, https:\/\/i0.wp.com\/www.grieta.org.mx\/wp-content\/uploads\/2019\/05\/de-VIH-a-SIDA-tama-may.jpeg?resize=1050%2C600&ssl=1 3x, https:\/\/i0.wp.com\/www.grieta.org.mx\/wp-content\/uploads\/2019\/05\/de-VIH-a-SIDA-tama-may.jpeg?resize=1400%2C800&ssl=1 4x"},"classes":[]},{"id":40795,"url":"https:\/\/www.grieta.org.mx\/index.php\/2019\/10\/28\/repuntan-hasta-300-fallecimientos-por-vih-tamaulipas\/","url_meta":{"origin":40539,"position":2},"title":"Repuntan hasta 300% fallecimientos por VIH (Tamaulipas)","author":"grieta","date":"28 octubre, 2019","format":false,"excerpt":"La asociaci\u00f3n Tamaulipas VidaTrans dio a conocer que se han retrasado el medicamento para 170 personas diagnosticadas en este a\u00f1o. https:\/\/www.milenio.com\/ciencia-y-salud\/tamaulipas-repuntan-hasta-300-fallecimientos-por-vih Pablo Reyes\/Milenio 28 octubre 2019 Se incrementa hasta en un 300% el fallecimiento de personas con VIH del a\u00f1o pasado a la fecha, debido al constante retraso de medicamentos\u2026","rel":"","context":"En &quot;CINTILLO&quot;","block_context":{"text":"CINTILLO","link":"https:\/\/www.grieta.org.mx\/index.php\/category\/cintillo\/"},"img":{"alt_text":"","src":"https:\/\/i0.wp.com\/www.grieta.org.mx\/wp-content\/uploads\/2019\/11\/mutacion-genetica-pista-cura-vih_0_18_800_498.jpg?resize=350%2C200&ssl=1","width":350,"height":200,"srcset":"https:\/\/i0.wp.com\/www.grieta.org.mx\/wp-content\/uploads\/2019\/11\/mutacion-genetica-pista-cura-vih_0_18_800_498.jpg?resize=350%2C200&ssl=1 1x, https:\/\/i0.wp.com\/www.grieta.org.mx\/wp-content\/uploads\/2019\/11\/mutacion-genetica-pista-cura-vih_0_18_800_498.jpg?resize=525%2C300&ssl=1 1.5x, https:\/\/i0.wp.com\/www.grieta.org.mx\/wp-content\/uploads\/2019\/11\/mutacion-genetica-pista-cura-vih_0_18_800_498.jpg?resize=700%2C400&ssl=1 2x"},"classes":[]},{"id":33191,"url":"https:\/\/www.grieta.org.mx\/index.php\/2019\/05\/06\/preven-muerte-de-enfermos-con-vih-en-tamaulipas-por-falta-de-medicamentos\/","url_meta":{"origin":40539,"position":3},"title":"Prev\u00e9n muerte de enfermos con VIH en Tamaulipas por falta de medicamentos","author":"grieta","date":"6 mayo, 2019","format":false,"excerpt":"Carlos Ju\u00e1rez \/ Hoy Tamaulipas Es urgente que el Gobierno Federal dote de los f\u00e1rmacos a trav\u00e9s del Seguro Popular, debido a que estos pacientes pueden ser v\u00edctimas de una infecci\u00f3n oportunista Altamira, Tamaulipas. - La muerte de cientos de pacientes enfermos con el Virus de Inmunodeficiencia Humana (VIH) se\u2026","rel":"","context":"En &quot;CINTILLO&quot;","block_context":{"text":"CINTILLO","link":"https:\/\/www.grieta.org.mx\/index.php\/category\/cintillo\/"},"img":{"alt_text":"","src":"https:\/\/i0.wp.com\/www.grieta.org.mx\/wp-content\/uploads\/2019\/05\/Prev%C3%A9n-muerte-de-enfermos-con-VIH-en-Tamaulipas-may.jpg?resize=350%2C200&ssl=1","width":350,"height":200,"srcset":"https:\/\/i0.wp.com\/www.grieta.org.mx\/wp-content\/uploads\/2019\/05\/Prev%C3%A9n-muerte-de-enfermos-con-VIH-en-Tamaulipas-may.jpg?resize=350%2C200&ssl=1 1x, https:\/\/i0.wp.com\/www.grieta.org.mx\/wp-content\/uploads\/2019\/05\/Prev%C3%A9n-muerte-de-enfermos-con-VIH-en-Tamaulipas-may.jpg?resize=525%2C300&ssl=1 1.5x, https:\/\/i0.wp.com\/www.grieta.org.mx\/wp-content\/uploads\/2019\/05\/Prev%C3%A9n-muerte-de-enfermos-con-VIH-en-Tamaulipas-may.jpg?resize=700%2C400&ssl=1 2x"},"classes":[]},{"id":42375,"url":"https:\/\/www.grieta.org.mx\/index.php\/2019\/12\/19\/denuncian-falta-de-antirretrovirales-en-el-imss-jalisco\/","url_meta":{"origin":40539,"position":4},"title":"Denuncian falta de antirretrovirales en el IMSS Jalisco","author":"grieta","date":"19 diciembre, 2019","format":false,"excerpt":"Las cl\u00ednicas donde han encontrado desabasto son 45, 46, 110 y 180, ubicadas en Guadalajara y Tlajomulco de Z\u00fa\u00f1iga Foto: Antonio Miramontes Viridiana Saavedra \/ El Occidental Desde hace mes y medio hay desabasto de antirretrovirales en el Instituto Mexicano del Seguro Social (IMSS), informaron miembros de organismos que colaboran\u2026","rel":"","context":"En &quot;CINTILLO&quot;","block_context":{"text":"CINTILLO","link":"https:\/\/www.grieta.org.mx\/index.php\/category\/cintillo\/"},"img":{"alt_text":"","src":"https:\/\/i0.wp.com\/www.grieta.org.mx\/wp-content\/uploads\/2019\/12\/WhatsApp-Image-2019-12-19-at-11.31.08.jpeg?resize=350%2C200&ssl=1","width":350,"height":200,"srcset":"https:\/\/i0.wp.com\/www.grieta.org.mx\/wp-content\/uploads\/2019\/12\/WhatsApp-Image-2019-12-19-at-11.31.08.jpeg?resize=350%2C200&ssl=1 1x, https:\/\/i0.wp.com\/www.grieta.org.mx\/wp-content\/uploads\/2019\/12\/WhatsApp-Image-2019-12-19-at-11.31.08.jpeg?resize=525%2C300&ssl=1 1.5x, https:\/\/i0.wp.com\/www.grieta.org.mx\/wp-content\/uploads\/2019\/12\/WhatsApp-Image-2019-12-19-at-11.31.08.jpeg?resize=700%2C400&ssl=1 2x"},"classes":[]},{"id":33182,"url":"https:\/\/www.grieta.org.mx\/index.php\/2019\/05\/06\/amenazan-en-altamira-con-llevar-a-muertos-por-sida-ante-amlo-tamaulipas\/","url_meta":{"origin":40539,"position":5},"title":"Amenazan en Altamira con llevar a muertos por SIDA ante AMLO (Tamaulipas)","author":"grieta","date":"6 mayo, 2019","format":false,"excerpt":"Carlos Ju\u00e1rez \/ Hoy Tamaulipas Se iniciar\u00e1 un amparo colectivo debido a que desde hace dos meses los pacientes con VIH carecen de antirretrovirales, se\u00f1al\u00f3 el presidente de la Asociaci\u00f3n Civil Tendremos Alas, Celso P\u00e9rez Altamira, Tamaulipas. - Asociaciones protectoras de personas con VIH\/SIDA en el sur de Tamaulipas, amenazan\u2026","rel":"","context":"En &quot;CINTILLO&quot;","block_context":{"text":"CINTILLO","link":"https:\/\/www.grieta.org.mx\/index.php\/category\/cintillo\/"},"img":{"alt_text":"","src":"https:\/\/i0.wp.com\/www.grieta.org.mx\/wp-content\/uploads\/2019\/05\/Amenazan-en-Altamira-con-llevar-a-muertos-por-tama-may.jpg?resize=350%2C200&ssl=1","width":350,"height":200,"srcset":"https:\/\/i0.wp.com\/www.grieta.org.mx\/wp-content\/uploads\/2019\/05\/Amenazan-en-Altamira-con-llevar-a-muertos-por-tama-may.jpg?resize=350%2C200&ssl=1 1x, https:\/\/i0.wp.com\/www.grieta.org.mx\/wp-content\/uploads\/2019\/05\/Amenazan-en-Altamira-con-llevar-a-muertos-por-tama-may.jpg?resize=525%2C300&ssl=1 1.5x, https:\/\/i0.wp.com\/www.grieta.org.mx\/wp-content\/uploads\/2019\/05\/Amenazan-en-Altamira-con-llevar-a-muertos-por-tama-may.jpg?resize=700%2C400&ssl=1 2x"},"classes":[]}],"_links":{"self":[{"href":"https:\/\/www.grieta.org.mx\/index.php\/wp-json\/wp\/v2\/posts\/40539","targetHints":{"allow":["GET"]}}],"collection":[{"href":"https:\/\/www.grieta.org.mx\/index.php\/wp-json\/wp\/v2\/posts"}],"about":[{"href":"https:\/\/www.grieta.org.mx\/index.php\/wp-json\/wp\/v2\/types\/post"}],"author":[{"embeddable":true,"href":"https:\/\/www.grieta.org.mx\/index.php\/wp-json\/wp\/v2\/users\/2"}],"replies":[{"embeddable":true,"href":"https:\/\/www.grieta.org.mx\/index.php\/wp-json\/wp\/v2\/comments?post=40539"}],"version-history":[{"count":1,"href":"https:\/\/www.grieta.org.mx\/index.php\/wp-json\/wp\/v2\/posts\/40539\/revisions"}],"predecessor-version":[{"id":40541,"href":"https:\/\/www.grieta.org.mx\/index.php\/wp-json\/wp\/v2\/posts\/40539\/revisions\/40541"}],"wp:featuredmedia":[{"embeddable":true,"href":"https:\/\/www.grieta.org.mx\/index.php\/wp-json\/wp\/v2\/media\/40540"}],"wp:attachment":[{"href":"https:\/\/www.grieta.org.mx\/index.php\/wp-json\/wp\/v2\/media?parent=40539"}],"wp:term":[{"taxonomy":"category","embeddable":true,"href":"https:\/\/www.grieta.org.mx\/index.php\/wp-json\/wp\/v2\/categories?post=40539"},{"taxonomy":"post_tag","embeddable":true,"href":"https:\/\/www.grieta.org.mx\/index.php\/wp-json\/wp\/v2\/tags?post=40539"}],"curies":[{"name":"wp","href":"https:\/\/api.w.org\/{rel}","templated":true}]}}