{"id":40529,"date":"2019-10-26T17:15:05","date_gmt":"2019-10-26T22:15:05","guid":{"rendered":"http:\/\/www.grieta.org.mx\/?p=40529"},"modified":"2019-10-26T17:15:05","modified_gmt":"2019-10-26T22:15:05","slug":"despojan-de-jardin-a-vecinos-ciudad-de-mexico","status":"publish","type":"post","link":"https:\/\/www.grieta.org.mx\/index.php\/2019\/10\/26\/despojan-de-jardin-a-vecinos-ciudad-de-mexico\/","title":{"rendered":"Despojan de jard\u00edn a vecinos (Ciudad de M\u00e9xico)"},"content":{"rendered":"<p><img loading=\"lazy\" decoding=\"async\" data-attachment-id=\"40530\" data-permalink=\"https:\/\/www.grieta.org.mx\/index.php\/2019\/10\/26\/despojan-de-jardin-a-vecinos-ciudad-de-mexico\/despojan-de-jardin-a-vecinos-cdmx-oct\/\" data-orig-file=\"https:\/\/www.grieta.org.mx\/wp-content\/uploads\/2019\/10\/Despojan-de-jard\u00edn-a-vecinos-cdmx-oct.jpg\" data-orig-size=\"640,478\" data-comments-opened=\"0\" data-image-meta=\"{&quot;aperture&quot;:&quot;0&quot;,&quot;credit&quot;:&quot;&quot;,&quot;camera&quot;:&quot;&quot;,&quot;caption&quot;:&quot;&quot;,&quot;created_timestamp&quot;:&quot;0&quot;,&quot;copyright&quot;:&quot;&quot;,&quot;focal_length&quot;:&quot;0&quot;,&quot;iso&quot;:&quot;0&quot;,&quot;shutter_speed&quot;:&quot;0&quot;,&quot;title&quot;:&quot;&quot;,&quot;orientation&quot;:&quot;0&quot;}\" data-image-title=\"Despojan de jard\u00edn a vecinos cdmx oct\" data-image-description=\"\" data-image-caption=\"\" data-medium-file=\"https:\/\/www.grieta.org.mx\/wp-content\/uploads\/2019\/10\/Despojan-de-jard\u00edn-a-vecinos-cdmx-oct-300x224.jpg\" data-large-file=\"https:\/\/www.grieta.org.mx\/wp-content\/uploads\/2019\/10\/Despojan-de-jard\u00edn-a-vecinos-cdmx-oct.jpg\" class=\"aligncenter size-full wp-image-40530\" src=\"http:\/\/www.grieta.org.mx\/wp-content\/uploads\/2019\/10\/Despojan-de-jard\u00edn-a-vecinos-cdmx-oct.jpg\" alt=\"\" width=\"640\" height=\"478\" srcset=\"https:\/\/www.grieta.org.mx\/wp-content\/uploads\/2019\/10\/Despojan-de-jard\u00edn-a-vecinos-cdmx-oct.jpg 640w, https:\/\/www.grieta.org.mx\/wp-content\/uploads\/2019\/10\/Despojan-de-jard\u00edn-a-vecinos-cdmx-oct-300x224.jpg 300w\" sizes=\"auto, (max-width: 640px) 100vw, 640px\" \/><br \/>\nHugo Hern\u00e1ndez \/ Diario Basta<\/p>\n<blockquote><p>Trabajadores de la alcald\u00eda pretenden construir un PILARES en la propiedad privada<\/p><\/blockquote>\n<p>Vecinos del Conjunto Habitacional Mixcoac, Lomas de Plateros, colonia Merced G\u00f3mez, denunciaron a este medio el despojo de un jard\u00edn por parte de trabajadores de la alcald\u00eda \u00c1lvaro Obreg\u00f3n, con el pretexto de construir un Punto de Innovaci\u00f3n, Libertad, Arte, Educaci\u00f3n y Saberes (PILARES), siendo un \u00e1rea com\u00fan del propio fraccionamiento, con lo cual les prohibieron el paso a los habitantes de esa unidad.<\/p>\n<p>Para finales de 2020, la meta del Gobierno local, es contar con un total de 300 PILARES, hasta ahora existen solo 60, por lo que derivado de esa meta, las autoridades de la demarcaci\u00f3n han estado buscando diversos espacios para continuar con la construcci\u00f3n de los mismos.<\/p>\n<p>A decir de los vecinos, en d\u00edas recientes se percataron de la presencia de personal de la alcald\u00eda tomando medidas en el jard\u00edn, el cual tiene un r\u00e9gimen C4 al C10 dentro del Conjunto Habitacional Mixcoac, ubicado en la calle Francisco P. Miranda, por lo que preguntaron sobre las mediciones, a lo que respondieron que ah\u00ed se construir\u00eda un PILARES y, que en ese jard\u00edn \u201cya no se permitir\u00eda el acceso a los usuarios por el inicio de la construcci\u00f3n\u201d.<\/p>\n<p>Situaci\u00f3n que alert\u00f3 a los vecinos y due\u00f1os de los departamentos de esa unidad, pues ese jard\u00edn es parte de la propiedad en condominio.<\/p>\n<p>Sin embargo, los habitantes y propietarios en com\u00fan de ese espacio no han sido notificados y mucho menos han autorizado ning\u00fan tipo de construcci\u00f3n, que lo \u00fanico que se tiene con la alcald\u00eda \u00c1lvaro Obreg\u00f3n desde hace a\u00f1os, es un convenio para que se le brinde mantenimiento al \u00e1rea de esparcimiento.<\/p>\n<p>Este jard\u00edn por muchos a\u00f1os estuvo abandonado por las autoridades y gracias a la organizaci\u00f3n de los vecinos de la Unidad Plateros y de la colonia Merced G\u00f3mez ahora se encuentra en \u00f3ptimas condiciones, denunciaron los vecinos.<\/p>\n<p>En ese sentido, el diputado del PAN, Pablo Montes de Oca, dijo que es injusto que la alcald\u00eda de \u00c1lvaro Obreg\u00f3n quieran quitarle a la ciudadan\u00eda esta \u00e1rea recreativa que beneficia a varias colonias.<\/p>\n<p><a href=\"http:\/\/diariobasta.com\/2019\/10\/26\/despojan-de-jardin-a-vecinos\/\" rel=\"noopener noreferrer\" target=\"_blank\">http:\/\/diariobasta.com\/2019\/10\/26\/despojan-de-jardin-a-vecinos\/<\/a><\/p>\n","protected":false},"excerpt":{"rendered":"<p>Hugo Hern\u00e1ndez \/ Diario Basta Trabajadores de la alcald\u00eda pretenden construir un PILARES en la propiedad privada Vecinos del Conjunto Habitacional Mixcoac, Lomas de Plateros, colonia Merced G\u00f3mez, denunciaron a &hellip; <a href=\"https:\/\/www.grieta.org.mx\/index.php\/2019\/10\/26\/despojan-de-jardin-a-vecinos-ciudad-de-mexico\/\" class=\"more-link\">Leer m\u00e1s<\/a><\/p>\n","protected":false},"author":2,"featured_media":40530,"comment_status":"closed","ping_status":"closed","sticky":false,"template":"","format":"standard","meta":{"ngg_post_thumbnail":0,"_jetpack_newsletter_access":"","_jetpack_dont_email_post_to_subs":false,"_jetpack_newsletter_tier_id":0,"_jetpack_memberships_contains_paywalled_content":false,"_jetpack_memberships_contains_paid_content":false,"footnotes":""},"categories":[80,14,2065,2],"tags":[184,1587,1475],"class_list":["post-40529","post","type-post","status-publish","format-standard","has-post-thumbnail","hentry","category-cintillo","category-ciudad-de-mexico","category-movilizaciones-y-protestas-de-habitantes-de-la-ciudad-de-mexico","category-noticias-nacionales","tag-despojo","tag-protestas-vecinales","tag-vecinos","entry"],"jetpack_featured_media_url":"https:\/\/www.grieta.org.mx\/wp-content\/uploads\/2019\/10\/Despojan-de-jard\u00edn-a-vecinos-cdmx-oct.jpg","jetpack_sharing_enabled":true,"jetpack_shortlink":"https:\/\/wp.me\/p7ZJR4-axH","jetpack_likes_enabled":false,"jetpack-related-posts":[{"id":58903,"url":"https:\/\/www.grieta.org.mx\/index.php\/2021\/04\/19\/vecinos-de-azcapotzalco-protestan-contra-construccion-de-mega-obras-ciudad-de-mexico\/","url_meta":{"origin":40529,"position":0},"title":"Vecinos de Azcapotzalco protestan contra construcci\u00f3n de mega obras (Ciudad de M\u00e9xico)","author":"grieta","date":"19 abril, 2021","format":false,"excerpt":"Ram\u00f3n Ram\u00edrez \/ Milenio Foto tomada de: Milenio Acusan que la alcald\u00eda ha realizado cambios de uso de suelo con el objetivo de permitir la construcci\u00f3n de obras que salen del n\u00famero de pisos.\u00a0 Vecinos de varias colonias en la alcald\u00eda Azcapotzalco bloquean la vialidad del Eje 3 norte Cuitl\u00e1huac\u2026","rel":"","context":"En &quot;CINTILLO&quot;","block_context":{"text":"CINTILLO","link":"https:\/\/www.grieta.org.mx\/index.php\/category\/cintillo\/"},"img":{"alt_text":"","src":"https:\/\/i0.wp.com\/www.grieta.org.mx\/wp-content\/uploads\/2021\/04\/Vecinos-de-Azcapotzalco-protestan-contra-construccion-de-mega-obras-cdmx-abr.jpg?resize=350%2C200&ssl=1","width":350,"height":200,"srcset":"https:\/\/i0.wp.com\/www.grieta.org.mx\/wp-content\/uploads\/2021\/04\/Vecinos-de-Azcapotzalco-protestan-contra-construccion-de-mega-obras-cdmx-abr.jpg?resize=350%2C200&ssl=1 1x, https:\/\/i0.wp.com\/www.grieta.org.mx\/wp-content\/uploads\/2021\/04\/Vecinos-de-Azcapotzalco-protestan-contra-construccion-de-mega-obras-cdmx-abr.jpg?resize=525%2C300&ssl=1 1.5x, https:\/\/i0.wp.com\/www.grieta.org.mx\/wp-content\/uploads\/2021\/04\/Vecinos-de-Azcapotzalco-protestan-contra-construccion-de-mega-obras-cdmx-abr.jpg?resize=700%2C400&ssl=1 2x"},"classes":[]},{"id":59746,"url":"https:\/\/www.grieta.org.mx\/index.php\/2021\/06\/09\/pobladores-alertan-que-sin-permiso-ni-consulta-alcaldia-de-xochimilco-se-lleva-su-agua-ciudad-de-mexico\/","url_meta":{"origin":40529,"position":1},"title":"Pobladores alertan que, sin permiso ni consulta, alcald\u00eda de Xochimilco se lleva su agua (Ciudad de M\u00e9xico)","author":"grieta","date":"9 junio, 2021","format":false,"excerpt":"Texto y fotos: Arturo Contreras Camero Pie de P\u00e1gina Habitantes de San Mateo Xalpa en Xochimilco descubrieron que trabajadores de la alcald\u00eda mintieron cuando dijeron que reparar\u00edan la red de agua y m\u00e1s bien introducir\u00edan una nueva tuber\u00eda en uno de los tanques de bombeo del pueblo. Los vecinos se\u2026","rel":"","context":"En &quot;CINTILLO&quot;","block_context":{"text":"CINTILLO","link":"https:\/\/www.grieta.org.mx\/index.php\/category\/cintillo\/"},"img":{"alt_text":"","src":"https:\/\/i0.wp.com\/www.grieta.org.mx\/wp-content\/uploads\/2021\/06\/Pobladores-alertan-que-sin-permiso-ni-consulta-alcaldia-de-Xochimilco-se-lleva-su-agua-cdmx-jun.jpg?resize=350%2C200&ssl=1","width":350,"height":200,"srcset":"https:\/\/i0.wp.com\/www.grieta.org.mx\/wp-content\/uploads\/2021\/06\/Pobladores-alertan-que-sin-permiso-ni-consulta-alcaldia-de-Xochimilco-se-lleva-su-agua-cdmx-jun.jpg?resize=350%2C200&ssl=1 1x, https:\/\/i0.wp.com\/www.grieta.org.mx\/wp-content\/uploads\/2021\/06\/Pobladores-alertan-que-sin-permiso-ni-consulta-alcaldia-de-Xochimilco-se-lleva-su-agua-cdmx-jun.jpg?resize=525%2C300&ssl=1 1.5x, https:\/\/i0.wp.com\/www.grieta.org.mx\/wp-content\/uploads\/2021\/06\/Pobladores-alertan-que-sin-permiso-ni-consulta-alcaldia-de-Xochimilco-se-lleva-su-agua-cdmx-jun.jpg?resize=700%2C400&ssl=1 2x"},"classes":[]},{"id":61444,"url":"https:\/\/www.grieta.org.mx\/index.php\/2021\/08\/29\/vecinos-se-oponen-a-construccion-de-banco-del-bienestar-en-parque-de-coyoacan-cdmx\/","url_meta":{"origin":40529,"position":2},"title":"Vecinos se oponen a construcci\u00f3n de Banco del Bienestar en parque de Coyoac\u00e1n, CdMx","author":"grieta","date":"29 agosto, 2021","format":false,"excerpt":"Redacci\u00f3n \/ SinEmbargo Habitantes de la Alcald\u00eda de Coyoac\u00e1n protestaron en contra de la construcci\u00f3n de una sucursal del Banco del Bienestar que se edificar\u00eda en el parque Xicot\u00e9ncatl; denunciaron que no fueron consultados previamente. Ciudad de M\u00e9xico, 29 de agosto (SinEmbargo).\u2013 Vecinos de la colonia San Diego Churubusco y\u2026","rel":"","context":"En &quot;CINTILLO&quot;","block_context":{"text":"CINTILLO","link":"https:\/\/www.grieta.org.mx\/index.php\/category\/cintillo\/"},"img":{"alt_text":"","src":"https:\/\/i0.wp.com\/www.grieta.org.mx\/wp-content\/uploads\/2021\/09\/Vecinos-se-oponen-a-construccion-de-Banco-del-Bienestar-en-parque-de-Coyoacan-CdMx-ago.jpg?resize=350%2C200&ssl=1","width":350,"height":200,"srcset":"https:\/\/i0.wp.com\/www.grieta.org.mx\/wp-content\/uploads\/2021\/09\/Vecinos-se-oponen-a-construccion-de-Banco-del-Bienestar-en-parque-de-Coyoacan-CdMx-ago.jpg?resize=350%2C200&ssl=1 1x, https:\/\/i0.wp.com\/www.grieta.org.mx\/wp-content\/uploads\/2021\/09\/Vecinos-se-oponen-a-construccion-de-Banco-del-Bienestar-en-parque-de-Coyoacan-CdMx-ago.jpg?resize=525%2C300&ssl=1 1.5x, https:\/\/i0.wp.com\/www.grieta.org.mx\/wp-content\/uploads\/2021\/09\/Vecinos-se-oponen-a-construccion-de-Banco-del-Bienestar-en-parque-de-Coyoacan-CdMx-ago.jpg?resize=700%2C400&ssl=1 2x, https:\/\/i0.wp.com\/www.grieta.org.mx\/wp-content\/uploads\/2021\/09\/Vecinos-se-oponen-a-construccion-de-Banco-del-Bienestar-en-parque-de-Coyoacan-CdMx-ago.jpg?resize=1050%2C600&ssl=1 3x"},"classes":[]},{"id":63889,"url":"https:\/\/www.grieta.org.mx\/index.php\/2022\/04\/02\/construiran-pozo-de-agua-en-pueblo-de-xoco-mientras-vecinos-denuncian-mas-agresiones-ciudad-de-mexico\/","url_meta":{"origin":40529,"position":3},"title":"Construir\u00e1n pozo de agua en Pueblo de Xoco, mientras vecinos denuncian m\u00e1s agresiones (Ciudad de M\u00e9xico)","author":"grieta","date":"2 abril, 2022","format":false,"excerpt":"Alberto Cuenca \/ Capital CDMX En el pueblo de Xoco, donde habitantes de la zona mantienen una f\u00e9rrea oposici\u00f3n al desarrollo inmobiliario de M\u00edtikah, autoridades capitalinas construir\u00e1n un nuevo pozo de agua. A decir de la jefa de gobierno Claudia Sheinbaum, la construcci\u00f3n de ese y otros pozos en la\u2026","rel":"","context":"En &quot;CINTILLO&quot;","block_context":{"text":"CINTILLO","link":"https:\/\/www.grieta.org.mx\/index.php\/category\/cintillo\/"},"img":{"alt_text":"","src":"https:\/\/i0.wp.com\/www.grieta.org.mx\/wp-content\/uploads\/2018\/03\/14524434_1106112876131411_958039263622046936_o.jpg?resize=350%2C200&ssl=1","width":350,"height":200,"srcset":"https:\/\/i0.wp.com\/www.grieta.org.mx\/wp-content\/uploads\/2018\/03\/14524434_1106112876131411_958039263622046936_o.jpg?resize=350%2C200&ssl=1 1x, https:\/\/i0.wp.com\/www.grieta.org.mx\/wp-content\/uploads\/2018\/03\/14524434_1106112876131411_958039263622046936_o.jpg?resize=525%2C300&ssl=1 1.5x, https:\/\/i0.wp.com\/www.grieta.org.mx\/wp-content\/uploads\/2018\/03\/14524434_1106112876131411_958039263622046936_o.jpg?resize=700%2C400&ssl=1 2x"},"classes":[]},{"id":33721,"url":"https:\/\/www.grieta.org.mx\/index.php\/2019\/05\/11\/fue-un-ecocidio-premeditado-vecinos-del-pueblo-de-xoco-narran-tala-irregular-de-arboles-ciudad-de-mexico\/","url_meta":{"origin":40529,"position":4},"title":"\u201cFue un ecocidio premeditado\u201d: vecinos del Pueblo de Xoco narran tala irregular de \u00e1rboles (Ciudad de M\u00e9xico)","author":"grieta","date":"11 mayo, 2019","format":false,"excerpt":"Siboney Flores\/Animal Pol\u00edtico Vecino cuentan como apenas un d\u00eda antes de lo que llaman uno de los peores \u201cecocidios\u201d de la ciudad, se percataron que los trabajadores de la constructora ya hab\u00edan talado \u00e1rboles. A los vecinos del Pueblo de Xoco nadie les saca de la cabeza que la tala\u2026","rel":"","context":"En &quot;CINTILLO&quot;","block_context":{"text":"CINTILLO","link":"https:\/\/www.grieta.org.mx\/index.php\/category\/cintillo\/"},"img":{"alt_text":"","src":"https:\/\/i0.wp.com\/www.grieta.org.mx\/wp-content\/uploads\/2019\/05\/2876F1A5-E16B-4770-A4B1-1D041EC12F56.jpeg?resize=350%2C200&ssl=1","width":350,"height":200,"srcset":"https:\/\/i0.wp.com\/www.grieta.org.mx\/wp-content\/uploads\/2019\/05\/2876F1A5-E16B-4770-A4B1-1D041EC12F56.jpeg?resize=350%2C200&ssl=1 1x, https:\/\/i0.wp.com\/www.grieta.org.mx\/wp-content\/uploads\/2019\/05\/2876F1A5-E16B-4770-A4B1-1D041EC12F56.jpeg?resize=525%2C300&ssl=1 1.5x, https:\/\/i0.wp.com\/www.grieta.org.mx\/wp-content\/uploads\/2019\/05\/2876F1A5-E16B-4770-A4B1-1D041EC12F56.jpeg?resize=700%2C400&ssl=1 2x"},"classes":[]},{"id":50938,"url":"https:\/\/www.grieta.org.mx\/index.php\/2020\/06\/17\/inmobiliaria-aprovecha-la-pandemia-para-reiniciar-obra-ilegal-en-periferico-sur-vecinos-de-villas-del-pedregal-protestan-ante-la-inaccion-de-las-autoridades-capitalinas-ciudad-de-mexico\/","url_meta":{"origin":40529,"position":5},"title":"Inmobiliaria aprovecha la pandemia para reiniciar obra ilegal en perif\u00e9rico sur. Vecinos de Villas del Pedregal protestan ante la inacci\u00f3n de las autoridades capitalinas (Ciudad de M\u00e9xico)","author":"grieta","date":"17 junio, 2020","format":false,"excerpt":"Colectivo Grieta Junio 16, 2020. Ciudad de M\u00e9xico.- Con cubrebocas y venciendo el temor a contagiarse de COVID-19, un grupo de vecinos de la Unidad Villas del Pedregal, ubicada en Perif\u00e9rico Sur, en la alcald\u00eda de Coyoac\u00e1n, salieron a la calle a protestar por la reanudaci\u00f3n de obras en el\u2026","rel":"","context":"En &quot;CINTILLO&quot;","block_context":{"text":"CINTILLO","link":"https:\/\/www.grieta.org.mx\/index.php\/category\/cintillo\/"},"img":{"alt_text":"","src":"https:\/\/i0.wp.com\/www.grieta.org.mx\/wp-content\/uploads\/2020\/06\/IMG-20200616-WA0034.jpg?resize=350%2C200&ssl=1","width":350,"height":200,"srcset":"https:\/\/i0.wp.com\/www.grieta.org.mx\/wp-content\/uploads\/2020\/06\/IMG-20200616-WA0034.jpg?resize=350%2C200&ssl=1 1x, https:\/\/i0.wp.com\/www.grieta.org.mx\/wp-content\/uploads\/2020\/06\/IMG-20200616-WA0034.jpg?resize=525%2C300&ssl=1 1.5x, https:\/\/i0.wp.com\/www.grieta.org.mx\/wp-content\/uploads\/2020\/06\/IMG-20200616-WA0034.jpg?resize=700%2C400&ssl=1 2x"},"classes":[]}],"_links":{"self":[{"href":"https:\/\/www.grieta.org.mx\/index.php\/wp-json\/wp\/v2\/posts\/40529","targetHints":{"allow":["GET"]}}],"collection":[{"href":"https:\/\/www.grieta.org.mx\/index.php\/wp-json\/wp\/v2\/posts"}],"about":[{"href":"https:\/\/www.grieta.org.mx\/index.php\/wp-json\/wp\/v2\/types\/post"}],"author":[{"embeddable":true,"href":"https:\/\/www.grieta.org.mx\/index.php\/wp-json\/wp\/v2\/users\/2"}],"replies":[{"embeddable":true,"href":"https:\/\/www.grieta.org.mx\/index.php\/wp-json\/wp\/v2\/comments?post=40529"}],"version-history":[{"count":1,"href":"https:\/\/www.grieta.org.mx\/index.php\/wp-json\/wp\/v2\/posts\/40529\/revisions"}],"predecessor-version":[{"id":40532,"href":"https:\/\/www.grieta.org.mx\/index.php\/wp-json\/wp\/v2\/posts\/40529\/revisions\/40532"}],"wp:featuredmedia":[{"embeddable":true,"href":"https:\/\/www.grieta.org.mx\/index.php\/wp-json\/wp\/v2\/media\/40530"}],"wp:attachment":[{"href":"https:\/\/www.grieta.org.mx\/index.php\/wp-json\/wp\/v2\/media?parent=40529"}],"wp:term":[{"taxonomy":"category","embeddable":true,"href":"https:\/\/www.grieta.org.mx\/index.php\/wp-json\/wp\/v2\/categories?post=40529"},{"taxonomy":"post_tag","embeddable":true,"href":"https:\/\/www.grieta.org.mx\/index.php\/wp-json\/wp\/v2\/tags?post=40529"}],"curies":[{"name":"wp","href":"https:\/\/api.w.org\/{rel}","templated":true}]}}