{"id":40520,"date":"2019-10-21T16:32:29","date_gmt":"2019-10-21T21:32:29","guid":{"rendered":"http:\/\/www.grieta.org.mx\/?p=40520"},"modified":"2019-10-26T18:20:03","modified_gmt":"2019-10-26T23:20:03","slug":"hospitales-privados-abusan-en-sus-cobros-nayarit","status":"publish","type":"post","link":"https:\/\/www.grieta.org.mx\/index.php\/2019\/10\/21\/hospitales-privados-abusan-en-sus-cobros-nayarit\/","title":{"rendered":"Hospitales privados abusan en sus cobros (Nayarit)"},"content":{"rendered":"<p><img loading=\"lazy\" decoding=\"async\" data-attachment-id=\"40531\" data-permalink=\"https:\/\/www.grieta.org.mx\/index.php\/2019\/10\/21\/hospitales-privados-abusan-en-sus-cobros-nayarit\/pacientes\/\" data-orig-file=\"https:\/\/www.grieta.org.mx\/wp-content\/uploads\/2019\/10\/PACIENTES.jpg\" data-orig-size=\"800,500\" data-comments-opened=\"0\" data-image-meta=\"{&quot;aperture&quot;:&quot;0&quot;,&quot;credit&quot;:&quot;&quot;,&quot;camera&quot;:&quot;&quot;,&quot;caption&quot;:&quot;&quot;,&quot;created_timestamp&quot;:&quot;0&quot;,&quot;copyright&quot;:&quot;&quot;,&quot;focal_length&quot;:&quot;0&quot;,&quot;iso&quot;:&quot;0&quot;,&quot;shutter_speed&quot;:&quot;0&quot;,&quot;title&quot;:&quot;&quot;,&quot;orientation&quot;:&quot;0&quot;}\" data-image-title=\"PACIENTES\" data-image-description=\"\" data-image-caption=\"\" data-medium-file=\"https:\/\/www.grieta.org.mx\/wp-content\/uploads\/2019\/10\/PACIENTES-300x188.jpg\" data-large-file=\"https:\/\/www.grieta.org.mx\/wp-content\/uploads\/2019\/10\/PACIENTES.jpg\" class=\"aligncenter  wp-image-40531\" src=\"http:\/\/www.grieta.org.mx\/wp-content\/uploads\/2019\/10\/PACIENTES.jpg\" alt=\"\" width=\"795\" height=\"497\" srcset=\"https:\/\/www.grieta.org.mx\/wp-content\/uploads\/2019\/10\/PACIENTES.jpg 800w, https:\/\/www.grieta.org.mx\/wp-content\/uploads\/2019\/10\/PACIENTES-300x188.jpg 300w, https:\/\/www.grieta.org.mx\/wp-content\/uploads\/2019\/10\/PACIENTES-768x480.jpg 768w\" sizes=\"auto, (max-width: 795px) 100vw, 795px\" \/><\/p>\n<p>Javier Rojo Fregoso \/ Realidades Nayarit<\/p>\n<p>Tepic, Nayarit.- Son muchas quejas ciudadanas que est\u00e1n advirtiendo a sus compatriotas para que no se dejen \u201dsorprender\u201d por instituciones de salud que est\u00e1n aplicando, cobrando tarifas exageradas y anticonstitucionales por cualesquier atenci\u00f3n m\u00e9dica que solicitan o que necesitan con urgencia algunos de sus pacientes a los que les cobran \u201cla luna y las estrellas\u201d con cualesquier pretexto, y uno de estos es que nos dicen que por una simple \u201dterapia\u201d m\u00e9dica le est\u00e1n cobrando a sus enfermos TRES MIL PESOS, m\u00e1s el IVA, o sea que estos farsantes de la medicina, estos abusivos \u201cmercenarios del dolor\u201d no tienen sentimientos ni sensibilidad social y mucho menos \u00e9tica, porque todo lo ven con signos de pesos, a sus pacientes no les ven c\u00f3mo curarlos de sus dolores o enfermedades si no que primero le ven el \u201dbolsillo\u201d para ver si los reciben o no en la mayor\u00eda de los casos porque dicen que ha habido pacientes que los ignoran porque no les ven \u201dfuturo \u201dfinanciero.<\/p>\n<p>En s\u00edntesis dicen los quejosos familiares de enfermos que han tenido la necesidad de ser atendidos por ejemplo, en el Hospital Puerta de Hierro, que hace alusi\u00f3n a su nombre ya que sus administradores, sus due\u00f1os o sus socios son insensibles, sin Coraz\u00f3n, sin sensibilidad y mucho menos sin solidaridad con el pueblo trabajador que llega a dichas instalaciones enfermo y que ah\u00ed ya han fallecido muchas personas que dicen no les alcanz\u00f3 la existencia y mucho menos su salud para salir por su propio pie y pudi\u00e9semos se\u00f1alar nombres de personajes de la vida p\u00fablica que han llegado con alg\u00fan problema de salud y ah\u00ed han fallecido lamentablemente y bueno hay que se\u00f1alarlo que no es toda culpa de los m\u00e9dicos o enfermeras de dicho hospital si no del destino pero en el tema de la salud en este centro hospitalario que no se sabe a ciencia cierta qui\u00e9nes son sus verdaderos due\u00f1os.<\/p>\n<p><a href=\"http:\/\/realidadesperiodico.com\/local\/hospitales-privados-abusan-en-sus-cobros\/\">http:\/\/realidadesperiodico.com\/local\/hospitales-privados-abusan-en-sus-cobros\/<\/a><\/p>\n","protected":false},"excerpt":{"rendered":"<p>Javier Rojo Fregoso \/ Realidades Nayarit Tepic, Nayarit.- Son muchas quejas ciudadanas que est\u00e1n advirtiendo a sus compatriotas para que no se dejen \u201dsorprender\u201d por instituciones de salud que est\u00e1n &hellip; <a href=\"https:\/\/www.grieta.org.mx\/index.php\/2019\/10\/21\/hospitales-privados-abusan-en-sus-cobros-nayarit\/\" class=\"more-link\">Leer m\u00e1s<\/a><\/p>\n","protected":false},"author":2,"featured_media":40531,"comment_status":"closed","ping_status":"closed","sticky":false,"template":"","format":"standard","meta":{"ngg_post_thumbnail":0,"_jetpack_newsletter_access":"","_jetpack_dont_email_post_to_subs":false,"_jetpack_newsletter_tier_id":0,"_jetpack_memberships_contains_paywalled_content":false,"_jetpack_memberships_contains_paid_content":false,"footnotes":""},"categories":[80,918,2573,23,2,83],"tags":[2367,893,149],"class_list":["post-40520","post","type-post","status-publish","format-standard","has-post-thumbnail","hentry","category-cintillo","category-privatizacion-del-sector-salud","category-crisis-del-sector-salud-en-nayarit","category-nayarit","category-noticias-nacionales","category-temas-nacionales","tag-crisis-en-el-sector-salud","tag-privatizacion-de-la-salud","tag-salud","entry"],"jetpack_featured_media_url":"https:\/\/www.grieta.org.mx\/wp-content\/uploads\/2019\/10\/PACIENTES.jpg","jetpack_sharing_enabled":true,"jetpack_shortlink":"https:\/\/wp.me\/p7ZJR4-axy","jetpack_likes_enabled":false,"jetpack-related-posts":[{"id":48604,"url":"https:\/\/www.grieta.org.mx\/index.php\/2020\/04\/28\/pide-universidad-de-nayarit-a-sector-salud-retirar-internos-durante-pandemia\/","url_meta":{"origin":40520,"position":0},"title":"Pide Universidad de Nayarit a sector Salud retirar internos durante pandemia","author":"grieta","date":"28 abril, 2020","format":false,"excerpt":"Foto: Cortes\u00eda Crys Ben\u00edtez \/ El Occidental Tepic, Nayarit.- Derivado del peligro que representa que los estudiantes se encuentren durante la pandemia, terminando sus estad\u00edas o servicio social, la Universidad Aut\u00f3noma de Nayarit (UAN), se pronuncia en contra de que sigan asistiendo, ya que ellos como instituci\u00f3n est\u00e1n obligada a\u2026","rel":"","context":"En &quot;CINTILLO&quot;","block_context":{"text":"CINTILLO","link":"https:\/\/www.grieta.org.mx\/index.php\/category\/cintillo\/"},"img":{"alt_text":"","src":"https:\/\/i0.wp.com\/www.grieta.org.mx\/wp-content\/uploads\/2020\/05\/uan.jpg?resize=350%2C200&ssl=1","width":350,"height":200,"srcset":"https:\/\/i0.wp.com\/www.grieta.org.mx\/wp-content\/uploads\/2020\/05\/uan.jpg?resize=350%2C200&ssl=1 1x, https:\/\/i0.wp.com\/www.grieta.org.mx\/wp-content\/uploads\/2020\/05\/uan.jpg?resize=525%2C300&ssl=1 1.5x, https:\/\/i0.wp.com\/www.grieta.org.mx\/wp-content\/uploads\/2020\/05\/uan.jpg?resize=700%2C400&ssl=1 2x"},"classes":[]},{"id":49326,"url":"https:\/\/www.grieta.org.mx\/index.php\/2020\/05\/12\/estudiantes-de-medicina-en-riesgo-nayarit\/","url_meta":{"origin":40520,"position":1},"title":"Estudiantes de Medicina en riesgo (Nayarit)","author":"grieta","date":"12 mayo, 2020","format":false,"excerpt":"Foto: Realidades de Nayarit Sus familiares est\u00e1n preocupados porque en los hospitales que se les asign\u00f3 para sus pr\u00e1cticas, no les dan equipo de protecci\u00f3n contra el Coronavirus Tepic, Nayarit.- Martes 12 de mayo del 2020.- Son alrededor de trescientos alumnos de medicina y\u00a0 enfermer\u00eda \u00a0los que est\u00e1n a punto\u2026","rel":"","context":"En &quot;CINTILLO&quot;","block_context":{"text":"CINTILLO","link":"https:\/\/www.grieta.org.mx\/index.php\/category\/cintillo\/"},"img":{"alt_text":"","src":"https:\/\/i0.wp.com\/www.grieta.org.mx\/wp-content\/uploads\/2020\/05\/ESTUDIANTES.jpg?resize=350%2C200&ssl=1","width":350,"height":200,"srcset":"https:\/\/i0.wp.com\/www.grieta.org.mx\/wp-content\/uploads\/2020\/05\/ESTUDIANTES.jpg?resize=350%2C200&ssl=1 1x, https:\/\/i0.wp.com\/www.grieta.org.mx\/wp-content\/uploads\/2020\/05\/ESTUDIANTES.jpg?resize=525%2C300&ssl=1 1.5x"},"classes":[]},{"id":53003,"url":"https:\/\/www.grieta.org.mx\/index.php\/2020\/09\/04\/cierran-el-nuevo-hospital-del-issste-nayarit\/","url_meta":{"origin":40520,"position":2},"title":"Cierran el nuevo hospital del ISSSTE (Nayarit)","author":"grieta","date":"4 septiembre, 2020","format":false,"excerpt":"Foto: Realidades de Nayarit Durante 5 d\u00edas no funcionar\u00e1 porque culminaron los contratos del personal m\u00e9dico que laboran all\u00ed Mildra Ben\u00edtez Robledo \/ Realidades de Nayarit Tepic, Nayarit.- Viernes 04 de septiembre del 2020.- El hospital del ISSSTE ubicado en la zona de La Cantera, Tepic, mismo que atiende a\u2026","rel":"","context":"En &quot;CINTILLO&quot;","block_context":{"text":"CINTILLO","link":"https:\/\/www.grieta.org.mx\/index.php\/category\/cintillo\/"},"img":{"alt_text":"","src":"https:\/\/i0.wp.com\/www.grieta.org.mx\/wp-content\/uploads\/2020\/09\/hospital.jpg?resize=350%2C200&ssl=1","width":350,"height":200,"srcset":"https:\/\/i0.wp.com\/www.grieta.org.mx\/wp-content\/uploads\/2020\/09\/hospital.jpg?resize=350%2C200&ssl=1 1x, https:\/\/i0.wp.com\/www.grieta.org.mx\/wp-content\/uploads\/2020\/09\/hospital.jpg?resize=525%2C300&ssl=1 1.5x, https:\/\/i0.wp.com\/www.grieta.org.mx\/wp-content\/uploads\/2020\/09\/hospital.jpg?resize=700%2C400&ssl=1 2x"},"classes":[]},{"id":53267,"url":"https:\/\/www.grieta.org.mx\/index.php\/2020\/09\/07\/en-imss-nayarit-desabasto-de-tratamientos-de-vih-sida\/","url_meta":{"origin":40520,"position":3},"title":"En IMSS Nayarit, desabasto de tratamientos de VIH\/SIDA","author":"grieta","date":"7 septiembre, 2020","format":false,"excerpt":"Imagen: Realidades de Nayarit Mildra Ben\u00edtez Robledo Tepic, Nayarit.- Lunes 07 de septiembre del 2020.- El presidente en el Estado de la \u201cRed de Diversidad Sexual\u201d, Omar Cordero, denunci\u00f3 que desde que inici\u00f3 la pandemia por COVID-19 en la Entidad, el Instituto Mexicano del Seguro Social (IMSS), ha dejado de\u2026","rel":"","context":"En &quot;CINTILLO&quot;","block_context":{"text":"CINTILLO","link":"https:\/\/www.grieta.org.mx\/index.php\/category\/cintillo\/"},"img":{"alt_text":"","src":"https:\/\/i0.wp.com\/www.grieta.org.mx\/wp-content\/uploads\/2020\/09\/vih-1.jpg?resize=350%2C200&ssl=1","width":350,"height":200,"srcset":"https:\/\/i0.wp.com\/www.grieta.org.mx\/wp-content\/uploads\/2020\/09\/vih-1.jpg?resize=350%2C200&ssl=1 1x, https:\/\/i0.wp.com\/www.grieta.org.mx\/wp-content\/uploads\/2020\/09\/vih-1.jpg?resize=525%2C300&ssl=1 1.5x, https:\/\/i0.wp.com\/www.grieta.org.mx\/wp-content\/uploads\/2020\/09\/vih-1.jpg?resize=700%2C400&ssl=1 2x"},"classes":[]},{"id":46888,"url":"https:\/\/www.grieta.org.mx\/index.php\/2020\/03\/26\/gobernador-de-nayarit-tiene-a-los-hospitales-en-la-ruina\/","url_meta":{"origin":40520,"position":4},"title":"Gobernador de Nayarit tiene a los hospitales en la ruina","author":"grieta","date":"26 marzo, 2020","format":false,"excerpt":"Foto: Realidades de Nayarit Denuncian los trabajadores del Sector Salud que el gobernador panista, Antonio Echevarr\u00eda Garc\u00eda, se la ha llevado a puros salivazos, pero no se ha preocupado porque los hospitales y centros de salud cuenten con lo m\u00ednimo indispensable para enfrentar la pandemia del Coronavirus Mildra Ben\u00edtez Robledo\u2026","rel":"","context":"En &quot;CINTILLO&quot;","block_context":{"text":"CINTILLO","link":"https:\/\/www.grieta.org.mx\/index.php\/category\/cintillo\/"},"img":{"alt_text":"","src":"https:\/\/i0.wp.com\/www.grieta.org.mx\/wp-content\/uploads\/2018\/03\/14524434_1106112876131411_958039263622046936_o.jpg?resize=350%2C200&ssl=1","width":350,"height":200,"srcset":"https:\/\/i0.wp.com\/www.grieta.org.mx\/wp-content\/uploads\/2018\/03\/14524434_1106112876131411_958039263622046936_o.jpg?resize=350%2C200&ssl=1 1x, https:\/\/i0.wp.com\/www.grieta.org.mx\/wp-content\/uploads\/2018\/03\/14524434_1106112876131411_958039263622046936_o.jpg?resize=525%2C300&ssl=1 1.5x, https:\/\/i0.wp.com\/www.grieta.org.mx\/wp-content\/uploads\/2018\/03\/14524434_1106112876131411_958039263622046936_o.jpg?resize=700%2C400&ssl=1 2x"},"classes":[]},{"id":46525,"url":"https:\/\/www.grieta.org.mx\/index.php\/2020\/03\/13\/derechohabientes-del-issste-ven-en-riesgo-su-vida-por-la-falta-de-medicos-e-insumos-nayarit\/","url_meta":{"origin":40520,"position":5},"title":"Derechohabientes del ISSSTE ven en riesgo su vida por la falta de m\u00e9dicos e insumos (Nayarit)","author":"grieta","date":"13 marzo, 2020","format":false,"excerpt":"Foto: Ilustrativa Misael Santana Huerta \/ Realidades de Nayarit Tepic. Nayarit. A 13 de Marzo de 2020. Los pacientes que llegan al ISSSTE, al pisar el interior para ser valorado, ante la falta de medicamentos y atenci\u00f3n m\u00e9dica, no asegura salir con vida. Esta situaci\u00f3n se da m\u00e1s los s\u00e1bados\u2026","rel":"","context":"En &quot;CINTILLO&quot;","block_context":{"text":"CINTILLO","link":"https:\/\/www.grieta.org.mx\/index.php\/category\/cintillo\/"},"img":{"alt_text":"","src":"https:\/\/i0.wp.com\/www.grieta.org.mx\/wp-content\/uploads\/2020\/03\/ISSSTE-Tepic.jpg?resize=350%2C200&ssl=1","width":350,"height":200,"srcset":"https:\/\/i0.wp.com\/www.grieta.org.mx\/wp-content\/uploads\/2020\/03\/ISSSTE-Tepic.jpg?resize=350%2C200&ssl=1 1x, https:\/\/i0.wp.com\/www.grieta.org.mx\/wp-content\/uploads\/2020\/03\/ISSSTE-Tepic.jpg?resize=525%2C300&ssl=1 1.5x, https:\/\/i0.wp.com\/www.grieta.org.mx\/wp-content\/uploads\/2020\/03\/ISSSTE-Tepic.jpg?resize=700%2C400&ssl=1 2x"},"classes":[]}],"_links":{"self":[{"href":"https:\/\/www.grieta.org.mx\/index.php\/wp-json\/wp\/v2\/posts\/40520","targetHints":{"allow":["GET"]}}],"collection":[{"href":"https:\/\/www.grieta.org.mx\/index.php\/wp-json\/wp\/v2\/posts"}],"about":[{"href":"https:\/\/www.grieta.org.mx\/index.php\/wp-json\/wp\/v2\/types\/post"}],"author":[{"embeddable":true,"href":"https:\/\/www.grieta.org.mx\/index.php\/wp-json\/wp\/v2\/users\/2"}],"replies":[{"embeddable":true,"href":"https:\/\/www.grieta.org.mx\/index.php\/wp-json\/wp\/v2\/comments?post=40520"}],"version-history":[{"count":1,"href":"https:\/\/www.grieta.org.mx\/index.php\/wp-json\/wp\/v2\/posts\/40520\/revisions"}],"predecessor-version":[{"id":40534,"href":"https:\/\/www.grieta.org.mx\/index.php\/wp-json\/wp\/v2\/posts\/40520\/revisions\/40534"}],"wp:featuredmedia":[{"embeddable":true,"href":"https:\/\/www.grieta.org.mx\/index.php\/wp-json\/wp\/v2\/media\/40531"}],"wp:attachment":[{"href":"https:\/\/www.grieta.org.mx\/index.php\/wp-json\/wp\/v2\/media?parent=40520"}],"wp:term":[{"taxonomy":"category","embeddable":true,"href":"https:\/\/www.grieta.org.mx\/index.php\/wp-json\/wp\/v2\/categories?post=40520"},{"taxonomy":"post_tag","embeddable":true,"href":"https:\/\/www.grieta.org.mx\/index.php\/wp-json\/wp\/v2\/tags?post=40520"}],"curies":[{"name":"wp","href":"https:\/\/api.w.org\/{rel}","templated":true}]}}