{"id":40483,"date":"2019-10-25T10:41:43","date_gmt":"2019-10-25T15:41:43","guid":{"rendered":"http:\/\/www.grieta.org.mx\/?p=40483"},"modified":"2019-10-26T15:01:24","modified_gmt":"2019-10-26T20:01:24","slug":"mayas-de-yucatan-demandaran-a-gobierno-por-conflicto-agrario","status":"publish","type":"post","link":"https:\/\/www.grieta.org.mx\/index.php\/2019\/10\/25\/mayas-de-yucatan-demandaran-a-gobierno-por-conflicto-agrario\/","title":{"rendered":"Mayas de Yucat\u00e1n demandar\u00e1n a gobierno por conflicto agrario"},"content":{"rendered":"<p><img loading=\"lazy\" decoding=\"async\" data-attachment-id=\"40490\" data-permalink=\"https:\/\/www.grieta.org.mx\/index.php\/2019\/10\/25\/mayas-de-yucatan-demandaran-a-gobierno-por-conflicto-agrario\/pdp_mayas_koyoc00-1140x570\/\" data-orig-file=\"https:\/\/www.grieta.org.mx\/wp-content\/uploads\/2019\/10\/pdp_mayas_koyoc00-1140x570-e1572119593980.jpg\" data-orig-size=\"800,400\" data-comments-opened=\"0\" data-image-meta=\"{&quot;aperture&quot;:&quot;0&quot;,&quot;credit&quot;:&quot;&quot;,&quot;camera&quot;:&quot;&quot;,&quot;caption&quot;:&quot;&quot;,&quot;created_timestamp&quot;:&quot;0&quot;,&quot;copyright&quot;:&quot;&quot;,&quot;focal_length&quot;:&quot;0&quot;,&quot;iso&quot;:&quot;0&quot;,&quot;shutter_speed&quot;:&quot;0&quot;,&quot;title&quot;:&quot;&quot;,&quot;orientation&quot;:&quot;0&quot;}\" data-image-title=\"pdp_mayas_koyoc00-1140&amp;#215;570\" data-image-description=\"\" data-image-caption=\"\" data-medium-file=\"https:\/\/www.grieta.org.mx\/wp-content\/uploads\/2019\/10\/pdp_mayas_koyoc00-1140x570-300x150.jpg\" data-large-file=\"https:\/\/www.grieta.org.mx\/wp-content\/uploads\/2019\/10\/pdp_mayas_koyoc00-1140x570-1024x512.jpg\" src=\"http:\/\/www.grieta.org.mx\/wp-content\/uploads\/2019\/10\/pdp_mayas_koyoc00-1140x570-e1572119593980.jpg\" alt=\"\" width=\"800\" height=\"400\" class=\"aligncenter size-full wp-image-40490\" \/><\/p>\n<blockquote><p>El pueblo de Kanxoc, en Yucat\u00e1n, recibi\u00f3 3 mil hect\u00e1reas en 1981 pero en 1984 el gobierno federal cre\u00f3 otro n\u00facleo ejidal, les otorg\u00f3 una zona boscosa previamente entregada, dividi\u00f3 el pueblo y cre\u00f3 un conflicto. Los pobladores preparan una demanda agraria<\/p><\/blockquote>\n<p> Reyna Haydee Ram\u00edrez \/Pie de P\u00e1gina<\/p>\n<p>Foto: Cortes\u00eda Indignaci\u00f3n<\/p>\n<p>CIUDAD DE M\u00c9XICO.- Ind\u00edgenas mayas del ejido Kanxoc, en la regi\u00f3n oriente de Yucat\u00e1n, anunciaron el inicio de una batalla legal contra el gobierno de M\u00e9xico. Buscan que los reconozca como un solo pueblo, una sola tierra, heredada ancestralmente.<\/p>\n<p>Por siete a\u00f1os y con apoyo de Indignaci\u00f3n, una organizaci\u00f3n defensora de los derechos humanos, trabajaron para reunir los documentos que acreditan su posesi\u00f3n de la tierra y que son un solo pueblo.<\/p>\n<p>Los pobladores har\u00e1n valer esos documentos en la demanda agraria contra las diversas autoridades federales, incluido el presidente de la Rep\u00fablica.<\/p>\n<p>\u201cDespu\u00e9s de siete a\u00f1os y medio hoy vamos a firmar nuestra denuncia para que por fin se acabe el problema que tenemos que nos quisieron enga\u00f1ar para quitarnos un pedazo de tierra ejidal\u201d, expres\u00f3 Cristina Mu\u00f1oz, de Indignaci\u00f3n.<\/p>\n<p>los pobladores en la regi\u00f3n, rica en maderas preciosas, est\u00e1n divididos por un doble reparto agrario desde 1993.<\/p>\n<p>La abogada Lourdes Medina explic\u00f3 que con esta demanda agraria buscan la nulidad de la resoluci\u00f3n presidencial y dem\u00e1s actos por los cuales ilegalmente se cre\u00f3 el n\u00facleo ejidal Kanxoc II, con el cual dividieron al pueblo en 1984.<\/p>\n<p>Esta divisi\u00f3n se le atribuye a autoridades agrarias que un buen d\u00eda llegaron al pueblo y convencieron a 13 personas de sumarse al nuevo ejido. Se les dio posesi\u00f3n ilegal y la Procuradur\u00eda Federal de Protecci\u00f3n al Ambiente les permiti\u00f3 talar los \u00e1rboles.<\/p>\n<p>\u201cEl inter\u00e9s de dividir al pueblo viene de intereses particulares que quieren los terrenos en conflicto, por su ubicaci\u00f3n y porque en ese lugar hay maderas preciosas\u201d, explic\u00f3 Medina.<\/p>\n<p><img loading=\"lazy\" decoding=\"async\" data-attachment-id=\"40492\" data-permalink=\"https:\/\/www.grieta.org.mx\/index.php\/2019\/10\/25\/mayas-de-yucatan-demandaran-a-gobierno-por-conflicto-agrario\/pdp_mayas_koyoc01\/\" data-orig-file=\"https:\/\/www.grieta.org.mx\/wp-content\/uploads\/2019\/10\/pdp_mayas_koyoc01-e1572119721892.jpg\" data-orig-size=\"800,533\" data-comments-opened=\"0\" data-image-meta=\"{&quot;aperture&quot;:&quot;0&quot;,&quot;credit&quot;:&quot;&quot;,&quot;camera&quot;:&quot;&quot;,&quot;caption&quot;:&quot;&quot;,&quot;created_timestamp&quot;:&quot;0&quot;,&quot;copyright&quot;:&quot;&quot;,&quot;focal_length&quot;:&quot;0&quot;,&quot;iso&quot;:&quot;0&quot;,&quot;shutter_speed&quot;:&quot;0&quot;,&quot;title&quot;:&quot;&quot;,&quot;orientation&quot;:&quot;0&quot;}\" data-image-title=\"pdp_mayas_koyoc01\" data-image-description=\"\" data-image-caption=\"\" data-medium-file=\"https:\/\/www.grieta.org.mx\/wp-content\/uploads\/2019\/10\/pdp_mayas_koyoc01-300x200.jpg\" data-large-file=\"https:\/\/www.grieta.org.mx\/wp-content\/uploads\/2019\/10\/pdp_mayas_koyoc01-1024x682.jpg\" src=\"http:\/\/www.grieta.org.mx\/wp-content\/uploads\/2019\/10\/pdp_mayas_koyoc01-e1572119721892.jpg\" alt=\"\" width=\"800\" height=\"533\" class=\"aligncenter size-full wp-image-40492\" \/><br \/>\nTres d\u00e9cadas de conflicto<\/p>\n<p>Los pobladores defienden la tierra desde 1984 con una denuncia p\u00fablica ante Semarnat y dos amparos, ya ganados. Hoy lograron reunir los documentos, la confianza y la unidad para pelear el reconocimiento legal de su posesi\u00f3n.<\/p>\n<p>Kanxoc es un pueblo independiente, una comisar\u00eda de Valladolid, Yucat\u00e1n, en la franja fronteriza con Quintana Roo. Cercano a los desarrollos tur\u00edsticos de la Riviera Maya. Tiene 3 mil 126 habitantes, la mayor\u00eda mayahablantes.<\/p>\n<p>La organizaci\u00f3n Indignaci\u00f3n lo explica en un recuento hist\u00f3rico. Despu\u00e9s de la Revoluci\u00f3n, en 1935, el pueblo de Kanxoc recibi\u00f3 3 mil 314 hect\u00e1reas, pero la parte boscosa no les fue reconocida como su posesi\u00f3n y quedaron como terrenos nacionales. En 1981 se hizo un acta de deslinde y se les entreg\u00f3 en definitiva.<\/p>\n<p>Pero dos a\u00f1os despu\u00e9s, en 1983, grupos desconocidos llegaron al pueblo y formaron, con apoyo federal, el nucleo Kanxoc II, con 13 ejidatarios, asentados en esa zona boscosa de mil 922 hect\u00e1reas, el \u00e1rea que est\u00e1 en conflicto.<\/p>\n<p>\u201cLa existencia de este n\u00facleo agrario se ha traducido, en la historia reciente del pueblo, en una fuente de conflictos que amenazan constantemente la cohesi\u00f3n comunitaria\u201d, precisa el documento.<\/p>\n<p>La divisi\u00f3n territorial causa enfrentamientos por la tala ilegal en esa zona, que no es protegida como debiera por las autoridades de Profepa. En junio pasado, sin embargo, lograron una multa para  los taladores furtivos.<br \/>\n \u201cHasta que a \u00faltima trinchera ceda\u201d<\/p>\n<p>El abogado Rub\u00e9n \u00c1vila advirti\u00f3 a los kanxoques que la lucha legal llevar\u00e1 cuatro o cinco a\u00f1os y deber\u00e1n mantenerse firmes y aguantar \u201chasta que la \u00faltima trinchera ceda\u201d.<\/p>\n<p>\u201cEl camino no va a ser f\u00e1cil, al principio va a ser para arriba, para arriba, a veces la piedra se va a regresar, pero va a llegar un momento en que va a ser bajadita.<\/p>\n<p>\u201cSe le har\u00e1 entender al gobierno mexicano que cometi\u00f3 un error y los tribunales, jueces, magistrados deber\u00e1n entender que hay un error y corregir\u00e1n\u201d, extern\u00f3 el defensor.<\/p>\n<p>El juicio,explic\u00f3, podr\u00eda llevar varias instancias, desde el Tribunal Agrario hasta un Tribunal Colegiado, proceso en el cual enfrentar\u00e1n autoridades de Profepa, Semarnat y otras dependencias federales involucradas en el juicio.<\/p>\n<p>Advirti\u00f3 que podr\u00edan enfrentar muchas presiones de todo tipo, econ\u00f3micas, que les ofrezcan dinero a los comisariados para que dejen la demanda en paz, hasta acusarlos de despojo.<\/p>\n<p>\u201cUstedes tienen que tener claro el objetivo, de que ustedes siempre han tenido la posesi\u00f3n\u201d, dijo el abogado.<br \/>\n<img loading=\"lazy\" decoding=\"async\" data-attachment-id=\"40493\" data-permalink=\"https:\/\/www.grieta.org.mx\/index.php\/2019\/10\/25\/mayas-de-yucatan-demandaran-a-gobierno-por-conflicto-agrario\/pdp_mayas_koyoc02\/\" data-orig-file=\"https:\/\/www.grieta.org.mx\/wp-content\/uploads\/2019\/10\/pdp_mayas_koyoc02-e1572119785267.jpg\" data-orig-size=\"800,533\" data-comments-opened=\"0\" data-image-meta=\"{&quot;aperture&quot;:&quot;0&quot;,&quot;credit&quot;:&quot;&quot;,&quot;camera&quot;:&quot;&quot;,&quot;caption&quot;:&quot;&quot;,&quot;created_timestamp&quot;:&quot;0&quot;,&quot;copyright&quot;:&quot;&quot;,&quot;focal_length&quot;:&quot;0&quot;,&quot;iso&quot;:&quot;0&quot;,&quot;shutter_speed&quot;:&quot;0&quot;,&quot;title&quot;:&quot;&quot;,&quot;orientation&quot;:&quot;0&quot;}\" data-image-title=\"pdp_mayas_koyoc02\" data-image-description=\"\" data-image-caption=\"\" data-medium-file=\"https:\/\/www.grieta.org.mx\/wp-content\/uploads\/2019\/10\/pdp_mayas_koyoc02-300x200.jpg\" data-large-file=\"https:\/\/www.grieta.org.mx\/wp-content\/uploads\/2019\/10\/pdp_mayas_koyoc02-1024x682.jpg\" src=\"http:\/\/www.grieta.org.mx\/wp-content\/uploads\/2019\/10\/pdp_mayas_koyoc02-e1572119785267.jpg\" alt=\"\" width=\"800\" height=\"533\" class=\"aligncenter size-full wp-image-40493\" \/><\/p>\n<p><a href=\"https:\/\/piedepagina.mx\/mayas-de-yucatan-demandaran-a-gobierno-por-conflicto-agrario\/\" rel=\"noopener noreferrer\" target=\"_blank\">https:\/\/piedepagina.mx\/mayas-de-yucatan-demandaran-a-gobierno-por-conflicto-agrario\/<\/a><\/p>\n","protected":false},"excerpt":{"rendered":"<p>El pueblo de Kanxoc, en Yucat\u00e1n, recibi\u00f3 3 mil hect\u00e1reas en 1981 pero en 1984 el gobierno federal cre\u00f3 otro n\u00facleo ejidal, les otorg\u00f3 una zona boscosa previamente entregada, dividi\u00f3 &hellip; <a href=\"https:\/\/www.grieta.org.mx\/index.php\/2019\/10\/25\/mayas-de-yucatan-demandaran-a-gobierno-por-conflicto-agrario\/\" class=\"more-link\">Leer m\u00e1s<\/a><\/p>\n","protected":false},"author":2,"featured_media":40490,"comment_status":"closed","ping_status":"closed","sticky":false,"template":"","format":"standard","meta":{"ngg_post_thumbnail":0,"_jetpack_newsletter_access":"","_jetpack_dont_email_post_to_subs":false,"_jetpack_newsletter_tier_id":0,"_jetpack_memberships_contains_paywalled_content":false,"_jetpack_memberships_contains_paid_content":false,"footnotes":""},"categories":[80,2,1071,36],"tags":[2311,2666,1817],"class_list":["post-40483","post","type-post","status-publish","format-standard","has-post-thumbnail","hentry","category-cintillo","category-noticias-nacionales","category-resistencia-al-despojo-de-tierras-ejidales-en-yucatan","category-yucatan","tag-despojo-de-tierras","tag-pueblos-indios","tag-tierras-ejidales","entry"],"jetpack_featured_media_url":"https:\/\/www.grieta.org.mx\/wp-content\/uploads\/2019\/10\/pdp_mayas_koyoc00-1140x570-e1572119593980.jpg","jetpack_sharing_enabled":true,"jetpack_shortlink":"https:\/\/wp.me\/p7ZJR4-awX","jetpack_likes_enabled":false,"jetpack-related-posts":[{"id":71593,"url":"https:\/\/www.grieta.org.mx\/index.php\/2025\/04\/09\/comunidades-mayas-se-articulan-en-defensa-del-territorio\/","url_meta":{"origin":40483,"position":0},"title":"Comunidades Mayas se articulan en defensa del territorio","author":"grieta","date":"9 abril, 2025","format":false,"excerpt":"Sandra Gayou Soto \/ Haz Ruido Al anunciar la creaci\u00f3n de la Asamblea Maya por la Autonom\u00eda, integrantes de pueblos originarios de la Pen\u00ednsula de Yucat\u00e1n y otras regiones de M\u00e9xico, Belice y Colombia coincidieron en reforzar su autonom\u00eda ante las amenazas que comparten. Calkin\u00ed, Campeche, 9 de abril de\u2026","rel":"","context":"En &quot;Campeche&quot;","block_context":{"text":"Campeche","link":"https:\/\/www.grieta.org.mx\/index.php\/category\/noticias-nacionales\/campeche\/"},"img":{"alt_text":"","src":"https:\/\/i0.wp.com\/www.grieta.org.mx\/wp-content\/uploads\/2025\/04\/Asamblea-e1744759002834.jpg?resize=350%2C200&ssl=1","width":350,"height":200,"srcset":"https:\/\/i0.wp.com\/www.grieta.org.mx\/wp-content\/uploads\/2025\/04\/Asamblea-e1744759002834.jpg?resize=350%2C200&ssl=1 1x, https:\/\/i0.wp.com\/www.grieta.org.mx\/wp-content\/uploads\/2025\/04\/Asamblea-e1744759002834.jpg?resize=525%2C300&ssl=1 1.5x, https:\/\/i0.wp.com\/www.grieta.org.mx\/wp-content\/uploads\/2025\/04\/Asamblea-e1744759002834.jpg?resize=700%2C400&ssl=1 2x"},"classes":[]},{"id":66124,"url":"https:\/\/www.grieta.org.mx\/index.php\/2023\/01\/19\/lucha-un-grupo-de-chablekal-contra-venta-de-sus-tierras-yucatan\/","url_meta":{"origin":40483,"position":1},"title":"Lucha un grupo de Chablekal contra venta de sus tierras (Yucat\u00e1n)","author":"grieta","date":"19 enero, 2023","format":false,"excerpt":"Diario de Yucat\u00e1n \u201cNos hemos enterado de las declaraciones de Diego Prieto, director del Instituto Nacional de Antropolog\u00eda e Historia (INAH), quien dice que el gobierno de M\u00e9xico garantizar\u00e1, como no se hab\u00eda hecho antes, la salvaguarda del patrimonio arqueol\u00f3gico de los pueblos ind\u00edgenas\u201d, se\u00f1ala en un comunicado la Uni\u00f3n\u2026","rel":"","context":"En &quot;CINTILLO&quot;","block_context":{"text":"CINTILLO","link":"https:\/\/www.grieta.org.mx\/index.php\/category\/cintillo\/"},"img":{"alt_text":"","src":"https:\/\/i0.wp.com\/www.grieta.org.mx\/wp-content\/uploads\/2023\/01\/Chablekal.jpg?resize=350%2C200&ssl=1","width":350,"height":200},"classes":[]},{"id":6267,"url":"https:\/\/www.grieta.org.mx\/index.php\/2016\/09\/05\/denuncian-compra-ilegal-de-tierras-en-chablekal-yucatan-2\/","url_meta":{"origin":40483,"position":2},"title":"Represi\u00f3n y compra ilegal de tierras en Chablekal, Yucat\u00e1n","author":"grieta","date":"5 septiembre, 2016","format":false,"excerpt":"05\/09\/16. Impune violencia contra ciudadanos en Chablekal (Yucat\u00e1n) Tribuna 31\/08\/16. Pueblo maya de Chablekal denuncia despojo de tierras en beneficio de empresarios Kaosenlared 18\/05\/16. Chablekal exige en audiencia que se reconozca su derecho a la tierra y al territorio Kaosenlared 05\/05\/16. En libertad, los detenidos de Chablekal P\u00e1gin@bierta 05\/05\/16. Fallido\u2026","rel":"","context":"En &quot;16. Pueblo Maya&quot;","block_context":{"text":"16. Pueblo Maya","link":"https:\/\/www.grieta.org.mx\/index.php\/category\/espejos-de-la-resistencia\/16-pueblo-maya\/"},"img":{"alt_text":"","src":"https:\/\/i0.wp.com\/www.grieta.org.mx\/wp-content\/uploads\/2018\/03\/14524434_1106112876131411_958039263622046936_o.jpg?resize=350%2C200&ssl=1","width":350,"height":200,"srcset":"https:\/\/i0.wp.com\/www.grieta.org.mx\/wp-content\/uploads\/2018\/03\/14524434_1106112876131411_958039263622046936_o.jpg?resize=350%2C200&ssl=1 1x, https:\/\/i0.wp.com\/www.grieta.org.mx\/wp-content\/uploads\/2018\/03\/14524434_1106112876131411_958039263622046936_o.jpg?resize=525%2C300&ssl=1 1.5x, https:\/\/i0.wp.com\/www.grieta.org.mx\/wp-content\/uploads\/2018\/03\/14524434_1106112876131411_958039263622046936_o.jpg?resize=700%2C400&ssl=1 2x"},"classes":[]},{"id":35945,"url":"https:\/\/www.grieta.org.mx\/index.php\/2019\/07\/05\/expansion-de-megaproyectos-en-la-peninsula-de-yucatan-video\/","url_meta":{"origin":40483,"position":3},"title":"Expansi\u00f3n de Megaproyectos en la Pen\u00ednsula de Yucat\u00e1n (Video)","author":"grieta","date":"5 julio, 2019","format":false,"excerpt":"https:\/\/youtu.be\/qLBARIAaBsI","rel":"","context":"En &quot;Campeche&quot;","block_context":{"text":"Campeche","link":"https:\/\/www.grieta.org.mx\/index.php\/category\/noticias-nacionales\/campeche\/"},"img":{"alt_text":"","src":"https:\/\/i0.wp.com\/img.youtube.com\/vi\/qLBARIAaBsI\/0.jpg?resize=350%2C200","width":350,"height":200},"classes":[]},{"id":26756,"url":"https:\/\/www.grieta.org.mx\/index.php\/2018\/09\/24\/ejidataros-de-ucu-denuncian-despojo-de-tierras-y-desvios-yucatan\/","url_meta":{"origin":40483,"position":4},"title":"Ejidataros de Uc\u00fa denuncian despojo de tierras y desv\u00edos (Yucat\u00e1n)","author":"grieta","date":"24 septiembre, 2018","format":false,"excerpt":"La Jornada Maya Foto: ACOM Quejosos aseguran que se han vendido tierras de manera irregular a un amigo de Ivonne Ortega M\u00e9rida, Yucat\u00e1n Ejidatarios de Uc\u00fa exigen la remoci\u00f3n del comisariado ejidal al que acusan de despojo de tierras y desv\u00edo de dinero en complicidad con el anterior comisario ejidal.\u2026","rel":"","context":"En &quot;CINTILLO&quot;","block_context":{"text":"CINTILLO","link":"https:\/\/www.grieta.org.mx\/index.php\/category\/cintillo\/"},"img":{"alt_text":"","src":"https:\/\/i0.wp.com\/www.grieta.org.mx\/wp-content\/uploads\/2018\/09\/giset8eqi2qh_560.jpg?resize=350%2C200&ssl=1","width":350,"height":200,"srcset":"https:\/\/i0.wp.com\/www.grieta.org.mx\/wp-content\/uploads\/2018\/09\/giset8eqi2qh_560.jpg?resize=350%2C200&ssl=1 1x, https:\/\/i0.wp.com\/www.grieta.org.mx\/wp-content\/uploads\/2018\/09\/giset8eqi2qh_560.jpg?resize=525%2C300&ssl=1 1.5x"},"classes":[]},{"id":3019,"url":"https:\/\/www.grieta.org.mx\/index.php\/2015\/11\/26\/protestan-contra-venta-de-tierras-ejidales-al-turismo\/","url_meta":{"origin":40483,"position":5},"title":"Protestan contra venta de tierras ejidales al turismo","author":"grieta","date":"26 noviembre, 2015","format":false,"excerpt":"26\/11\/15. Intentos de despojo en Punta Laguna Proceso 04\/10\/15. Protestan comuneros por venta de reserva natural en Yucat\u00e1n Proceso 03\/10\/15. Planean megadesarrollo tur\u00edstico en \u00e1rea natural protegida en Yucat\u00e1n Proceso 23\/03\/15. Rechazan venta de tierras ejidales en Punta Laguna presuntamente al Grupo XcaretNoticaribe","rel":"","context":"En &quot;NOTICIAS NACIONALES&quot;","block_context":{"text":"NOTICIAS NACIONALES","link":"https:\/\/www.grieta.org.mx\/index.php\/category\/noticias-nacionales\/"},"img":{"alt_text":"","src":"https:\/\/i0.wp.com\/www.grieta.org.mx\/wp-content\/uploads\/2018\/03\/14524434_1106112876131411_958039263622046936_o.jpg?resize=350%2C200&ssl=1","width":350,"height":200,"srcset":"https:\/\/i0.wp.com\/www.grieta.org.mx\/wp-content\/uploads\/2018\/03\/14524434_1106112876131411_958039263622046936_o.jpg?resize=350%2C200&ssl=1 1x, https:\/\/i0.wp.com\/www.grieta.org.mx\/wp-content\/uploads\/2018\/03\/14524434_1106112876131411_958039263622046936_o.jpg?resize=525%2C300&ssl=1 1.5x, https:\/\/i0.wp.com\/www.grieta.org.mx\/wp-content\/uploads\/2018\/03\/14524434_1106112876131411_958039263622046936_o.jpg?resize=700%2C400&ssl=1 2x"},"classes":[]}],"_links":{"self":[{"href":"https:\/\/www.grieta.org.mx\/index.php\/wp-json\/wp\/v2\/posts\/40483","targetHints":{"allow":["GET"]}}],"collection":[{"href":"https:\/\/www.grieta.org.mx\/index.php\/wp-json\/wp\/v2\/posts"}],"about":[{"href":"https:\/\/www.grieta.org.mx\/index.php\/wp-json\/wp\/v2\/types\/post"}],"author":[{"embeddable":true,"href":"https:\/\/www.grieta.org.mx\/index.php\/wp-json\/wp\/v2\/users\/2"}],"replies":[{"embeddable":true,"href":"https:\/\/www.grieta.org.mx\/index.php\/wp-json\/wp\/v2\/comments?post=40483"}],"version-history":[{"count":1,"href":"https:\/\/www.grieta.org.mx\/index.php\/wp-json\/wp\/v2\/posts\/40483\/revisions"}],"predecessor-version":[{"id":40497,"href":"https:\/\/www.grieta.org.mx\/index.php\/wp-json\/wp\/v2\/posts\/40483\/revisions\/40497"}],"wp:featuredmedia":[{"embeddable":true,"href":"https:\/\/www.grieta.org.mx\/index.php\/wp-json\/wp\/v2\/media\/40490"}],"wp:attachment":[{"href":"https:\/\/www.grieta.org.mx\/index.php\/wp-json\/wp\/v2\/media?parent=40483"}],"wp:term":[{"taxonomy":"category","embeddable":true,"href":"https:\/\/www.grieta.org.mx\/index.php\/wp-json\/wp\/v2\/categories?post=40483"},{"taxonomy":"post_tag","embeddable":true,"href":"https:\/\/www.grieta.org.mx\/index.php\/wp-json\/wp\/v2\/tags?post=40483"}],"curies":[{"name":"wp","href":"https:\/\/api.w.org\/{rel}","templated":true}]}}