{"id":40453,"date":"2019-10-25T22:47:35","date_gmt":"2019-10-26T03:47:35","guid":{"rendered":"http:\/\/www.grieta.org.mx\/?p=40453"},"modified":"2019-10-25T22:47:35","modified_gmt":"2019-10-26T03:47:35","slug":"confirman-despido-masivo-de-trabajadores-en-planta-john-deere-de-torreon-coahuila","status":"publish","type":"post","link":"https:\/\/www.grieta.org.mx\/index.php\/2019\/10\/25\/confirman-despido-masivo-de-trabajadores-en-planta-john-deere-de-torreon-coahuila\/","title":{"rendered":"Confirman despido masivo de trabajadores en planta John Deere de Torre\u00f3n (Coahuila)"},"content":{"rendered":"<blockquote><p>Se desconocen con exactitud las causas<\/p><\/blockquote>\n<p>Elena Holgu\u00edn\/ EL SIGLO DE TORRE\u00d3N<\/p>\n<p><img loading=\"lazy\" decoding=\"async\" data-attachment-id=\"40454\" data-permalink=\"https:\/\/www.grieta.org.mx\/index.php\/2019\/10\/25\/confirman-despido-masivo-de-trabajadores-en-planta-john-deere-de-torreon-coahuila\/john-deere\/\" data-orig-file=\"https:\/\/www.grieta.org.mx\/wp-content\/uploads\/2019\/10\/John-Deere.jpeg\" data-orig-size=\"1024,680\" data-comments-opened=\"0\" data-image-meta=\"{&quot;aperture&quot;:&quot;0&quot;,&quot;credit&quot;:&quot;&quot;,&quot;camera&quot;:&quot;&quot;,&quot;caption&quot;:&quot;&quot;,&quot;created_timestamp&quot;:&quot;0&quot;,&quot;copyright&quot;:&quot;&quot;,&quot;focal_length&quot;:&quot;0&quot;,&quot;iso&quot;:&quot;0&quot;,&quot;shutter_speed&quot;:&quot;0&quot;,&quot;title&quot;:&quot;&quot;,&quot;orientation&quot;:&quot;0&quot;}\" data-image-title=\"John Deere\" data-image-description=\"\" data-image-caption=\"\" data-medium-file=\"https:\/\/www.grieta.org.mx\/wp-content\/uploads\/2019\/10\/John-Deere-300x199.jpeg\" data-large-file=\"https:\/\/www.grieta.org.mx\/wp-content\/uploads\/2019\/10\/John-Deere-1024x680.jpeg\" class=\"aligncenter wp-image-40454\" src=\"http:\/\/www.grieta.org.mx\/wp-content\/uploads\/2019\/10\/John-Deere.jpeg\" alt=\"\" width=\"800\" height=\"531\" srcset=\"https:\/\/www.grieta.org.mx\/wp-content\/uploads\/2019\/10\/John-Deere.jpeg 1024w, https:\/\/www.grieta.org.mx\/wp-content\/uploads\/2019\/10\/John-Deere-300x199.jpeg 300w, https:\/\/www.grieta.org.mx\/wp-content\/uploads\/2019\/10\/John-Deere-768x510.jpeg 768w, https:\/\/www.grieta.org.mx\/wp-content\/uploads\/2019\/10\/John-Deere-753x500.jpeg 753w\" sizes=\"auto, (max-width: 800px) 100vw, 800px\" \/> La titular de la dependencia, Nazira Zogbi Castro indic\u00f3 que se desconocen con exactitud las causas de estos despidos, aunque lo atribuy\u00f3 al cierre de algunas l\u00edneas de producci\u00f3n. (EL SIGLO DE TORRE\u00d3N)<\/p>\n<blockquote><p>La empresa John Deere inici\u00f3 despidos masivos desde hace algunas semanas y se prev\u00e9 la salida de unos 350 o m\u00e1s trabajadores, en lo que resta de este a\u00f1o.<\/p><\/blockquote>\n<p>La Subsecretar\u00eda de Empleo y Productividad de la Secretar\u00eda de Trabajo en el Estado, confirm\u00f3 su intervenci\u00f3n en este proceso de liquidaci\u00f3n de trabajadores, con la finalidad de dar seguimiento para que los extrabajadores se coloquen en otras empresas.<\/p>\n<p>La titular de la dependencia, Nazira Zogbi Castro indic\u00f3 que se desconocen con exactitud las causas de estos despidos, aunque lo atribuy\u00f3 al cierre de algunas l\u00edneas de producci\u00f3n.<\/p>\n<p>Destac\u00f3 que el mercado laboral es cambiante y mientras algunas empresas est\u00e1n en crecimiento, otras finalizan sus l\u00edneas de producci\u00f3n o bien, terminan con los proyectos.<\/p>\n<p>La Junta Local de Conciliaci\u00f3n y Arbitraje tambi\u00e9n est\u00e1 interviniendo en el caso, ya que es ante dicha instancia donde se debe formalizar la terminaci\u00f3n del contrato laboral.<\/p>\n","protected":false},"excerpt":{"rendered":"<p>Se desconocen con exactitud las causas Elena Holgu\u00edn\/ EL SIGLO DE TORRE\u00d3N La titular de la dependencia, Nazira Zogbi Castro indic\u00f3 que se desconocen con exactitud las causas de estos &hellip; <a href=\"https:\/\/www.grieta.org.mx\/index.php\/2019\/10\/25\/confirman-despido-masivo-de-trabajadores-en-planta-john-deere-de-torreon-coahuila\/\" class=\"more-link\">Leer m\u00e1s<\/a><\/p>\n","protected":false},"author":2,"featured_media":40454,"comment_status":"closed","ping_status":"closed","sticky":false,"template":"","format":"standard","meta":{"ngg_post_thumbnail":0,"_jetpack_newsletter_access":"","_jetpack_dont_email_post_to_subs":false,"_jetpack_newsletter_tier_id":0,"_jetpack_memberships_contains_paywalled_content":false,"_jetpack_memberships_contains_paid_content":false,"footnotes":""},"categories":[80,419,1389,1388,2],"tags":[2096,2105,1290],"class_list":["post-40453","post","type-post","status-publish","format-standard","has-post-thumbnail","hentry","category-cintillo","category-coahuila","category-conflictos-laborales-en-coahuila","category-explotacion-y-precariedad-laboral-en-coahuila","category-noticias-nacionales","tag-despido-injustificado","tag-despidos-masivos","tag-precariedad-laboral","entry"],"jetpack_featured_media_url":"https:\/\/www.grieta.org.mx\/wp-content\/uploads\/2019\/10\/John-Deere.jpeg","jetpack_sharing_enabled":true,"jetpack_shortlink":"https:\/\/wp.me\/p7ZJR4-awt","jetpack_likes_enabled":false,"jetpack-related-posts":[{"id":63507,"url":"https:\/\/www.grieta.org.mx\/index.php\/2022\/02\/24\/despidos-masivos-en-mazda-salamanca-organizan-sindicato-independiente-igual-a-gm-guanajuato\/","url_meta":{"origin":40453,"position":0},"title":"Despidos masivos en Mazda Salamanca; organizan sindicato independiente igual a GM (Guanajuato)","author":"grieta","date":"24 febrero, 2022","format":false,"excerpt":"Los trabajadores dijeron que Mazda Salamanca ha realizado despidos de hasta 80 personas en un solo d\u00eda. Por Luciano V\u00e1zquez febrero 24, 2022 | El Financiero Guanajuato, Gto.- Trabajadores de la planta Mazda de Salamanca Guanajuato denunciaron que la empresa est\u00e1 realizando despidos masivos, por lo cual han iniciado el\u2026","rel":"","context":"En &quot;CINTILLO&quot;","block_context":{"text":"CINTILLO","link":"https:\/\/www.grieta.org.mx\/index.php\/category\/cintillo\/"},"img":{"alt_text":"","src":"https:\/\/i0.wp.com\/www.grieta.org.mx\/wp-content\/uploads\/2022\/02\/KDZA4HOJSVGOBJ2L3PXVLFV55Y.jpg?resize=350%2C200&ssl=1","width":350,"height":200,"srcset":"https:\/\/i0.wp.com\/www.grieta.org.mx\/wp-content\/uploads\/2022\/02\/KDZA4HOJSVGOBJ2L3PXVLFV55Y.jpg?resize=350%2C200&ssl=1 1x, https:\/\/i0.wp.com\/www.grieta.org.mx\/wp-content\/uploads\/2022\/02\/KDZA4HOJSVGOBJ2L3PXVLFV55Y.jpg?resize=525%2C300&ssl=1 1.5x, https:\/\/i0.wp.com\/www.grieta.org.mx\/wp-content\/uploads\/2022\/02\/KDZA4HOJSVGOBJ2L3PXVLFV55Y.jpg?resize=700%2C400&ssl=1 2x"},"classes":[]},{"id":6715,"url":"https:\/\/www.grieta.org.mx\/index.php\/2016\/09\/13\/conflictos-laborales-en-coahuila\/","url_meta":{"origin":40453,"position":1},"title":"Conflictos laborales en Coahuila","author":"grieta","date":"13 septiembre, 2016","format":false,"excerpt":"Alba\u00f1iles que construyen CEFERESO en Coahuila paran labores 12\/09\/16. Sigue el mal trato a alba\u00f1iles en Cefereso; no tienen servicio m\u00e9dico Vanguardia 02\/09\/16. Alba\u00f1iles levantan los muros del CEFERESO, desde su propia c\u00e1rcel Vanguardia Paran trabajadores de limpieza en Saltillo 13\/09\/16. Sin funcionar 30% de camiones de la basura El\u2026","rel":"","context":"En &quot;Coahuila&quot;","block_context":{"text":"Coahuila","link":"https:\/\/www.grieta.org.mx\/index.php\/category\/noticias-nacionales\/coahuila\/"},"img":{"alt_text":"","src":"https:\/\/i0.wp.com\/www.grieta.org.mx\/wp-content\/uploads\/2018\/03\/14524434_1106112876131411_958039263622046936_o.jpg?resize=350%2C200&ssl=1","width":350,"height":200,"srcset":"https:\/\/i0.wp.com\/www.grieta.org.mx\/wp-content\/uploads\/2018\/03\/14524434_1106112876131411_958039263622046936_o.jpg?resize=350%2C200&ssl=1 1x, https:\/\/i0.wp.com\/www.grieta.org.mx\/wp-content\/uploads\/2018\/03\/14524434_1106112876131411_958039263622046936_o.jpg?resize=525%2C300&ssl=1 1.5x, https:\/\/i0.wp.com\/www.grieta.org.mx\/wp-content\/uploads\/2018\/03\/14524434_1106112876131411_958039263622046936_o.jpg?resize=700%2C400&ssl=1 2x"},"classes":[]},{"id":63510,"url":"https:\/\/www.grieta.org.mx\/index.php\/2022\/02\/24\/acusan-represalias-en-mazda-salamanca-tras-despido-de-280-trabajadores-guanajuato\/","url_meta":{"origin":40453,"position":2},"title":"Acusan represalias en Mazda Salamanca tras despido de 280 trabajadores (Guanajuato","author":"grieta","date":"24 febrero, 2022","format":false,"excerpt":"Por: Redacci\u00f3n\/El Pulso Laboral, 24 de febrero de 2022 Otro conflicto laboral de grandes proporciones toca la puerta en el Baj\u00edo mexicano, ahora protagonizado por trabajadores de la empresa Mazda planta Salamanca, quienes acusan 280 despidos injustificados. El Movimiento Industrial Automotriz Independiente (MIAI) aglutina a un grupo de trabajadores de\u2026","rel":"","context":"En &quot;CINTILLO&quot;","block_context":{"text":"CINTILLO","link":"https:\/\/www.grieta.org.mx\/index.php\/category\/cintillo\/"},"img":{"alt_text":"","src":"https:\/\/i0.wp.com\/www.grieta.org.mx\/wp-content\/uploads\/2022\/02\/284UO_MAZDA.jpg?resize=350%2C200&ssl=1","width":350,"height":200,"srcset":"https:\/\/i0.wp.com\/www.grieta.org.mx\/wp-content\/uploads\/2022\/02\/284UO_MAZDA.jpg?resize=350%2C200&ssl=1 1x, https:\/\/i0.wp.com\/www.grieta.org.mx\/wp-content\/uploads\/2022\/02\/284UO_MAZDA.jpg?resize=525%2C300&ssl=1 1.5x, https:\/\/i0.wp.com\/www.grieta.org.mx\/wp-content\/uploads\/2022\/02\/284UO_MAZDA.jpg?resize=700%2C400&ssl=1 2x, https:\/\/i0.wp.com\/www.grieta.org.mx\/wp-content\/uploads\/2022\/02\/284UO_MAZDA.jpg?resize=1050%2C600&ssl=1 3x"},"classes":[]},{"id":6608,"url":"https:\/\/www.grieta.org.mx\/index.php\/2016\/06\/24\/movilizacion-de-trabajadores-en-coahuila-contra-privatizacion-de-la-salud\/","url_meta":{"origin":40453,"position":3},"title":"Movilizaciones del sector salud en Coahuila","author":"grieta","date":"24 junio, 2016","format":false,"excerpt":"23\/06\/16. Marchan contra la Reforma de Salud (Saltillo) El Siglo de Torre\u00f3n 22\/06\/16. Torre\u00f3n se suma a movilizaciones de #Yosoym\u00e9dico17 El Siglo de Torre\u00f3n 01\/08\/15. Empleados de Salud toman las calles en catorce ciudades; rechazan una privatizaci\u00f3n Apia Virtual 01\/08\/15. Marchan contra Reformas al Sector Salud El Siglo de Torre\u00f3n","rel":"","context":"En &quot;Coahuila&quot;","block_context":{"text":"Coahuila","link":"https:\/\/www.grieta.org.mx\/index.php\/category\/noticias-nacionales\/coahuila\/"},"img":{"alt_text":"","src":"https:\/\/i0.wp.com\/www.grieta.org.mx\/wp-content\/uploads\/2018\/03\/14524434_1106112876131411_958039263622046936_o.jpg?resize=350%2C200&ssl=1","width":350,"height":200,"srcset":"https:\/\/i0.wp.com\/www.grieta.org.mx\/wp-content\/uploads\/2018\/03\/14524434_1106112876131411_958039263622046936_o.jpg?resize=350%2C200&ssl=1 1x, https:\/\/i0.wp.com\/www.grieta.org.mx\/wp-content\/uploads\/2018\/03\/14524434_1106112876131411_958039263622046936_o.jpg?resize=525%2C300&ssl=1 1.5x, https:\/\/i0.wp.com\/www.grieta.org.mx\/wp-content\/uploads\/2018\/03\/14524434_1106112876131411_958039263622046936_o.jpg?resize=700%2C400&ssl=1 2x"},"classes":[]},{"id":6663,"url":"https:\/\/www.grieta.org.mx\/index.php\/2015\/07\/13\/entrada-de-acero-chino-provoca-despidos-masivos-en-sector-siderurgico-de-coahuila\/","url_meta":{"origin":40453,"position":4},"title":"Entrada de acero chino provoca despidos masivos en sector sider\u00fargico de Coahuila","author":"grieta","date":"13 julio, 2015","format":false,"excerpt":"13\/07\/15. M\u00e9xico: Monclova, la ciudad en jaque por el acero chino BBC 08\/07\/15. Obreros sider\u00fargicos se preparan para tomar carreteras y oficinas de gobierno La Jornada 07\/07\/15. Entrada ilegal de acero chino abona a despertar al \u201cM\u00e9xico bronco del sindicalismo\u201d: CTM Proceso 01\/07\/15. Exigen en Coahuila cerrar fronteras al acero\u2026","rel":"","context":"En &quot;Coahuila&quot;","block_context":{"text":"Coahuila","link":"https:\/\/www.grieta.org.mx\/index.php\/category\/noticias-nacionales\/coahuila\/"},"img":{"alt_text":"","src":"https:\/\/i0.wp.com\/www.grieta.org.mx\/wp-content\/uploads\/2018\/03\/14524434_1106112876131411_958039263622046936_o.jpg?resize=350%2C200&ssl=1","width":350,"height":200,"srcset":"https:\/\/i0.wp.com\/www.grieta.org.mx\/wp-content\/uploads\/2018\/03\/14524434_1106112876131411_958039263622046936_o.jpg?resize=350%2C200&ssl=1 1x, https:\/\/i0.wp.com\/www.grieta.org.mx\/wp-content\/uploads\/2018\/03\/14524434_1106112876131411_958039263622046936_o.jpg?resize=525%2C300&ssl=1 1.5x, https:\/\/i0.wp.com\/www.grieta.org.mx\/wp-content\/uploads\/2018\/03\/14524434_1106112876131411_958039263622046936_o.jpg?resize=700%2C400&ssl=1 2x"},"classes":[]},{"id":34777,"url":"https:\/\/www.grieta.org.mx\/index.php\/2019\/06\/15\/despiden-a-700-por-temor-a-aranceles-coahuila\/","url_meta":{"origin":40453,"position":5},"title":"Despiden a 700 por temor a aranceles (Coahuila)","author":"grieta","date":"15 junio, 2019","format":false,"excerpt":"La empresa decidi\u00f3 reagruparse en Reynosa Edmundo Garza Lara\/ Z\u00d3CALO Saltillo, Coah.- La maquiladora Remy de Piedras Negras decidi\u00f3 cerrar sus puertas y despedir a casi 700 trabajadores por temor de los propietarios a que en el futuro cercano se apliquen aranceles por parte de Estados Unidos. As\u00ed, decidieron reagruparse\u2026","rel":"","context":"En &quot;Coahuila&quot;","block_context":{"text":"Coahuila","link":"https:\/\/www.grieta.org.mx\/index.php\/category\/noticias-nacionales\/coahuila\/"},"img":{"alt_text":"","src":"https:\/\/i0.wp.com\/www.grieta.org.mx\/wp-content\/uploads\/2019\/06\/Remy.jpg?resize=350%2C200&ssl=1","width":350,"height":200,"srcset":"https:\/\/i0.wp.com\/www.grieta.org.mx\/wp-content\/uploads\/2019\/06\/Remy.jpg?resize=350%2C200&ssl=1 1x, https:\/\/i0.wp.com\/www.grieta.org.mx\/wp-content\/uploads\/2019\/06\/Remy.jpg?resize=525%2C300&ssl=1 1.5x"},"classes":[]}],"_links":{"self":[{"href":"https:\/\/www.grieta.org.mx\/index.php\/wp-json\/wp\/v2\/posts\/40453","targetHints":{"allow":["GET"]}}],"collection":[{"href":"https:\/\/www.grieta.org.mx\/index.php\/wp-json\/wp\/v2\/posts"}],"about":[{"href":"https:\/\/www.grieta.org.mx\/index.php\/wp-json\/wp\/v2\/types\/post"}],"author":[{"embeddable":true,"href":"https:\/\/www.grieta.org.mx\/index.php\/wp-json\/wp\/v2\/users\/2"}],"replies":[{"embeddable":true,"href":"https:\/\/www.grieta.org.mx\/index.php\/wp-json\/wp\/v2\/comments?post=40453"}],"version-history":[{"count":1,"href":"https:\/\/www.grieta.org.mx\/index.php\/wp-json\/wp\/v2\/posts\/40453\/revisions"}],"predecessor-version":[{"id":40455,"href":"https:\/\/www.grieta.org.mx\/index.php\/wp-json\/wp\/v2\/posts\/40453\/revisions\/40455"}],"wp:featuredmedia":[{"embeddable":true,"href":"https:\/\/www.grieta.org.mx\/index.php\/wp-json\/wp\/v2\/media\/40454"}],"wp:attachment":[{"href":"https:\/\/www.grieta.org.mx\/index.php\/wp-json\/wp\/v2\/media?parent=40453"}],"wp:term":[{"taxonomy":"category","embeddable":true,"href":"https:\/\/www.grieta.org.mx\/index.php\/wp-json\/wp\/v2\/categories?post=40453"},{"taxonomy":"post_tag","embeddable":true,"href":"https:\/\/www.grieta.org.mx\/index.php\/wp-json\/wp\/v2\/tags?post=40453"}],"curies":[{"name":"wp","href":"https:\/\/api.w.org\/{rel}","templated":true}]}}