{"id":4044,"date":"2016-03-11T06:30:41","date_gmt":"2016-03-11T06:30:41","guid":{"rendered":"http:\/\/50.22.11.12\/~grietaor\/?p=4044"},"modified":"2016-03-19T06:32:50","modified_gmt":"2016-03-19T06:32:50","slug":"familiares-de-mujeres-asesinadas-en-cd-juarez-exigen-al-gobierno-de-cesar-duarte-que-haga-su-trabajo-y-frene-desapariciones-y-feminicidios","status":"publish","type":"post","link":"https:\/\/www.grieta.org.mx\/index.php\/2016\/03\/11\/familiares-de-mujeres-asesinadas-en-cd-juarez-exigen-al-gobierno-de-cesar-duarte-que-haga-su-trabajo-y-frene-desapariciones-y-feminicidios\/","title":{"rendered":"Familiares de mujeres asesinadas en Cd. Ju\u00e1rez exigen al gobierno de C\u00e9sar Duarte que \u201chaga su trabajo\u201d y frene desapariciones y feminicidios"},"content":{"rendered":"<p>SinEmbargo<br \/>\nFamiliares de mujeres v\u00edctimas de violencia en Ciudad Ju\u00e1rez, Chihuahua, exigieron al gobierno de C\u00e9sar Duarte que \u201chaga su trabajo\u201d y frene las desapariciones y feminicidios.<\/p>\n<p>Jos\u00e9 Luis Castillo, padre de Esmeralda Castillo Rinc\u00f3n, cuyo paradero se desconoce desde 2009, pidi\u00f3 a las autoridades de los tres niveles de gobierno realizar labores de prevenci\u00f3n en las zonas donde han sido secuestradas las jovencitas.<\/p>\n<p>Se\u00f1al\u00f3 que desde hace 20 a\u00f1os que se conocieron a las primeras v\u00edctimas de feminicidios, las autoridades siguen sin actuar en contra de los responsables.<\/p>\n<p>La agrupaci\u00f3n Madres, Padres y Familiares con Hijas Desaparecidas y Asesinadas y el colectivo Iniciativa Feminista Hijos de su Maquilera Madre solicitaron al gobierno de C\u00e9sar Duarte que profundicen las investigaciones para conocer los homicidios que ocurren en la frontera.<\/p>\n<p>\u201cSomos ni\u00f1as, mujeres, trabajadoras; no mercanc\u00eda\u201d fue la consigna de los manifestantes, quienes colocaron una ofrenda floral en recuerdo de las v\u00edctimas de feminicidios, con motivo del d\u00eda Internacional de la Mujer.<\/p>\n<p>Castillo se quej\u00f3 de que ninguno de los 10 puntos ha sido cumplido, entre ellos colocar c\u00e1maras de vigilancia en dicho sector, donde desaparecen la mayor\u00eda de las adolescentes con la complacencia o incapacidad de las autoridades policiacas.<\/p>\n<p>Ciudad Ju\u00e1rez fue conocida como una ciudad altamente peligrosa para las mujeres a finales de la d\u00e9cada de los noventa y principios del nuevo siglo, por los feminicidios.<\/p>\n<p><a class=\"autohyperlink\" title=\"http:\/\/revoluciontrespuntocero.com\/familiares-de-mujeres-asesinadas-en-cd-juarez-exigen-al-gobierno-de-cesar-duarte-que-haga-su-trabajo-y-frene-desapariciones-y-feminicidios\/\" href=\"http:\/\/revoluciontrespuntocero.com\/familiares-de-mujeres-asesinadas-en-cd-juarez-exigen-al-gobierno-de-cesar-duarte-que-haga-su-trabajo-y-frene-desapariciones-y-feminicidios\/\" target=\"_blank\">revoluciontrespuntocero.com\/familiares-de-mujeres-asesinadas-en-cd-juarez-exigen-al-gobierno-de-cesar-duarte-que-haga-su-trabajo-y-frene-desapariciones-y-feminicidios\/<\/a><\/p>\n","protected":false},"excerpt":{"rendered":"<p>SinEmbargo Familiares de mujeres v\u00edctimas de violencia en Ciudad Ju\u00e1rez, Chihuahua, exigieron al gobierno de C\u00e9sar Duarte que \u201chaga su trabajo\u201d y frene las desapariciones y feminicidios. Jos\u00e9 Luis Castillo, &hellip; <a href=\"https:\/\/www.grieta.org.mx\/index.php\/2016\/03\/11\/familiares-de-mujeres-asesinadas-en-cd-juarez-exigen-al-gobierno-de-cesar-duarte-que-haga-su-trabajo-y-frene-desapariciones-y-feminicidios\/\" class=\"more-link\">Leer m\u00e1s<\/a><\/p>\n","protected":false},"author":2,"featured_media":21928,"comment_status":"closed","ping_status":"open","sticky":false,"template":"","format":"standard","meta":{"ngg_post_thumbnail":0,"_jetpack_newsletter_access":"","_jetpack_dont_email_post_to_subs":false,"_jetpack_newsletter_tier_id":0,"_jetpack_memberships_contains_paywalled_content":false,"_jetpack_memberships_contains_paid_content":false,"footnotes":""},"categories":[122,80],"tags":[327],"class_list":["post-4044","post","type-post","status-publish","format-standard","has-post-thumbnail","hentry","category-chihuahua","category-cintillo","tag-femicidios","entry"],"jetpack_featured_media_url":"https:\/\/www.grieta.org.mx\/wp-content\/uploads\/2018\/03\/14524434_1106112876131411_958039263622046936_o.jpg","jetpack_sharing_enabled":true,"jetpack_shortlink":"https:\/\/wp.me\/p7ZJR4-13e","jetpack_likes_enabled":false,"jetpack-related-posts":[{"id":4042,"url":"https:\/\/www.grieta.org.mx\/index.php\/2016\/09\/07\/feminicidios-en-chihuahua\/","url_meta":{"origin":4044,"position":0},"title":"Feminicidios en Chihuahua","author":"grieta","date":"7 septiembre, 2016","format":false,"excerpt":"01\/08\/16. A 18 a\u00f1os de la desaparici\u00f3n de joven en Cd. Ju\u00e1rez, madre realiza las investigaciones que corresponde a las autoridadesRevolucionTresPuntoCero 22\/07\/16. Chihuahua sigue siendo l\u00ecder en...feminicidiosLa Parada Digital 28\/04\/16. \u201cAy\u00fadenme, s\u00e1quenme de aqu\u00ed. Sigo viva, tengo miedo\u201d; militares los detienen y llevan 7 a\u00f1os desaparecidos Revoluci\u00f3nTresPuntoCero 11\/03\/16. Familiares de\u2026","rel":"","context":"En &quot;Chihuahua&quot;","block_context":{"text":"Chihuahua","link":"https:\/\/www.grieta.org.mx\/index.php\/category\/noticias-nacionales\/chihuahua\/"},"img":{"alt_text":"","src":"https:\/\/i0.wp.com\/www.grieta.org.mx\/wp-content\/uploads\/2018\/03\/14524434_1106112876131411_958039263622046936_o.jpg?resize=350%2C200&ssl=1","width":350,"height":200,"srcset":"https:\/\/i0.wp.com\/www.grieta.org.mx\/wp-content\/uploads\/2018\/03\/14524434_1106112876131411_958039263622046936_o.jpg?resize=350%2C200&ssl=1 1x, https:\/\/i0.wp.com\/www.grieta.org.mx\/wp-content\/uploads\/2018\/03\/14524434_1106112876131411_958039263622046936_o.jpg?resize=525%2C300&ssl=1 1.5x, https:\/\/i0.wp.com\/www.grieta.org.mx\/wp-content\/uploads\/2018\/03\/14524434_1106112876131411_958039263622046936_o.jpg?resize=700%2C400&ssl=1 2x"},"classes":[]},{"id":4517,"url":"https:\/\/www.grieta.org.mx\/index.php\/2016\/03\/03\/exigen-familias-detener-desapariciones-de-menores-y-castigar-feminicidios-en-juarez\/","url_meta":{"origin":4044,"position":1},"title":"Exigen familias detener desapariciones de menores y castigar feminicidios en Ju\u00e1rez","author":"grieta","date":"3 marzo, 2016","format":false,"excerpt":"La Jornada En el inicio de las actividades por el D\u00eda Internacional de la Mujer, que se conmemora el 8 de marzo, un centenar de padres de desaparecidas, activistas y otros ciudadanos realizaron una marcha ayer por la ma\u00f1ana en Ciudad Ju\u00e1rez, Chihuahua, para exigir a la Fiscal\u00eda Especializada en\u2026","rel":"","context":"En &quot;chihuahua&quot;","block_context":{"text":"chihuahua","link":"https:\/\/www.grieta.org.mx\/index.php\/category\/chihuahua\/"},"img":{"alt_text":"","src":"https:\/\/i0.wp.com\/www.grieta.org.mx\/wp-content\/uploads\/2018\/03\/14524434_1106112876131411_958039263622046936_o.jpg?resize=350%2C200&ssl=1","width":350,"height":200,"srcset":"https:\/\/i0.wp.com\/www.grieta.org.mx\/wp-content\/uploads\/2018\/03\/14524434_1106112876131411_958039263622046936_o.jpg?resize=350%2C200&ssl=1 1x, https:\/\/i0.wp.com\/www.grieta.org.mx\/wp-content\/uploads\/2018\/03\/14524434_1106112876131411_958039263622046936_o.jpg?resize=525%2C300&ssl=1 1.5x, https:\/\/i0.wp.com\/www.grieta.org.mx\/wp-content\/uploads\/2018\/03\/14524434_1106112876131411_958039263622046936_o.jpg?resize=700%2C400&ssl=1 2x"},"classes":[]},{"id":63236,"url":"https:\/\/www.grieta.org.mx\/index.php\/2022\/01\/30\/ciudad-juarez-familiares-de-jovenes-desaparecidas-se-reunieron-para-exigir-pronta-justicia\/","url_meta":{"origin":4044,"position":2},"title":"Ciudad Ju\u00e1rez: Familiares de j\u00f3venes desaparecidas se reunieron para exigir pronta justicia","author":"grieta","date":"30 enero, 2022","format":false,"excerpt":"INFOBAE\/Redacci\u00f3n (Foto: EFE) Familiares de j\u00f3venes desaparecidas en Ciudad Ju\u00e1rez, Chihuahua, en la frontera norte del pa\u00eds, las recordaron este viernes con un emotivo homenaje y\u00a0exigieron avances en las investigaciones, muchas de las cuales llevan a\u00f1os\u00a0sin resolverse. Decenas de zapatos rojos, de diferentes estilos y tama\u00f1os,\u00a0fueron exhibidos en el centro\u2026","rel":"","context":"En &quot;Chihuahua&quot;","block_context":{"text":"Chihuahua","link":"https:\/\/www.grieta.org.mx\/index.php\/category\/noticias-nacionales\/chihuahua\/"},"img":{"alt_text":"","src":"https:\/\/i0.wp.com\/www.grieta.org.mx\/wp-content\/uploads\/2022\/01\/FMALZFIEEVWVA3UGZWMNZYHV7M.jpg?resize=350%2C200&ssl=1","width":350,"height":200,"srcset":"https:\/\/i0.wp.com\/www.grieta.org.mx\/wp-content\/uploads\/2022\/01\/FMALZFIEEVWVA3UGZWMNZYHV7M.jpg?resize=350%2C200&ssl=1 1x, https:\/\/i0.wp.com\/www.grieta.org.mx\/wp-content\/uploads\/2022\/01\/FMALZFIEEVWVA3UGZWMNZYHV7M.jpg?resize=525%2C300&ssl=1 1.5x, https:\/\/i0.wp.com\/www.grieta.org.mx\/wp-content\/uploads\/2022\/01\/FMALZFIEEVWVA3UGZWMNZYHV7M.jpg?resize=700%2C400&ssl=1 2x, https:\/\/i0.wp.com\/www.grieta.org.mx\/wp-content\/uploads\/2022\/01\/FMALZFIEEVWVA3UGZWMNZYHV7M.jpg?resize=1050%2C600&ssl=1 3x, https:\/\/i0.wp.com\/www.grieta.org.mx\/wp-content\/uploads\/2022\/01\/FMALZFIEEVWVA3UGZWMNZYHV7M.jpg?resize=1400%2C800&ssl=1 4x"},"classes":[]},{"id":45332,"url":"https:\/\/www.grieta.org.mx\/index.php\/2020\/02\/27\/artistas-hacen-arder-la-frase-mexico-feminicida-frente-al-palacio-de-gobierno-de-jalisco\/","url_meta":{"origin":4044,"position":3},"title":"Artistas hacen arder la frase \u201cM\u00e9xico feminicida\u201d frente al palacio de gobierno de Jalisco","author":"grieta","date":"27 febrero, 2020","format":false,"excerpt":"Foto: Mario Marlo Mario Marlo \/ Zona Docs Hartas de la violencia contra las mujeres, los feminicidios en M\u00e9xico y la poca acci\u00f3n de las autoridades estatales y federales, un colectivo de mujeres artistas realiz\u00f3 un performance frente al Palacio de Gobierno de Jalisco,\u00a0para denunciar y exigir justicia para todas\u2026","rel":"","context":"En &quot;CINTILLO&quot;","block_context":{"text":"CINTILLO","link":"https:\/\/www.grieta.org.mx\/index.php\/category\/cintillo\/"},"img":{"alt_text":"","src":"https:\/\/i0.wp.com\/www.grieta.org.mx\/wp-content\/uploads\/2020\/02\/photo5672429510909339589-1280x640.jpg?resize=350%2C200&ssl=1","width":350,"height":200,"srcset":"https:\/\/i0.wp.com\/www.grieta.org.mx\/wp-content\/uploads\/2020\/02\/photo5672429510909339589-1280x640.jpg?resize=350%2C200&ssl=1 1x, https:\/\/i0.wp.com\/www.grieta.org.mx\/wp-content\/uploads\/2020\/02\/photo5672429510909339589-1280x640.jpg?resize=525%2C300&ssl=1 1.5x, https:\/\/i0.wp.com\/www.grieta.org.mx\/wp-content\/uploads\/2020\/02\/photo5672429510909339589-1280x640.jpg?resize=700%2C400&ssl=1 2x, https:\/\/i0.wp.com\/www.grieta.org.mx\/wp-content\/uploads\/2020\/02\/photo5672429510909339589-1280x640.jpg?resize=1050%2C600&ssl=1 3x"},"classes":[]},{"id":67972,"url":"https:\/\/www.grieta.org.mx\/index.php\/2023\/10\/21\/67972\/","url_meta":{"origin":4044,"position":4},"title":"A m\u00e1s de 30 a\u00f1os\u2026","author":"grieta","date":"21 octubre, 2023","format":false,"excerpt":"A m\u00e1s de 30 a\u00f1os de que se empezaron a documentar los asesinatos de mujeres en Chihuahua y Ciudad Ju\u00e1rez, cientos de familias de v\u00edctimas a\u00fan no tienen acceso a la justicia Feminicidios: Paula y Julia, primeras v\u00edctimas, \u00edconos de la lucha por justicia en Ciudad Ju\u00e1rez.A m\u00e1s de 30\u2026","rel":"","context":"En &quot;Chihuahua&quot;","block_context":{"text":"Chihuahua","link":"https:\/\/www.grieta.org.mx\/index.php\/category\/noticias-nacionales\/chihuahua\/"},"img":{"alt_text":"","src":"https:\/\/i0.wp.com\/www.grieta.org.mx\/wp-content\/uploads\/2023\/10\/imagen.jpg?resize=350%2C200&ssl=1","width":350,"height":200,"srcset":"https:\/\/i0.wp.com\/www.grieta.org.mx\/wp-content\/uploads\/2023\/10\/imagen.jpg?resize=350%2C200&ssl=1 1x, https:\/\/i0.wp.com\/www.grieta.org.mx\/wp-content\/uploads\/2023\/10\/imagen.jpg?resize=525%2C300&ssl=1 1.5x, https:\/\/i0.wp.com\/www.grieta.org.mx\/wp-content\/uploads\/2023\/10\/imagen.jpg?resize=700%2C400&ssl=1 2x"},"classes":[]},{"id":41451,"url":"https:\/\/www.grieta.org.mx\/index.php\/2019\/11\/22\/mexico-sin-protocolo-para-investigar-feminicidios-a-10-anos-de-sentencia-por-campo-algodonero-chihuahua\/","url_meta":{"origin":4044,"position":5},"title":"M\u00e9xico, sin protocolo para investigar feminicidios a 10 a\u00f1os de sentencia por Campo Algodonero (Chihuahua)","author":"grieta","date":"22 noviembre, 2019","format":false,"excerpt":"Nayeli Escalona\/Contralinea Un promedio de 10 mujeres son asesinadas al d\u00eda en M\u00e9xico, pero s\u00f3lo el 23 por ciento se investig\u00f3 como feminicidio. Datos del Secretariado Ejecutivo del Sistema Nacional de Seguridad P\u00fablica indican que de enero a junio de 2019 se han registrado 1 mil 812 asesinatos de mujeres,\u2026","rel":"","context":"En &quot;Chihuahua&quot;","block_context":{"text":"Chihuahua","link":"https:\/\/www.grieta.org.mx\/index.php\/category\/noticias-nacionales\/chihuahua\/"},"img":{"alt_text":"","src":"https:\/\/i0.wp.com\/www.grieta.org.mx\/wp-content\/uploads\/2019\/11\/Mujeres_Ciudad_Juarez-3.jpg?resize=350%2C200&ssl=1","width":350,"height":200,"srcset":"https:\/\/i0.wp.com\/www.grieta.org.mx\/wp-content\/uploads\/2019\/11\/Mujeres_Ciudad_Juarez-3.jpg?resize=350%2C200&ssl=1 1x, https:\/\/i0.wp.com\/www.grieta.org.mx\/wp-content\/uploads\/2019\/11\/Mujeres_Ciudad_Juarez-3.jpg?resize=525%2C300&ssl=1 1.5x"},"classes":[]}],"_links":{"self":[{"href":"https:\/\/www.grieta.org.mx\/index.php\/wp-json\/wp\/v2\/posts\/4044","targetHints":{"allow":["GET"]}}],"collection":[{"href":"https:\/\/www.grieta.org.mx\/index.php\/wp-json\/wp\/v2\/posts"}],"about":[{"href":"https:\/\/www.grieta.org.mx\/index.php\/wp-json\/wp\/v2\/types\/post"}],"author":[{"embeddable":true,"href":"https:\/\/www.grieta.org.mx\/index.php\/wp-json\/wp\/v2\/users\/2"}],"replies":[{"embeddable":true,"href":"https:\/\/www.grieta.org.mx\/index.php\/wp-json\/wp\/v2\/comments?post=4044"}],"version-history":[{"count":1,"href":"https:\/\/www.grieta.org.mx\/index.php\/wp-json\/wp\/v2\/posts\/4044\/revisions"}],"predecessor-version":[{"id":4045,"href":"https:\/\/www.grieta.org.mx\/index.php\/wp-json\/wp\/v2\/posts\/4044\/revisions\/4045"}],"wp:featuredmedia":[{"embeddable":true,"href":"https:\/\/www.grieta.org.mx\/index.php\/wp-json\/wp\/v2\/media\/21928"}],"wp:attachment":[{"href":"https:\/\/www.grieta.org.mx\/index.php\/wp-json\/wp\/v2\/media?parent=4044"}],"wp:term":[{"taxonomy":"category","embeddable":true,"href":"https:\/\/www.grieta.org.mx\/index.php\/wp-json\/wp\/v2\/categories?post=4044"},{"taxonomy":"post_tag","embeddable":true,"href":"https:\/\/www.grieta.org.mx\/index.php\/wp-json\/wp\/v2\/tags?post=4044"}],"curies":[{"name":"wp","href":"https:\/\/api.w.org\/{rel}","templated":true}]}}