{"id":40379,"date":"2019-10-14T12:33:26","date_gmt":"2019-10-14T17:33:26","guid":{"rendered":"http:\/\/www.grieta.org.mx\/?p=40379"},"modified":"2019-10-20T12:47:09","modified_gmt":"2019-10-20T17:47:09","slug":"coahuila-es-lider-a-nivel-nacional-en-enfermedades-por-trabajar-en-la-mineria","status":"publish","type":"post","link":"https:\/\/www.grieta.org.mx\/index.php\/2019\/10\/14\/coahuila-es-lider-a-nivel-nacional-en-enfermedades-por-trabajar-en-la-mineria\/","title":{"rendered":"Coahuila es l\u00edder a nivel nacional en enfermedades por trabajar en la miner\u00eda"},"content":{"rendered":"<p><img loading=\"lazy\" decoding=\"async\" data-attachment-id=\"40380\" data-permalink=\"https:\/\/www.grieta.org.mx\/index.php\/2019\/10\/14\/coahuila-es-lider-a-nivel-nacional-en-enfermedades-por-trabajar-en-la-mineria\/mineria-2-2\/\" data-orig-file=\"https:\/\/www.grieta.org.mx\/wp-content\/uploads\/2019\/10\/mineria-2.jpg\" data-orig-size=\"980,655\" data-comments-opened=\"0\" data-image-meta=\"{&quot;aperture&quot;:&quot;0&quot;,&quot;credit&quot;:&quot;&quot;,&quot;camera&quot;:&quot;&quot;,&quot;caption&quot;:&quot;&quot;,&quot;created_timestamp&quot;:&quot;0&quot;,&quot;copyright&quot;:&quot;&quot;,&quot;focal_length&quot;:&quot;0&quot;,&quot;iso&quot;:&quot;0&quot;,&quot;shutter_speed&quot;:&quot;0&quot;,&quot;title&quot;:&quot;&quot;,&quot;orientation&quot;:&quot;0&quot;}\" data-image-title=\"mineria-2\" data-image-description=\"\" data-image-caption=\"\" data-medium-file=\"https:\/\/www.grieta.org.mx\/wp-content\/uploads\/2019\/10\/mineria-2-300x201.jpg\" data-large-file=\"https:\/\/www.grieta.org.mx\/wp-content\/uploads\/2019\/10\/mineria-2.jpg\" class=\"aligncenter wp-image-40380\" src=\"http:\/\/www.grieta.org.mx\/wp-content\/uploads\/2019\/10\/mineria-2.jpg\" alt=\"\" width=\"800\" height=\"535\" srcset=\"https:\/\/www.grieta.org.mx\/wp-content\/uploads\/2019\/10\/mineria-2.jpg 980w, https:\/\/www.grieta.org.mx\/wp-content\/uploads\/2019\/10\/mineria-2-300x201.jpg 300w, https:\/\/www.grieta.org.mx\/wp-content\/uploads\/2019\/10\/mineria-2-768x513.jpg 768w, https:\/\/www.grieta.org.mx\/wp-content\/uploads\/2019\/10\/mineria-2-748x500.jpg 748w\" sizes=\"auto, (max-width: 800px) 100vw, 800px\" \/><\/p>\n<p>Armando R\u00edos\/ VANGUARDIA.MX<\/p>\n<blockquote><p>En la entidad hay 22 mil 990 casos de empleados en riesgos de trabajo, donde se ocupa el octavo lugar, y de ese total, el 28.3 por ciento terminaron con una incapacidad permanente, siendo seis mil 504 en su totalidad; con ello, la entidad ocupa el lugar uno a nivel nacional<\/p><\/blockquote>\n<p>Coahuila lidera a nivel nacional en enfermedades e incapacidades producto de los trabajos en la miner\u00eda, denunci\u00f3 ayer la organizaci\u00f3n de Familiares de Pasta de Conchos citando datos del Instituto Mexicano del Seguro Social.<\/p>\n<p>En la entidad hay 22 mil 990 casos de empleados en riesgos de trabajo, donde se ocupa el octavo lugar, y de ese total, el 28.3 por ciento terminaron con una incapacidad permanente, siendo seis mil 504 en su totalidad; con ello, la entidad ocupa el lugar uno a nivel nacional.<\/p>\n<p>En t\u00e9rminos de miner\u00eda, la organizaci\u00f3n detalla que existen otras entidades donde se reportan serios problemas en la salud de los trabajadores; sin embargo, la diferencia en los registros con otros estados mineros, son \u201cabismales\u201d.<\/p>\n<p>\u201cEn todos los estados mineros Chihuahua, Zacatecas o San Luis Potos\u00ed, existen registros de neumoconiosis, que tiene su origen en la inhalaci\u00f3n de sustancias minerales como polvo de carb\u00f3n mineral, grafito, fierro, o vegetales como polen o caf\u00e9. Sin embargo, en Coahuila la diferencia es abismal\u201d, detalla la organizaci\u00f3n.<\/p>\n<p>En los registros del IMSS, Coahuila contabiliz\u00f3 887 casos de incapacidades permanentes por neumoconicosis, mientras que el segundo lugar Chihuahua, donde el IMSS atendi\u00f3 a 179 personas.<\/p>\n<p>Asimismo, otra de las incapacidades permanentes detalladas fueron las de causas por hipoacuasias, con mil 441 casos, y despu\u00e9s de las incidencias, Zacatecas ocup\u00f3 el segundo lugar con 186 casos.<\/p>\n<p>\u201cLa otra enfermedad que sale de las minas de carb\u00f3n, es la hipoacusia o sordera por ruido. Nuevamente tenemos el primer lugar con mil 441 casos, seguidos por Zacatecas con 186. Es decir, hay una diferencia del 87.1 por ciento.<\/p>\n<p>\u201cNuevamente podr\u00e1n decir, los empresarios del carb\u00f3n y el Gobierno de Coahuila que el ruido es inevitable, pero no dicen, que en la mayor\u00eda de las minas no se les entregan protectores auditivos adecuados\u201d, expresa la organizaci\u00f3n.<\/p>\n<p>En ese sentido, manifest\u00f3 que dicha situaci\u00f3n se abona dado que en los centros de trabajo, no se cuentan con las condiciones que prevengan afectaciones a la salud, cuesti\u00f3n que se ve reflejada en los altos n\u00fameros.<\/p>\n<p><a href=\"https:\/\/vanguardia.com.mx\/articulo\/coahuila-es-lider-a-nivel-nacional-en-enfermedades-por-trabajar-en-la-mineria\" target=\"_blank\" rel=\"noopener noreferrer\">https:\/\/vanguardia.com.mx\/articulo\/coahuila-es-lider-a-nivel-nacional-en-enfermedades-por-trabajar-en-la-mineria<\/a><\/p>\n","protected":false},"excerpt":{"rendered":"<p>Armando R\u00edos\/ VANGUARDIA.MX En la entidad hay 22 mil 990 casos de empleados en riesgos de trabajo, donde se ocupa el octavo lugar, y de ese total, el 28.3 por &hellip; <a href=\"https:\/\/www.grieta.org.mx\/index.php\/2019\/10\/14\/coahuila-es-lider-a-nivel-nacional-en-enfermedades-por-trabajar-en-la-mineria\/\" class=\"more-link\">Leer m\u00e1s<\/a><\/p>\n","protected":false},"author":2,"featured_media":40380,"comment_status":"closed","ping_status":"closed","sticky":false,"template":"","format":"standard","meta":{"ngg_post_thumbnail":0,"_jetpack_newsletter_access":"","_jetpack_dont_email_post_to_subs":false,"_jetpack_newsletter_tier_id":0,"_jetpack_memberships_contains_paywalled_content":false,"_jetpack_memberships_contains_paid_content":false,"footnotes":""},"categories":[80,419,2213,1385,2],"tags":[2911,743,2912],"class_list":["post-40379","post","type-post","status-publish","format-standard","has-post-thumbnail","hentry","category-cintillo","category-coahuila","category-mineria-en-coahuila","category-muertes-y-accidentes-en-minas-en-coahuila","category-noticias-nacionales","tag-enfermedades-por-mineria","tag-mineros","tag-neumoconiosis-por-mieria","entry"],"jetpack_featured_media_url":"https:\/\/www.grieta.org.mx\/wp-content\/uploads\/2019\/10\/mineria-2.jpg","jetpack_sharing_enabled":true,"jetpack_shortlink":"https:\/\/wp.me\/p7ZJR4-avh","jetpack_likes_enabled":false,"jetpack-related-posts":[{"id":40382,"url":"https:\/\/www.grieta.org.mx\/index.php\/2019\/10\/11\/es-coahuila-primer-lugar-nacional-en-incapacidades-permanentes-laborales\/","url_meta":{"origin":40379,"position":0},"title":"Es Coahuila primer lugar nacional en incapacidades permanentes laborales","author":"grieta","date":"11 octubre, 2019","format":false,"excerpt":"Christian Mart\u00ednez\/ VANGUARDIA:MX Hay entidades como Nuevo Le\u00f3n, Baja California, Guanajuato, Jalisco, M\u00e9xico, CDMX, que tienen m\u00e1s trabajadores bajo el Seguro de Riesgo de Trabajo, sin embargo, Coahuila lidera en incapacidades La mayor\u00eda de los trabajadores en Coahuila est\u00e1n siendo incapacitados de forma permanente por quedar sordos, con los pulmones\u2026","rel":"","context":"En &quot;CINTILLO&quot;","block_context":{"text":"CINTILLO","link":"https:\/\/www.grieta.org.mx\/index.php\/category\/cintillo\/"},"img":{"alt_text":"","src":"https:\/\/i0.wp.com\/www.grieta.org.mx\/wp-content\/uploads\/2018\/03\/14524434_1106112876131411_958039263622046936_o.jpg?resize=350%2C200&ssl=1","width":350,"height":200,"srcset":"https:\/\/i0.wp.com\/www.grieta.org.mx\/wp-content\/uploads\/2018\/03\/14524434_1106112876131411_958039263622046936_o.jpg?resize=350%2C200&ssl=1 1x, https:\/\/i0.wp.com\/www.grieta.org.mx\/wp-content\/uploads\/2018\/03\/14524434_1106112876131411_958039263622046936_o.jpg?resize=525%2C300&ssl=1 1.5x, https:\/\/i0.wp.com\/www.grieta.org.mx\/wp-content\/uploads\/2018\/03\/14524434_1106112876131411_958039263622046936_o.jpg?resize=700%2C400&ssl=1 2x"},"classes":[]},{"id":29885,"url":"https:\/\/www.grieta.org.mx\/index.php\/2019\/02\/02\/lidera-mineria-conflictos-sociales-coahuila\/","url_meta":{"origin":40379,"position":1},"title":"Lidera miner\u00eda conflictos sociales (Coahuila)","author":"grieta","date":"2 febrero, 2019","format":false,"excerpt":"Coahuila es uno de los estados con hechos violentos asociados a proyectos mineros Coahuila es uno de los estados con hechos violentos asociados a la miner\u00eda, seg\u00fan el estudio. (ARCHIVO) EL SIGLO DE TORRE\u00d3N\/AGENCIAS En los \u00faltimos 12 a\u00f1os en M\u00e9xico se registraron al menos 879 conflictos sociales y ambientales\u2026","rel":"","context":"En &quot;Chihuahua&quot;","block_context":{"text":"Chihuahua","link":"https:\/\/www.grieta.org.mx\/index.php\/category\/noticias-nacionales\/chihuahua\/"},"img":{"alt_text":"","src":"https:\/\/i0.wp.com\/www.grieta.org.mx\/wp-content\/uploads\/2019\/03\/Minera-Coahuila.jpeg?resize=350%2C200&ssl=1","width":350,"height":200,"srcset":"https:\/\/i0.wp.com\/www.grieta.org.mx\/wp-content\/uploads\/2019\/03\/Minera-Coahuila.jpeg?resize=350%2C200&ssl=1 1x, https:\/\/i0.wp.com\/www.grieta.org.mx\/wp-content\/uploads\/2019\/03\/Minera-Coahuila.jpeg?resize=525%2C300&ssl=1 1.5x, https:\/\/i0.wp.com\/www.grieta.org.mx\/wp-content\/uploads\/2019\/03\/Minera-Coahuila.jpeg?resize=700%2C400&ssl=1 2x, https:\/\/i0.wp.com\/www.grieta.org.mx\/wp-content\/uploads\/2019\/03\/Minera-Coahuila.jpeg?resize=1050%2C600&ssl=1 3x, https:\/\/i0.wp.com\/www.grieta.org.mx\/wp-content\/uploads\/2019\/03\/Minera-Coahuila.jpeg?resize=1400%2C800&ssl=1 4x"},"classes":[]},{"id":32155,"url":"https:\/\/www.grieta.org.mx\/index.php\/2019\/04\/08\/coahuila-es-el-estado-mas-agresivo-contra-periodistas-segun-articulo-19\/","url_meta":{"origin":40379,"position":2},"title":"Coahuila es el Estado m\u00e1s agresivo contra periodistas, seg\u00fan Art\u00edculo 19","author":"grieta","date":"8 abril, 2019","format":false,"excerpt":"Pasa del tercer lugar en 2017 a ser el l\u00edder en 2018 Armando R\u00edos\/VANGUARDIA MX Dentro del informe publicado el pasado mi\u00e9rcoles por la organizaci\u00f3n Art\u00edculo 19, Coahuila se coloc\u00f3 como el primer lugar en agresiones contra el gremio period\u00edstico a nivel nacional. Del tercer lugar que ocup\u00f3 en el\u2026","rel":"","context":"En &quot;CINTILLO&quot;","block_context":{"text":"CINTILLO","link":"https:\/\/www.grieta.org.mx\/index.php\/category\/cintillo\/"},"img":{"alt_text":"","src":"https:\/\/i0.wp.com\/www.grieta.org.mx\/wp-content\/uploads\/2019\/04\/violencia-periodistas.jpg?resize=350%2C200&ssl=1","width":350,"height":200,"srcset":"https:\/\/i0.wp.com\/www.grieta.org.mx\/wp-content\/uploads\/2019\/04\/violencia-periodistas.jpg?resize=350%2C200&ssl=1 1x, https:\/\/i0.wp.com\/www.grieta.org.mx\/wp-content\/uploads\/2019\/04\/violencia-periodistas.jpg?resize=525%2C300&ssl=1 1.5x, https:\/\/i0.wp.com\/www.grieta.org.mx\/wp-content\/uploads\/2019\/04\/violencia-periodistas.jpg?resize=700%2C400&ssl=1 2x"},"classes":[]},{"id":34094,"url":"https:\/\/www.grieta.org.mx\/index.php\/2019\/05\/31\/la-poderosa-minera-de-canada-pierde-otro-amparo-frente-a-los-14-viejitos-que-la-demandan-coahuila\/","url_meta":{"origin":40379,"position":3},"title":"La poderosa minera de Canad\u00e1 pierde otro amparo frente a los 14 viejitos que la demandan (Coahuila)","author":"grieta","date":"31 mayo, 2019","format":false,"excerpt":"Francisco Rodr\u00edguez\/ VANGUARDIA\/ SIN EMBARGO El Segundo Tribunal Colegiado en Materia Penal y Administrativa del Octavo Circuito neg\u00f3 el amparo y confirm\u00f3 la sentencia dictada el 13 de marzo de 2018 por el Juez Primero de Distrito del centro auxiliar de la D\u00e9cima regi\u00f3n con residencia en Saltillo. Minera La\u2026","rel":"","context":"En &quot;CINTILLO&quot;","block_context":{"text":"CINTILLO","link":"https:\/\/www.grieta.org.mx\/index.php\/category\/cintillo\/"},"img":{"alt_text":"","src":"https:\/\/i0.wp.com\/www.grieta.org.mx\/wp-content\/uploads\/2019\/06\/minera-coahuila.jpg?resize=350%2C200&ssl=1","width":350,"height":200,"srcset":"https:\/\/i0.wp.com\/www.grieta.org.mx\/wp-content\/uploads\/2019\/06\/minera-coahuila.jpg?resize=350%2C200&ssl=1 1x, https:\/\/i0.wp.com\/www.grieta.org.mx\/wp-content\/uploads\/2019\/06\/minera-coahuila.jpg?resize=525%2C300&ssl=1 1.5x, https:\/\/i0.wp.com\/www.grieta.org.mx\/wp-content\/uploads\/2019\/06\/minera-coahuila.jpg?resize=700%2C400&ssl=1 2x, https:\/\/i0.wp.com\/www.grieta.org.mx\/wp-content\/uploads\/2019\/06\/minera-coahuila.jpg?resize=1050%2C600&ssl=1 3x"},"classes":[]},{"id":2474,"url":"https:\/\/www.grieta.org.mx\/index.php\/2015\/12\/15\/pese-a-la-alta-tasa-de-feminicidio-en-coahuila-diputada-priista-pide-no-caer-en-alarmismo-para-activar-avg\/","url_meta":{"origin":40379,"position":4},"title":"Pese a la alta tasa de feminicidio en Coahuila, diputada priista pide \u201cno caer en alarmismo\u201d para activar AVG","author":"grieta","date":"15 diciembre, 2015","format":false,"excerpt":"(15 de noviembre, 2015).- El Congreso del estado de Coahuila no ha contemplado la implementaci\u00f3n de la Alerta de Violencia de G\u00e9nero (AVG) para la entidad, a pesar de que seg\u00fan cifras del Instituto Nacional de Estad\u00edstica y Geograf\u00eda (Inegi), se coloca en los primeros lugares en casos de feminicidio\u2026","rel":"","context":"En &quot;CINTILLO&quot;","block_context":{"text":"CINTILLO","link":"https:\/\/www.grieta.org.mx\/index.php\/category\/cintillo\/"},"img":{"alt_text":"","src":"https:\/\/i0.wp.com\/www.grieta.org.mx\/wp-content\/uploads\/2018\/03\/14524434_1106112876131411_958039263622046936_o.jpg?resize=350%2C200&ssl=1","width":350,"height":200,"srcset":"https:\/\/i0.wp.com\/www.grieta.org.mx\/wp-content\/uploads\/2018\/03\/14524434_1106112876131411_958039263622046936_o.jpg?resize=350%2C200&ssl=1 1x, https:\/\/i0.wp.com\/www.grieta.org.mx\/wp-content\/uploads\/2018\/03\/14524434_1106112876131411_958039263622046936_o.jpg?resize=525%2C300&ssl=1 1.5x, https:\/\/i0.wp.com\/www.grieta.org.mx\/wp-content\/uploads\/2018\/03\/14524434_1106112876131411_958039263622046936_o.jpg?resize=700%2C400&ssl=1 2x"},"classes":[]},{"id":45570,"url":"https:\/\/www.grieta.org.mx\/index.php\/2020\/03\/04\/ejidatarios-denuncian-proteccion-de-la-gn-a-bailleres-en-mina-dipolos-video-coahuila\/","url_meta":{"origin":40379,"position":5},"title":"Ejidatarios denuncian protecci\u00f3n de la GN a Baill\u00e8res en Mina Dipolos (Video) (Coahuila)","author":"grieta","date":"4 marzo, 2020","format":false,"excerpt":"Juan Alberto Cedillo\/ PROCESO SALTILLO, Coah. (apro).- Ejidatarios de El Baj\u00edo de Caborca, Sonora, mantienen una protesta en la Mina Dipolos para exigir que la Guardia Nacional no se ponga al servicio del empresario Alberto Baill\u00e8res, quien \u2013afirmaron\u2013 mantiene la sustracci\u00f3n ilegal de oro de sus terrenos. Gregorio Meza Mendoza,\u2026","rel":"","context":"En &quot;CINTILLO&quot;","block_context":{"text":"CINTILLO","link":"https:\/\/www.grieta.org.mx\/index.php\/category\/cintillo\/"},"img":{"alt_text":"","src":"https:\/\/i0.wp.com\/www.grieta.org.mx\/wp-content\/uploads\/2020\/03\/estaes.png?resize=350%2C200&ssl=1","width":350,"height":200},"classes":[]}],"_links":{"self":[{"href":"https:\/\/www.grieta.org.mx\/index.php\/wp-json\/wp\/v2\/posts\/40379","targetHints":{"allow":["GET"]}}],"collection":[{"href":"https:\/\/www.grieta.org.mx\/index.php\/wp-json\/wp\/v2\/posts"}],"about":[{"href":"https:\/\/www.grieta.org.mx\/index.php\/wp-json\/wp\/v2\/types\/post"}],"author":[{"embeddable":true,"href":"https:\/\/www.grieta.org.mx\/index.php\/wp-json\/wp\/v2\/users\/2"}],"replies":[{"embeddable":true,"href":"https:\/\/www.grieta.org.mx\/index.php\/wp-json\/wp\/v2\/comments?post=40379"}],"version-history":[{"count":1,"href":"https:\/\/www.grieta.org.mx\/index.php\/wp-json\/wp\/v2\/posts\/40379\/revisions"}],"predecessor-version":[{"id":40381,"href":"https:\/\/www.grieta.org.mx\/index.php\/wp-json\/wp\/v2\/posts\/40379\/revisions\/40381"}],"wp:featuredmedia":[{"embeddable":true,"href":"https:\/\/www.grieta.org.mx\/index.php\/wp-json\/wp\/v2\/media\/40380"}],"wp:attachment":[{"href":"https:\/\/www.grieta.org.mx\/index.php\/wp-json\/wp\/v2\/media?parent=40379"}],"wp:term":[{"taxonomy":"category","embeddable":true,"href":"https:\/\/www.grieta.org.mx\/index.php\/wp-json\/wp\/v2\/categories?post=40379"},{"taxonomy":"post_tag","embeddable":true,"href":"https:\/\/www.grieta.org.mx\/index.php\/wp-json\/wp\/v2\/tags?post=40379"}],"curies":[{"name":"wp","href":"https:\/\/api.w.org\/{rel}","templated":true}]}}