{"id":40355,"date":"2019-10-17T21:56:22","date_gmt":"2019-10-18T02:56:22","guid":{"rendered":"http:\/\/www.grieta.org.mx\/?p=40355"},"modified":"2019-10-19T22:04:50","modified_gmt":"2019-10-20T03:04:50","slug":"exigen-universitarios-cumplir-gratuidad-de-tarifa-preferente-qrobus-queretaro","status":"publish","type":"post","link":"https:\/\/www.grieta.org.mx\/index.php\/2019\/10\/17\/exigen-universitarios-cumplir-gratuidad-de-tarifa-preferente-qrobus-queretaro\/","title":{"rendered":"Exigen universitarios cumplir gratuidad de tarifa preferente Qrob\u00fas (Quer\u00e9taro)"},"content":{"rendered":"<p><img loading=\"lazy\" decoding=\"async\" data-attachment-id=\"40357\" data-permalink=\"https:\/\/www.grieta.org.mx\/index.php\/2019\/10\/17\/exigen-universitarios-cumplir-gratuidad-de-tarifa-preferente-qrobus-queretaro\/exigen-universitarios-cumplir-gratuidad-de-tarifa-preferente-qrobus-qro-oct\/\" data-orig-file=\"https:\/\/www.grieta.org.mx\/wp-content\/uploads\/2019\/10\/Exigen-universitarios-cumplir-gratuidad-de-tarifa-preferente-Qrob\u00fas-qro-oct.png\" data-orig-size=\"1160,700\" data-comments-opened=\"0\" data-image-meta=\"{&quot;aperture&quot;:&quot;0&quot;,&quot;credit&quot;:&quot;&quot;,&quot;camera&quot;:&quot;&quot;,&quot;caption&quot;:&quot;&quot;,&quot;created_timestamp&quot;:&quot;0&quot;,&quot;copyright&quot;:&quot;&quot;,&quot;focal_length&quot;:&quot;0&quot;,&quot;iso&quot;:&quot;0&quot;,&quot;shutter_speed&quot;:&quot;0&quot;,&quot;title&quot;:&quot;&quot;,&quot;orientation&quot;:&quot;0&quot;}\" data-image-title=\"Exigen universitarios cumplir gratuidad de tarifa preferente Qrob\u00fas qro oct\" data-image-description=\"\" data-image-caption=\"\" data-medium-file=\"https:\/\/www.grieta.org.mx\/wp-content\/uploads\/2019\/10\/Exigen-universitarios-cumplir-gratuidad-de-tarifa-preferente-Qrob\u00fas-qro-oct-300x181.png\" data-large-file=\"https:\/\/www.grieta.org.mx\/wp-content\/uploads\/2019\/10\/Exigen-universitarios-cumplir-gratuidad-de-tarifa-preferente-Qrob\u00fas-qro-oct-1024x618.png\" class=\"aligncenter size-large wp-image-40357\" src=\"http:\/\/www.grieta.org.mx\/wp-content\/uploads\/2019\/10\/Exigen-universitarios-cumplir-gratuidad-de-tarifa-preferente-Qrob\u00fas-qro-oct-1024x618.png\" alt=\"\" width=\"1024\" height=\"618\" srcset=\"https:\/\/www.grieta.org.mx\/wp-content\/uploads\/2019\/10\/Exigen-universitarios-cumplir-gratuidad-de-tarifa-preferente-Qrob\u00fas-qro-oct-1024x618.png 1024w, https:\/\/www.grieta.org.mx\/wp-content\/uploads\/2019\/10\/Exigen-universitarios-cumplir-gratuidad-de-tarifa-preferente-Qrob\u00fas-qro-oct-300x181.png 300w, https:\/\/www.grieta.org.mx\/wp-content\/uploads\/2019\/10\/Exigen-universitarios-cumplir-gratuidad-de-tarifa-preferente-Qrob\u00fas-qro-oct-768x463.png 768w, https:\/\/www.grieta.org.mx\/wp-content\/uploads\/2019\/10\/Exigen-universitarios-cumplir-gratuidad-de-tarifa-preferente-Qrob\u00fas-qro-oct-829x500.png 829w, https:\/\/www.grieta.org.mx\/wp-content\/uploads\/2019\/10\/Exigen-universitarios-cumplir-gratuidad-de-tarifa-preferente-Qrob\u00fas-qro-oct.png 1160w\" sizes=\"auto, (max-width: 1024px) 100vw, 1024px\" \/><br \/>\nMariana Villalobos \/ Quadrat\u00edn<\/p>\n<p>QUER\u00c9TARO, Qro., 17 de octubre de 2019.- Cientos de estudiantes de distintas universidades marcharon esta tarde en las calles de la capital del estado para pedir al gobierno del estado mejora en el servicio de transporte p\u00fablico colectivo adem\u00e1s de exigir el cumplimiento en la promesa de campa\u00f1a del mandatario sobre la gratuidad para usuarios preferentes. <\/p>\n<p>De acuerdo a las autoridades de Protecci\u00f3n Civil de la Universidad Aut\u00f3noma de Quer\u00e9taro (UAQ), quienes dieron acompa\u00f1amiento a los estudiantes durante todo el trayecto se estima la participaci\u00f3n de aproximadamente 1 mil j\u00f3venes adem\u00e1s de que aseguraron que hubo un saldo blanco en dicho encuentro. <\/p>\n<p>Los participantes a dicha manifestaci\u00f3n se concentraron a la 1 de la tarde en la Plaza del Estudiante y cerca de las 2 la tarde iniciaron su recorrido, mismo que transcurri\u00f3 sobre Av. Tecnol\u00f3gico, Av. 5 de febrero por los carriles centrales a partir de la Comisi\u00f3n Estatal de Aguas, Av. Constituyentes, Corregidora y posteriormente subieron por el andador 5 de mayo hacia el Palacio de Gobierno. <\/p>\n<p>Al llegar a Plaza de Armas, los estudiantes del Instituto Tecnol\u00f3gico de Quer\u00e9taro, la Universidad Pedag\u00f3gica y la UAQ leyeron en voz alta el pliego petitorio que inclu\u00eda entre otras cosas la mejora en la frecuencia y cobertura de las rutas, servicio extendido, rechazo al subsidio, gratuidad de transbordos as\u00ed como para los usuarios preferentes y que se permita al transporte suburbano entrar a la zona urbana.<\/p>\n<p>Cabe se\u00f1alar que a la marcha se sumaron algunos concesionarios de Movilqro B\u00fas quienes dijeron representar solo al 15% del total de accionistas de dicha empresa.<\/p>\n<p><a href=\"https:\/\/queretaro.quadratin.com.mx\/exigen-universitarios-cumplir-gratuidad-de-tarifa-preferente-qrobus\/\" rel=\"noopener noreferrer\" target=\"_blank\">https:\/\/queretaro.quadratin.com.mx\/exigen-universitarios-cumplir-gratuidad-de-tarifa-preferente-qrobus\/<\/a><\/p>\n","protected":false},"excerpt":{"rendered":"<p>Mariana Villalobos \/ Quadrat\u00edn QUER\u00c9TARO, Qro., 17 de octubre de 2019.- Cientos de estudiantes de distintas universidades marcharon esta tarde en las calles de la capital del estado para pedir &hellip; <a href=\"https:\/\/www.grieta.org.mx\/index.php\/2019\/10\/17\/exigen-universitarios-cumplir-gratuidad-de-tarifa-preferente-qrobus-queretaro\/\" class=\"more-link\">Leer m\u00e1s<\/a><\/p>\n","protected":false},"author":2,"featured_media":40357,"comment_status":"closed","ping_status":"closed","sticky":false,"template":"","format":"standard","meta":{"ngg_post_thumbnail":0,"_jetpack_newsletter_access":"","_jetpack_dont_email_post_to_subs":false,"_jetpack_newsletter_tier_id":0,"_jetpack_memberships_contains_paywalled_content":false,"_jetpack_memberships_contains_paid_content":false,"footnotes":""},"categories":[80,2480,2,27],"tags":[1068,2441],"class_list":["post-40355","post","type-post","status-publish","format-standard","has-post-thumbnail","hentry","category-cintillo","category-lucha-y-resistencia-del-pueblo-de-queretaro","category-noticias-nacionales","category-queretaro","tag-incremento-en-el-costo-de-la-vida","tag-protesta-estudiantil","entry"],"jetpack_featured_media_url":"https:\/\/www.grieta.org.mx\/wp-content\/uploads\/2019\/10\/Exigen-universitarios-cumplir-gratuidad-de-tarifa-preferente-Qrob\u00fas-qro-oct.png","jetpack_sharing_enabled":true,"jetpack_shortlink":"https:\/\/wp.me\/p7ZJR4-auT","jetpack_likes_enabled":false,"jetpack-related-posts":[{"id":40769,"url":"https:\/\/www.grieta.org.mx\/index.php\/2019\/10\/30\/protestan-por-recortes-en-cinvestav-queretaro\/","url_meta":{"origin":40355,"position":0},"title":"Protestan por recortes en Cinvestav (Quer\u00e9taro)","author":"grieta","date":"30 octubre, 2019","format":false,"excerpt":"Quadratin QUER\u00c9TARO, Qro., 30 de octubre 2019.- Estudiantes del Centro de Investigaci\u00f3n y de Estudios Avanzados del Instituto Polit\u00e9cnico Nacional (Cinvestav) campus Quer\u00e9taro, realizaron una protesta al exterior, luego de que aseguran los recortes presupuestales, ponen en riesgo los trabajos que se desarrollan en el lugar. Adem\u00e1s, aseguran que las\u2026","rel":"","context":"En &quot;CINTILLO&quot;","block_context":{"text":"CINTILLO","link":"https:\/\/www.grieta.org.mx\/index.php\/category\/cintillo\/"},"img":{"alt_text":"","src":"https:\/\/i0.wp.com\/www.grieta.org.mx\/wp-content\/uploads\/2019\/11\/Protestan-por-recortes-en-Cinvestav-qro-nov.jpg?resize=350%2C200&ssl=1","width":350,"height":200,"srcset":"https:\/\/i0.wp.com\/www.grieta.org.mx\/wp-content\/uploads\/2019\/11\/Protestan-por-recortes-en-Cinvestav-qro-nov.jpg?resize=350%2C200&ssl=1 1x, https:\/\/i0.wp.com\/www.grieta.org.mx\/wp-content\/uploads\/2019\/11\/Protestan-por-recortes-en-Cinvestav-qro-nov.jpg?resize=525%2C300&ssl=1 1.5x, https:\/\/i0.wp.com\/www.grieta.org.mx\/wp-content\/uploads\/2019\/11\/Protestan-por-recortes-en-Cinvestav-qro-nov.jpg?resize=700%2C400&ssl=1 2x, https:\/\/i0.wp.com\/www.grieta.org.mx\/wp-content\/uploads\/2019\/11\/Protestan-por-recortes-en-Cinvestav-qro-nov.jpg?resize=1050%2C600&ssl=1 3x"},"classes":[]},{"id":18677,"url":"https:\/\/www.grieta.org.mx\/index.php\/2016\/08\/01\/remesas-de-migrantes-a-queretaro-en-primer-semestre-de-2016-equivalen-a-137-veces-el-presupuesto-anual-de-sedesoq\/","url_meta":{"origin":40355,"position":1},"title":"Remesas de migrantes a Quer\u00e9taro en primer semestre de 2016 equivalen a 137 veces el presupuesto anual de Sedesoq","author":"grieta","date":"1 agosto, 2016","format":false,"excerpt":"Dante Aguilar\/C\u00f3dice informativo Durante los primeros seis meses del 2016, las remesas que enviaron los queretanos radicados en el exterior a sus familiares en la entidad ascendieron a 249.3 millones de d\u00f3lares. Ese monto equivale a m\u00e1s de 4 mil 487 millones de pesos, a un tipo de cambio de\u2026","rel":"","context":"En &quot;CINTILLO&quot;","block_context":{"text":"CINTILLO","link":"https:\/\/www.grieta.org.mx\/index.php\/category\/cintillo\/"},"img":{"alt_text":"","src":"https:\/\/i0.wp.com\/www.grieta.org.mx\/wp-content\/uploads\/2018\/03\/14524434_1106112876131411_958039263622046936_o.jpg?resize=350%2C200&ssl=1","width":350,"height":200,"srcset":"https:\/\/i0.wp.com\/www.grieta.org.mx\/wp-content\/uploads\/2018\/03\/14524434_1106112876131411_958039263622046936_o.jpg?resize=350%2C200&ssl=1 1x, https:\/\/i0.wp.com\/www.grieta.org.mx\/wp-content\/uploads\/2018\/03\/14524434_1106112876131411_958039263622046936_o.jpg?resize=525%2C300&ssl=1 1.5x, https:\/\/i0.wp.com\/www.grieta.org.mx\/wp-content\/uploads\/2018\/03\/14524434_1106112876131411_958039263622046936_o.jpg?resize=700%2C400&ssl=1 2x"},"classes":[]},{"id":33065,"url":"https:\/\/www.grieta.org.mx\/index.php\/2019\/05\/08\/se-pronunciaran-madres-con-hijos-desaparecidos-este-10-de-mayo-en-queretaro\/","url_meta":{"origin":40355,"position":2},"title":"Se pronunciar\u00e1n madres con hijos desaparecidos este 10 de mayo en Quer\u00e9taro","author":"grieta","date":"8 mayo, 2019","format":false,"excerpt":"Mariana Villalobos \/ Quadratin Quer\u00e9taro QUER\u00c9TARO, Qro., 8 de mayo de 2019.- Adem\u00e1s de participar en la marcha que se realiza en la ciudad de M\u00e9xico y en donde participan familias de todo el pa\u00eds, las madres queretanas que tienen un hijo desaparecido realizar\u00e1n un pronunciamiento al exterior del Palacio\u2026","rel":"","context":"En &quot;CINTILLO&quot;","block_context":{"text":"CINTILLO","link":"https:\/\/www.grieta.org.mx\/index.php\/category\/cintillo\/"},"img":{"alt_text":"","src":"https:\/\/i0.wp.com\/www.grieta.org.mx\/wp-content\/uploads\/2019\/05\/Dignidad-Nacional-buscando-Justicia-International_EDIIMA20130610_0211_4-1160x700.jpg?resize=350%2C200&ssl=1","width":350,"height":200,"srcset":"https:\/\/i0.wp.com\/www.grieta.org.mx\/wp-content\/uploads\/2019\/05\/Dignidad-Nacional-buscando-Justicia-International_EDIIMA20130610_0211_4-1160x700.jpg?resize=350%2C200&ssl=1 1x, https:\/\/i0.wp.com\/www.grieta.org.mx\/wp-content\/uploads\/2019\/05\/Dignidad-Nacional-buscando-Justicia-International_EDIIMA20130610_0211_4-1160x700.jpg?resize=525%2C300&ssl=1 1.5x, https:\/\/i0.wp.com\/www.grieta.org.mx\/wp-content\/uploads\/2019\/05\/Dignidad-Nacional-buscando-Justicia-International_EDIIMA20130610_0211_4-1160x700.jpg?resize=700%2C400&ssl=1 2x, https:\/\/i0.wp.com\/www.grieta.org.mx\/wp-content\/uploads\/2019\/05\/Dignidad-Nacional-buscando-Justicia-International_EDIIMA20130610_0211_4-1160x700.jpg?resize=1050%2C600&ssl=1 3x"},"classes":[]},{"id":47294,"url":"https:\/\/www.grieta.org.mx\/index.php\/2020\/01\/15\/esta-semana-surtiran-medicinas-a-queretaro\/","url_meta":{"origin":40355,"position":3},"title":"Esta semana surtir\u00e1n medicinas a Quer\u00e9taro","author":"grieta","date":"15 enero, 2020","format":false,"excerpt":"Foto: Archivo. El Universal\u00a0 \u00a0 Marittza Navarro \/ El Universal \u00a0 Insabi se comprometi\u00f3 a regular entrega de insumos: Ram\u00edrez Arg\u00fcello Esta semana la Federaci\u00f3n distribuir\u00e1 medicamentos y material de curaci\u00f3n a Quer\u00e9taro, que actualmente tiene un desabasto de 25%, inform\u00f3 Julio C\u00e9sar Ram\u00edrez Arg\u00fcello, secretario de Salud estatal. El\u2026","rel":"","context":"En &quot;CINTILLO&quot;","block_context":{"text":"CINTILLO","link":"https:\/\/www.grieta.org.mx\/index.php\/category\/cintillo\/"},"img":{"alt_text":"","src":"https:\/\/i0.wp.com\/www.grieta.org.mx\/wp-content\/uploads\/2020\/04\/Foto-Archivo.-El-Universal.jpg?resize=350%2C200","width":350,"height":200},"classes":[]},{"id":10254,"url":"https:\/\/www.grieta.org.mx\/index.php\/2016\/07\/25\/conflictos-laborales-en-queretaro\/","url_meta":{"origin":40355,"position":4},"title":"Conflictos laborales en Quer\u00e9taro","author":"grieta","date":"25 julio, 2016","format":false,"excerpt":"Temas laborales en Quer\u00e9taro 25\/07\/16. Municipio de Cadereyta emplazado a huelga para 29 de agosto Diario Rotativo 04\/07\/16. Van 500 trabajadores despedidos en el municipio de Quer\u00e9taro AM Quer\u00e9taro 21\/06\/16. Un sinn\u00famero de trabajadores ser\u00e1n despedidos para reducir n\u00f3mina AM Quer\u00e9taro 14\/05\/16. Trabajadores del municipio de Quer\u00e9taro, a la espera\u2026","rel":"","context":"En &quot;Quer\u00e9taro&quot;","block_context":{"text":"Quer\u00e9taro","link":"https:\/\/www.grieta.org.mx\/index.php\/category\/noticias-nacionales\/queretaro\/"},"img":{"alt_text":"","src":"https:\/\/i0.wp.com\/www.grieta.org.mx\/wp-content\/uploads\/2018\/03\/14524434_1106112876131411_958039263622046936_o.jpg?resize=350%2C200&ssl=1","width":350,"height":200,"srcset":"https:\/\/i0.wp.com\/www.grieta.org.mx\/wp-content\/uploads\/2018\/03\/14524434_1106112876131411_958039263622046936_o.jpg?resize=350%2C200&ssl=1 1x, https:\/\/i0.wp.com\/www.grieta.org.mx\/wp-content\/uploads\/2018\/03\/14524434_1106112876131411_958039263622046936_o.jpg?resize=525%2C300&ssl=1 1.5x, https:\/\/i0.wp.com\/www.grieta.org.mx\/wp-content\/uploads\/2018\/03\/14524434_1106112876131411_958039263622046936_o.jpg?resize=700%2C400&ssl=1 2x"},"classes":[]},{"id":18673,"url":"https:\/\/www.grieta.org.mx\/index.php\/2016\/08\/02\/7-mil-firmas-requieren-para-plebiscito-en-el-municipio-de-queretaro\/","url_meta":{"origin":40355,"position":5},"title":"7 mil firmas requieren para plebiscito en el municipio de Quer\u00e9taro","author":"grieta","date":"2 agosto, 2016","format":false,"excerpt":"M\u00f3nica Gordillo\/AM Quer\u00e9taro Para solicitar el plebiscito, la Ley de Participaci\u00f3n Ciudadana del Estado de Quer\u00e9taro les exige contar con el respaldo de tres por ciento del padr\u00f3n electoral del municipio Integrantes del Colectivo Empoderamiento Ciudadano informaron que les restan por reunir 7 mil firmas para solicitar un plebiscito al\u2026","rel":"","context":"En &quot;CINTILLO&quot;","block_context":{"text":"CINTILLO","link":"https:\/\/www.grieta.org.mx\/index.php\/category\/cintillo\/"},"img":{"alt_text":"","src":"https:\/\/i0.wp.com\/www.grieta.org.mx\/wp-content\/uploads\/2018\/03\/14524434_1106112876131411_958039263622046936_o.jpg?resize=350%2C200&ssl=1","width":350,"height":200,"srcset":"https:\/\/i0.wp.com\/www.grieta.org.mx\/wp-content\/uploads\/2018\/03\/14524434_1106112876131411_958039263622046936_o.jpg?resize=350%2C200&ssl=1 1x, https:\/\/i0.wp.com\/www.grieta.org.mx\/wp-content\/uploads\/2018\/03\/14524434_1106112876131411_958039263622046936_o.jpg?resize=525%2C300&ssl=1 1.5x, https:\/\/i0.wp.com\/www.grieta.org.mx\/wp-content\/uploads\/2018\/03\/14524434_1106112876131411_958039263622046936_o.jpg?resize=700%2C400&ssl=1 2x"},"classes":[]}],"_links":{"self":[{"href":"https:\/\/www.grieta.org.mx\/index.php\/wp-json\/wp\/v2\/posts\/40355","targetHints":{"allow":["GET"]}}],"collection":[{"href":"https:\/\/www.grieta.org.mx\/index.php\/wp-json\/wp\/v2\/posts"}],"about":[{"href":"https:\/\/www.grieta.org.mx\/index.php\/wp-json\/wp\/v2\/types\/post"}],"author":[{"embeddable":true,"href":"https:\/\/www.grieta.org.mx\/index.php\/wp-json\/wp\/v2\/users\/2"}],"replies":[{"embeddable":true,"href":"https:\/\/www.grieta.org.mx\/index.php\/wp-json\/wp\/v2\/comments?post=40355"}],"version-history":[{"count":1,"href":"https:\/\/www.grieta.org.mx\/index.php\/wp-json\/wp\/v2\/posts\/40355\/revisions"}],"predecessor-version":[{"id":40358,"href":"https:\/\/www.grieta.org.mx\/index.php\/wp-json\/wp\/v2\/posts\/40355\/revisions\/40358"}],"wp:featuredmedia":[{"embeddable":true,"href":"https:\/\/www.grieta.org.mx\/index.php\/wp-json\/wp\/v2\/media\/40357"}],"wp:attachment":[{"href":"https:\/\/www.grieta.org.mx\/index.php\/wp-json\/wp\/v2\/media?parent=40355"}],"wp:term":[{"taxonomy":"category","embeddable":true,"href":"https:\/\/www.grieta.org.mx\/index.php\/wp-json\/wp\/v2\/categories?post=40355"},{"taxonomy":"post_tag","embeddable":true,"href":"https:\/\/www.grieta.org.mx\/index.php\/wp-json\/wp\/v2\/tags?post=40355"}],"curies":[{"name":"wp","href":"https:\/\/api.w.org\/{rel}","templated":true}]}}