{"id":4035,"date":"2015-09-21T06:16:17","date_gmt":"2015-09-21T06:16:17","guid":{"rendered":"http:\/\/50.22.11.12\/~grietaor\/?p=4035"},"modified":"2018-07-05T12:33:11","modified_gmt":"2018-07-05T17:33:11","slug":"piden-en-aamsa-que-la-ctm-quede-fuera-del-sindicato","status":"publish","type":"post","link":"https:\/\/www.grieta.org.mx\/index.php\/2015\/09\/21\/piden-en-aamsa-que-la-ctm-quede-fuera-del-sindicato\/","title":{"rendered":"Piden en AAMSA que la CTM quede fuera del sindicato"},"content":{"rendered":"<header id=\"cb-standard-featured\">\n<div class=\"cb-entry-header cb-style-standard\">\n<h1 class=\"entry-title cb-entry-title cb-single-title\"><\/h1>\n<\/div>\n<\/header>\n<section class=\"entry-content clearfix\">Nuevo Casas Grandes, Chihuahua.- Se manifiestan trabajadores y ex trabajadores de la planta maquiladora Autopartes y Arneses de M\u00e9xico S.A. (AAMSA) en Nuevo Casas Grandes para solicitar que la CTM este fuera del sindicato y que sean los mismos obreros quienes hagan la elecci\u00f3n de quien estar\u00e1 al frente del sindicato.Quince minutos despu\u00e9s de las dos de la tarde un grupo de ex trabajadores de esa empresa maquiladora se dieron cita a las afueras del que fue su lugar de trabajo en donde colocaron sus veh\u00edculos a la entrada de la empresa para evitar el acceso de los camiones que transportan al personal y tambi\u00e9n evitar la salida de los gerentes de la empresa y de las ahora representantes del sindicato Estela Fierro y Dora Ortega a quienes solicitaron dieran la cara y atendieran las demandas de los trabajadores.<\/p>\n<p>A la salida y entrada de turnos los ex trabajadores solicitaron a sus ex compa\u00f1eros se unieran a esa manifestaci\u00f3n en la que no ped\u00edan les devolvieran su empleo, sino el que la CTM quede fuera del sindicato maquilador para evitar seguir siendo objeto de abusos.<\/p>\n<p>Despu\u00e9s de las tres de la tarde los trabajadores que terminaban e iban a iniciar labores se unieron a la manifestaci\u00f3n en la que dieron a conocer que las ahora l\u00edderes del sindicato Dora Ortega y Estela Fierro son unas vendidas con la CTM siendo esta \u00faltima quien ya estrena veh\u00edculo \u00faltimo modelo, el cual adquiri\u00f3 d\u00edas despu\u00e9s de estar al frente del sindicato, y el cual dijeron los manifestantes, se lo compr\u00f3 con el dinero que les quitan semanalmente a los trabajadores.<\/p>\n<p>Ah\u00ed se dio cita la ex l\u00edder del sindicato Laura Sam quien pidi\u00f3 a los gerentes de la empresa y a las ahora l\u00edderes del sindicato salieran a dar la cara como ella lo estaba haciendo, dando a conocer que despu\u00e9s han estado corriendo a gente cercana a ella como lo es su hermano y esposo por represalias que tienen contra su persona.<\/p>\n<p>Tambi\u00e9n reiter\u00f3 en repetidas ocasiones que esa manifestaci\u00f3n no es contra la empresa sino contra el sindicato que en ning\u00fan momento defiende al trabajador, a lo que agreg\u00f3 que a los trabajadores en ning\u00fan momento les dieron oportunidad de escoger a sus representantes sindicales.<\/p>\n<p>Con gritos de \u00a1fuera CTM! Los ex trabajadores y trabajadores solicitaban en repetidas ocasiones el que salieran a dar la cara y atender las demandas, ya que de no ser as\u00ed continuar\u00edan en su manifestaci\u00f3n.<\/p>\n<p>Ah\u00ed tambi\u00e9n se dio a conocer que las personas que han sido despedidas injustificadamente no han sido liquidadas ya que han acudido a la Junta de Conciliaci\u00f3n y Arbitraje en donde les dijeron estar\u00edan sus cheques pero estos no aparecieron hasta ayer cuando se estaba en la manifestaci\u00f3n.<\/p>\n<p>Un representante regional de la empresa lleg\u00f3 al lugar y manifestantes le dieron a conocer que \u00e9l ten\u00eda la facultad de solicitar a sus superiores que la CTM est\u00e9 fuera del sindicato y con ello evitar no solo esa manifestaci\u00f3n sino algunos paros laborales que se tienen contemplado hacer en esa maquila.<\/p>\n<p>Las demandas que tienen desde que fue despedida Laura Sam son:<br \/>\nEl no trabajar 12 horas como lo exige el l\u00edder de la CTM Abraham \u00c1lvarez, quien dicen, acude a las l\u00edneas y sin m\u00e1s ni menos les da a conocer que su jornada laboral ser\u00e1 de doce horas y que no puede dar explicaciones al respecto.<\/p>\n<p>Otras de las peticiones que pretend\u00edan hacer valer los trabajadores es que la CTM no estuviera dentro del sindicato, que solo se conformara un comit\u00e9 integrado por los mismos trabajadores.<\/p>\n<p>Tambi\u00e9n se estaba pidiendo al sindicato proporcione cuentas de los 4 pesos semanales que les quitan del salario a los mil 800 empleados que son cerca 30 mil pesos mensuales, de los cuales no se ve ning\u00fan beneficio al trabajador.<\/p>\n<p>Ante esta situaci\u00f3n fueron mil 300 empleados de esa planta maquiladora quienes firmaron para que al menos estas tres peticiones antes mencionadas se hicieran valer lo cual no ha dado resultados favorables de lo contrario, continua el despido de personas quienes est\u00e1n pugnando por hacer valer sus derechos.<\/p>\n<\/section>\n","protected":false},"excerpt":{"rendered":"<p>Nuevo Casas Grandes, Chihuahua.- Se manifiestan trabajadores y ex trabajadores de la planta maquiladora Autopartes y Arneses de M\u00e9xico S.A. (AAMSA) en Nuevo Casas Grandes para solicitar que la CTM &hellip; <a href=\"https:\/\/www.grieta.org.mx\/index.php\/2015\/09\/21\/piden-en-aamsa-que-la-ctm-quede-fuera-del-sindicato\/\" class=\"more-link\">Leer m\u00e1s<\/a><\/p>\n","protected":false},"author":2,"featured_media":21928,"comment_status":"closed","ping_status":"open","sticky":false,"template":"","format":"standard","meta":{"ngg_post_thumbnail":0,"_jetpack_newsletter_access":"","_jetpack_dont_email_post_to_subs":false,"_jetpack_newsletter_tier_id":0,"_jetpack_memberships_contains_paywalled_content":false,"_jetpack_memberships_contains_paid_content":false,"footnotes":""},"categories":[12,122,80,1398,2],"tags":[113,196],"class_list":{"0":"post-4035","1":"post","2":"type-post","3":"status-publish","4":"format-standard","5":"has-post-thumbnail","6":"hentry","7":"category-chihuahua","9":"category-cintillo","10":"category-conflictos-laborales-en-chihuahua","11":"category-noticias-nacionales","12":"tag-conflictos-laborales","13":"tag-maquilas","14":"entry"},"jetpack_featured_media_url":"https:\/\/www.grieta.org.mx\/wp-content\/uploads\/2018\/03\/14524434_1106112876131411_958039263622046936_o.jpg","jetpack_sharing_enabled":true,"jetpack_shortlink":"https:\/\/wp.me\/p7ZJR4-135","jetpack_likes_enabled":false,"jetpack-related-posts":[{"id":4038,"url":"https:\/\/www.grieta.org.mx\/index.php\/2015\/09\/18\/protestas-por-despido-injustificado-de-empleados-en-aamsa\/","url_meta":{"origin":4035,"position":0},"title":"Protestas por despido injustificado de empleados en AAMSA","author":"grieta","date":"18 septiembre, 2015","format":false,"excerpt":"Nuevo Casas Grandes, Chihuahua.- Represal\u00edas de integrantes del Sindicato de la planta maquiladora Autopartes y Arneses de M\u00e9xico S.A. (AAMSA) en Nuevo Casas Grandes termina en el despido injustificado de decenas de trabajadores quienes el viernes por la noche se manifestaron frente a las instalaciones del que era su centro\u2026","rel":"","context":"En &quot;Chihuahua&quot;","block_context":{"text":"Chihuahua","link":"https:\/\/www.grieta.org.mx\/index.php\/category\/noticias-nacionales\/chihuahua\/"},"img":{"alt_text":"","src":"https:\/\/i0.wp.com\/www.grieta.org.mx\/wp-content\/uploads\/2018\/03\/14524434_1106112876131411_958039263622046936_o.jpg?resize=350%2C200&ssl=1","width":350,"height":200,"srcset":"https:\/\/i0.wp.com\/www.grieta.org.mx\/wp-content\/uploads\/2018\/03\/14524434_1106112876131411_958039263622046936_o.jpg?resize=350%2C200&ssl=1 1x, https:\/\/i0.wp.com\/www.grieta.org.mx\/wp-content\/uploads\/2018\/03\/14524434_1106112876131411_958039263622046936_o.jpg?resize=525%2C300&ssl=1 1.5x, https:\/\/i0.wp.com\/www.grieta.org.mx\/wp-content\/uploads\/2018\/03\/14524434_1106112876131411_958039263622046936_o.jpg?resize=700%2C400&ssl=1 2x"},"classes":[]},{"id":4032,"url":"https:\/\/www.grieta.org.mx\/index.php\/2015\/09\/23\/frenan-huelga-en-maquiladora-aamsa-de-ncg\/","url_meta":{"origin":4035,"position":1},"title":"Frenan huelga en maquiladora AAMSA de NCG (Chihuahua)","author":"grieta","date":"23 septiembre, 2015","format":false,"excerpt":"23 septiembre, 2015 Nuevo Casas Grandes, Chihuahua.- Ante las diversas manifestaciones que se han presentado en la planta maquiladora Autopartes y Arneses de M\u00e9xico S A, que anunciaban el estallido de una huelga, directivos de la empresa en menci\u00f3n, acudieron desde la ciudad de Monterrey para negociar con los manifestantes,\u2026","rel":"","context":"En &quot;Chihuahua&quot;","block_context":{"text":"Chihuahua","link":"https:\/\/www.grieta.org.mx\/index.php\/category\/noticias-nacionales\/chihuahua\/"},"img":{"alt_text":"","src":"https:\/\/i0.wp.com\/www.grieta.org.mx\/wp-content\/uploads\/2018\/03\/14524434_1106112876131411_958039263622046936_o.jpg?resize=350%2C200&ssl=1","width":350,"height":200,"srcset":"https:\/\/i0.wp.com\/www.grieta.org.mx\/wp-content\/uploads\/2018\/03\/14524434_1106112876131411_958039263622046936_o.jpg?resize=350%2C200&ssl=1 1x, https:\/\/i0.wp.com\/www.grieta.org.mx\/wp-content\/uploads\/2018\/03\/14524434_1106112876131411_958039263622046936_o.jpg?resize=525%2C300&ssl=1 1.5x, https:\/\/i0.wp.com\/www.grieta.org.mx\/wp-content\/uploads\/2018\/03\/14524434_1106112876131411_958039263622046936_o.jpg?resize=700%2C400&ssl=1 2x"},"classes":[]},{"id":17965,"url":"https:\/\/www.grieta.org.mx\/index.php\/2016\/09\/11\/protestan-profesores-de-telebachilleratos-por-falta-de-pagos-en-chihuahua\/","url_meta":{"origin":4035,"position":2},"title":"Conflictos laborales en la industria maquiladora de Chihuahua","author":"grieta","date":"11 septiembre, 2016","format":false,"excerpt":"10\/09\/16. Convocan a obreros a grito \u201cMaquilero\u201d vs campa\u00f1a medi\u00e1tica de empresas, Ciudad Ju\u00e1rezEl Pueblo 06\/09\/16. Preparan obreros verbena contra compa\u00f1a de Index, Ciudad Ju\u00e1rezEl Mexicano 30\/08\/16. Cruza fronteras lucha maquilera contra explotaci\u00f3n laboral, ChihuahuaEl Pueblo 20\/08\/16. Salario maquilador en d\u00f3lares baja 13%, ChihuahuaEl Diario 05\/08\/16. Revela abogada Prieto los\u2026","rel":"","context":"En &quot;Chihuahua&quot;","block_context":{"text":"Chihuahua","link":"https:\/\/www.grieta.org.mx\/index.php\/category\/noticias-nacionales\/chihuahua\/"},"img":{"alt_text":"","src":"https:\/\/i0.wp.com\/www.grieta.org.mx\/wp-content\/uploads\/2018\/03\/14524434_1106112876131411_958039263622046936_o.jpg?resize=350%2C200&ssl=1","width":350,"height":200,"srcset":"https:\/\/i0.wp.com\/www.grieta.org.mx\/wp-content\/uploads\/2018\/03\/14524434_1106112876131411_958039263622046936_o.jpg?resize=350%2C200&ssl=1 1x, https:\/\/i0.wp.com\/www.grieta.org.mx\/wp-content\/uploads\/2018\/03\/14524434_1106112876131411_958039263622046936_o.jpg?resize=525%2C300&ssl=1 1.5x, https:\/\/i0.wp.com\/www.grieta.org.mx\/wp-content\/uploads\/2018\/03\/14524434_1106112876131411_958039263622046936_o.jpg?resize=700%2C400&ssl=1 2x"},"classes":[]},{"id":3322,"url":"https:\/\/www.grieta.org.mx\/index.php\/2015\/12\/15\/lexmark-habria-despedido-a-120-empleados-por-pedir-aumento-y-crear-sindicato\/","url_meta":{"origin":4035,"position":3},"title":"Lexmark habr\u00eda despedido a 120 empleados por pedir aumento y crear sindicato","author":"grieta","date":"15 diciembre, 2015","format":false,"excerpt":"Redacci\u00f3n\/El FINANCIERO La firma de impresi\u00f3n y software Lexmark habr\u00eda despedido al menos a 120 empleados de su planta ubicada en Ciudad Ju\u00e1rez, Chihuahua, presuntamente por solicitar un aumento salarial de 6 pesos y formar un sindicato. De acuerdo con medios locales, los empleados se inconformaron al neg\u00e1rseles el aumento\u2026","rel":"","context":"En &quot;Chihuahua&quot;","block_context":{"text":"Chihuahua","link":"https:\/\/www.grieta.org.mx\/index.php\/category\/noticias-nacionales\/chihuahua\/"},"img":{"alt_text":"","src":"https:\/\/i0.wp.com\/www.grieta.org.mx\/wp-content\/uploads\/2018\/03\/14524434_1106112876131411_958039263622046936_o.jpg?resize=350%2C200&ssl=1","width":350,"height":200,"srcset":"https:\/\/i0.wp.com\/www.grieta.org.mx\/wp-content\/uploads\/2018\/03\/14524434_1106112876131411_958039263622046936_o.jpg?resize=350%2C200&ssl=1 1x, https:\/\/i0.wp.com\/www.grieta.org.mx\/wp-content\/uploads\/2018\/03\/14524434_1106112876131411_958039263622046936_o.jpg?resize=525%2C300&ssl=1 1.5x, https:\/\/i0.wp.com\/www.grieta.org.mx\/wp-content\/uploads\/2018\/03\/14524434_1106112876131411_958039263622046936_o.jpg?resize=700%2C400&ssl=1 2x"},"classes":[]},{"id":3308,"url":"https:\/\/www.grieta.org.mx\/index.php\/2015\/12\/30\/niega-jlca-a-obreros-de-lexmark-sindicato-en-ciudad-juarez\/","url_meta":{"origin":4035,"position":4},"title":"Niega JLCA a obreros de Lexmark sindicato en Ciudad Ju\u00e1rez","author":"grieta","date":"30 diciembre, 2015","format":false,"excerpt":"Juan Ram\u00f3n Rosas\/EL MEXICANO El presidente de la Junta Local de Conciliaci\u00f3n Joaqu\u00edn Barrios, dio a conocer que en d\u00edas pasado se le neg\u00f3 la posibilidad a los empleados de la maquiladora Lexmark de tener un sindicato integrado por ellos mismos, y es que manifest\u00f3 que la petici\u00f3n lleg\u00f3 carente\u2026","rel":"","context":"En &quot;Chihuahua&quot;","block_context":{"text":"Chihuahua","link":"https:\/\/www.grieta.org.mx\/index.php\/category\/noticias-nacionales\/chihuahua\/"},"img":{"alt_text":"","src":"https:\/\/i0.wp.com\/www.grieta.org.mx\/wp-content\/uploads\/2018\/03\/14524434_1106112876131411_958039263622046936_o.jpg?resize=350%2C200&ssl=1","width":350,"height":200,"srcset":"https:\/\/i0.wp.com\/www.grieta.org.mx\/wp-content\/uploads\/2018\/03\/14524434_1106112876131411_958039263622046936_o.jpg?resize=350%2C200&ssl=1 1x, https:\/\/i0.wp.com\/www.grieta.org.mx\/wp-content\/uploads\/2018\/03\/14524434_1106112876131411_958039263622046936_o.jpg?resize=525%2C300&ssl=1 1.5x, https:\/\/i0.wp.com\/www.grieta.org.mx\/wp-content\/uploads\/2018\/03\/14524434_1106112876131411_958039263622046936_o.jpg?resize=700%2C400&ssl=1 2x"},"classes":[]},{"id":48578,"url":"https:\/\/www.grieta.org.mx\/index.php\/2020\/04\/28\/paran-empleados-de-maquila-labores-exigen-cuarentena-pagada-al-100-ciudad-juarez\/","url_meta":{"origin":4035,"position":5},"title":"Paran empleados de maquila labores; exigen cuarentena pagada al 100% (Ciudad Ju\u00e1rez)","author":"grieta","date":"28 abril, 2020","format":false,"excerpt":"Daniel Dom\u00ednguez El Diario de Ju\u00e1rez Foto: El Diario de Ju\u00e1rez iudad Ju\u00e1rez\u2014 Unos 500 trabajadores de la empresa Electro Componentes de M\u00e9xico, ubicada sobre la avenida Parque Industrial Ju\u00e1rez y la calle Chimeneas, del Parque Ju\u00e1rez, abandonaron labores esta ma\u00f1ana y exigen un convenio del 100 por ciento para\u2026","rel":"","context":"En &quot;Chihuahua&quot;","block_context":{"text":"Chihuahua","link":"https:\/\/www.grieta.org.mx\/index.php\/category\/noticias-nacionales\/chihuahua\/"},"img":{"alt_text":"","src":"https:\/\/i0.wp.com\/www.grieta.org.mx\/wp-content\/uploads\/2020\/05\/20200420084925806-2-1653849.jpg?resize=350%2C200&ssl=1","width":350,"height":200,"srcset":"https:\/\/i0.wp.com\/www.grieta.org.mx\/wp-content\/uploads\/2020\/05\/20200420084925806-2-1653849.jpg?resize=350%2C200&ssl=1 1x, https:\/\/i0.wp.com\/www.grieta.org.mx\/wp-content\/uploads\/2020\/05\/20200420084925806-2-1653849.jpg?resize=525%2C300&ssl=1 1.5x, https:\/\/i0.wp.com\/www.grieta.org.mx\/wp-content\/uploads\/2020\/05\/20200420084925806-2-1653849.jpg?resize=700%2C400&ssl=1 2x"},"classes":[]}],"_links":{"self":[{"href":"https:\/\/www.grieta.org.mx\/index.php\/wp-json\/wp\/v2\/posts\/4035","targetHints":{"allow":["GET"]}}],"collection":[{"href":"https:\/\/www.grieta.org.mx\/index.php\/wp-json\/wp\/v2\/posts"}],"about":[{"href":"https:\/\/www.grieta.org.mx\/index.php\/wp-json\/wp\/v2\/types\/post"}],"author":[{"embeddable":true,"href":"https:\/\/www.grieta.org.mx\/index.php\/wp-json\/wp\/v2\/users\/2"}],"replies":[{"embeddable":true,"href":"https:\/\/www.grieta.org.mx\/index.php\/wp-json\/wp\/v2\/comments?post=4035"}],"version-history":[{"count":1,"href":"https:\/\/www.grieta.org.mx\/index.php\/wp-json\/wp\/v2\/posts\/4035\/revisions"}],"predecessor-version":[{"id":24175,"href":"https:\/\/www.grieta.org.mx\/index.php\/wp-json\/wp\/v2\/posts\/4035\/revisions\/24175"}],"wp:featuredmedia":[{"embeddable":true,"href":"https:\/\/www.grieta.org.mx\/index.php\/wp-json\/wp\/v2\/media\/21928"}],"wp:attachment":[{"href":"https:\/\/www.grieta.org.mx\/index.php\/wp-json\/wp\/v2\/media?parent=4035"}],"wp:term":[{"taxonomy":"category","embeddable":true,"href":"https:\/\/www.grieta.org.mx\/index.php\/wp-json\/wp\/v2\/categories?post=4035"},{"taxonomy":"post_tag","embeddable":true,"href":"https:\/\/www.grieta.org.mx\/index.php\/wp-json\/wp\/v2\/tags?post=4035"}],"curies":[{"name":"wp","href":"https:\/\/api.w.org\/{rel}","templated":true}]}}