{"id":40343,"date":"2019-10-15T18:03:44","date_gmt":"2019-10-15T23:03:44","guid":{"rendered":"http:\/\/www.grieta.org.mx\/?p=40343"},"modified":"2019-10-19T18:14:46","modified_gmt":"2019-10-19T23:14:46","slug":"seccion-xx-reclama-a-tono-700-millones-nayarit","status":"publish","type":"post","link":"https:\/\/www.grieta.org.mx\/index.php\/2019\/10\/15\/seccion-xx-reclama-a-tono-700-millones-nayarit\/","title":{"rendered":"Secci\u00f3n XX reclama a To\u00f1o 700 millones (Nayarit)"},"content":{"rendered":"<p><img loading=\"lazy\" decoding=\"async\" data-attachment-id=\"40344\" data-permalink=\"https:\/\/www.grieta.org.mx\/index.php\/2019\/10\/15\/seccion-xx-reclama-a-tono-700-millones-nayarit\/ladislao\/\" data-orig-file=\"https:\/\/www.grieta.org.mx\/wp-content\/uploads\/2019\/10\/ladislao.jpg\" data-orig-size=\"800,601\" data-comments-opened=\"0\" data-image-meta=\"{&quot;aperture&quot;:&quot;0&quot;,&quot;credit&quot;:&quot;&quot;,&quot;camera&quot;:&quot;&quot;,&quot;caption&quot;:&quot;&quot;,&quot;created_timestamp&quot;:&quot;0&quot;,&quot;copyright&quot;:&quot;&quot;,&quot;focal_length&quot;:&quot;0&quot;,&quot;iso&quot;:&quot;0&quot;,&quot;shutter_speed&quot;:&quot;0&quot;,&quot;title&quot;:&quot;&quot;,&quot;orientation&quot;:&quot;0&quot;}\" data-image-title=\"ladislao\" data-image-description=\"\" data-image-caption=\"\" data-medium-file=\"https:\/\/www.grieta.org.mx\/wp-content\/uploads\/2019\/10\/ladislao-300x225.jpg\" data-large-file=\"https:\/\/www.grieta.org.mx\/wp-content\/uploads\/2019\/10\/ladislao.jpg\" class=\"aligncenter wp-image-40344\" src=\"http:\/\/www.grieta.org.mx\/wp-content\/uploads\/2019\/10\/ladislao.jpg\" alt=\"\" width=\"800\" height=\"601\" srcset=\"https:\/\/www.grieta.org.mx\/wp-content\/uploads\/2019\/10\/ladislao.jpg 800w, https:\/\/www.grieta.org.mx\/wp-content\/uploads\/2019\/10\/ladislao-300x225.jpg 300w, https:\/\/www.grieta.org.mx\/wp-content\/uploads\/2019\/10\/ladislao-768x577.jpg 768w, https:\/\/www.grieta.org.mx\/wp-content\/uploads\/2019\/10\/ladislao-666x500.jpg 666w\" sizes=\"auto, (max-width: 800px) 100vw, 800px\" \/><\/p>\n<p>Foto: Realidades<\/p>\n<p>Javier Rojo Fregoso \/ Realidades de Nayarit<\/p>\n<p>epic, Nayarit.-<br \/>\nEl l\u00edder de la Secci\u00f3n XX del SNTE, Jos\u00e9 Manuel \u00c1vila Torres, declar\u00f3: \u201cYa ocupamos cobrar nuestro dinero que nos debe el gobierno del estado, desde la anterior administraci\u00f3n que encabezara el Exgobernador del sombrero, el priista, Roberto Sandoval Casta\u00f1eda, y que el actual gobernador Antonio Echevarr\u00eda Garc\u00eda, no ha querido pagarnos, porque ya son casi dos largos a\u00f1os de su arribo a dicha responsabilidad y a\u00fan, no nos ha pagado, a pesar de que hab\u00edamos pactado un compromiso de pagos que no se han cumplido y que ya nos urge se cumplan a cabalidad y esperamos que antes de que termine este ciclo lectivo 20l8-20l9 se nos paguen nuestros dineros que son alrededor de SETENTA MILLONES DE PESOS que nos deben, que nos tienen que pagar porque es nuestro dinero y no queremos que estos pagos sigan atras\u00e1ndose porque si siguen sin pagarnos vamos a tener que cobrar intereses porque son muchos millones de pesos que andan volando o que han estado jineteando, es nuestro dinero, es de la Secci\u00f3n XX del SNTE y de nadie m\u00e1s.<\/p>\n<p>Sabemos que es deuda que se viene arrastrando desde la anterior administraci\u00f3n estatal, que encabezara el exgobernador del estado, Roberto Sandoval Casta\u00f1eda de extracci\u00f3n Priista y que ahora el actual Gobernador que ya tiene dos largos a\u00f1os de haber asumido el poder, y que es de extracci\u00f3n Panista, sigue sin pagarnos y no entendemos el por qu\u00e9, ya que hab\u00edamos acordado un programa de pagos que no se han estado cumpliendo y ya ocupamos que nos pague porque si siguen ignor\u00e1ndonos vamos a tener que aplicarles INTERESES porque son muchos Millones de pesos que est\u00e1n jineteando que no nos han pagado y que como es normal Generan intereses sobre intereses y el gobernador tendr\u00e1 QUE HACER UN GRAN ESFUERZO PARA PAGARNOS\u201d.<\/p>\n<p>Lo ha se\u00f1alado muy firme el l\u00edder estatal de la Secci\u00f3n XX del SNTE el profesor, Manuel Torres \u00c1vila, en que esta deuda tiene que cubrirse antes de que termine este 20l9 que ya est\u00e1 aqu\u00ed a \u201cla vuelta de la esquina\u201d.<\/p>\n<p>El l\u00edder agreg\u00f3: \u201cPorque nosotros hemos sido pacientes, consientes y respetuosos con el gobierno, sin embargo, creemos que ya es tiempo de que se nos cubra todos estos adeudos y esperamos que el gobernador se aplique, se sensibilice para que ya se cubra dicha deuda y todos transitemos en armon\u00eda porque es nuestro dinero, que ya debemos de cobrar porque ya no podemos esperar m\u00e1s tiempo, ya son dos largos a\u00f1os de esta administraci\u00f3n y m\u00e1s de un a\u00f1o de la anterior, bueno pues creo que ya est\u00e1 bueno y que ya tienen que pegarnos porque es dinero que necesitamos para seguir trabajando en bien de la educaci\u00f3n del pueblo todo de Nayarit\u201d, puntualiz\u00f3.<\/p>\n<p><a href=\"http:\/\/realidadesperiodico.com\/local\/seccion-xx-reclama-a-tono-700-millones\/\">http:\/\/realidadesperiodico.com\/local\/seccion-xx-reclama-a-tono-700-millones\/<\/a><\/p>\n","protected":false},"excerpt":{"rendered":"<p>Foto: Realidades Javier Rojo Fregoso \/ Realidades de Nayarit epic, Nayarit.- El l\u00edder de la Secci\u00f3n XX del SNTE, Jos\u00e9 Manuel \u00c1vila Torres, declar\u00f3: \u201cYa ocupamos cobrar nuestro dinero que &hellip; <a href=\"https:\/\/www.grieta.org.mx\/index.php\/2019\/10\/15\/seccion-xx-reclama-a-tono-700-millones-nayarit\/\" class=\"more-link\">Leer m\u00e1s<\/a><\/p>\n","protected":false},"author":2,"featured_media":40344,"comment_status":"closed","ping_status":"closed","sticky":false,"template":"","format":"standard","meta":{"ngg_post_thumbnail":0,"_jetpack_newsletter_access":"","_jetpack_dont_email_post_to_subs":false,"_jetpack_newsletter_tier_id":0,"_jetpack_memberships_contains_paywalled_content":false,"_jetpack_memberships_contains_paid_content":false,"footnotes":""},"categories":[80,1122,23,2],"tags":[1690,1909],"class_list":["post-40343","post","type-post","status-publish","format-standard","has-post-thumbnail","hentry","category-cintillo","category-conflictos-laborales-en-nayarit","category-nayarit","category-noticias-nacionales","tag-adeudo-de-salarios","tag-burocratas-y-maestros-sin-salario-ni-aguinaldo","entry"],"jetpack_featured_media_url":"https:\/\/www.grieta.org.mx\/wp-content\/uploads\/2019\/10\/ladislao.jpg","jetpack_sharing_enabled":true,"jetpack_shortlink":"https:\/\/wp.me\/p7ZJR4-auH","jetpack_likes_enabled":false,"jetpack-related-posts":[{"id":49728,"url":"https:\/\/www.grieta.org.mx\/index.php\/2020\/05\/19\/gobernador-incumplio-con-la-entrega-de-despensas-a-choferes-de-urbanos-nayarit\/","url_meta":{"origin":40343,"position":0},"title":"Gobernador incumpli\u00f3 con la entrega de despensas a choferes de urbanos (Nayarit)","author":"grieta","date":"19 mayo, 2020","format":false,"excerpt":"Foto: Realidades de Nayarit Prometi\u00f3 que cada semana les iba a entregar una y desde que inici\u00f3 la contingencia s\u00f3lo les dio una vez Javier Rojo Fregoso \/ Realidades de Nayarit Tepic, Nayarit.- Martes 19 de mayo del 2020.- Son cientos de trabajadores del volante secci\u00f3n urbanos que dicen estar\u2026","rel":"","context":"En &quot;CINTILLO&quot;","block_context":{"text":"CINTILLO","link":"https:\/\/www.grieta.org.mx\/index.php\/category\/cintillo\/"},"img":{"alt_text":"","src":"https:\/\/i0.wp.com\/www.grieta.org.mx\/wp-content\/uploads\/2020\/05\/camion-753x420.jpg?resize=350%2C200&ssl=1","width":350,"height":200,"srcset":"https:\/\/i0.wp.com\/www.grieta.org.mx\/wp-content\/uploads\/2020\/05\/camion-753x420.jpg?resize=350%2C200&ssl=1 1x, https:\/\/i0.wp.com\/www.grieta.org.mx\/wp-content\/uploads\/2020\/05\/camion-753x420.jpg?resize=525%2C300&ssl=1 1.5x, https:\/\/i0.wp.com\/www.grieta.org.mx\/wp-content\/uploads\/2020\/05\/camion-753x420.jpg?resize=700%2C400&ssl=1 2x"},"classes":[]},{"id":46888,"url":"https:\/\/www.grieta.org.mx\/index.php\/2020\/03\/26\/gobernador-de-nayarit-tiene-a-los-hospitales-en-la-ruina\/","url_meta":{"origin":40343,"position":1},"title":"Gobernador de Nayarit tiene a los hospitales en la ruina","author":"grieta","date":"26 marzo, 2020","format":false,"excerpt":"Foto: Realidades de Nayarit Denuncian los trabajadores del Sector Salud que el gobernador panista, Antonio Echevarr\u00eda Garc\u00eda, se la ha llevado a puros salivazos, pero no se ha preocupado porque los hospitales y centros de salud cuenten con lo m\u00ednimo indispensable para enfrentar la pandemia del Coronavirus Mildra Ben\u00edtez Robledo\u2026","rel":"","context":"En &quot;CINTILLO&quot;","block_context":{"text":"CINTILLO","link":"https:\/\/www.grieta.org.mx\/index.php\/category\/cintillo\/"},"img":{"alt_text":"","src":"https:\/\/i0.wp.com\/www.grieta.org.mx\/wp-content\/uploads\/2018\/03\/14524434_1106112876131411_958039263622046936_o.jpg?resize=350%2C200&ssl=1","width":350,"height":200,"srcset":"https:\/\/i0.wp.com\/www.grieta.org.mx\/wp-content\/uploads\/2018\/03\/14524434_1106112876131411_958039263622046936_o.jpg?resize=350%2C200&ssl=1 1x, https:\/\/i0.wp.com\/www.grieta.org.mx\/wp-content\/uploads\/2018\/03\/14524434_1106112876131411_958039263622046936_o.jpg?resize=525%2C300&ssl=1 1.5x, https:\/\/i0.wp.com\/www.grieta.org.mx\/wp-content\/uploads\/2018\/03\/14524434_1106112876131411_958039263622046936_o.jpg?resize=700%2C400&ssl=1 2x"},"classes":[]},{"id":51688,"url":"https:\/\/www.grieta.org.mx\/index.php\/2020\/07\/07\/jubilados-de-la-uan-reclaman-pagos-pendientes-nayarit\/","url_meta":{"origin":40343,"position":2},"title":"Jubilados de la UAN reclaman pagos pendientes (Nayarit)","author":"grieta","date":"7 julio, 2020","format":false,"excerpt":"Imagen: Realidades de Nayarit Javier Rojo Fregoso \/ Realidades de Nayarit Tepic, Nayarit.- Martes 07 de julio del 2020.- Siguen miles de docentes, academicos de la Universidad Aut\u00f3noma de Nayarit (UAN) activos, jubilados y pensionados, molestos con la parte patronal pero tambi\u00e9n con su llamado dirigente sindical, Francisco Haro, l\u00edder\u2026","rel":"","context":"En &quot;CINTILLO&quot;","block_context":{"text":"CINTILLO","link":"https:\/\/www.grieta.org.mx\/index.php\/category\/cintillo\/"},"img":{"alt_text":"","src":"https:\/\/i0.wp.com\/www.grieta.org.mx\/wp-content\/uploads\/2020\/07\/monedas.jpg?resize=350%2C200&ssl=1","width":350,"height":200,"srcset":"https:\/\/i0.wp.com\/www.grieta.org.mx\/wp-content\/uploads\/2020\/07\/monedas.jpg?resize=350%2C200&ssl=1 1x, https:\/\/i0.wp.com\/www.grieta.org.mx\/wp-content\/uploads\/2020\/07\/monedas.jpg?resize=525%2C300&ssl=1 1.5x, https:\/\/i0.wp.com\/www.grieta.org.mx\/wp-content\/uploads\/2020\/07\/monedas.jpg?resize=700%2C400&ssl=1 2x"},"classes":[]},{"id":47890,"url":"https:\/\/www.grieta.org.mx\/index.php\/2020\/04\/13\/8-mil-empleos-perdidos-en-nayarit-por-covid\/","url_meta":{"origin":40343,"position":3},"title":"8 mil empleos perdidos en Nayarit por Covid","author":"grieta","date":"13 abril, 2020","format":false,"excerpt":"Imagen: Realidades de Nayarit Mildra Ben\u00edtez Robledo \/ Realidades de Nayarit Tepic, Nayarit.- Lunes 13 de abril del 2020.- El Covid-19 , ya est\u00e1 provocando serios da\u00f1os econ\u00f3micos a Nayarit, pues a\u00fan cuando la Entidad tiene muy pocos empleos formales, estos comienza a perderse ante la contingencia. El titular del\u2026","rel":"","context":"En &quot;CINTILLO&quot;","block_context":{"text":"CINTILLO","link":"https:\/\/www.grieta.org.mx\/index.php\/category\/cintillo\/"},"img":{"alt_text":"","src":"https:\/\/i0.wp.com\/www.grieta.org.mx\/wp-content\/uploads\/2020\/04\/des-768x405.jpg?resize=350%2C200&ssl=1","width":350,"height":200,"srcset":"https:\/\/i0.wp.com\/www.grieta.org.mx\/wp-content\/uploads\/2020\/04\/des-768x405.jpg?resize=350%2C200&ssl=1 1x, https:\/\/i0.wp.com\/www.grieta.org.mx\/wp-content\/uploads\/2020\/04\/des-768x405.jpg?resize=525%2C300&ssl=1 1.5x, https:\/\/i0.wp.com\/www.grieta.org.mx\/wp-content\/uploads\/2020\/04\/des-768x405.jpg?resize=700%2C400&ssl=1 2x"},"classes":[]},{"id":47902,"url":"https:\/\/www.grieta.org.mx\/index.php\/2020\/04\/13\/rebelion-en-el-issste-nayarit\/","url_meta":{"origin":40343,"position":4},"title":"Rebeli\u00f3n en el ISSSTE (Nayarit)","author":"grieta","date":"13 abril, 2020","format":false,"excerpt":"Foto: Realidades de Nayarit Trabajadores del sector salud denuncian falta de equipo, insumos y protocolos para enfrentar la pandemia del COVID-19 Ver\u00f3nica Ram\u00edrez \/ Realidades de Nayarit Tepic, Nayarit. Lunes 13 de abril del 2020.- Se manifiesta personal de salud del \u00e1rea de urgencias del ISSSTE, exigen equipo de protecci\u00f3n,\u2026","rel":"","context":"En &quot;CINTILLO&quot;","block_context":{"text":"CINTILLO","link":"https:\/\/www.grieta.org.mx\/index.php\/category\/cintillo\/"},"img":{"alt_text":"","src":"https:\/\/i0.wp.com\/www.grieta.org.mx\/wp-content\/uploads\/2020\/04\/1-768x395.jpg?resize=350%2C200&ssl=1","width":350,"height":200,"srcset":"https:\/\/i0.wp.com\/www.grieta.org.mx\/wp-content\/uploads\/2020\/04\/1-768x395.jpg?resize=350%2C200&ssl=1 1x, https:\/\/i0.wp.com\/www.grieta.org.mx\/wp-content\/uploads\/2020\/04\/1-768x395.jpg?resize=525%2C300&ssl=1 1.5x, https:\/\/i0.wp.com\/www.grieta.org.mx\/wp-content\/uploads\/2020\/04\/1-768x395.jpg?resize=700%2C400&ssl=1 2x"},"classes":[]},{"id":55984,"url":"https:\/\/www.grieta.org.mx\/index.php\/2020\/12\/23\/retrasaran-maestros-regreso-a-clases-por-falta-de-aguinaldos-en-nayarit\/","url_meta":{"origin":40343,"position":5},"title":"Retrasar\u00e1n maestros regreso a clases por falta de aguinaldos en Nayarit","author":"grieta","date":"23 diciembre, 2020","format":false,"excerpt":"Foto: Realidades de Nayarit Seguir\u00e1n manifest\u00e1ndose y exigiendo sus derechos Crys Ben\u00edtez \/ El Occidental TEPIC, Nayarit (OEM-Informex). -Maestros de la Secci\u00f3n 49 del Sindicato Nacional de Trabajadores de la Educaci\u00f3n (SNTE) en Nayarit, han manifestado que tomar\u00e1n acciones dr\u00e1sticas, ante la falta de pagos correspondientes a los aguinaldos y\u2026","rel":"","context":"En &quot;CINTILLO&quot;","block_context":{"text":"CINTILLO","link":"https:\/\/www.grieta.org.mx\/index.php\/category\/cintillo\/"},"img":{"alt_text":"","src":"https:\/\/i0.wp.com\/www.grieta.org.mx\/wp-content\/uploads\/2020\/12\/verde-1-636x420-1.jpg?resize=350%2C200&ssl=1","width":350,"height":200,"srcset":"https:\/\/i0.wp.com\/www.grieta.org.mx\/wp-content\/uploads\/2020\/12\/verde-1-636x420-1.jpg?resize=350%2C200&ssl=1 1x, https:\/\/i0.wp.com\/www.grieta.org.mx\/wp-content\/uploads\/2020\/12\/verde-1-636x420-1.jpg?resize=525%2C300&ssl=1 1.5x"},"classes":[]}],"_links":{"self":[{"href":"https:\/\/www.grieta.org.mx\/index.php\/wp-json\/wp\/v2\/posts\/40343","targetHints":{"allow":["GET"]}}],"collection":[{"href":"https:\/\/www.grieta.org.mx\/index.php\/wp-json\/wp\/v2\/posts"}],"about":[{"href":"https:\/\/www.grieta.org.mx\/index.php\/wp-json\/wp\/v2\/types\/post"}],"author":[{"embeddable":true,"href":"https:\/\/www.grieta.org.mx\/index.php\/wp-json\/wp\/v2\/users\/2"}],"replies":[{"embeddable":true,"href":"https:\/\/www.grieta.org.mx\/index.php\/wp-json\/wp\/v2\/comments?post=40343"}],"version-history":[{"count":1,"href":"https:\/\/www.grieta.org.mx\/index.php\/wp-json\/wp\/v2\/posts\/40343\/revisions"}],"predecessor-version":[{"id":40345,"href":"https:\/\/www.grieta.org.mx\/index.php\/wp-json\/wp\/v2\/posts\/40343\/revisions\/40345"}],"wp:featuredmedia":[{"embeddable":true,"href":"https:\/\/www.grieta.org.mx\/index.php\/wp-json\/wp\/v2\/media\/40344"}],"wp:attachment":[{"href":"https:\/\/www.grieta.org.mx\/index.php\/wp-json\/wp\/v2\/media?parent=40343"}],"wp:term":[{"taxonomy":"category","embeddable":true,"href":"https:\/\/www.grieta.org.mx\/index.php\/wp-json\/wp\/v2\/categories?post=40343"},{"taxonomy":"post_tag","embeddable":true,"href":"https:\/\/www.grieta.org.mx\/index.php\/wp-json\/wp\/v2\/tags?post=40343"}],"curies":[{"name":"wp","href":"https:\/\/api.w.org\/{rel}","templated":true}]}}