{"id":40295,"date":"2019-10-16T01:27:09","date_gmt":"2019-10-16T06:27:09","guid":{"rendered":"http:\/\/www.grieta.org.mx\/?p=40295"},"modified":"2019-10-17T01:38:51","modified_gmt":"2019-10-17T06:38:51","slug":"ong-acusa-que-se-violo-derecho-de-consulta-por-santa-lucia-alista-demanda-estado-de-mexico","status":"publish","type":"post","link":"https:\/\/www.grieta.org.mx\/index.php\/2019\/10\/16\/ong-acusa-que-se-violo-derecho-de-consulta-por-santa-lucia-alista-demanda-estado-de-mexico\/","title":{"rendered":"ONG acusa que se viol\u00f3 derecho de consulta por Santa Luc\u00eda; alista demanda (Estado de M\u00e9xico)"},"content":{"rendered":"<p><img loading=\"lazy\" decoding=\"async\" data-attachment-id=\"40296\" data-permalink=\"https:\/\/www.grieta.org.mx\/index.php\/2019\/10\/16\/ong-acusa-que-se-violo-derecho-de-consulta-por-santa-lucia-alista-demanda-estado-de-mexico\/ong-acusa-que-se-violo-derecho-de-consulta-por-santa-lucia-alista-demanda-edomex-oct\/\" data-orig-file=\"https:\/\/www.grieta.org.mx\/wp-content\/uploads\/2019\/10\/ONG-acusa-que-se-viol\u00f3-derecho-de-consulta-por-santa-luc\u00eda-alista-demanda-edomex-oct.jpg\" data-orig-size=\"287,176\" data-comments-opened=\"0\" data-image-meta=\"{&quot;aperture&quot;:&quot;0&quot;,&quot;credit&quot;:&quot;&quot;,&quot;camera&quot;:&quot;&quot;,&quot;caption&quot;:&quot;&quot;,&quot;created_timestamp&quot;:&quot;0&quot;,&quot;copyright&quot;:&quot;&quot;,&quot;focal_length&quot;:&quot;0&quot;,&quot;iso&quot;:&quot;0&quot;,&quot;shutter_speed&quot;:&quot;0&quot;,&quot;title&quot;:&quot;&quot;,&quot;orientation&quot;:&quot;0&quot;}\" data-image-title=\"ONG acusa que se viol\u00f3 derecho de consulta por santa luc\u00eda alista demanda edomex oct\" data-image-description=\"\" data-image-caption=\"\" data-medium-file=\"https:\/\/www.grieta.org.mx\/wp-content\/uploads\/2019\/10\/ONG-acusa-que-se-viol\u00f3-derecho-de-consulta-por-santa-luc\u00eda-alista-demanda-edomex-oct.jpg\" data-large-file=\"https:\/\/www.grieta.org.mx\/wp-content\/uploads\/2019\/10\/ONG-acusa-que-se-viol\u00f3-derecho-de-consulta-por-santa-luc\u00eda-alista-demanda-edomex-oct.jpg\" class=\"aligncenter  wp-image-40296\" src=\"http:\/\/www.grieta.org.mx\/wp-content\/uploads\/2019\/10\/ONG-acusa-que-se-viol\u00f3-derecho-de-consulta-por-santa-luc\u00eda-alista-demanda-edomex-oct.jpg\" alt=\"\" width=\"512\" height=\"314\" \/><br \/>\nEmilio Fern\u00e1ndez \/ El Universal<\/p>\n<blockquote><p>Considera que viol\u00f3 el derecho a la consulta de las comunidades originarias que no est\u00e1n de acuerdo con la construcci\u00f3n del aeropuerto<\/p><\/blockquote>\n<p>Tec\u00e1mac.-El Frente de Pueblos Originarios en Defensa del Agua (FPODA) de Tec\u00e1mac y Zumpango demandar\u00e1 ante la Comisi\u00f3n Interamericana de Derechos Humanos (CIDH) al gobierno federal porque consideran que viol\u00f3 el derecho a la consulta de las comunidades originarias que no est\u00e1n de acuerdo con la construcci\u00f3n del Aeropuerto Internacional de Santa Luc\u00eda.<\/p>\n<p>La inconformidad que presentar\u00e1n incluye tambi\u00e9n violaciones al derecho al agua y a tener un ambiente sano en la regi\u00f3n, donde ma\u00f1ana iniciar\u00e1n las obras del aer\u00f3dromo.<\/p>\n<p>El dirigente del FPODA, Ricardo Ovando Ram\u00edrez, consider\u00f3 que existe complicidad entre el Poder Judicial y la Federaci\u00f3n para que un juzgado federal haya revocado la \u00faltima suspensi\u00f3n que imped\u00eda la realizaci\u00f3n del proyecto aeroportuario que impulsa la administraci\u00f3n del presidente Andr\u00e9s Manuel L\u00f3pez Obrador.<\/p>\n<p>\u201cLa demanda contra el gobierno mexicano est\u00e1 sustentada por la violaci\u00f3n al derecho a la consulta de los pueblos originarios que, seg\u00fan el Convenio 169 de la OIT, en armon\u00eda con los art\u00edculos 1 y 2 de nuestra Constituci\u00f3n, obliga al Estado Mexicano a realizar una consulta libre, previa, informada, culturalmente adecuada y de buena fe en determinaciones gubernamentales, situaci\u00f3n que no ha ocurrido en lo m\u00e1s m\u00ednimo\u201d, denunci\u00f3.<\/p>\n<p>La demanda ser\u00e1 interpuesta a trav\u00e9s del Centro de Derechos Humanos Zeferino Ladrillero y se espera que adem\u00e1s del FPODA otras agrupaciones sociales se sumen a la propuesta.<\/p>\n<p>\u201cA lo mejor la oposici\u00f3n jur\u00eddica de momento se cay\u00f3, pero ahora lo que el Frente va hacer es que el conflicto jur\u00eddico escale a nivel internacional, dado que lo que vemos nosotros es que es muy dif\u00edcil que la Suprema Corte de Justicia de la Naci\u00f3n pueda atraer el caso.<\/p>\n<p>\u201cAnte su avallasamiento y complicidad de los \u00f3rganos jur\u00eddicos vamos a recurrir a \u00f3rganos internacionales\u201d, anunci\u00f3 Ricardo Ovando.<\/p>\n<p><a href=\"https:\/\/www.eluniversal.com.mx\/metropoli\/edomex\/ong-demandara-gobierno-federal-ante-cidh-acusa-que-violo-derecho-de-consulta-por\" rel=\"noopener noreferrer\" target=\"_blank\">https:\/\/www.eluniversal.com.mx\/metropoli\/edomex\/ong-demandara-gobierno-federal-ante-cidh-acusa-que-violo-derecho-de-consulta-por<\/a><\/p>\n","protected":false},"excerpt":{"rendered":"<p>Emilio Fern\u00e1ndez \/ El Universal Considera que viol\u00f3 el derecho a la consulta de las comunidades originarias que no est\u00e1n de acuerdo con la construcci\u00f3n del aeropuerto Tec\u00e1mac.-El Frente de &hellip; <a href=\"https:\/\/www.grieta.org.mx\/index.php\/2019\/10\/16\/ong-acusa-que-se-violo-derecho-de-consulta-por-santa-lucia-alista-demanda-estado-de-mexico\/\" class=\"more-link\">Leer m\u00e1s<\/a><\/p>\n","protected":false},"author":2,"featured_media":40296,"comment_status":"closed","ping_status":"closed","sticky":false,"template":"","format":"standard","meta":{"ngg_post_thumbnail":0,"_jetpack_newsletter_access":"","_jetpack_dont_email_post_to_subs":false,"_jetpack_newsletter_tier_id":0,"_jetpack_memberships_contains_paywalled_content":false,"_jetpack_memberships_contains_paid_content":false,"footnotes":""},"categories":[80,1571,2492,914,16,3,922,932,2,83],"tags":[2494,2403,174,2444],"class_list":["post-40295","post","type-post","status-publish","format-standard","has-post-thumbnail","hentry","category-cintillo","category-conflictos-por-falta-de-agua-en-el-estado-de-mexico","category-conflictos-por-la-construccion-del-aeropuerto-en-la-base-militar-de-santa-lucia","category-privatizacion-del-agua","category-estado-de-mexico","category-megaproyectos","category-megaproyectos-estados","category-mp-edo-mex","category-noticias-nacionales","category-temas-nacionales","tag-aeropuerto-santa-lucia","tag-crisis-del-agua","tag-derechos-humanos","tag-violacion-derechos-humanos","entry"],"jetpack_featured_media_url":"https:\/\/www.grieta.org.mx\/wp-content\/uploads\/2019\/10\/ONG-acusa-que-se-viol\u00f3-derecho-de-consulta-por-santa-luc\u00eda-alista-demanda-edomex-oct.jpg","jetpack_sharing_enabled":true,"jetpack_shortlink":"https:\/\/wp.me\/p7ZJR4-atV","jetpack_likes_enabled":false,"jetpack-related-posts":[{"id":40999,"url":"https:\/\/www.grieta.org.mx\/index.php\/2019\/11\/04\/unam-omitio-danos-a-indigenas-por-construccion-del-aeropuerto-en-santa-lucia-ong-estado-de-mexico\/","url_meta":{"origin":40295,"position":0},"title":"UNAM omiti\u00f3 da\u00f1os a ind\u00edgenas por construcci\u00f3n del aeropuerto en Santa Luc\u00eda: ONG (Estado de M\u00e9xico)","author":"grieta","date":"4 noviembre, 2019","format":false,"excerpt":"Jordana gonz\u00e1lez \/ Contral\u00ednea La Facultad de Ingenier\u00eda de la Universidad Nacional Aut\u00f3noma de M\u00e9xico (UNAM) omiti\u00f3 da\u00f1os ambientales y sociales hacia comunidades originarias, que habitan la cuenca Norte de la Ciudad de M\u00e9xico, en la manifestaci\u00f3n de impacto ambiental que realiz\u00f3 respecto de la construcci\u00f3n del aeropuerto en Santa\u2026","rel":"","context":"En &quot;CINTILLO&quot;","block_context":{"text":"CINTILLO","link":"https:\/\/www.grieta.org.mx\/index.php\/category\/cintillo\/"},"img":{"alt_text":"","src":"https:\/\/i0.wp.com\/www.grieta.org.mx\/wp-content\/uploads\/2019\/11\/UNAM-omiti%C3%B3-da%C3%B1os-a-ind%C3%ADgenas-por-construcci%C3%B3n-del-aeropuerto-en-Santa-Luc%C3%ADa-ONG-edomex-nov.jpg?resize=350%2C200&ssl=1","width":350,"height":200,"srcset":"https:\/\/i0.wp.com\/www.grieta.org.mx\/wp-content\/uploads\/2019\/11\/UNAM-omiti%C3%B3-da%C3%B1os-a-ind%C3%ADgenas-por-construcci%C3%B3n-del-aeropuerto-en-Santa-Luc%C3%ADa-ONG-edomex-nov.jpg?resize=350%2C200&ssl=1 1x, https:\/\/i0.wp.com\/www.grieta.org.mx\/wp-content\/uploads\/2019\/11\/UNAM-omiti%C3%B3-da%C3%B1os-a-ind%C3%ADgenas-por-construcci%C3%B3n-del-aeropuerto-en-Santa-Luc%C3%ADa-ONG-edomex-nov.jpg?resize=525%2C300&ssl=1 1.5x"},"classes":[]},{"id":40772,"url":"https:\/\/www.grieta.org.mx\/index.php\/2019\/10\/26\/marchan-en-tecamac-contra-aeropuerto-de-santa-lucia-estado-de-mexico\/","url_meta":{"origin":40295,"position":1},"title":"Marchan en Tec\u00e1mac contra aeropuerto de Santa Luc\u00eda (Estado de M\u00e9xico)","author":"grieta","date":"26 octubre, 2019","format":false,"excerpt":"Alejandra Gudi\u00f1o \/ Milenio La agrupaci\u00f3n denominada 12 pueblos originarios reiter\u00f3 su oposici\u00f3n al proyecto y demand\u00f3 una mesa de di\u00e1logo con las autoridades. Integrantes de los 12 pueblos originarios de Tec\u00e1mac realizaron una marcha que parti\u00f3 de la explanada municipal hasta la entrada de la base a\u00e9rea de Santa\u2026","rel":"","context":"En &quot;CINTILLO&quot;","block_context":{"text":"CINTILLO","link":"https:\/\/www.grieta.org.mx\/index.php\/category\/cintillo\/"},"img":{"alt_text":"","src":"https:\/\/i0.wp.com\/www.grieta.org.mx\/wp-content\/uploads\/2019\/11\/Marchan-en-Tec%C3%A1mac-contra-aeropuerto-de-Santa-Luc%C3%ADa-edomex-nov.jpg?resize=350%2C200&ssl=1","width":350,"height":200,"srcset":"https:\/\/i0.wp.com\/www.grieta.org.mx\/wp-content\/uploads\/2019\/11\/Marchan-en-Tec%C3%A1mac-contra-aeropuerto-de-Santa-Luc%C3%ADa-edomex-nov.jpg?resize=350%2C200&ssl=1 1x, https:\/\/i0.wp.com\/www.grieta.org.mx\/wp-content\/uploads\/2019\/11\/Marchan-en-Tec%C3%A1mac-contra-aeropuerto-de-Santa-Luc%C3%ADa-edomex-nov.jpg?resize=525%2C300&ssl=1 1.5x, https:\/\/i0.wp.com\/www.grieta.org.mx\/wp-content\/uploads\/2019\/11\/Marchan-en-Tec%C3%A1mac-contra-aeropuerto-de-Santa-Luc%C3%ADa-edomex-nov.jpg?resize=700%2C400&ssl=1 2x"},"classes":[]},{"id":40359,"url":"https:\/\/www.grieta.org.mx\/index.php\/2019\/10\/17\/habitantes-de-pueblos-originarios-protestan-contra-aeropuerto-en-santa-lucia-estado-de-mexico\/","url_meta":{"origin":40295,"position":2},"title":"Habitantes de pueblos originarios protestan contra aeropuerto en Santa Luc\u00eda (Estado de M\u00e9xico)","author":"grieta","date":"17 octubre, 2019","format":false,"excerpt":"Emilio Fern\u00e1ndez \/ El Universal Los residentes argumentan que la construcci\u00f3n y operaci\u00f3n de la terminal a\u00e9rea dejar\u00e1 sin agua potable tanto a las comunidades de las zonas cercanas a la base como los municipios que se encuentran en esta zona del Valle de M\u00e9xico Tec\u00e1mac, Mex.- Un grupo de\u2026","rel":"","context":"En &quot;CINTILLO&quot;","block_context":{"text":"CINTILLO","link":"https:\/\/www.grieta.org.mx\/index.php\/category\/cintillo\/"},"img":{"alt_text":"","src":"https:\/\/i0.wp.com\/www.grieta.org.mx\/wp-content\/uploads\/2019\/10\/Habitantes-de-pueblos-originarios-protestan-contra-aeropuerto-en-Santa-Luc%C3%ADa-edomex-oct.jpg?resize=350%2C200","width":350,"height":200},"classes":[]},{"id":34150,"url":"https:\/\/www.grieta.org.mx\/index.php\/2019\/05\/01\/falta-consultar-a-19-comunidades-indigenas-sobre-el-aeropuerto-de-santa-lucia-estado-de-mexico\/","url_meta":{"origin":40295,"position":3},"title":"Falta consultar a 19 comunidades ind\u00edgenas sobre el aeropuerto de Santa Luc\u00eda (Estado de M\u00e9xico)","author":"grieta","date":"1 mayo, 2019","format":false,"excerpt":"Julio C\u00e9sar Reveles Aguilar\/Animal Pol\u00edtico Hasta el momento solo una comunidad, Xaltocan, ha sido informada sobre el proyecto del aeropuerto. Seg\u00fan un convenio de la Organizaci\u00f3n Internacional del Trabajo (OIT) debe ser al menos 20 comunidades. Hasta el momento solo un pueblo originario, Xaltocan, ha sido consultado sobre la obra\u2026","rel":"","context":"En &quot;CINTILLO&quot;","block_context":{"text":"CINTILLO","link":"https:\/\/www.grieta.org.mx\/index.php\/category\/cintillo\/"},"img":{"alt_text":"","src":"https:\/\/i0.wp.com\/www.grieta.org.mx\/wp-content\/uploads\/2019\/06\/aeropuerto-1.jpg?resize=350%2C200&ssl=1","width":350,"height":200,"srcset":"https:\/\/i0.wp.com\/www.grieta.org.mx\/wp-content\/uploads\/2019\/06\/aeropuerto-1.jpg?resize=350%2C200&ssl=1 1x, https:\/\/i0.wp.com\/www.grieta.org.mx\/wp-content\/uploads\/2019\/06\/aeropuerto-1.jpg?resize=525%2C300&ssl=1 1.5x, https:\/\/i0.wp.com\/www.grieta.org.mx\/wp-content\/uploads\/2019\/06\/aeropuerto-1.jpg?resize=700%2C400&ssl=1 2x"},"classes":[]},{"id":38360,"url":"https:\/\/www.grieta.org.mx\/index.php\/2019\/08\/25\/lanzan-defensa-comunitaria-contra-santa-lucia\/","url_meta":{"origin":40295,"position":4},"title":"Lanzan defensa comunitaria contra Santa Luc\u00eda","author":"grieta","date":"25 agosto, 2019","format":false,"excerpt":"Texto: Lydiette Carri\u00f3n Fotos: Archivo \/ Ximena Natera y Duilio Rodr\u00edguez Pie de P\u00e1gina Los pueblos originarios en los municipios de Tec\u00e1mac, Zumpango y Nextlalpan est\u00e1n contra el proyecto Santa Luc\u00eda. Pero se desmarcan de las acciones legales que encabezan grupos de empresarios, quienes lo hacen bajo la l\u00f3gica empresarial.\u2026","rel":"","context":"En &quot;CINTILLO&quot;","block_context":{"text":"CINTILLO","link":"https:\/\/www.grieta.org.mx\/index.php\/category\/cintillo\/"},"img":{"alt_text":"","src":"https:\/\/i0.wp.com\/www.grieta.org.mx\/wp-content\/uploads\/2019\/08\/PdP_ECATEPEC-2_270619_MXN_0139_BAJA-1-1140x570.jpg?resize=350%2C200&ssl=1","width":350,"height":200,"srcset":"https:\/\/i0.wp.com\/www.grieta.org.mx\/wp-content\/uploads\/2019\/08\/PdP_ECATEPEC-2_270619_MXN_0139_BAJA-1-1140x570.jpg?resize=350%2C200&ssl=1 1x, https:\/\/i0.wp.com\/www.grieta.org.mx\/wp-content\/uploads\/2019\/08\/PdP_ECATEPEC-2_270619_MXN_0139_BAJA-1-1140x570.jpg?resize=525%2C300&ssl=1 1.5x, https:\/\/i0.wp.com\/www.grieta.org.mx\/wp-content\/uploads\/2019\/08\/PdP_ECATEPEC-2_270619_MXN_0139_BAJA-1-1140x570.jpg?resize=700%2C400&ssl=1 2x, https:\/\/i0.wp.com\/www.grieta.org.mx\/wp-content\/uploads\/2019\/08\/PdP_ECATEPEC-2_270619_MXN_0139_BAJA-1-1140x570.jpg?resize=1050%2C600&ssl=1 3x"},"classes":[]},{"id":32685,"url":"https:\/\/www.grieta.org.mx\/index.php\/2019\/04\/27\/habitantes-de-tecamac-se-manifiestan-contra-la-construccion-del-naim-estado-de-mexico\/","url_meta":{"origin":40295,"position":5},"title":"Habitantes de Tec\u00e1mac se manifiestan contra la construcci\u00f3n del NAIM (Estado de M\u00e9xico)","author":"grieta","date":"27 abril, 2019","format":false,"excerpt":"Orlando Salinas\/El Sol de Toluca Exigen a los gobiernos de los tres \u00f3rdenes, federal, estatal y municipal, proporcionar informaci\u00f3n precisa del impacto geol\u00f3gico Tec\u00e1mac, M\u00e9xico.- Al filo de las 10:00 de la ma\u00f1ana alrededor de 50 pobladores y representantes de los 12 pueblos del Municipio, se manifestaron con mantas y\u2026","rel":"","context":"En &quot;CINTILLO&quot;","block_context":{"text":"CINTILLO","link":"https:\/\/www.grieta.org.mx\/index.php\/category\/cintillo\/"},"img":{"alt_text":"","src":"https:\/\/i0.wp.com\/www.grieta.org.mx\/wp-content\/uploads\/2018\/03\/14524434_1106112876131411_958039263622046936_o.jpg?resize=350%2C200&ssl=1","width":350,"height":200,"srcset":"https:\/\/i0.wp.com\/www.grieta.org.mx\/wp-content\/uploads\/2018\/03\/14524434_1106112876131411_958039263622046936_o.jpg?resize=350%2C200&ssl=1 1x, https:\/\/i0.wp.com\/www.grieta.org.mx\/wp-content\/uploads\/2018\/03\/14524434_1106112876131411_958039263622046936_o.jpg?resize=525%2C300&ssl=1 1.5x, https:\/\/i0.wp.com\/www.grieta.org.mx\/wp-content\/uploads\/2018\/03\/14524434_1106112876131411_958039263622046936_o.jpg?resize=700%2C400&ssl=1 2x"},"classes":[]}],"_links":{"self":[{"href":"https:\/\/www.grieta.org.mx\/index.php\/wp-json\/wp\/v2\/posts\/40295","targetHints":{"allow":["GET"]}}],"collection":[{"href":"https:\/\/www.grieta.org.mx\/index.php\/wp-json\/wp\/v2\/posts"}],"about":[{"href":"https:\/\/www.grieta.org.mx\/index.php\/wp-json\/wp\/v2\/types\/post"}],"author":[{"embeddable":true,"href":"https:\/\/www.grieta.org.mx\/index.php\/wp-json\/wp\/v2\/users\/2"}],"replies":[{"embeddable":true,"href":"https:\/\/www.grieta.org.mx\/index.php\/wp-json\/wp\/v2\/comments?post=40295"}],"version-history":[{"count":1,"href":"https:\/\/www.grieta.org.mx\/index.php\/wp-json\/wp\/v2\/posts\/40295\/revisions"}],"predecessor-version":[{"id":40297,"href":"https:\/\/www.grieta.org.mx\/index.php\/wp-json\/wp\/v2\/posts\/40295\/revisions\/40297"}],"wp:featuredmedia":[{"embeddable":true,"href":"https:\/\/www.grieta.org.mx\/index.php\/wp-json\/wp\/v2\/media\/40296"}],"wp:attachment":[{"href":"https:\/\/www.grieta.org.mx\/index.php\/wp-json\/wp\/v2\/media?parent=40295"}],"wp:term":[{"taxonomy":"category","embeddable":true,"href":"https:\/\/www.grieta.org.mx\/index.php\/wp-json\/wp\/v2\/categories?post=40295"},{"taxonomy":"post_tag","embeddable":true,"href":"https:\/\/www.grieta.org.mx\/index.php\/wp-json\/wp\/v2\/tags?post=40295"}],"curies":[{"name":"wp","href":"https:\/\/api.w.org\/{rel}","templated":true}]}}