{"id":40284,"date":"2019-10-14T00:49:55","date_gmt":"2019-10-14T05:49:55","guid":{"rendered":"http:\/\/www.grieta.org.mx\/?p=40284"},"modified":"2019-10-17T00:56:31","modified_gmt":"2019-10-17T05:56:31","slug":"protestan-en-metepec-por-donacion-de-predio-a-la-guardia-nacional-estado-de-mexico","status":"publish","type":"post","link":"https:\/\/www.grieta.org.mx\/index.php\/2019\/10\/14\/protestan-en-metepec-por-donacion-de-predio-a-la-guardia-nacional-estado-de-mexico\/","title":{"rendered":"Protestan en Metepec por donaci\u00f3n de predio a la Guardia Nacional (Estado de M\u00e9xico)"},"content":{"rendered":"<p><img loading=\"lazy\" decoding=\"async\" data-attachment-id=\"40285\" data-permalink=\"https:\/\/www.grieta.org.mx\/index.php\/2019\/10\/14\/protestan-en-metepec-por-donacion-de-predio-a-la-guardia-nacional-estado-de-mexico\/protestan-en-metepec-por-donacion-de-predio-a-la-guardia-nacional-edomex-oct\/\" data-orig-file=\"https:\/\/www.grieta.org.mx\/wp-content\/uploads\/2019\/10\/Protestan-en-Metepec-por-donaci\u00f3n-de-predio-a-la-Guardia-Nacional-edomex-oct.jpeg\" data-orig-size=\"1024,768\" data-comments-opened=\"0\" data-image-meta=\"{&quot;aperture&quot;:&quot;0&quot;,&quot;credit&quot;:&quot;&quot;,&quot;camera&quot;:&quot;&quot;,&quot;caption&quot;:&quot;&quot;,&quot;created_timestamp&quot;:&quot;0&quot;,&quot;copyright&quot;:&quot;&quot;,&quot;focal_length&quot;:&quot;0&quot;,&quot;iso&quot;:&quot;0&quot;,&quot;shutter_speed&quot;:&quot;0&quot;,&quot;title&quot;:&quot;&quot;,&quot;orientation&quot;:&quot;0&quot;}\" data-image-title=\"Protestan en Metepec por donaci\u00f3n de predio a la Guardia Nacional edomex oct\" data-image-description=\"\" data-image-caption=\"\" data-medium-file=\"https:\/\/www.grieta.org.mx\/wp-content\/uploads\/2019\/10\/Protestan-en-Metepec-por-donaci\u00f3n-de-predio-a-la-Guardia-Nacional-edomex-oct-300x225.jpeg\" data-large-file=\"https:\/\/www.grieta.org.mx\/wp-content\/uploads\/2019\/10\/Protestan-en-Metepec-por-donaci\u00f3n-de-predio-a-la-Guardia-Nacional-edomex-oct-1024x768.jpeg\" class=\"aligncenter size-large wp-image-40285\" src=\"http:\/\/www.grieta.org.mx\/wp-content\/uploads\/2019\/10\/Protestan-en-Metepec-por-donaci\u00f3n-de-predio-a-la-Guardia-Nacional-edomex-oct-1024x768.jpeg\" alt=\"\" width=\"1024\" height=\"768\" srcset=\"https:\/\/www.grieta.org.mx\/wp-content\/uploads\/2019\/10\/Protestan-en-Metepec-por-donaci\u00f3n-de-predio-a-la-Guardia-Nacional-edomex-oct.jpeg 1024w, https:\/\/www.grieta.org.mx\/wp-content\/uploads\/2019\/10\/Protestan-en-Metepec-por-donaci\u00f3n-de-predio-a-la-Guardia-Nacional-edomex-oct-300x225.jpeg 300w, https:\/\/www.grieta.org.mx\/wp-content\/uploads\/2019\/10\/Protestan-en-Metepec-por-donaci\u00f3n-de-predio-a-la-Guardia-Nacional-edomex-oct-768x576.jpeg 768w, https:\/\/www.grieta.org.mx\/wp-content\/uploads\/2019\/10\/Protestan-en-Metepec-por-donaci\u00f3n-de-predio-a-la-Guardia-Nacional-edomex-oct-667x500.jpeg 667w\" sizes=\"auto, (max-width: 1024px) 100vw, 1024px\" \/><br \/>\nJuan Gabriel Gonz\u00e1lez \/ MVS Noticias<\/p>\n<blockquote><p>El ayuntamiento de Morena en Metepec acusa que detr\u00e1s de los vecinos inconformes hay grupos pol\u00edticos infiltrados.<\/p><\/blockquote>\n<p>La donaci\u00f3n \u2013v\u00eda comodato- de un predio del Parque \u201cLa Pilita\u201d para instalar un cuartel de la Guardia Nacional, propici\u00f3 el desencuentro entre vecinos y autoridades de Metepec, Estado de M\u00e9xico, porque colonos de La Pila se niegan a entregar \u00e1reas verdes a las Fuerzas Federales.<\/p>\n<p>Tras la aprobaci\u00f3n en cabildo, donde se le entrega a la Guardia Nacional una de las 10 hect\u00e1reas que comprenden el parque recreativo, pobladores y colectivos ambientalistas instalaron un plant\u00f3n a las afueras de la zona verde de \u201cLa Pilita\u201d para evitar el arribo de los elementos de seguridad.<\/p>\n<p>Por un lado, los colonos inconformes dicen que el gobierno municipal nunca los consult\u00f3 sobre esta decisi\u00f3n y exigen que si se le va a dar un espacio a la polic\u00eda nacional que sea en otro lugar y no en el parque.<\/p>\n<p>Guillermo S\u00e1nchez Gardu\u00f1o, integrante del movimiento \u201cAbracemos el Parque La Pila\u201d, denunci\u00f3 que este fin de semana la polic\u00eda municipal trat\u00f3 de desalojarlos con actos intimidatorios.<\/p>\n<p>Por su parte y a trav\u00e9s de un comunicado, el ayuntamiento de Morena en Metepec acusa que detr\u00e1s de los vecinos inconformes hay grupos pol\u00edticos infiltrados para desestabilizar a la administraci\u00f3n y evitar la llegada de la Guardia Nacional; incluso la alcaldesa Gabriela Bamboa asegur\u00f3 que los disidentes habr\u00edan falsificado firmas para mostrar su descontento social.<\/p>\n<p><a href=\"https:\/\/mvsnoticias.com\/noticias\/estados\/protestan-en-metepec-por-donacion-de-predio-a-la-guardia-nacional\/\" target=\"_blank\" rel=\"noopener noreferrer\">https:\/\/mvsnoticias.com\/noticias\/estados\/protestan-en-metepec-por-donacion-de-predio-a-la-guardia-nacional\/<\/a><\/p>\n","protected":false},"excerpt":{"rendered":"<p>Juan Gabriel Gonz\u00e1lez \/ MVS Noticias El ayuntamiento de Morena en Metepec acusa que detr\u00e1s de los vecinos inconformes hay grupos pol\u00edticos infiltrados. La donaci\u00f3n \u2013v\u00eda comodato- de un predio &hellip; <a href=\"https:\/\/www.grieta.org.mx\/index.php\/2019\/10\/14\/protestan-en-metepec-por-donacion-de-predio-a-la-guardia-nacional-estado-de-mexico\/\" class=\"more-link\">Leer m\u00e1s<\/a><\/p>\n","protected":false},"author":2,"featured_media":40285,"comment_status":"closed","ping_status":"closed","sticky":false,"template":"","format":"standard","meta":{"ngg_post_thumbnail":0,"_jetpack_newsletter_access":"","_jetpack_dont_email_post_to_subs":false,"_jetpack_newsletter_tier_id":0,"_jetpack_memberships_contains_paywalled_content":false,"_jetpack_memberships_contains_paid_content":false,"footnotes":""},"categories":[2798,80,16,912,2719,2,83],"tags":[2295,614,1377],"class_list":["post-40284","post","type-post","status-publish","format-standard","has-post-thumbnail","hentry","category-abuso-policiaco-y-tortura-en-el-estado-de-mexico","category-cintillo","category-estado-de-mexico","category-militarizacion","category-militarizacion-en-el-estado-de-mexico","category-noticias-nacionales","category-temas-nacionales","tag-guardia-nacional","tag-militarizacion","tag-violencia-de-fuerzas-represivas","entry"],"jetpack_featured_media_url":"https:\/\/www.grieta.org.mx\/wp-content\/uploads\/2019\/10\/Protestan-en-Metepec-por-donaci\u00f3n-de-predio-a-la-Guardia-Nacional-edomex-oct.jpeg","jetpack_sharing_enabled":true,"jetpack_shortlink":"https:\/\/wp.me\/p7ZJR4-atK","jetpack_likes_enabled":false,"jetpack-related-posts":[{"id":35126,"url":"https:\/\/www.grieta.org.mx\/index.php\/2019\/06\/01\/san-juan-del-rio-aprueba-donar-predio-para-guardia-nacional-queretaro\/","url_meta":{"origin":40284,"position":0},"title":"San Juan del R\u00edo aprueba donar predio para Guardia Nacional (Quer\u00e9taro)","author":"grieta","date":"1 junio, 2019","format":false,"excerpt":"Redacci\u00f3n \/ El Universal Quer\u00e9taro En Sesi\u00f3n de Cabildo, el Ayuntamiento de San Juan del R\u00edo\u00a0aprob\u00f3 la donaci\u00f3n de un predio en favor del gobierno federal, para la instalaci\u00f3n de una base de la Guardia Nacional. La instalaci\u00f3n de este base tiene la finalidad de fortalecer las acciones de seguridad;\u2026","rel":"","context":"En &quot;CINTILLO&quot;","block_context":{"text":"CINTILLO","link":"https:\/\/www.grieta.org.mx\/index.php\/category\/cintillo\/"},"img":{"alt_text":"","src":"https:\/\/i0.wp.com\/www.grieta.org.mx\/wp-content\/uploads\/2019\/06\/73586feb-guardia_nacional-.jpeg?resize=350%2C200&ssl=1","width":350,"height":200,"srcset":"https:\/\/i0.wp.com\/www.grieta.org.mx\/wp-content\/uploads\/2019\/06\/73586feb-guardia_nacional-.jpeg?resize=350%2C200&ssl=1 1x, https:\/\/i0.wp.com\/www.grieta.org.mx\/wp-content\/uploads\/2019\/06\/73586feb-guardia_nacional-.jpeg?resize=525%2C300&ssl=1 1.5x"},"classes":[]},{"id":40487,"url":"https:\/\/www.grieta.org.mx\/index.php\/2019\/10\/20\/gestionan-seis-cuarteles-para-guardia-nacional-en-edomex\/","url_meta":{"origin":40284,"position":1},"title":"Gestionan seis cuarteles para Guardia Nacional en Edomex","author":"grieta","date":"20 octubre, 2019","format":false,"excerpt":"Foto: Alejandro Aguilar El Sol de M\u00e9xico \u00a0 A fin de disminuir la incidencia delictiva en el Estado de M\u00e9xico, se firmaron los contratos de comodato para la construcci\u00f3n de las instalaciones de la Guardia Nacional (GN) en la entidad mexiquense TEC\u00c1MAC. Para reforzar los esfuerzos de autoridades federales, estatales\u2026","rel":"","context":"En &quot;CINTILLO&quot;","block_context":{"text":"CINTILLO","link":"https:\/\/www.grieta.org.mx\/index.php\/category\/cintillo\/"},"img":{"alt_text":"","src":"https:\/\/i0.wp.com\/www.grieta.org.mx\/wp-content\/uploads\/2019\/10\/Gestionan-seis-cuarteles-para-Guardia-Nacional-en-Edomex-oct.jpg?resize=350%2C200&ssl=1","width":350,"height":200,"srcset":"https:\/\/i0.wp.com\/www.grieta.org.mx\/wp-content\/uploads\/2019\/10\/Gestionan-seis-cuarteles-para-Guardia-Nacional-en-Edomex-oct.jpg?resize=350%2C200&ssl=1 1x, https:\/\/i0.wp.com\/www.grieta.org.mx\/wp-content\/uploads\/2019\/10\/Gestionan-seis-cuarteles-para-Guardia-Nacional-en-Edomex-oct.jpg?resize=525%2C300&ssl=1 1.5x, https:\/\/i0.wp.com\/www.grieta.org.mx\/wp-content\/uploads\/2019\/10\/Gestionan-seis-cuarteles-para-Guardia-Nacional-en-Edomex-oct.jpg?resize=700%2C400&ssl=1 2x"},"classes":[]},{"id":56308,"url":"https:\/\/www.grieta.org.mx\/index.php\/2021\/01\/13\/protestan-anestesiologos-del-hospital-nicolas-san-juan-por-no-recibir-vacuna-estado-de-mexico\/","url_meta":{"origin":40284,"position":2},"title":"Protestan anestesi\u00f3logos del hospital Nicol\u00e1s San Juan por no recibir vacuna (Estado de M\u00e9xico)","author":"grieta","date":"13 enero, 2021","format":false,"excerpt":"Fotos: Cortes\u00eda \/ Fernando Sapichu Filiberto Ramos \/ El Sol de Toluca Tras no ser considerados se manifestaron a las afueras del nosocomio a la espera de ser escuchados por las autoridades de salud Especialistas del hospital Doctor Nicol\u00e1s San Juan, ubicado en la capital mexiquense, protestaron este mi\u00e9rcoles luego\u2026","rel":"","context":"En &quot;CINTILLO&quot;","block_context":{"text":"CINTILLO","link":"https:\/\/www.grieta.org.mx\/index.php\/category\/cintillo\/"},"img":{"alt_text":"","src":"https:\/\/i0.wp.com\/www.grieta.org.mx\/wp-content\/uploads\/2021\/01\/Protestan-anestesiologos-del-hospital-Nicolas-San-Juan-por-no-recibir-vacuna-edomex-ene.jpg?resize=350%2C200&ssl=1","width":350,"height":200,"srcset":"https:\/\/i0.wp.com\/www.grieta.org.mx\/wp-content\/uploads\/2021\/01\/Protestan-anestesiologos-del-hospital-Nicolas-San-Juan-por-no-recibir-vacuna-edomex-ene.jpg?resize=350%2C200&ssl=1 1x, https:\/\/i0.wp.com\/www.grieta.org.mx\/wp-content\/uploads\/2021\/01\/Protestan-anestesiologos-del-hospital-Nicolas-San-Juan-por-no-recibir-vacuna-edomex-ene.jpg?resize=525%2C300&ssl=1 1.5x, https:\/\/i0.wp.com\/www.grieta.org.mx\/wp-content\/uploads\/2021\/01\/Protestan-anestesiologos-del-hospital-Nicolas-San-Juan-por-no-recibir-vacuna-edomex-ene.jpg?resize=700%2C400&ssl=1 2x"},"classes":[]},{"id":48749,"url":"https:\/\/www.grieta.org.mx\/index.php\/2020\/05\/04\/fuerza-publica-usada-contra-la-poblacion-de-tlalnepantla-estado-de-mexico\/","url_meta":{"origin":40284,"position":3},"title":"Fuerza p\u00fablica usada contra la Poblaci\u00f3n de Tlalnepantla. (Estado de M\u00e9xico)","author":"grieta","date":"4 mayo, 2020","format":false,"excerpt":"Vecinos de Atizap\u00e1n Elementos de la polic\u00eda municipal y estatal as\u00ed como de la Guardia Nacional retiran con violencia a los vendedores a quienes incluso, les decomisan sus productos o se los dejan inservibles El gobierno municipal de Tlalnepantla, Estado de M\u00e9xico, encabezado por Raciel P\u00e9rez, orden\u00f3 retirar, mediante el\u2026","rel":"","context":"En &quot;Abuso policiaco y tortura en el Estado de M\u00e9xico&quot;","block_context":{"text":"Abuso policiaco y tortura en el Estado de M\u00e9xico","link":"https:\/\/www.grieta.org.mx\/index.php\/category\/noticias-nacionales\/estado-de-mexico\/abuso-policiaco-y-tortura-en-el-estado-de-mexico\/"},"img":{"alt_text":"","src":"https:\/\/i0.wp.com\/www.grieta.org.mx\/wp-content\/uploads\/2020\/05\/gn-tlalne.png?resize=350%2C200&ssl=1","width":350,"height":200,"srcset":"https:\/\/i0.wp.com\/www.grieta.org.mx\/wp-content\/uploads\/2020\/05\/gn-tlalne.png?resize=350%2C200&ssl=1 1x, https:\/\/i0.wp.com\/www.grieta.org.mx\/wp-content\/uploads\/2020\/05\/gn-tlalne.png?resize=525%2C300&ssl=1 1.5x, https:\/\/i0.wp.com\/www.grieta.org.mx\/wp-content\/uploads\/2020\/05\/gn-tlalne.png?resize=700%2C400&ssl=1 2x, https:\/\/i0.wp.com\/www.grieta.org.mx\/wp-content\/uploads\/2020\/05\/gn-tlalne.png?resize=1050%2C600&ssl=1 3x"},"classes":[]},{"id":36635,"url":"https:\/\/www.grieta.org.mx\/index.php\/2019\/06\/29\/ya-hay-propuesta-de-predio-para-guardia-nacional-colima\/","url_meta":{"origin":40284,"position":4},"title":"Ya hay propuesta de predio para Guardia Nacional (Colima)","author":"grieta","date":"29 junio, 2019","format":false,"excerpt":"Foto: Especial Pr\u00f3ximo domingo iniciar\u00e1 operaciones de manera formal la Guardia Nacional Jes\u00fas Lozoya Baeza \/ El Noticiero de Colima Ya hay una propuesta de predio para albergar la Guardia Nacional en Manzanillo; es el Ayuntamiento el encargado de atender la solicitud, por lo que estamos a la espera de\u2026","rel":"","context":"En &quot;CINTILLO&quot;","block_context":{"text":"CINTILLO","link":"https:\/\/www.grieta.org.mx\/index.php\/category\/cintillo\/"},"img":{"alt_text":"","src":"https:\/\/i0.wp.com\/www.grieta.org.mx\/wp-content\/uploads\/2019\/07\/turismo-e1512414499529-777x437.jpg?resize=350%2C200&ssl=1","width":350,"height":200,"srcset":"https:\/\/i0.wp.com\/www.grieta.org.mx\/wp-content\/uploads\/2019\/07\/turismo-e1512414499529-777x437.jpg?resize=350%2C200&ssl=1 1x, https:\/\/i0.wp.com\/www.grieta.org.mx\/wp-content\/uploads\/2019\/07\/turismo-e1512414499529-777x437.jpg?resize=525%2C300&ssl=1 1.5x, https:\/\/i0.wp.com\/www.grieta.org.mx\/wp-content\/uploads\/2019\/07\/turismo-e1512414499529-777x437.jpg?resize=700%2C400&ssl=1 2x"},"classes":[]},{"id":36453,"url":"https:\/\/www.grieta.org.mx\/index.php\/2019\/07\/16\/cae-banda-de-presuntos-secuestradores-integrada-por-agentes-de-la-guardia-nacional\/","url_meta":{"origin":40284,"position":5},"title":"Cae banda de presuntos secuestradores integrada por agentes de la Guardia Nacional","author":"grieta","date":"16 julio, 2019","format":false,"excerpt":"Manuel Espino\/ EL UNIVERSAL Los presuntos secuestradores fueron detenidos en el Estado de M\u00e9xico; son militares adscritos a la Guardia Nacional Ciudad de M\u00e9xico.- Las fiscal\u00edas antisecuestro del Estado de M\u00e9xico y de Guerrero desarticularon una banda de presuntos secuestradores integrada por tres militares adscritos a la reci\u00e9n creada Guardia\u2026","rel":"","context":"En &quot;CINTILLO&quot;","block_context":{"text":"CINTILLO","link":"https:\/\/www.grieta.org.mx\/index.php\/category\/cintillo\/"},"img":{"alt_text":"","src":"https:\/\/i0.wp.com\/www.grieta.org.mx\/wp-content\/uploads\/2019\/07\/militares-secuestradores.jpg?resize=350%2C200","width":350,"height":200,"srcset":"https:\/\/i0.wp.com\/www.grieta.org.mx\/wp-content\/uploads\/2019\/07\/militares-secuestradores.jpg?resize=350%2C200 1x, https:\/\/i0.wp.com\/www.grieta.org.mx\/wp-content\/uploads\/2019\/07\/militares-secuestradores.jpg?resize=525%2C300 1.5x, https:\/\/i0.wp.com\/www.grieta.org.mx\/wp-content\/uploads\/2019\/07\/militares-secuestradores.jpg?resize=700%2C400 2x"},"classes":[]}],"_links":{"self":[{"href":"https:\/\/www.grieta.org.mx\/index.php\/wp-json\/wp\/v2\/posts\/40284","targetHints":{"allow":["GET"]}}],"collection":[{"href":"https:\/\/www.grieta.org.mx\/index.php\/wp-json\/wp\/v2\/posts"}],"about":[{"href":"https:\/\/www.grieta.org.mx\/index.php\/wp-json\/wp\/v2\/types\/post"}],"author":[{"embeddable":true,"href":"https:\/\/www.grieta.org.mx\/index.php\/wp-json\/wp\/v2\/users\/2"}],"replies":[{"embeddable":true,"href":"https:\/\/www.grieta.org.mx\/index.php\/wp-json\/wp\/v2\/comments?post=40284"}],"version-history":[{"count":1,"href":"https:\/\/www.grieta.org.mx\/index.php\/wp-json\/wp\/v2\/posts\/40284\/revisions"}],"predecessor-version":[{"id":40286,"href":"https:\/\/www.grieta.org.mx\/index.php\/wp-json\/wp\/v2\/posts\/40284\/revisions\/40286"}],"wp:featuredmedia":[{"embeddable":true,"href":"https:\/\/www.grieta.org.mx\/index.php\/wp-json\/wp\/v2\/media\/40285"}],"wp:attachment":[{"href":"https:\/\/www.grieta.org.mx\/index.php\/wp-json\/wp\/v2\/media?parent=40284"}],"wp:term":[{"taxonomy":"category","embeddable":true,"href":"https:\/\/www.grieta.org.mx\/index.php\/wp-json\/wp\/v2\/categories?post=40284"},{"taxonomy":"post_tag","embeddable":true,"href":"https:\/\/www.grieta.org.mx\/index.php\/wp-json\/wp\/v2\/tags?post=40284"}],"curies":[{"name":"wp","href":"https:\/\/api.w.org\/{rel}","templated":true}]}}