{"id":40240,"date":"2019-10-14T13:02:07","date_gmt":"2019-10-14T18:02:07","guid":{"rendered":"http:\/\/www.grieta.org.mx\/?p=40240"},"modified":"2019-10-15T13:08:38","modified_gmt":"2019-10-15T18:08:38","slug":"piden-cancelar-proyectos-que-van-contra-la-voluntad-de-pueblos-indigenas-puebla","status":"publish","type":"post","link":"https:\/\/www.grieta.org.mx\/index.php\/2019\/10\/14\/piden-cancelar-proyectos-que-van-contra-la-voluntad-de-pueblos-indigenas-puebla\/","title":{"rendered":"Piden cancelar proyectos que van contra la voluntad de pueblos ind\u00edgenas (Puebla)"},"content":{"rendered":"<p><a href=\"http:\/\/www.grieta.org.mx\/wp-content\/uploads\/2019\/10\/hidros.jpg\"><img loading=\"lazy\" decoding=\"async\" data-attachment-id=\"40241\" data-permalink=\"https:\/\/www.grieta.org.mx\/index.php\/2019\/10\/14\/piden-cancelar-proyectos-que-van-contra-la-voluntad-de-pueblos-indigenas-puebla\/hidros\/\" data-orig-file=\"https:\/\/www.grieta.org.mx\/wp-content\/uploads\/2019\/10\/hidros.jpg\" data-orig-size=\"694,420\" data-comments-opened=\"0\" data-image-meta=\"{&quot;aperture&quot;:&quot;0&quot;,&quot;credit&quot;:&quot;&quot;,&quot;camera&quot;:&quot;&quot;,&quot;caption&quot;:&quot;&quot;,&quot;created_timestamp&quot;:&quot;0&quot;,&quot;copyright&quot;:&quot;&quot;,&quot;focal_length&quot;:&quot;0&quot;,&quot;iso&quot;:&quot;0&quot;,&quot;shutter_speed&quot;:&quot;0&quot;,&quot;title&quot;:&quot;&quot;,&quot;orientation&quot;:&quot;1&quot;}\" data-image-title=\"hidros\" data-image-description=\"\" data-image-caption=\"\" data-medium-file=\"https:\/\/www.grieta.org.mx\/wp-content\/uploads\/2019\/10\/hidros-300x182.jpg\" data-large-file=\"https:\/\/www.grieta.org.mx\/wp-content\/uploads\/2019\/10\/hidros.jpg\" class=\"aligncenter wp-image-40241\" src=\"http:\/\/www.grieta.org.mx\/wp-content\/uploads\/2019\/10\/hidros-300x182.jpg\" alt=\"\" width=\"800\" height=\"484\" srcset=\"https:\/\/www.grieta.org.mx\/wp-content\/uploads\/2019\/10\/hidros-300x182.jpg 300w, https:\/\/www.grieta.org.mx\/wp-content\/uploads\/2019\/10\/hidros.jpg 694w\" sizes=\"auto, (max-width: 800px) 100vw, 800px\" \/><\/a><\/p>\n<p>Redacci\u00f3n \/ e-consulta<\/p>\n<p>Organizaciones sociales y defensores de derechos humanos advirtieron de la necesidad de cancelar los proyectos hidroel\u00e9ctricos que no consideraron el derecho a la libre determinaci\u00f3n de los pueblos ind\u00edgenas en Puebla, evitar la emisi\u00f3n de concesiones y permisos de uso de agua con fines empresariales y, garantizar la vida e integridad de comunidades, organizaciones y personas defensoras del territorio y de los derechos humanos.<\/p>\n<p>El texto completo del pronunciamiento se publica a continuaci\u00f3n:<\/p>\n<p>Las organizaciones y colectivos que integramos la Mesa de Derechos Econ\u00f3micos, Sociales, Culturales y Ambientales (Mesa DESCA) de Cl\u00ednica Interdisciplinaria de Derechos Humanos del Instituto de Derechos Humanos Ignacio Ellacur\u00eda, S.J. de la Universidad Iberoamericana Puebla, reconociendo las violaciones a derechos humanos que han sufrido comunidades ind\u00edgenas y personas defensoras de derechos humanos en el proceso de establecimiento de proyectos extractivos y\/o de infraestructura en el estado de Puebla, nos dimos a la tarea de documentar estos casos, con la fi\u00adnalidad de visibilizar y generar una estrategia de incidencia para la defensa de los derechos afectados en cada situaci\u00f3n.<\/p>\n<p>Esta estrategia incluye la presentaci\u00f3n itinerante del Informe sobre violaciones a los derechos humanos al territorio y al agua en Puebla presentado en el municipio de Coyomeapan el pasado 10 de octubre. En el informe se documentan los casos del Sistema hidroel\u00e9ctrico Coyolapa-Atzalan y del Proyecto Hidroel\u00e9ctrico Puebla 1 que se han pretendido instalar sin reconocer los derechos a la libre determinaci\u00f3n, al agua, la tierra y al territorio de los pueblos ind\u00edgenas afectados. Asimismo, en el intento de instalaci\u00f3n, las comunidades, organizaciones y personas defensoras de derechos humanos han sufrido criminalizaci\u00f3n, hostigamiento, divisi\u00f3n y coacci\u00f3n en el proceso de defensa de sus derechos humanos.<\/p>\n<p>Durante la implementaci\u00f3n del Sistema hidroel\u00e9ctrico Coyolapa-Atzalan (ahora suspendido), diversas personas defensoras del territorio recibieron amenazas, entre ellas Jos\u00e9 Luis Leiva Machuca , quien fue amenazado de muerte despu\u00e9s de darse a conocer la sentencia que suspende el avance del sistema hidroel\u00e9ctrico, a favor de la comunidad Huitzilatl, Coyomeapan, as\u00ed como Sergio Rivera Hern\u00e1ndez, quien se encuentra desaparecido desde el 23 de agosto de 2018.<\/p>\n<p>Los casos documentados en este informe dan cuenta del c\u00f3mo las empresas con el aval del gobierno han generado violaciones a los derechos humanos y afectaciones al tejido social de las comunidades ind\u00edgenas. Por lo anterior, quienes integramos la Mesa DESCA de la Cl\u00ednica Interdisciplinaria de Derechos Humanos, expresamos nuestra preocupaci\u00f3n por los hechos ocurridos y exigimos:<\/p>\n<p>A la Secretar\u00eda de Gobernaci\u00f3n Federal, A la Secretar\u00eda de Gobernaci\u00f3n del Estado de Puebla:<\/p>\n<p>1. Que, en el marco del reconocimiento del derecho de los pueblos ind\u00edgenas a la libre determinaci\u00f3n, se cancelen y no se autoricen permisos para la implementaci\u00f3n de proyectos hidroel\u00e9ctricos y de los relacionados con el uso del agua a favor de empresas, y por encima de las necesidades comunitarias y regionales.<\/p>\n<p>2. Garanticen la vida e integridad de las comunidades, organizaciones y personas defensoras de derechos humanos que han promovido la defensa de sus territorios en medio de la implementaci\u00f3n de proyectos extractivos o de infraestructura, en especial de Jos\u00e9 Luis Leiva Machuca, e implementen medidas inmediatas y adecuadas para dar con el paradero de Sergio Rivera Hern\u00e1ndez.<\/p>\n<p>Al Ayuntamiento de Coyomeapan, Puebla:<\/p>\n<p>1. Se abstenga de otorgar permisos de cambio de uso de suelo para proyectos extractivos o de infraestructura sin el consentimiento de las comunidades ind\u00edgenas.<\/p>\n<p>2. Se garantice la vida e integridad de las comunidades, organizaciones y personas defensoras de derechos humanos que han promovido la defensa de sus territorios en medio de la implementaci\u00f3n de proyectos extractivos o de infraestructura, en especial hacia el defensor del territorio Jos\u00e9 Luis Leiva Machuca, benefi\u00adciario del mecanismo de protecci\u00f3n para personas defensoras de derechos humanos y periodistas.<\/p>\n<p>Atentamente: Mesa de Derechos Econ\u00f3micos, Sociales, Culturales y Ambientales de la Cl\u00ednica Interdisciplinaria de Derechos Humanos en el estado de Puebla. Centro de Derechos Humanos Antonio Esteban A.C. Movimiento Independiente Obrero Campesino Urbano Popular MIOCUP-CNPA MN . Movimiento de Autogesti\u00f3n Social Campesino Ind\u00edgena Popular, MASCIP-CNPA MN . Consejo TIYAT TLALI, Consejo en Defensa de la Vida y el Territorio . IMDEC, Instituto Mexicano para el Desarrollo Comunitario A.C. Red de Defensa de los Derechos Humanos (REDDH) . Instituto de Derechos Humanos Ignacio Ellacur\u00eda, S.J.\u201d<\/p>\n<p><a href=\"https:\/\/www.e-consulta.com\/nota\/2019-10-14\/politica\/piden-cancelar-proyectos-contra-la-voluntad-de-pueblos-indigenas\">https:\/\/www.e-consulta.com\/nota\/2019-10-14\/politica\/piden-cancelar-proyectos-contra-la-voluntad-de-pueblos-indigenas<\/a><\/p>\n","protected":false},"excerpt":{"rendered":"<p>Redacci\u00f3n \/ e-consulta Organizaciones sociales y defensores de derechos humanos advirtieron de la necesidad de cancelar los proyectos hidroel\u00e9ctricos que no consideraron el derecho a la libre determinaci\u00f3n de los &hellip; <a href=\"https:\/\/www.grieta.org.mx\/index.php\/2019\/10\/14\/piden-cancelar-proyectos-que-van-contra-la-voluntad-de-pueblos-indigenas-puebla\/\" class=\"more-link\">Leer m\u00e1s<\/a><\/p>\n","protected":false},"author":1,"featured_media":40241,"comment_status":"closed","ping_status":"closed","sticky":false,"template":"","format":"standard","meta":{"ngg_post_thumbnail":0,"_jetpack_newsletter_access":"","_jetpack_dont_email_post_to_subs":false,"_jetpack_newsletter_tier_id":0,"_jetpack_memberships_contains_paywalled_content":false,"_jetpack_memberships_contains_paid_content":false,"footnotes":""},"categories":[70,80,974,1,954,1480,1443,3,2,1245,38,26],"tags":[319,732],"class_list":["post-40240","post","type-post","status-publish","format-standard","has-post-thumbnail","hentry","category-26-sierra-puebla","category-cintillo","category-esp-puebla","category-espejos-de-la-resistencia","category-espejos-estados","category-hidroelectrica-coyolapa","category-hidroelectrica-puebla-1","category-megaproyectos","category-noticias-nacionales","category-oposicion-a-las-hidroelectricas-en-puebla","category-proyectos-hidricos","category-puebla","tag-hidroelectrica-puebla-1","tag-hidroelectricas","entry"],"jetpack_featured_media_url":"https:\/\/www.grieta.org.mx\/wp-content\/uploads\/2019\/10\/hidros.jpg","jetpack_sharing_enabled":true,"jetpack_shortlink":"https:\/\/wp.me\/p7ZJR4-at2","jetpack_likes_enabled":false,"jetpack-related-posts":[{"id":27862,"url":"https:\/\/www.grieta.org.mx\/index.php\/2018\/12\/08\/registran-organizaciones-11-procesos-de-despojo-por-proyectos-extractivos-puebla\/","url_meta":{"origin":40240,"position":0},"title":"Registran organizaciones 11 procesos de despojo por proyectos extractivos (Puebla)","author":"grieta","date":"8 diciembre, 2018","format":false,"excerpt":"Maritza Mena \/ El Sol de Puebla En Puebla se documentaron 11 casos desde el 2014 de despojo del territorio por proyectos extractivos y de infraestructura para favorecer a empresas multinacionales, adem\u00e1s del asesinato de defensores de los derechos humamos de los pueblos ind\u00edgenas, de acuerdo con el Informe de\u2026","rel":"","context":"En &quot;26. Sierra Puebla&quot;","block_context":{"text":"26. Sierra Puebla","link":"https:\/\/www.grieta.org.mx\/index.php\/category\/espejos-de-la-resistencia\/26-sierra-puebla\/"},"img":{"alt_text":"","src":"https:\/\/i0.wp.com\/www.grieta.org.mx\/wp-content\/uploads\/2018\/12\/meztli-sarabia.jpg?resize=350%2C200&ssl=1","width":350,"height":200,"srcset":"https:\/\/i0.wp.com\/www.grieta.org.mx\/wp-content\/uploads\/2018\/12\/meztli-sarabia.jpg?resize=350%2C200&ssl=1 1x, https:\/\/i0.wp.com\/www.grieta.org.mx\/wp-content\/uploads\/2018\/12\/meztli-sarabia.jpg?resize=525%2C300&ssl=1 1.5x, https:\/\/i0.wp.com\/www.grieta.org.mx\/wp-content\/uploads\/2018\/12\/meztli-sarabia.jpg?resize=700%2C400&ssl=1 2x"},"classes":[]},{"id":21012,"url":"https:\/\/www.grieta.org.mx\/index.php\/2016\/08\/31\/denuncian-violaciones-a-derechos-humanos-por-minas-e-hidroelectricas-puebla\/","url_meta":{"origin":40240,"position":1},"title":"Denuncian violaciones a derechos humanos por minas e hidroel\u00e9ctricas (Puebla)","author":"grieta","date":"31 agosto, 2016","format":false,"excerpt":"Por Leticia \u00c1nimas Vargas Huauchinango, Pue.- M\u00e1s de 60 casos de violaciones a los derechos humanos, del territorio y a los bienes naturales fueron presentados al Grupo de Trabajo sobre Empresas y Derechos Humanos de la Organizaci\u00f3n de las Naciones Unidas (ONU) que se encuentra de visita oficial en M\u00e9xico,\u2026","rel":"","context":"En &quot;CINTILLO&quot;","block_context":{"text":"CINTILLO","link":"https:\/\/www.grieta.org.mx\/index.php\/category\/cintillo\/"},"img":{"alt_text":"","src":"https:\/\/i0.wp.com\/www.grieta.org.mx\/wp-content\/uploads\/2018\/03\/14524434_1106112876131411_958039263622046936_o.jpg?resize=350%2C200&ssl=1","width":350,"height":200,"srcset":"https:\/\/i0.wp.com\/www.grieta.org.mx\/wp-content\/uploads\/2018\/03\/14524434_1106112876131411_958039263622046936_o.jpg?resize=350%2C200&ssl=1 1x, https:\/\/i0.wp.com\/www.grieta.org.mx\/wp-content\/uploads\/2018\/03\/14524434_1106112876131411_958039263622046936_o.jpg?resize=525%2C300&ssl=1 1.5x, https:\/\/i0.wp.com\/www.grieta.org.mx\/wp-content\/uploads\/2018\/03\/14524434_1106112876131411_958039263622046936_o.jpg?resize=700%2C400&ssl=1 2x"},"classes":[]},{"id":40621,"url":"https:\/\/www.grieta.org.mx\/index.php\/2019\/10\/16\/juez-niega-amparo-a-indigenas-de-puebla-les-quita-su-agua-y-la-da-a-una-hidroelectrica-de-walmart\/","url_meta":{"origin":40240,"position":2},"title":"Juez niega amparo a ind\u00edgenas de Puebla, les quita su agua y la da a una hidroel\u00e9ctrica de Walmart","author":"Admin","date":"16 octubre, 2019","format":false,"excerpt":"Jos\u00e9 Ignacio de Alba \/ Sinembargo \/ Pie de p\u00e1gina Un juez neg\u00f3 un amparo a comunidad totonaca en la Sierra Norte de Puebla para favorecer una hidroel\u00e9ctrica que generar\u00e1 electricidad para exclusivamente a Walmart. El fallo desestim\u00f3 la ausencia de consulta a los pobladores y de la manifestaci\u00f3n de\u2026","rel":"","context":"En &quot;26. Sierra Puebla&quot;","block_context":{"text":"26. Sierra Puebla","link":"https:\/\/www.grieta.org.mx\/index.php\/category\/espejos-de-la-resistencia\/26-sierra-puebla\/"},"img":{"alt_text":"","src":"https:\/\/i0.wp.com\/www.grieta.org.mx\/wp-content\/uploads\/2019\/10\/hidroelectrica-6-900x570.jpg?resize=350%2C200&ssl=1","width":350,"height":200,"srcset":"https:\/\/i0.wp.com\/www.grieta.org.mx\/wp-content\/uploads\/2019\/10\/hidroelectrica-6-900x570.jpg?resize=350%2C200&ssl=1 1x, https:\/\/i0.wp.com\/www.grieta.org.mx\/wp-content\/uploads\/2019\/10\/hidroelectrica-6-900x570.jpg?resize=525%2C300&ssl=1 1.5x, https:\/\/i0.wp.com\/www.grieta.org.mx\/wp-content\/uploads\/2019\/10\/hidroelectrica-6-900x570.jpg?resize=700%2C400&ssl=1 2x, https:\/\/i0.wp.com\/www.grieta.org.mx\/wp-content\/uploads\/2019\/10\/hidroelectrica-6-900x570.jpg?resize=1050%2C600&ssl=1 3x"},"classes":[]},{"id":25337,"url":"https:\/\/www.grieta.org.mx\/index.php\/2018\/07\/30\/hidroelectricas-y-mineras-amenazan-a-pueblos-indigenas-puebla\/","url_meta":{"origin":40240,"position":3},"title":"Hidroel\u00e9ctricas y mineras amenazan a pueblos ind\u00edgenas (Puebla)","author":"grieta","date":"30 julio, 2018","format":false,"excerpt":"Javier Hern\u00e1ndez\/ Colombia Informa Ante el avance de proyectos mineros e hidroel\u00e9ctricos; ind\u00edgenas nahuas y totonacos de la Sierra Norte de Puebla en M\u00e9xico se movilizan en la capital del estado. Desde los primeros a\u00f1os de la d\u00e9cada en curso, tras percatarse de la magnitud de proyectos de miner\u00eda a\u2026","rel":"","context":"En &quot;26. Sierra Puebla&quot;","block_context":{"text":"26. Sierra Puebla","link":"https:\/\/www.grieta.org.mx\/index.php\/category\/espejos-de-la-resistencia\/26-sierra-puebla\/"},"img":{"alt_text":"","src":"https:\/\/i0.wp.com\/www.grieta.org.mx\/wp-content\/uploads\/2018\/08\/Nahuas-y-totonacos-2.jpg?resize=350%2C200&ssl=1","width":350,"height":200,"srcset":"https:\/\/i0.wp.com\/www.grieta.org.mx\/wp-content\/uploads\/2018\/08\/Nahuas-y-totonacos-2.jpg?resize=350%2C200&ssl=1 1x, https:\/\/i0.wp.com\/www.grieta.org.mx\/wp-content\/uploads\/2018\/08\/Nahuas-y-totonacos-2.jpg?resize=525%2C300&ssl=1 1.5x, https:\/\/i0.wp.com\/www.grieta.org.mx\/wp-content\/uploads\/2018\/08\/Nahuas-y-totonacos-2.jpg?resize=700%2C400&ssl=1 2x"},"classes":[]},{"id":36706,"url":"https:\/\/www.grieta.org.mx\/index.php\/2019\/07\/18\/exigen-la-cancelacion-de-los-permisos-del-proyecto-hidroelectrico-puebla-1\/","url_meta":{"origin":40240,"position":4},"title":"Exigen la cancelaci\u00f3n de los permisos del Proyecto Hidroel\u00e9ctrico Puebla 1","author":"Admin","date":"18 julio, 2019","format":false,"excerpt":"La sentencia debe reconocer que los permisos violaron, entre otros, el derecho a la consulta y al consentimiento previo, libre e informado, as\u00ed como la obligaci\u00f3n de realizar estudios de impacto social. La construcci\u00f3n de la hidroel\u00e9ctrica traer\u00e1 como consecuencia la disminuci\u00f3n en la calidad del agua, generaci\u00f3n de gases\u2026","rel":"","context":"En &quot;26. Sierra Puebla&quot;","block_context":{"text":"26. Sierra Puebla","link":"https:\/\/www.grieta.org.mx\/index.php\/category\/espejos-de-la-resistencia\/26-sierra-puebla\/"},"img":{"alt_text":"","src":"https:\/\/i0.wp.com\/www.grieta.org.mx\/wp-content\/uploads\/2019\/07\/Hidroel%C3%A9ctrica_11-696x464.jpg?resize=350%2C200&ssl=1","width":350,"height":200,"srcset":"https:\/\/i0.wp.com\/www.grieta.org.mx\/wp-content\/uploads\/2019\/07\/Hidroel%C3%A9ctrica_11-696x464.jpg?resize=350%2C200&ssl=1 1x, https:\/\/i0.wp.com\/www.grieta.org.mx\/wp-content\/uploads\/2019\/07\/Hidroel%C3%A9ctrica_11-696x464.jpg?resize=525%2C300&ssl=1 1.5x"},"classes":[]},{"id":39298,"url":"https:\/\/www.grieta.org.mx\/index.php\/2019\/09\/01\/esperan-ganar-resolucion-para-frenar-hidroelectrica-en-ahuacatlan-puebla\/","url_meta":{"origin":40240,"position":5},"title":"Esperan ganar resoluci\u00f3n para frenar hidroel\u00e9ctrica en Ahuacatl\u00e1n (Puebla)","author":"Admin","date":"1 septiembre, 2019","format":false,"excerpt":"Mario Reyna \/ El Popular La empresa Comexhidro-Deselec 1 podr\u00eda iniciar actividades del proyecto hidroel\u00e9ctrico Puebla 1 en Ahuacatl\u00e1n y San Felipe Tepatl\u00e1n, no obstante el amparo que a\u00fan est\u00e1 por resolverse en un juzgado federal y el abierto rechazo del pueblo totonaco de la regi\u00f3n, que intenta retrasar el\u2026","rel":"","context":"En &quot;26. Sierra Puebla&quot;","block_context":{"text":"26. Sierra Puebla","link":"https:\/\/www.grieta.org.mx\/index.php\/category\/espejos-de-la-resistencia\/26-sierra-puebla\/"},"img":{"alt_text":"","src":"https:\/\/i0.wp.com\/www.grieta.org.mx\/wp-content\/uploads\/2019\/09\/3e3e2aaace562662ad5c573600498be1.jpg?resize=350%2C200&ssl=1","width":350,"height":200,"srcset":"https:\/\/i0.wp.com\/www.grieta.org.mx\/wp-content\/uploads\/2019\/09\/3e3e2aaace562662ad5c573600498be1.jpg?resize=350%2C200&ssl=1 1x, https:\/\/i0.wp.com\/www.grieta.org.mx\/wp-content\/uploads\/2019\/09\/3e3e2aaace562662ad5c573600498be1.jpg?resize=525%2C300&ssl=1 1.5x, https:\/\/i0.wp.com\/www.grieta.org.mx\/wp-content\/uploads\/2019\/09\/3e3e2aaace562662ad5c573600498be1.jpg?resize=700%2C400&ssl=1 2x"},"classes":[]}],"_links":{"self":[{"href":"https:\/\/www.grieta.org.mx\/index.php\/wp-json\/wp\/v2\/posts\/40240","targetHints":{"allow":["GET"]}}],"collection":[{"href":"https:\/\/www.grieta.org.mx\/index.php\/wp-json\/wp\/v2\/posts"}],"about":[{"href":"https:\/\/www.grieta.org.mx\/index.php\/wp-json\/wp\/v2\/types\/post"}],"author":[{"embeddable":true,"href":"https:\/\/www.grieta.org.mx\/index.php\/wp-json\/wp\/v2\/users\/1"}],"replies":[{"embeddable":true,"href":"https:\/\/www.grieta.org.mx\/index.php\/wp-json\/wp\/v2\/comments?post=40240"}],"version-history":[{"count":1,"href":"https:\/\/www.grieta.org.mx\/index.php\/wp-json\/wp\/v2\/posts\/40240\/revisions"}],"predecessor-version":[{"id":40242,"href":"https:\/\/www.grieta.org.mx\/index.php\/wp-json\/wp\/v2\/posts\/40240\/revisions\/40242"}],"wp:featuredmedia":[{"embeddable":true,"href":"https:\/\/www.grieta.org.mx\/index.php\/wp-json\/wp\/v2\/media\/40241"}],"wp:attachment":[{"href":"https:\/\/www.grieta.org.mx\/index.php\/wp-json\/wp\/v2\/media?parent=40240"}],"wp:term":[{"taxonomy":"category","embeddable":true,"href":"https:\/\/www.grieta.org.mx\/index.php\/wp-json\/wp\/v2\/categories?post=40240"},{"taxonomy":"post_tag","embeddable":true,"href":"https:\/\/www.grieta.org.mx\/index.php\/wp-json\/wp\/v2\/tags?post=40240"}],"curies":[{"name":"wp","href":"https:\/\/api.w.org\/{rel}","templated":true}]}}