{"id":40223,"date":"2019-10-04T12:07:32","date_gmt":"2019-10-04T17:07:32","guid":{"rendered":"http:\/\/www.grieta.org.mx\/?p=40223"},"modified":"2019-10-15T12:13:21","modified_gmt":"2019-10-15T17:13:21","slug":"pacientes-de-cancer-y-familiares-protestan-en-puebla-por-la-falta-de-medicamentos","status":"publish","type":"post","link":"https:\/\/www.grieta.org.mx\/index.php\/2019\/10\/04\/pacientes-de-cancer-y-familiares-protestan-en-puebla-por-la-falta-de-medicamentos\/","title":{"rendered":"Pacientes de c\u00e1ncer y familiares protestan en Puebla por la falta de medicamentos"},"content":{"rendered":"<p><a href=\"http:\/\/www.grieta.org.mx\/wp-content\/uploads\/2019\/10\/Estados1.jpg\"><img loading=\"lazy\" decoding=\"async\" data-attachment-id=\"40068\" data-permalink=\"https:\/\/www.grieta.org.mx\/estados1-2\/\" data-orig-file=\"https:\/\/www.grieta.org.mx\/wp-content\/uploads\/2019\/10\/Estados1.jpg\" data-orig-size=\"702,367\" data-comments-opened=\"0\" data-image-meta=\"{&quot;aperture&quot;:&quot;0&quot;,&quot;credit&quot;:&quot;&quot;,&quot;camera&quot;:&quot;&quot;,&quot;caption&quot;:&quot;&quot;,&quot;created_timestamp&quot;:&quot;0&quot;,&quot;copyright&quot;:&quot;&quot;,&quot;focal_length&quot;:&quot;0&quot;,&quot;iso&quot;:&quot;0&quot;,&quot;shutter_speed&quot;:&quot;0&quot;,&quot;title&quot;:&quot;&quot;,&quot;orientation&quot;:&quot;0&quot;}\" data-image-title=\"Estados1\" data-image-description=\"\" data-image-caption=\"\" data-medium-file=\"https:\/\/www.grieta.org.mx\/wp-content\/uploads\/2019\/10\/Estados1-300x157.jpg\" data-large-file=\"https:\/\/www.grieta.org.mx\/wp-content\/uploads\/2019\/10\/Estados1.jpg\" class=\"aligncenter wp-image-40068\" src=\"http:\/\/www.grieta.org.mx\/wp-content\/uploads\/2019\/10\/Estados1-300x157.jpg\" alt=\"\" width=\"800\" height=\"418\" srcset=\"https:\/\/www.grieta.org.mx\/wp-content\/uploads\/2019\/10\/Estados1-300x157.jpg 300w, https:\/\/www.grieta.org.mx\/wp-content\/uploads\/2019\/10\/Estados1.jpg 702w\" sizes=\"auto, (max-width: 800px) 100vw, 800px\" \/><\/a><\/p>\n<p>Gabriela Hern\u00e1ndez \/ Proceso<\/p>\n<p>PUEBLA, Pue. (apro).- Integrantes del grupo de apoyo Guerreras Unidas, que conjunta a pacientes de c\u00e1ncer de mama y sus familiares, realizaron una protesta este viernes a las afueras del Hospital General del Norte, para denunciar la falta de medicamentos, y retraso en la entrega de apoyos y en el tratamiento contra esa enfermedad en instituciones m\u00e9dicas de Puebla.<\/p>\n<p>Con pancartas en mano, las mujeres pidieron al gobernador Luis Miguel Barbosa que atienda la problem\u00e1tica que se vive en hospitales p\u00fablicos de esta entidad, donde desde julio han dejado de recibir medicamentos que se requieren para el tratamiento contra el c\u00e1ncer.<\/p>\n<p>Adem\u00e1s, mencionaron que se han presentado otro tipo de situaciones, como retrasos en la aplicaci\u00f3n de radioterapias y quimioterapias, o el desabasto de materiales que antes eran entregados de manera gratuita a las pacientes y ahora tienen que comprarlos con recursos propios.<\/p>\n<p>Una de las manifestantes indic\u00f3 que la mayor\u00eda de las participantes en la protesta son pacientes que proceden de municipios de Puebla para recibir tratamiento, lo que de por s\u00ed les implica problemas econ\u00f3micos, pues tienen que costear sus traslados y ahora, adem\u00e1s, hacer el gasto para comprar los medicamentos y equipos que han dejado de suministrar a los hospitales.<\/p>\n<p>Por el costo de algunos medicamentos, agreg\u00f3, es imposible que ellas y sus familias los puedan costear, pues algunos cuestan m\u00e1s de 50 mil pesos.<\/p>\n<p>Seg\u00fan los inconformes, estas deficiencias en el tratamiento no s\u00f3lo se presentan en el hospital del Norte, sino tambi\u00e9n en el del Sur \u201cDoctor Eduardo V\u00e1zquez Navarro\u201d.<\/p>\n<p>En febrero pasado, las integrantes del grupo de apoyo se manifestaron para pedir que el gobierno estatal canalice recursos para cubrir las necesidades del tratamiento y de los insumos que se requieren para atender a los pacientes de c\u00e1ncer de escasos recursos.<\/p>\n<p><a href=\"https:\/\/www.proceso.com.mx\/602106\/pacientes-de-cancer-y-familiares-protestan-en-puebla-por-la-falta-de-medicamentos\">https:\/\/www.proceso.com.mx\/602106\/pacientes-de-cancer-y-familiares-protestan-en-puebla-por-la-falta-de-medicamentos<\/a><\/p>\n","protected":false},"excerpt":{"rendered":"<p>Gabriela Hern\u00e1ndez \/ Proceso PUEBLA, Pue. (apro).- Integrantes del grupo de apoyo Guerreras Unidas, que conjunta a pacientes de c\u00e1ncer de mama y sus familiares, realizaron una protesta este viernes &hellip; <a href=\"https:\/\/www.grieta.org.mx\/index.php\/2019\/10\/04\/pacientes-de-cancer-y-familiares-protestan-en-puebla-por-la-falta-de-medicamentos\/\" class=\"more-link\">Leer m\u00e1s<\/a><\/p>\n","protected":false},"author":1,"featured_media":40068,"comment_status":"closed","ping_status":"closed","sticky":false,"template":"","format":"standard","meta":{"ngg_post_thumbnail":0,"_jetpack_newsletter_access":"","_jetpack_dont_email_post_to_subs":false,"_jetpack_newsletter_tier_id":0,"_jetpack_memberships_contains_paywalled_content":false,"_jetpack_memberships_contains_paid_content":false,"footnotes":""},"categories":[80,918,1247,2,26,83],"tags":[2366],"class_list":["post-40223","post","type-post","status-publish","format-standard","has-post-thumbnail","hentry","category-cintillo","category-privatizacion-del-sector-salud","category-movilizaciones-contra-reforma-al-sector-y-privatizacion-de-la-salud-en-puebla","category-noticias-nacionales","category-puebla","category-temas-nacionales","tag-desabasto-de-medicinas","entry"],"jetpack_featured_media_url":"https:\/\/www.grieta.org.mx\/wp-content\/uploads\/2019\/10\/Estados1.jpg","jetpack_sharing_enabled":true,"jetpack_shortlink":"https:\/\/wp.me\/p7ZJR4-asL","jetpack_likes_enabled":false,"jetpack-related-posts":[{"id":43937,"url":"https:\/\/www.grieta.org.mx\/index.php\/2020\/01\/24\/pacientes-con-cancer-de-mama-se-manifiestan-en-el-hospital-del-norte-de-puebla-para-denunciar-falta-de-medicamentos\/","url_meta":{"origin":40223,"position":0},"title":"Pacientes con c\u00e1ncer de mama se manifiestan en el Hospital del Norte de Puebla para denunciar falta de medicamentos","author":"Admin","date":"24 enero, 2020","format":false,"excerpt":"Por Redacci\u00f3n \/ Peri\u00f3dico Central Los inconformes acusaron que adem\u00e1s existe falta de personal m\u00e9dico, lo cual pone en riesgo su salud pues debido a la enfermedad que padecen no pueden detener el tratamiento que reciben. Familiares y pacientes de enfermos con c\u00e1ncer de mama se manifestaron la ma\u00f1ana de\u2026","rel":"","context":"En &quot;CINTILLO&quot;","block_context":{"text":"CINTILLO","link":"https:\/\/www.grieta.org.mx\/index.php\/category\/cintillo\/"},"img":{"alt_text":"","src":"https:\/\/i0.wp.com\/www.grieta.org.mx\/wp-content\/uploads\/2020\/02\/1f9e52f5766a7a5e24af756d4d3b3708_XL.jpg?resize=350%2C200&ssl=1","width":350,"height":200,"srcset":"https:\/\/i0.wp.com\/www.grieta.org.mx\/wp-content\/uploads\/2020\/02\/1f9e52f5766a7a5e24af756d4d3b3708_XL.jpg?resize=350%2C200&ssl=1 1x, https:\/\/i0.wp.com\/www.grieta.org.mx\/wp-content\/uploads\/2020\/02\/1f9e52f5766a7a5e24af756d4d3b3708_XL.jpg?resize=525%2C300&ssl=1 1.5x, https:\/\/i0.wp.com\/www.grieta.org.mx\/wp-content\/uploads\/2020\/02\/1f9e52f5766a7a5e24af756d4d3b3708_XL.jpg?resize=700%2C400&ssl=1 2x"},"classes":[]},{"id":38830,"url":"https:\/\/www.grieta.org.mx\/index.php\/2019\/09\/05\/protestan-por-falta-de-medicamentos-contra-el-cancer-jalisco\/","url_meta":{"origin":40223,"position":1},"title":"Protestan por falta de medicamentos contra el c\u00e1ncer (Jalisco)","author":"grieta","date":"5 septiembre, 2019","format":false,"excerpt":"Foto: R. Rivas - El Informador Afectados explican que desde el pasado 20 de agosto no tienen tratamiento en el Hospital de Zapoquipan Rodrigo Rivas Uribe \/ El Informador Familiares de pacientes con c\u00e1ncer se manifestaron frente al Congreso de Jalisco\u00a0para\u00a0denunciar el desabasto de los medicamentos en hospitales p\u00fablicos\u00a0mismos que\u2026","rel":"","context":"En &quot;CINTILLO&quot;","block_context":{"text":"CINTILLO","link":"https:\/\/www.grieta.org.mx\/index.php\/category\/cintillo\/"},"img":{"alt_text":"","src":"https:\/\/i0.wp.com\/www.grieta.org.mx\/wp-content\/uploads\/2019\/09\/el_info__crop1567711099611.jpg_1970638775.jpg?resize=350%2C200&ssl=1","width":350,"height":200,"srcset":"https:\/\/i0.wp.com\/www.grieta.org.mx\/wp-content\/uploads\/2019\/09\/el_info__crop1567711099611.jpg_1970638775.jpg?resize=350%2C200&ssl=1 1x, https:\/\/i0.wp.com\/www.grieta.org.mx\/wp-content\/uploads\/2019\/09\/el_info__crop1567711099611.jpg_1970638775.jpg?resize=525%2C300&ssl=1 1.5x, https:\/\/i0.wp.com\/www.grieta.org.mx\/wp-content\/uploads\/2019\/09\/el_info__crop1567711099611.jpg_1970638775.jpg?resize=700%2C400&ssl=1 2x"},"classes":[]},{"id":15132,"url":"https:\/\/www.grieta.org.mx\/index.php\/2016\/06\/24\/respaldan-medicos-de-tehuacan-protestas-de-homologos-en-puebla\/","url_meta":{"origin":40223,"position":2},"title":"Respaldan m\u00e9dicos de Tehuac\u00e1n protestas de hom\u00f3logos en Puebla","author":"grieta","date":"24 junio, 2016","format":false,"excerpt":"Por Enrique Hern\u00e1ndez Tehuac\u00e1n, Pue.- La Sociedad M\u00e9dica de Tehuac\u00e1n manifest\u00f3 apoyo a sus hom\u00f3logos en Puebla, quienes esta semana realizaron una marcha en la capital del Estado para exigir mejores condiciones laborales, inform\u00f3 el presidente del gremio, Jos\u00e9 Antonio Ponce de la Fuente. Coincidi\u00f3 en que es necesario concientizar\u2026","rel":"","context":"En &quot;CINTILLO&quot;","block_context":{"text":"CINTILLO","link":"https:\/\/www.grieta.org.mx\/index.php\/category\/cintillo\/"},"img":{"alt_text":"","src":"https:\/\/i0.wp.com\/www.grieta.org.mx\/wp-content\/uploads\/2016\/06\/medicos-tehuacan.jpg?resize=350%2C200&ssl=1","width":350,"height":200,"srcset":"https:\/\/i0.wp.com\/www.grieta.org.mx\/wp-content\/uploads\/2016\/06\/medicos-tehuacan.jpg?resize=350%2C200&ssl=1 1x, https:\/\/i0.wp.com\/www.grieta.org.mx\/wp-content\/uploads\/2016\/06\/medicos-tehuacan.jpg?resize=525%2C300&ssl=1 1.5x"},"classes":[]},{"id":52627,"url":"https:\/\/www.grieta.org.mx\/index.php\/2020\/08\/04\/sin-medicamentos-oncologicos-en-el-issste-de-aguascalientes\/","url_meta":{"origin":40223,"position":3},"title":"SIN MEDICAMENTOS ONCOL\u00d3GICOS EN EL ISSSTE DE AGUASCALIENTES","author":"grieta","date":"4 agosto, 2020","format":false,"excerpt":"Gabriel Soriano\/La Jornada Aguascalientes 4 agosto 2020 Cerca de 80 pacientes est\u00e1n en lista de espera para tener medicamentos Pacientes que siguen pagando la cuota del Issste siguen sin recibir medicamentos Denuncian pacientes con c\u00e1ncer que en el Issste no hay medicamentos para tratar su c\u00e1ncer, hay insensibilidad por parte\u2026","rel":"","context":"En &quot;Aguascalientes&quot;","block_context":{"text":"Aguascalientes","link":"https:\/\/www.grieta.org.mx\/index.php\/category\/noticias-nacionales\/aguascalientes\/"},"img":{"alt_text":"","src":"https:\/\/i0.wp.com\/www.grieta.org.mx\/wp-content\/uploads\/2020\/08\/50187074952_8ba94be9dc_b-1.jpg?resize=350%2C200&ssl=1","width":350,"height":200,"srcset":"https:\/\/i0.wp.com\/www.grieta.org.mx\/wp-content\/uploads\/2020\/08\/50187074952_8ba94be9dc_b-1.jpg?resize=350%2C200&ssl=1 1x, https:\/\/i0.wp.com\/www.grieta.org.mx\/wp-content\/uploads\/2020\/08\/50187074952_8ba94be9dc_b-1.jpg?resize=525%2C300&ssl=1 1.5x"},"classes":[]},{"id":42862,"url":"https:\/\/www.grieta.org.mx\/index.php\/2020\/01\/08\/denuncian-desabasto-de-medicamentos-contra-el-cancer-en-el-imss-colima\/","url_meta":{"origin":40223,"position":4},"title":"Denuncian desabasto de medicamentos contra el c\u00e1ncer en el IMSS Colima","author":"grieta","date":"8 enero, 2020","format":false,"excerpt":"Foto: El Comentario Francis Bravo \/ El Comentario Seg\u00fan\u00a0manifestaron\u00a0a esta reportera varios\u00a0derechohabientes,\u00a0nuevamente se est\u00e1 presentando en el\u00a0Instituto Mexicano del Seguro Social\u00a0(IMSS) en Colima, un\u00a0desabasto de medicamentos\u00a0para el tratamiento de pacientes con\u00a0c\u00e1ncer. Seg\u00fan manifestaron algunos pacientes con esa enfermedad, derechohabientes del IMSS, los cuales pidieron omitir sus nombres, desde el pasado\u2026","rel":"","context":"En &quot;CINTILLO&quot;","block_context":{"text":"CINTILLO","link":"https:\/\/www.grieta.org.mx\/index.php\/category\/cintillo\/"},"img":{"alt_text":"","src":"https:\/\/i0.wp.com\/www.grieta.org.mx\/wp-content\/uploads\/2020\/01\/fd07eb2d9ecb3911e1f13320a78bccd9-2.jpg?resize=350%2C200&ssl=1","width":350,"height":200,"srcset":"https:\/\/i0.wp.com\/www.grieta.org.mx\/wp-content\/uploads\/2020\/01\/fd07eb2d9ecb3911e1f13320a78bccd9-2.jpg?resize=350%2C200&ssl=1 1x, https:\/\/i0.wp.com\/www.grieta.org.mx\/wp-content\/uploads\/2020\/01\/fd07eb2d9ecb3911e1f13320a78bccd9-2.jpg?resize=525%2C300&ssl=1 1.5x, https:\/\/i0.wp.com\/www.grieta.org.mx\/wp-content\/uploads\/2020\/01\/fd07eb2d9ecb3911e1f13320a78bccd9-2.jpg?resize=700%2C400&ssl=1 2x"},"classes":[]},{"id":32194,"url":"https:\/\/www.grieta.org.mx\/index.php\/2019\/04\/13\/denuncian-que-270-pacientes-con-cancer-en-baja-california-no-reciben-medicamentos-por-suspension-de-recursos-al-seguro-popular\/","url_meta":{"origin":40223,"position":5},"title":"Denuncian que 270 pacientes con c\u00e1ncer en Baja California no reciben medicamentos por suspensi\u00f3n de recursos al Seguro Popular","author":"grieta","date":"13 abril, 2019","format":false,"excerpt":"Proceso. Javier Cruz Aguirre, ENSENADA, B.C. (proceso.com.mx).- Desde hace dos semanas, 270 pacientes con c\u00e1ncer adheridos al Seguro Popular en Baja California no reciben tratamiento de quimioterapia porque el gobierno federal dej\u00f3 de aportar recursos para el programa social, lo que provoc\u00f3 un desabasto general de medicinas para padecimientos oncol\u00f3gicos.\u2026","rel":"","context":"En &quot;Baja California&quot;","block_context":{"text":"Baja California","link":"https:\/\/www.grieta.org.mx\/index.php\/category\/noticias-nacionales\/baja-california\/"},"img":{"alt_text":"","src":"https:\/\/i0.wp.com\/www.grieta.org.mx\/wp-content\/uploads\/2019\/04\/tab.jpg?resize=350%2C200&ssl=1","width":350,"height":200,"srcset":"https:\/\/i0.wp.com\/www.grieta.org.mx\/wp-content\/uploads\/2019\/04\/tab.jpg?resize=350%2C200&ssl=1 1x, https:\/\/i0.wp.com\/www.grieta.org.mx\/wp-content\/uploads\/2019\/04\/tab.jpg?resize=525%2C300&ssl=1 1.5x, https:\/\/i0.wp.com\/www.grieta.org.mx\/wp-content\/uploads\/2019\/04\/tab.jpg?resize=700%2C400&ssl=1 2x"},"classes":[]}],"_links":{"self":[{"href":"https:\/\/www.grieta.org.mx\/index.php\/wp-json\/wp\/v2\/posts\/40223","targetHints":{"allow":["GET"]}}],"collection":[{"href":"https:\/\/www.grieta.org.mx\/index.php\/wp-json\/wp\/v2\/posts"}],"about":[{"href":"https:\/\/www.grieta.org.mx\/index.php\/wp-json\/wp\/v2\/types\/post"}],"author":[{"embeddable":true,"href":"https:\/\/www.grieta.org.mx\/index.php\/wp-json\/wp\/v2\/users\/1"}],"replies":[{"embeddable":true,"href":"https:\/\/www.grieta.org.mx\/index.php\/wp-json\/wp\/v2\/comments?post=40223"}],"version-history":[{"count":1,"href":"https:\/\/www.grieta.org.mx\/index.php\/wp-json\/wp\/v2\/posts\/40223\/revisions"}],"predecessor-version":[{"id":40224,"href":"https:\/\/www.grieta.org.mx\/index.php\/wp-json\/wp\/v2\/posts\/40223\/revisions\/40224"}],"wp:featuredmedia":[{"embeddable":true,"href":"https:\/\/www.grieta.org.mx\/index.php\/wp-json\/wp\/v2\/media\/40068"}],"wp:attachment":[{"href":"https:\/\/www.grieta.org.mx\/index.php\/wp-json\/wp\/v2\/media?parent=40223"}],"wp:term":[{"taxonomy":"category","embeddable":true,"href":"https:\/\/www.grieta.org.mx\/index.php\/wp-json\/wp\/v2\/categories?post=40223"},{"taxonomy":"post_tag","embeddable":true,"href":"https:\/\/www.grieta.org.mx\/index.php\/wp-json\/wp\/v2\/tags?post=40223"}],"curies":[{"name":"wp","href":"https:\/\/api.w.org\/{rel}","templated":true}]}}