{"id":40186,"date":"2019-10-12T20:20:13","date_gmt":"2019-10-13T01:20:13","guid":{"rendered":"http:\/\/www.grieta.org.mx\/?p=40186"},"modified":"2019-10-14T20:36:08","modified_gmt":"2019-10-15T01:36:08","slug":"minera-cuzcatlan-y-oaxaca-filmfest-cronica-de-un-boicot-anunciado","status":"publish","type":"post","link":"https:\/\/www.grieta.org.mx\/index.php\/2019\/10\/12\/minera-cuzcatlan-y-oaxaca-filmfest-cronica-de-un-boicot-anunciado\/","title":{"rendered":"Minera Cuzcatl\u00e1n y Oaxaca FilmFest, cr\u00f3nica de un boicot anunciado"},"content":{"rendered":"<p>Avispa Midia \/ Den\u00ed Noya.<\/p>\n<p><img loading=\"lazy\" decoding=\"async\" data-attachment-id=\"40187\" data-permalink=\"https:\/\/www.grieta.org.mx\/index.php\/2019\/10\/12\/minera-cuzcatlan-y-oaxaca-filmfest-cronica-de-un-boicot-anunciado\/1-43\/\" data-orig-file=\"https:\/\/www.grieta.org.mx\/wp-content\/uploads\/2019\/10\/1-1.jpg\" data-orig-size=\"1080,720\" data-comments-opened=\"0\" data-image-meta=\"{&quot;aperture&quot;:&quot;2&quot;,&quot;credit&quot;:&quot;&quot;,&quot;camera&quot;:&quot;&quot;,&quot;caption&quot;:&quot;&quot;,&quot;created_timestamp&quot;:&quot;1570654472&quot;,&quot;copyright&quot;:&quot;&quot;,&quot;focal_length&quot;:&quot;28&quot;,&quot;iso&quot;:&quot;4000&quot;,&quot;shutter_speed&quot;:&quot;0.00625&quot;,&quot;title&quot;:&quot;&quot;,&quot;orientation&quot;:&quot;1&quot;}\" data-image-title=\"1\" data-image-description=\"\" data-image-caption=\"\" data-medium-file=\"https:\/\/www.grieta.org.mx\/wp-content\/uploads\/2019\/10\/1-1-300x200.jpg\" data-large-file=\"https:\/\/www.grieta.org.mx\/wp-content\/uploads\/2019\/10\/1-1-1024x683.jpg\" src=\"http:\/\/www.grieta.org.mx\/wp-content\/uploads\/2019\/10\/1-1-1024x683.jpg\" alt=\"\" width=\"1024\" height=\"683\" class=\"aligncenter size-large wp-image-40187\" srcset=\"https:\/\/www.grieta.org.mx\/wp-content\/uploads\/2019\/10\/1-1-1024x683.jpg 1024w, https:\/\/www.grieta.org.mx\/wp-content\/uploads\/2019\/10\/1-1-300x200.jpg 300w, https:\/\/www.grieta.org.mx\/wp-content\/uploads\/2019\/10\/1-1-768x512.jpg 768w, https:\/\/www.grieta.org.mx\/wp-content\/uploads\/2019\/10\/1-1-750x500.jpg 750w, https:\/\/www.grieta.org.mx\/wp-content\/uploads\/2019\/10\/1-1.jpg 1080w\" sizes=\"auto, (max-width: 1024px) 100vw, 1024px\" \/><\/p>\n<p>La Alianza.<\/p>\n<p>Todo empez\u00f3 cuando la 10\u00aa edici\u00f3n del Oaxaca FilmFest decidi\u00f3 formar una alianza con la Compa\u00f1\u00eda Minera Cuzcatl\u00e1n, S.A. de C.V. una de las cuatro filiales en M\u00e9xico de la empresa canadiense Fortuna Silver Mines Inc., due\u00f1os y operadores de la mina en el pueblo zapoteco de San Jos\u00e9 del Progreso. En los primeros d\u00edas de octubre de 2019, las calles del centro hist\u00f3rico de Oaxaca se llenaron de publicidad del festival, y al pie de cada letrero, cartel y folleto se mostraba el logotipo de la Compa\u00f1\u00eda Minera Cuzcatl\u00e1n. El mismo logo sobresal\u00eda dentro del aeropuerto en una lona enorme que daba la bienvenida, a quienes arribaban en avi\u00f3n, al festival internacional de cine en Oaxaca. En su p\u00e1gina web (\u00fanico sitio oficial del festival) bajo la categor\u00eda Alianzas \/ Master, la mina ocupaba el tercer lugar despu\u00e9s de la Secretar\u00eda de Cultura, y la Secretar\u00eda de las Culturas y Artes de Oaxaca. Por si fuera poco, en la funci\u00f3n inaugural del festival, se proyect\u00f3 uno de los videos promocionales de la Compa\u00f1\u00eda Minera Cuzcatl\u00e1.<\/p>\n<p><img loading=\"lazy\" decoding=\"async\" data-attachment-id=\"40188\" data-permalink=\"https:\/\/www.grieta.org.mx\/index.php\/2019\/10\/12\/minera-cuzcatlan-y-oaxaca-filmfest-cronica-de-un-boicot-anunciado\/2-37\/\" data-orig-file=\"https:\/\/www.grieta.org.mx\/wp-content\/uploads\/2019\/10\/2.jpeg\" data-orig-size=\"1024,768\" data-comments-opened=\"0\" data-image-meta=\"{&quot;aperture&quot;:&quot;0&quot;,&quot;credit&quot;:&quot;&quot;,&quot;camera&quot;:&quot;&quot;,&quot;caption&quot;:&quot;&quot;,&quot;created_timestamp&quot;:&quot;0&quot;,&quot;copyright&quot;:&quot;&quot;,&quot;focal_length&quot;:&quot;0&quot;,&quot;iso&quot;:&quot;0&quot;,&quot;shutter_speed&quot;:&quot;0&quot;,&quot;title&quot;:&quot;&quot;,&quot;orientation&quot;:&quot;0&quot;}\" data-image-title=\"2\" data-image-description=\"\" data-image-caption=\"\" data-medium-file=\"https:\/\/www.grieta.org.mx\/wp-content\/uploads\/2019\/10\/2-300x225.jpeg\" data-large-file=\"https:\/\/www.grieta.org.mx\/wp-content\/uploads\/2019\/10\/2-1024x768.jpeg\" src=\"http:\/\/www.grieta.org.mx\/wp-content\/uploads\/2019\/10\/2-1024x768.jpeg\" alt=\"\" width=\"1024\" height=\"768\" class=\"aligncenter size-large wp-image-40188\" srcset=\"https:\/\/www.grieta.org.mx\/wp-content\/uploads\/2019\/10\/2.jpeg 1024w, https:\/\/www.grieta.org.mx\/wp-content\/uploads\/2019\/10\/2-300x225.jpeg 300w, https:\/\/www.grieta.org.mx\/wp-content\/uploads\/2019\/10\/2-768x576.jpeg 768w, https:\/\/www.grieta.org.mx\/wp-content\/uploads\/2019\/10\/2-667x500.jpeg 667w\" sizes=\"auto, (max-width: 1024px) 100vw, 1024px\" \/><br \/>\nCampa\u00f1a de lavado de imagen de la minera Cuzcatl\u00e1n, responsable por contaminar el medio ambiente y violentar a comunidades zapotecas.<\/p>\n<p><img loading=\"lazy\" decoding=\"async\" data-attachment-id=\"40189\" data-permalink=\"https:\/\/www.grieta.org.mx\/index.php\/2019\/10\/12\/minera-cuzcatlan-y-oaxaca-filmfest-cronica-de-un-boicot-anunciado\/3-27\/\" data-orig-file=\"https:\/\/www.grieta.org.mx\/wp-content\/uploads\/2019\/10\/3-1.jpg\" data-orig-size=\"300,225\" data-comments-opened=\"0\" data-image-meta=\"{&quot;aperture&quot;:&quot;0&quot;,&quot;credit&quot;:&quot;&quot;,&quot;camera&quot;:&quot;&quot;,&quot;caption&quot;:&quot;&quot;,&quot;created_timestamp&quot;:&quot;0&quot;,&quot;copyright&quot;:&quot;&quot;,&quot;focal_length&quot;:&quot;0&quot;,&quot;iso&quot;:&quot;0&quot;,&quot;shutter_speed&quot;:&quot;0&quot;,&quot;title&quot;:&quot;&quot;,&quot;orientation&quot;:&quot;0&quot;}\" data-image-title=\"3\" data-image-description=\"\" data-image-caption=\"\" data-medium-file=\"https:\/\/www.grieta.org.mx\/wp-content\/uploads\/2019\/10\/3-1-300x225.jpg\" data-large-file=\"https:\/\/www.grieta.org.mx\/wp-content\/uploads\/2019\/10\/3-1.jpg\" src=\"http:\/\/www.grieta.org.mx\/wp-content\/uploads\/2019\/10\/3-1.jpg\" alt=\"\" width=\"300\" height=\"225\" class=\"aligncenter size-full wp-image-40189\" \/><br \/>\nFotos del R\u00edo del Coyote y del lugar conocido como la Ci\u00e9nega. Foto de denunciaoaxaca.org<\/p>\n<p><img loading=\"lazy\" decoding=\"async\" data-attachment-id=\"40190\" data-permalink=\"https:\/\/www.grieta.org.mx\/index.php\/2019\/10\/12\/minera-cuzcatlan-y-oaxaca-filmfest-cronica-de-un-boicot-anunciado\/4-27\/\" data-orig-file=\"https:\/\/www.grieta.org.mx\/wp-content\/uploads\/2019\/10\/4-2.jpg\" data-orig-size=\"300,225\" data-comments-opened=\"0\" data-image-meta=\"{&quot;aperture&quot;:&quot;0&quot;,&quot;credit&quot;:&quot;&quot;,&quot;camera&quot;:&quot;&quot;,&quot;caption&quot;:&quot;&quot;,&quot;created_timestamp&quot;:&quot;0&quot;,&quot;copyright&quot;:&quot;&quot;,&quot;focal_length&quot;:&quot;0&quot;,&quot;iso&quot;:&quot;0&quot;,&quot;shutter_speed&quot;:&quot;0&quot;,&quot;title&quot;:&quot;&quot;,&quot;orientation&quot;:&quot;0&quot;}\" data-image-title=\"4\" data-image-description=\"\" data-image-caption=\"\" data-medium-file=\"https:\/\/www.grieta.org.mx\/wp-content\/uploads\/2019\/10\/4-2-300x225.jpg\" data-large-file=\"https:\/\/www.grieta.org.mx\/wp-content\/uploads\/2019\/10\/4-2.jpg\" src=\"http:\/\/www.grieta.org.mx\/wp-content\/uploads\/2019\/10\/4-2.jpg\" alt=\"\" width=\"300\" height=\"225\" class=\"aligncenter size-full wp-image-40190\" \/><\/p>\n<p>La mina contra los pueblos.<\/p>\n<p>Aproximadamente un a\u00f1o antes llov\u00eda sobre San Jos\u00e9 del Progreso. El 8 de octubre de 2018 autoridades agrarias, municipales y pobladores de Magdalena Ocotl\u00e1n se percataron que el afluente del R\u00edo del Coyote, que abastece de agua potable su comunidad y que desemboca en el r\u00edo Atoyac, presentaba una corriente de agua \u201ccolor blanca\u201d que proven\u00eda de la mina en San Jos\u00e9. El r\u00edo hab\u00eda sido contaminado por desechos mineros que se derramaron de una de las dos preses de jales (en donde se depositan los desechos) de la minera. Seg\u00fan el reporte de la Procuradur\u00eda Federal de Protecci\u00f3n al Ambiente (PROFEPA) se \u201cobserv\u00f3 que los hechos denunciados corresponden a un desborde de la presa de jales secos.(\u2026) esta pileta fue saturada a su m\u00e1xima capacidad, provocando el rebase de las aguas de escurrimiento debido a que la bomba que recircula el l\u00edquido de captaci\u00f3n de la mencionada pileta hacia la presa de jales secos, no tuvo la capacidad para rebombear la totalidad del agua que capta la pileta\u201d.<\/p>\n<p><img loading=\"lazy\" decoding=\"async\" data-attachment-id=\"40191\" data-permalink=\"https:\/\/www.grieta.org.mx\/index.php\/2019\/10\/12\/minera-cuzcatlan-y-oaxaca-filmfest-cronica-de-un-boicot-anunciado\/5-19\/\" data-orig-file=\"https:\/\/www.grieta.org.mx\/wp-content\/uploads\/2019\/10\/5-1.jpg\" data-orig-size=\"385,227\" data-comments-opened=\"0\" data-image-meta=\"{&quot;aperture&quot;:&quot;0&quot;,&quot;credit&quot;:&quot;&quot;,&quot;camera&quot;:&quot;&quot;,&quot;caption&quot;:&quot;&quot;,&quot;created_timestamp&quot;:&quot;0&quot;,&quot;copyright&quot;:&quot;&quot;,&quot;focal_length&quot;:&quot;0&quot;,&quot;iso&quot;:&quot;0&quot;,&quot;shutter_speed&quot;:&quot;0&quot;,&quot;title&quot;:&quot;&quot;,&quot;orientation&quot;:&quot;0&quot;}\" data-image-title=\"5\" data-image-description=\"\" data-image-caption=\"\" data-medium-file=\"https:\/\/www.grieta.org.mx\/wp-content\/uploads\/2019\/10\/5-1-300x177.jpg\" data-large-file=\"https:\/\/www.grieta.org.mx\/wp-content\/uploads\/2019\/10\/5-1.jpg\" src=\"http:\/\/www.grieta.org.mx\/wp-content\/uploads\/2019\/10\/5-1.jpg\" alt=\"\" width=\"385\" height=\"227\" class=\"aligncenter size-full wp-image-40191\" srcset=\"https:\/\/www.grieta.org.mx\/wp-content\/uploads\/2019\/10\/5-1.jpg 385w, https:\/\/www.grieta.org.mx\/wp-content\/uploads\/2019\/10\/5-1-300x177.jpg 300w\" sizes=\"auto, (max-width: 385px) 100vw, 385px\" \/><br \/>\nFotos del R\u00edo del Coyote y del lugar conocido como la Ci\u00e9nega. Foto del sitio oficial profepa.<\/p>\n<p>Un a\u00f1o y otra visita de la PROFEPA despu\u00e9s, las autoridades municipales y pobladores de Magdalena Ocotl\u00e1n no tienen certeza sobre la respuesta de las autoridades competentes. No conf\u00edan en la veracidad de las pruebas recogidas porque fue una empresa contratada por la misma Minera Cuzcatl\u00e1n la que llev\u00f3 a cabo el muestreo. Por otro lado, hasta la fecha no han recibido notificaci\u00f3n o informaci\u00f3n alguna de los resultados, ni de las sanciones procedentes a la mina. As\u00ed lo denuncian en un documento que public\u00f3 la autoridad Municipal de Magdalena Ocotl\u00e1n y que se dio a conocer durante una jornada informativa y de denuncia a un a\u00f1o del derrame. En el comunicado del 28 de junio de 2019 narran c\u00f3mo encararon al Presidente de la Rep\u00fablica, Andr\u00e9s Manuel L\u00f3pez Obrador, y \u00e9ste hizo el compromiso de enviar una comisi\u00f3n a investigar y atender su demanda. Sin embargo, han pasado m\u00e1s de tres meses de ese suceso, y hasta la fecha no han recibido ning\u00fan enviado del presidente. En consecuencia, apelando a su derecho ancestral al territorio y al convenio 169 de la OIT, en el documento plantean tres exigencias primordiales:<\/p>\n<p>-La cancelaci\u00f3n inmediata de las 29 concesiones otorgadas a la minera canadiense Fortuna Silver Mines, y su prestanombres Minera Cuzcatl\u00e1n.<\/p>\n<p>&#8211; Que la PROFEPA, la Comisi\u00f3n Nacional del agua (CONAGUA) y la Secretar\u00eda de Medio Ambiente y Recursos Natulares (SEMARNAT) atiendan de inmediato, y de manera independiente el derrame del a\u00f1o pasado.<\/p>\n<p>&#8211; Que la SEMARNAT no autorice, bajo ninguna circunstancia, la ampliaci\u00f3n del proyecto San Jos\u00e9 II con el cu\u00e1l la minera Cuzcatl\u00e1n pretende ampliarse a m\u00e1s de 7 mil hect\u00e1reas del Valle de Ocotl\u00e1n.<\/p>\n<p>En dicha jornada de informaci\u00f3n, el 8 de octubre de 2019, habitantes de Magdalena Ocotl\u00e1n y colectivos acompa\u00f1antes proyectaron diapositivas de las concesiones mineras, las cuales han sido ampliadas en varias ocasiones en los \u00faltimos a\u00f1os. M\u00e1s adelante, habitantes de Magdalena Ocotl\u00e1n dieron su testimonio de las amenazas de muerte que han recibido quienes buscan justicia ambiental y social, as\u00ed como el constante hostigamiento a quienes resisten, y la profunda divisi\u00f3n que ha tra\u00eddo la mina en los pueblos y en las familias.<\/p>\n<p><img loading=\"lazy\" decoding=\"async\" data-attachment-id=\"40194\" data-permalink=\"https:\/\/www.grieta.org.mx\/index.php\/2019\/10\/12\/minera-cuzcatlan-y-oaxaca-filmfest-cronica-de-un-boicot-anunciado\/6-15\/\" data-orig-file=\"https:\/\/www.grieta.org.mx\/wp-content\/uploads\/2019\/10\/6.jpg\" data-orig-size=\"927,1200\" data-comments-opened=\"0\" data-image-meta=\"{&quot;aperture&quot;:&quot;0&quot;,&quot;credit&quot;:&quot;&quot;,&quot;camera&quot;:&quot;&quot;,&quot;caption&quot;:&quot;&quot;,&quot;created_timestamp&quot;:&quot;0&quot;,&quot;copyright&quot;:&quot;&quot;,&quot;focal_length&quot;:&quot;0&quot;,&quot;iso&quot;:&quot;0&quot;,&quot;shutter_speed&quot;:&quot;0&quot;,&quot;title&quot;:&quot;&quot;,&quot;orientation&quot;:&quot;0&quot;}\" data-image-title=\"6\" data-image-description=\"\" data-image-caption=\"\" data-medium-file=\"https:\/\/www.grieta.org.mx\/wp-content\/uploads\/2019\/10\/6-232x300.jpg\" data-large-file=\"https:\/\/www.grieta.org.mx\/wp-content\/uploads\/2019\/10\/6-791x1024.jpg\" src=\"http:\/\/www.grieta.org.mx\/wp-content\/uploads\/2019\/10\/6-791x1024.jpg\" alt=\"\" width=\"791\" height=\"1024\" class=\"aligncenter size-large wp-image-40194\" srcset=\"https:\/\/www.grieta.org.mx\/wp-content\/uploads\/2019\/10\/6-791x1024.jpg 791w, https:\/\/www.grieta.org.mx\/wp-content\/uploads\/2019\/10\/6-232x300.jpg 232w, https:\/\/www.grieta.org.mx\/wp-content\/uploads\/2019\/10\/6-768x994.jpg 768w, https:\/\/www.grieta.org.mx\/wp-content\/uploads\/2019\/10\/6-386x500.jpg 386w, https:\/\/www.grieta.org.mx\/wp-content\/uploads\/2019\/10\/6.jpg 927w\" sizes=\"auto, (max-width: 791px) 100vw, 791px\" \/><\/p>\n<p>Lavado de imagen: intenciones frustradas<\/p>\n<p><img loading=\"lazy\" decoding=\"async\" data-attachment-id=\"40195\" data-permalink=\"https:\/\/www.grieta.org.mx\/index.php\/2019\/10\/12\/minera-cuzcatlan-y-oaxaca-filmfest-cronica-de-un-boicot-anunciado\/7-11\/\" data-orig-file=\"https:\/\/www.grieta.org.mx\/wp-content\/uploads\/2019\/10\/7.png\" data-orig-size=\"423,267\" data-comments-opened=\"0\" data-image-meta=\"{&quot;aperture&quot;:&quot;0&quot;,&quot;credit&quot;:&quot;&quot;,&quot;camera&quot;:&quot;&quot;,&quot;caption&quot;:&quot;&quot;,&quot;created_timestamp&quot;:&quot;0&quot;,&quot;copyright&quot;:&quot;&quot;,&quot;focal_length&quot;:&quot;0&quot;,&quot;iso&quot;:&quot;0&quot;,&quot;shutter_speed&quot;:&quot;0&quot;,&quot;title&quot;:&quot;&quot;,&quot;orientation&quot;:&quot;0&quot;}\" data-image-title=\"7\" data-image-description=\"\" data-image-caption=\"\" data-medium-file=\"https:\/\/www.grieta.org.mx\/wp-content\/uploads\/2019\/10\/7-300x189.png\" data-large-file=\"https:\/\/www.grieta.org.mx\/wp-content\/uploads\/2019\/10\/7.png\" src=\"http:\/\/www.grieta.org.mx\/wp-content\/uploads\/2019\/10\/7.png\" alt=\"\" width=\"423\" height=\"267\" class=\"aligncenter size-full wp-image-40195\" srcset=\"https:\/\/www.grieta.org.mx\/wp-content\/uploads\/2019\/10\/7.png 423w, https:\/\/www.grieta.org.mx\/wp-content\/uploads\/2019\/10\/7-300x189.png 300w\" sizes=\"auto, (max-width: 423px) 100vw, 423px\" \/><br \/>\nPromocional tomado de la p\u00e1gina principal de: fortunasilver.com<\/p>\n<p>Mientras tanto, la Compa\u00f1\u00eda Minera Cuzcatl\u00e1n aprovechaba la nueva alianza celebrada con Oaxaca FilmFest para proyectar \u2013literalmente- su campa\u00f1a de lavado de imagen estrenada recientemente a trav\u00e9s de sus redes sociales (inauguradas en marzo de 2019, no obstante la mina est\u00e1 en etapa de producci\u00f3n comercial desde 2011). Esto no pas\u00f3 desapercibido. Para el cuarto d\u00eda de Festival comenz\u00f3 a circular entre colectivos, organizaciones, redes de cineastas y defensores del territorio, un pronunciamiento denunciando la \u201cdeplorable alianza entre la Compan?i?a Minera Cuzcatla?n y Oaxaca FilmFest\u201d, el cu\u00e1l termin\u00f3 siendo firmado por 31 organizaciones, y 195 personas que se opusieron a la operaci\u00f3n de lavado de imagen que estaba llevando a cabo Fortuna Silver Mines, a trav\u00e9s de su filial, la Compa\u00f1\u00eda Minera Cuzcatl\u00e1n, al patrocinar eventos culturales como el festival.<\/p>\n<p>En el documento que se ley\u00f3 y public\u00f3 el 8 de octubre de 2019, en el marco de la jornada informativa y de denuncia a un a\u00f1o del derrame, hicieron un recuento sobre la contaminaci\u00f3n con deshechos mineros en el r\u00edo, y revisaron a grandes rasgos el violento proceso de imposici\u00f3n de la mina:<\/p>\n<p>\u201cSi quienes organizan el Oaxaca FilmFest no lo saben, o lo olvidaron, les recordamos que la minera canadiense Fortuna Silver Mines, a trav\u00e9s de su filial, la Compa\u00f1\u00eda Minera Cuzcatl\u00e1n, es responsable de m\u00faltiples violaciones a los derechos de pueblos y comunidades ind\u00edgenas, as\u00ed como de violaciones a tratados internacionales de derechos humanos, ya que se impuso de manera violenta e irresponsable con el Proyecto Minero \u201cSan Jos\u00e9\u201d en el pueblo zapoteco de San Jos\u00e9 del Progreso, ubicado en los Valles Centrales de Oaxaca. <\/p>\n<p><img loading=\"lazy\" decoding=\"async\" data-attachment-id=\"40196\" data-permalink=\"https:\/\/www.grieta.org.mx\/index.php\/2019\/10\/12\/minera-cuzcatlan-y-oaxaca-filmfest-cronica-de-un-boicot-anunciado\/movimiento-radio\/\" data-orig-file=\"https:\/\/www.grieta.org.mx\/wp-content\/uploads\/2019\/10\/Movimiento-Radio.jpg\" data-orig-size=\"1080,371\" data-comments-opened=\"0\" data-image-meta=\"{&quot;aperture&quot;:&quot;4.5&quot;,&quot;credit&quot;:&quot;&quot;,&quot;camera&quot;:&quot;&quot;,&quot;caption&quot;:&quot;&quot;,&quot;created_timestamp&quot;:&quot;1556193109&quot;,&quot;copyright&quot;:&quot;&quot;,&quot;focal_length&quot;:&quot;28&quot;,&quot;iso&quot;:&quot;800&quot;,&quot;shutter_speed&quot;:&quot;0.0125&quot;,&quot;title&quot;:&quot;&quot;,&quot;orientation&quot;:&quot;1&quot;}\" data-image-title=\"Movimiento-Radio\" data-image-description=\"\" data-image-caption=\"\" data-medium-file=\"https:\/\/www.grieta.org.mx\/wp-content\/uploads\/2019\/10\/Movimiento-Radio-300x103.jpg\" data-large-file=\"https:\/\/www.grieta.org.mx\/wp-content\/uploads\/2019\/10\/Movimiento-Radio-1024x352.jpg\" src=\"http:\/\/www.grieta.org.mx\/wp-content\/uploads\/2019\/10\/Movimiento-Radio-1024x352.jpg\" alt=\"\" width=\"1024\" height=\"352\" class=\"aligncenter size-large wp-image-40196\" srcset=\"https:\/\/www.grieta.org.mx\/wp-content\/uploads\/2019\/10\/Movimiento-Radio-1024x352.jpg 1024w, https:\/\/www.grieta.org.mx\/wp-content\/uploads\/2019\/10\/Movimiento-Radio-300x103.jpg 300w, https:\/\/www.grieta.org.mx\/wp-content\/uploads\/2019\/10\/Movimiento-Radio-768x264.jpg 768w, https:\/\/www.grieta.org.mx\/wp-content\/uploads\/2019\/10\/Movimiento-Radio.jpg 1080w\" sizes=\"auto, (max-width: 1024px) 100vw, 1024px\" \/><br \/>\nRadio comunitaria y juvenil en San Jos\u00e9 del Progreso: Movimiento Radio 103.7 FM Foto de AvispaMidia<\/p>\n<p>De ah\u00ed que se desatara una serie de conflictos sociales y pol\u00edticos que llegaron al extremo de cobrar la vida de opositores a la mina y defensores de la tierra y el territorio, como fue el caso (en 2012) de los asesinatos de Bernardo V\u00e1zquez S\u00e1nchez y Bernardo M\u00e9ndez V\u00e1zquez, miembros de La Coordinadora de Pueblos del Valle de Ocotl\u00e1n (CPUVO), entre muchos otros agravios y violaciones al pueblo de San Jos\u00e9 del Progreso. (V\u00e9ase el Informe de la Misi\u00f3n Civil de Observaci\u00f3n: \u201cJusticia para San Jos\u00e9 del Progreso\u201d coordinado por el Colectivo Oaxaque\u00f1o en Defensa de los Territorios y publicado en noviembre de 2013)\u201d.<\/p>\n<p>Tambi\u00e9n cuestionaron las condiciones de seguridad para sus trabajadores y mencionaron el reciente caso de Luis Fernando Landeros Garc\u00eda, empleado de empresa contratista, quien muri\u00f3 en un \u201caccidente fatal\u201d ocurrido en el interior de la mina San Jos\u00e9 el 18 de agosto de 2019. Y concluyeron: \u201cLamentamos la falta de \u00e9tica profesional y de criterios de selecci\u00f3n del Oaxaca FilmFest a la hora de elegir a sus aliados. (\u2026) Ante esto, llamamos a quienes as\u00ed lo sientan pertinente, a boicotear esta 10\u00ba edici\u00f3n del Oaxaca FilmFest y no acudir a sus funciones y actividades, y al mismo tiempo exigir que act\u00faen con criterio, responsabilidad y respeto\u201d.<\/p>\n<p>El llamado no se hizo esperar, en pocas horas despu\u00e9s comenz\u00f3 a circular por redes sociales un invitaci\u00f3n a asistir a la ceremonia de clausura del Festival que le\u00eda: \u201cA un a\u00f1o del derrame de t\u00f3xicos en el R\u00edo Coyote, la autoridad Municipal de Magdalena Ocotl\u00e1n junto a colectivos de los Valles Centrales de Oaxaca convocan a la acci\u00f3n informativa y de protesta en boicot a los intereses de la Compa\u00f1\u00eda Minera Cuzcatl\u00e1n que busca lavar su imagen en eventos culturales como el Oaxaca FilmFest\u201d.<\/p>\n<p>El Boicot<\/p>\n<p>El 9 de octubre de 2019 a las 8:30 pm, diversas expresiones de colectivxs e individuxs de Valles Centrales de Oaxaca llegaron a la reja del Hotel Plaza Fort\u00edn con la intenci\u00f3n de buscar un espacio en la Ceremonia de Clausura del Oaxaca FilmFest, para que pobladores de Magdalena Ocotl\u00e1n dieran lectura al comunicado de su autoridad Municipal a un a\u00f1o del derrame. Al tiempo que lxs participantes del festival, en su mayor\u00eda extranjeros, entraban al hotel acreditados con un gafete amarillo y la cara incr\u00e9dula, lxs manifestantes desplegaban mantas y pancartas, Se disfrazaban de esqueletos mineros, y al grito de \u00a1Agua s\u00ed, Minas no!, avanzaban por el estacionamiento hasta llegar a la recepci\u00f3n. En el camino, una mujer con vestido de hojuleas se acerc\u00f3 a preguntar en ingl\u00e9s qu\u00e9 pasaba; por all\u00e1 otro hombre de traje azul y corbata grababa at\u00f3nito desde su celular los rostros ocultos de quienes con rabia repudiaban el que un festival de cine internacional estuviera lucrando con dinero de una minera canadiense a la que no le importa la muerte, destrucci\u00f3n, contaminaci\u00f3n ni despojo a los pueblos ind\u00edgenas de Oaxaca.<\/p>\n<p>Una vez en el pasillo se hizo sentir la vigilancia: C\u00e1maras y radios eran esgrimidos por hombres trajeados, probablemente guardias de seguridad, que comenzaron a grabar a todxs. Mientras el contingente sub\u00eda por las escaleras rumbo a la puerta del Gran Sal\u00f3n, desde dentro se apresuraron a cerrar todas las entradas, y de esa manera qued\u00f3 el grueso del contingente frente a las puertas y el resto de participantes acreditados con gafete amarillo detr\u00e1s. No dejaban entrar a nadie. Ante la puerta cerrada se gritaron consignas, y se dio cuenta en espa\u00f1ol e ingl\u00e9s de los agravios cometidos por la Compa\u00f1\u00eda Minera Cuzcatl\u00e1n a los pueblos ind\u00edgenas de los Valles Centrales de Oaxaca. Uno de los invitados acreditados, un se\u00f1or cano, comenz\u00f3 a golpear con fuerza la puerta del Gran Sal\u00f3n, parec\u00eda irritado de que lo hubieran dejado fuera \u201c\u00a1Yo solo fui al ba\u00f1o!\u201d gritaba en ingl\u00e9s. <\/p>\n<p><img loading=\"lazy\" decoding=\"async\" data-attachment-id=\"40197\" data-permalink=\"https:\/\/www.grieta.org.mx\/index.php\/2019\/10\/12\/minera-cuzcatlan-y-oaxaca-filmfest-cronica-de-un-boicot-anunciado\/8-12\/\" data-orig-file=\"https:\/\/www.grieta.org.mx\/wp-content\/uploads\/2019\/10\/8.jpg\" data-orig-size=\"1024,683\" data-comments-opened=\"0\" data-image-meta=\"{&quot;aperture&quot;:&quot;0&quot;,&quot;credit&quot;:&quot;&quot;,&quot;camera&quot;:&quot;&quot;,&quot;caption&quot;:&quot;&quot;,&quot;created_timestamp&quot;:&quot;0&quot;,&quot;copyright&quot;:&quot;&quot;,&quot;focal_length&quot;:&quot;0&quot;,&quot;iso&quot;:&quot;0&quot;,&quot;shutter_speed&quot;:&quot;0&quot;,&quot;title&quot;:&quot;&quot;,&quot;orientation&quot;:&quot;0&quot;}\" data-image-title=\"8\" data-image-description=\"\" data-image-caption=\"\" data-medium-file=\"https:\/\/www.grieta.org.mx\/wp-content\/uploads\/2019\/10\/8-300x200.jpg\" data-large-file=\"https:\/\/www.grieta.org.mx\/wp-content\/uploads\/2019\/10\/8-1024x683.jpg\" src=\"http:\/\/www.grieta.org.mx\/wp-content\/uploads\/2019\/10\/8-1024x683.jpg\" alt=\"\" width=\"1024\" height=\"683\" class=\"aligncenter size-large wp-image-40197\" srcset=\"https:\/\/www.grieta.org.mx\/wp-content\/uploads\/2019\/10\/8.jpg 1024w, https:\/\/www.grieta.org.mx\/wp-content\/uploads\/2019\/10\/8-300x200.jpg 300w, https:\/\/www.grieta.org.mx\/wp-content\/uploads\/2019\/10\/8-768x512.jpg 768w, https:\/\/www.grieta.org.mx\/wp-content\/uploads\/2019\/10\/8-750x500.jpg 750w\" sizes=\"auto, (max-width: 1024px) 100vw, 1024px\" \/><br \/>\nBoicot a la alianza entre Cuzcatl\u00e1n y Oaxaca FilmFest, durante la ceremonia de clausura. Fotos de: Avispa Midia<\/p>\n<p>Una pareja, m\u00e1s joven, pas\u00f3 al frente a cuestionar por qu\u00e9 se manifestaban ah\u00ed.<\/p>\n<p>\u2013 Por todo lo que ha hecho la mina y ahora quiere lavarse las manos- alguien dice detr\u00e1s de una manta.<\/p>\n<p>\u2013 Pero este es un evento cultural- responde irritado a lxs manifestantes.<\/p>\n<p>\u2013 \u00bfSon organizadores?\u2013 les interrogan de vuelta. -\u00bfUstedes aceptaron dinero de la mina de muerte?<\/p>\n<p>Sube la tensi\u00f3n.<\/p>\n<p>-No\u2026 somos invitados, pero pagamos mucho dinero para participar, y ahora no podemos entrar a la premiaci\u00f3n gracias a ustedes. \u2013Responde, ahora inquieto.<\/p>\n<p>Detr\u00e1s de \u00e9l, la mujer que lo acompa\u00f1a levanta el celular y graba muy cerca los rostros de quienes levantan carteles. Comienzan los empujones.<\/p>\n<p>-No estamos bloqueando nosotros, son sus organizadores los que cerraron la puerta y los dejaron afuera. \u2013Alguien entre la multitud grita.<\/p>\n<p><img loading=\"lazy\" decoding=\"async\" data-attachment-id=\"40198\" data-permalink=\"https:\/\/www.grieta.org.mx\/index.php\/2019\/10\/12\/minera-cuzcatlan-y-oaxaca-filmfest-cronica-de-un-boicot-anunciado\/9-9\/\" data-orig-file=\"https:\/\/www.grieta.org.mx\/wp-content\/uploads\/2019\/10\/9.jpg\" data-orig-size=\"720,1080\" data-comments-opened=\"0\" data-image-meta=\"{&quot;aperture&quot;:&quot;2&quot;,&quot;credit&quot;:&quot;&quot;,&quot;camera&quot;:&quot;&quot;,&quot;caption&quot;:&quot;&quot;,&quot;created_timestamp&quot;:&quot;1570653728&quot;,&quot;copyright&quot;:&quot;&quot;,&quot;focal_length&quot;:&quot;28&quot;,&quot;iso&quot;:&quot;6400&quot;,&quot;shutter_speed&quot;:&quot;0.01&quot;,&quot;title&quot;:&quot;&quot;,&quot;orientation&quot;:&quot;1&quot;}\" data-image-title=\"9\" data-image-description=\"\" data-image-caption=\"\" data-medium-file=\"https:\/\/www.grieta.org.mx\/wp-content\/uploads\/2019\/10\/9-200x300.jpg\" data-large-file=\"https:\/\/www.grieta.org.mx\/wp-content\/uploads\/2019\/10\/9-683x1024.jpg\" src=\"http:\/\/www.grieta.org.mx\/wp-content\/uploads\/2019\/10\/9-683x1024.jpg\" alt=\"\" width=\"683\" height=\"1024\" class=\"aligncenter size-large wp-image-40198\" srcset=\"https:\/\/www.grieta.org.mx\/wp-content\/uploads\/2019\/10\/9-683x1024.jpg 683w, https:\/\/www.grieta.org.mx\/wp-content\/uploads\/2019\/10\/9-200x300.jpg 200w, https:\/\/www.grieta.org.mx\/wp-content\/uploads\/2019\/10\/9-333x500.jpg 333w, https:\/\/www.grieta.org.mx\/wp-content\/uploads\/2019\/10\/9.jpg 720w\" sizes=\"auto, (max-width: 683px) 100vw, 683px\" \/><br \/>\nBoicot a la alianza entre Cuzcatl\u00e1n y Oaxaca FilmFest, durante la ceremonia de clausura. Fotos de: Avispa Midia<\/p>\n<p>Los empujones aumentan, alguien de gafete amarillo sale detr\u00e1s y llama a la pareja para que se retiren de ah\u00ed, parece que est\u00e1n metiendo a invitadxs por otra puerta. En cambio, a quienes exigen una respuesta por la alianza con la minera, les mandan dos polic\u00edas estatales con armas largas terciadas al cuerpo para desalojar.<\/p>\n<p>As\u00ed, al mismo tiempo que la directora ejecutiva del festival le\u00eda un comunicado que hab\u00eda circulado de manera extraoficial en el que daban por terminado el patrocinio de la mina, el mismo Oaxaca FilmFest que se dec\u00eda \u201ccomprometidos con Oaxaca\u201d y \u201csensibles a la sociedad\u201d, dejaba entrar a su evento \u201cp\u00fablico\u201d a quienes, mayoritariamente extranjeros, parec\u00edan haber pagado por participar; y dejaban fuera escoltados por polic\u00edas a quienes, mayoritariamente Oaxaque\u00f1os, ped\u00edan llevar la voz de un pueblo originario agraviado por la miner\u00eda.<\/p>\n<p><img loading=\"lazy\" decoding=\"async\" data-attachment-id=\"40199\" data-permalink=\"https:\/\/www.grieta.org.mx\/index.php\/2019\/10\/12\/minera-cuzcatlan-y-oaxaca-filmfest-cronica-de-un-boicot-anunciado\/10-11\/\" data-orig-file=\"https:\/\/www.grieta.org.mx\/wp-content\/uploads\/2019\/10\/10.jpg\" data-orig-size=\"1024,683\" data-comments-opened=\"0\" data-image-meta=\"{&quot;aperture&quot;:&quot;0&quot;,&quot;credit&quot;:&quot;&quot;,&quot;camera&quot;:&quot;&quot;,&quot;caption&quot;:&quot;&quot;,&quot;created_timestamp&quot;:&quot;0&quot;,&quot;copyright&quot;:&quot;&quot;,&quot;focal_length&quot;:&quot;0&quot;,&quot;iso&quot;:&quot;0&quot;,&quot;shutter_speed&quot;:&quot;0&quot;,&quot;title&quot;:&quot;&quot;,&quot;orientation&quot;:&quot;0&quot;}\" data-image-title=\"10\" data-image-description=\"\" data-image-caption=\"\" data-medium-file=\"https:\/\/www.grieta.org.mx\/wp-content\/uploads\/2019\/10\/10-300x200.jpg\" data-large-file=\"https:\/\/www.grieta.org.mx\/wp-content\/uploads\/2019\/10\/10-1024x683.jpg\" src=\"http:\/\/www.grieta.org.mx\/wp-content\/uploads\/2019\/10\/10-1024x683.jpg\" alt=\"\" width=\"1024\" height=\"683\" class=\"aligncenter size-large wp-image-40199\" srcset=\"https:\/\/www.grieta.org.mx\/wp-content\/uploads\/2019\/10\/10.jpg 1024w, https:\/\/www.grieta.org.mx\/wp-content\/uploads\/2019\/10\/10-300x200.jpg 300w, https:\/\/www.grieta.org.mx\/wp-content\/uploads\/2019\/10\/10-768x512.jpg 768w, https:\/\/www.grieta.org.mx\/wp-content\/uploads\/2019\/10\/10-750x500.jpg 750w\" sizes=\"auto, (max-width: 1024px) 100vw, 1024px\" \/><br \/>\nPolic\u00edas estatales con armas largas terciadas al cuerpo para desalojar a participantes del boicot. Foto de Avispa Midia<\/p>\n<p>Posturas finales<\/p>\n<p>Poco tiempo despu\u00e9s la Compa\u00f1\u00eda Minera Cuzcatl\u00e1n public\u00f3 en su p\u00e1gina un comunicado titulado: \u201cCompa\u00f1\u00eda Minera Cuzcatl\u00e1n lamenta decisi\u00f3n del Oaxaca FilmFest\u201d en el que lamentan la cancelaci\u00f3n de su participaci\u00f3n comercial acaecida por la presi\u00f3n de m\u00faltiples organizaciones, colectivxs e individuos, que seg\u00fan la mina lo exig\u00edan \u201ccon argumentos falsos y difamatorios\u201d. Sin embargo, en el resto del comunicado no dan informaci\u00f3n ni fundamentos que contra-argumenten ni una sola de las tesis sostenidas por los se\u00f1alamientos originales:<\/p>\n<p>1- Las violaciones a los derechos de pueblos y comunidades ind\u00edgenas, y de derechos humanos (entre ellos el derecho a la vida), durante la imposici\u00f3n violenta del Proyecto Minero \u201cSan Jos\u00e9\u201d en el pueblo zapoteco de San Jos\u00e9 del Progreso.<\/p>\n<p>2- Las grav\u00edsimas afectaciones al medio ambiente durante el derrame de desechos mineros al r\u00edo Coyote en el pueblo zapoteco de Magdalena Ocotl\u00e1n.<\/p>\n<p>3- La muerte de Luis Fernando Landeros Garc\u00eda empleado de la mina a trav\u00e9s de una empresa contratista, y los se\u00f1alamientos a las opacas condiciones de trabajo.<\/p>\n<p>4- La escasa cantidad de dinero que dejan en San Jos\u00e9 del Progreso, en Oaxaca, y en M\u00e9xico, en comparaci\u00f3n con las ganancias reportadas a\u00f1o con a\u00f1o por la canadiense Fortuna Silver Mines Inc.<\/p>\n<p>5- Las intenciones de seguir ampliando las concesiones mineras en los Valles Centrales de Oaxaca.<\/p>\n<p><img loading=\"lazy\" decoding=\"async\" data-attachment-id=\"40200\" data-permalink=\"https:\/\/www.grieta.org.mx\/index.php\/2019\/10\/12\/minera-cuzcatlan-y-oaxaca-filmfest-cronica-de-un-boicot-anunciado\/11-11\/\" data-orig-file=\"https:\/\/www.grieta.org.mx\/wp-content\/uploads\/2019\/10\/11.jpeg\" data-orig-size=\"652,509\" data-comments-opened=\"0\" data-image-meta=\"{&quot;aperture&quot;:&quot;0&quot;,&quot;credit&quot;:&quot;&quot;,&quot;camera&quot;:&quot;&quot;,&quot;caption&quot;:&quot;&quot;,&quot;created_timestamp&quot;:&quot;0&quot;,&quot;copyright&quot;:&quot;&quot;,&quot;focal_length&quot;:&quot;0&quot;,&quot;iso&quot;:&quot;0&quot;,&quot;shutter_speed&quot;:&quot;0&quot;,&quot;title&quot;:&quot;&quot;,&quot;orientation&quot;:&quot;0&quot;}\" data-image-title=\"11\" data-image-description=\"\" data-image-caption=\"\" data-medium-file=\"https:\/\/www.grieta.org.mx\/wp-content\/uploads\/2019\/10\/11-300x234.jpeg\" data-large-file=\"https:\/\/www.grieta.org.mx\/wp-content\/uploads\/2019\/10\/11.jpeg\" src=\"http:\/\/www.grieta.org.mx\/wp-content\/uploads\/2019\/10\/11.jpeg\" alt=\"\" width=\"652\" height=\"509\" class=\"aligncenter size-full wp-image-40200\" srcset=\"https:\/\/www.grieta.org.mx\/wp-content\/uploads\/2019\/10\/11.jpeg 652w, https:\/\/www.grieta.org.mx\/wp-content\/uploads\/2019\/10\/11-300x234.jpeg 300w, https:\/\/www.grieta.org.mx\/wp-content\/uploads\/2019\/10\/11-640x500.jpeg 640w\" sizes=\"auto, (max-width: 652px) 100vw, 652px\" \/><br \/>\nComunicado le\u00eddo durante la clausura de la 10\u00aa edici\u00f3n del Oaxaca FilmFest.<\/p>\n<p>Por \u00faltimo, no obstante circul\u00f3 en medios de comunicaci\u00f3n (y se ley\u00f3 durante la clausura) la decisi\u00f3n del Oaxaca FilmFest de \u201cterminar de manera inmediata y definitiva con ese patrocinio\u201d, durante todo el mi\u00e9rcoles 9 de octubre siguieron los logos de la Minera en su p\u00e1gina oficial, y hasta el cierre de esta edici\u00f3n no se ve publicada ah\u00ed dicha respuesta o ning\u00fan comunicado que explique las implicaciones que tuvo la alianza, ni las que tendr\u00e1 el rompimiento. Tal vez termin\u00f3 por cumplirse la predicci\u00f3n de Ana Echenique, directora ejecutiva del festival, cuando describi\u00f3 durante la conferencia de prensa inaugural la ambici\u00f3n de esta \u00faltima edici\u00f3n, y se refiri\u00f3 al Oaxaca FilmFest como \u201cun peque\u00f1o festival monstruo\u201d.<\/p>\n<p><a href=\"https:\/\/avispa.org\/minera-cuzcatlan-y-oaxaca-filmfest-cronica-de-un-boicot-anunciado\/\" rel=\"noopener noreferrer\" target=\"_blank\">https:\/\/avispa.org\/minera-cuzcatlan-y-oaxaca-filmfest-cronica-de-un-boicot-anunciado\/<\/a><\/p>\n","protected":false},"excerpt":{"rendered":"<p>Avispa Midia \/ Den\u00ed Noya. La Alianza. Todo empez\u00f3 cuando la 10\u00aa edici\u00f3n del Oaxaca FilmFest decidi\u00f3 formar una alianza con la Compa\u00f1\u00eda Minera Cuzcatl\u00e1n, S.A. de C.V. una de &hellip; <a href=\"https:\/\/www.grieta.org.mx\/index.php\/2019\/10\/12\/minera-cuzcatlan-y-oaxaca-filmfest-cronica-de-un-boicot-anunciado\/\" class=\"more-link\">Leer m\u00e1s<\/a><\/p>\n","protected":false},"author":2,"featured_media":40187,"comment_status":"closed","ping_status":"closed","sticky":false,"template":"","format":"standard","meta":{"ngg_post_thumbnail":0,"_jetpack_newsletter_access":"","_jetpack_dont_email_post_to_subs":false,"_jetpack_newsletter_tier_id":0,"_jetpack_memberships_contains_paywalled_content":false,"_jetpack_memberships_contains_paid_content":false,"footnotes":""},"categories":[80,1357,2355,2,25],"tags":[],"class_list":["post-40186","post","type-post","status-publish","format-standard","has-post-thumbnail","hentry","category-cintillo","category-conflictos-mineros-en-oaxaca","category-conflictos-por-agua-en-oaxaca","category-noticias-nacionales","category-oaxaca","entry"],"jetpack_featured_media_url":"https:\/\/www.grieta.org.mx\/wp-content\/uploads\/2019\/10\/1-1.jpg","jetpack_sharing_enabled":true,"jetpack_shortlink":"https:\/\/wp.me\/p7ZJR4-asa","jetpack_likes_enabled":false,"jetpack-related-posts":[{"id":63723,"url":"https:\/\/www.grieta.org.mx\/index.php\/2022\/03\/03\/oaxaca-comunidades-afectadas-por-cuzcatlan-acusan-a-semarnat-de-traicion\/","url_meta":{"origin":40186,"position":0},"title":"Oaxaca: Comunidades afectadas por Cuzcatl\u00e1n acusan a Semarnat de traici\u00f3n","author":"grieta","date":"3 marzo, 2022","format":false,"excerpt":"Avispa Midia \/ Sara Frabes. La ma\u00f1ana de este mi\u00e9rcoles (2), doce comunidades afectadas por minera Cuzcatl\u00e1n, filial de la canadiense Fortuna Silver Mines, realizaron la ocupaci\u00f3n simb\u00f3lica de la sede de la Secretar\u00eda de Medio Ambiente y Recursos Naturales (Semarnat), en la ciudad de Oaxaca, en protesta contra la\u2026","rel":"","context":"En &quot;CINTILLO&quot;","block_context":{"text":"CINTILLO","link":"https:\/\/www.grieta.org.mx\/index.php\/category\/cintillo\/"},"img":{"alt_text":"","src":"https:\/\/i0.wp.com\/www.grieta.org.mx\/wp-content\/uploads\/2022\/03\/2.jpeg?resize=350%2C200&ssl=1","width":350,"height":200,"srcset":"https:\/\/i0.wp.com\/www.grieta.org.mx\/wp-content\/uploads\/2022\/03\/2.jpeg?resize=350%2C200&ssl=1 1x, https:\/\/i0.wp.com\/www.grieta.org.mx\/wp-content\/uploads\/2022\/03\/2.jpeg?resize=525%2C300&ssl=1 1.5x, https:\/\/i0.wp.com\/www.grieta.org.mx\/wp-content\/uploads\/2022\/03\/2.jpeg?resize=700%2C400&ssl=1 2x"},"classes":[]},{"id":40030,"url":"https:\/\/www.grieta.org.mx\/index.php\/2019\/10\/03\/protestan-contra-empresa-minera-cuzcatlan-por-incumplir-con-obras-en-la-comunidad-el-cuajilote-oaxaca\/","url_meta":{"origin":40186,"position":1},"title":"Protestan contra empresa minera Cuzcatl\u00e1n por incumplir con obras en la comunidad El Cuajilote (Oaxaca)","author":"grieta","date":"3 octubre, 2019","format":false,"excerpt":"Pedro Mat\u00edas \/ P\u00e1gina 3. Oaxaca, Oax.- Madres y padres de familia de la escuela primaria \u201cAdolfo L\u00f3pez Mateos\u201d de la comunidad El Cuajilote cerraron las entradas de la minera Cuzcatl\u00e1n en San Jos\u00e9 Progreso por incumplir promesas de realizar obras sociales en la comunidad a cambio de establecerse en\u2026","rel":"","context":"En &quot;CINTILLO&quot;","block_context":{"text":"CINTILLO","link":"https:\/\/www.grieta.org.mx\/index.php\/category\/cintillo\/"},"img":{"alt_text":"","src":"https:\/\/i0.wp.com\/www.grieta.org.mx\/wp-content\/uploads\/2019\/10\/2.jpg?resize=350%2C200&ssl=1","width":350,"height":200,"srcset":"https:\/\/i0.wp.com\/www.grieta.org.mx\/wp-content\/uploads\/2019\/10\/2.jpg?resize=350%2C200&ssl=1 1x, https:\/\/i0.wp.com\/www.grieta.org.mx\/wp-content\/uploads\/2019\/10\/2.jpg?resize=525%2C300&ssl=1 1.5x"},"classes":[]},{"id":58642,"url":"https:\/\/www.grieta.org.mx\/index.php\/2021\/03\/25\/sobre-la-investigacion-minera-cuzcatlan-con-licencia-para-contaminar-oaxaca\/","url_meta":{"origin":40186,"position":2},"title":"Sobre la investigaci\u00f3n \u201cMinera Cuzcatl\u00e1n: con licencia para contaminar\u201d (Oaxaca)","author":"grieta","date":"25 marzo, 2021","format":false,"excerpt":"Avispa Midia \/ Santiago Navarro F. y Renata Bessi. Mont\u00edculos de jales secos de Compa\u00f1\u00eda Minera Cuzcatl\u00e1n, ubicado a escasos 800 metros de la comunidad de Magdalena Ocotl\u00e1n. Foto por Santiago Navarro F. El pasado mi\u00e9rcoles 24 de marzo se ha publicado de forma conjunta, con Avispa Midia, Aristegui Noticias,\u2026","rel":"","context":"En &quot;CINTILLO&quot;","block_context":{"text":"CINTILLO","link":"https:\/\/www.grieta.org.mx\/index.php\/category\/cintillo\/"},"img":{"alt_text":"","src":"https:\/\/i0.wp.com\/www.grieta.org.mx\/wp-content\/uploads\/2021\/04\/1-1.jpg?resize=350%2C200&ssl=1","width":350,"height":200,"srcset":"https:\/\/i0.wp.com\/www.grieta.org.mx\/wp-content\/uploads\/2021\/04\/1-1.jpg?resize=350%2C200&ssl=1 1x, https:\/\/i0.wp.com\/www.grieta.org.mx\/wp-content\/uploads\/2021\/04\/1-1.jpg?resize=525%2C300&ssl=1 1.5x, https:\/\/i0.wp.com\/www.grieta.org.mx\/wp-content\/uploads\/2021\/04\/1-1.jpg?resize=700%2C400&ssl=1 2x, https:\/\/i0.wp.com\/www.grieta.org.mx\/wp-content\/uploads\/2021\/04\/1-1.jpg?resize=1050%2C600&ssl=1 3x"},"classes":[]},{"id":58745,"url":"https:\/\/www.grieta.org.mx\/index.php\/2021\/03\/31\/minera-cuzcatlan-opera-en-oaxaca-sin-consentimiento-de-9-comunidades\/","url_meta":{"origin":40186,"position":3},"title":"Minera Cuzcatl\u00e1n opera en Oaxaca sin consentimiento de 9 comunidades","author":"grieta","date":"31 marzo, 2021","format":false,"excerpt":"La cooperacha \/ Redacci\u00f3n. Foto: Avispa Midia Rechazan cualquier apoyo de la minera canadiense, exigen su cancelaci\u00f3n y salida del territorio. Comunidades de Valles Centrales de Oaxaca, expresaron su rechazo a la actividad en sus territorios de Minera Cuzcatl\u00e1n, filial de la canadiense Fortuna Silver Mines, adem\u00e1s reiteraron que su\u2026","rel":"","context":"En &quot;CINTILLO&quot;","block_context":{"text":"CINTILLO","link":"https:\/\/www.grieta.org.mx\/index.php\/category\/cintillo\/"},"img":{"alt_text":"","src":"https:\/\/i0.wp.com\/www.grieta.org.mx\/wp-content\/uploads\/2021\/04\/x.jpg?resize=350%2C200&ssl=1","width":350,"height":200,"srcset":"https:\/\/i0.wp.com\/www.grieta.org.mx\/wp-content\/uploads\/2021\/04\/x.jpg?resize=350%2C200&ssl=1 1x, https:\/\/i0.wp.com\/www.grieta.org.mx\/wp-content\/uploads\/2021\/04\/x.jpg?resize=525%2C300&ssl=1 1.5x, https:\/\/i0.wp.com\/www.grieta.org.mx\/wp-content\/uploads\/2021\/04\/x.jpg?resize=700%2C400&ssl=1 2x"},"classes":[]},{"id":62474,"url":"https:\/\/www.grieta.org.mx\/index.php\/2021\/10\/11\/opositores-a-minera-cuzcatlan-en-oaxaca-reciben-amenazas\/","url_meta":{"origin":40186,"position":4},"title":"Opositores a Minera Cuzcatl\u00e1n en Oaxaca reciben amenazas","author":"grieta","date":"11 octubre, 2021","format":false,"excerpt":"La cooperacha \/ Redacci\u00f3n. Foto: Frente No a la Miner\u00eda, por un futuro de todos y todas. La filial de la canadiense Fortuna Silver Mines, pretende justificar por tercera ocasi\u00f3n 75 obras irregulares en Valles Centrales. Durante una manifestaci\u00f3n realizada este d\u00eda para exigir la cancelaci\u00f3n de Minera Cuzcatl\u00e1n en\u2026","rel":"","context":"En &quot;CINTILLO&quot;","block_context":{"text":"CINTILLO","link":"https:\/\/www.grieta.org.mx\/index.php\/category\/cintillo\/"},"img":{"alt_text":"","src":"https:\/\/i0.wp.com\/www.grieta.org.mx\/wp-content\/uploads\/2021\/10\/x.jpg?resize=350%2C200&ssl=1","width":350,"height":200,"srcset":"https:\/\/i0.wp.com\/www.grieta.org.mx\/wp-content\/uploads\/2021\/10\/x.jpg?resize=350%2C200&ssl=1 1x, https:\/\/i0.wp.com\/www.grieta.org.mx\/wp-content\/uploads\/2021\/10\/x.jpg?resize=525%2C300&ssl=1 1.5x, https:\/\/i0.wp.com\/www.grieta.org.mx\/wp-content\/uploads\/2021\/10\/x.jpg?resize=700%2C400&ssl=1 2x"},"classes":[]},{"id":54577,"url":"https:\/\/www.grieta.org.mx\/index.php\/2020\/10\/27\/minera-cuzcatlan-busca-ampliar-explotacion-por-10-anos-mas-frente-de-comunidades-la-rechazan-oaxaca\/","url_meta":{"origin":40186,"position":5},"title":"Minera Cuzcatl\u00e1n busca ampliar explotaci\u00f3n por 10 a\u00f1os m\u00e1s; Frente de comunidades la rechazan (Oaxaca)","author":"grieta","date":"27 octubre, 2020","format":false,"excerpt":"P\u00e1gina 3 \/ Pedro Mat\u00edas. OAXACA.- El Frente No a la Miner\u00eda por un Futuro de Todas y Todos exigi\u00f3 a la Semarnat negar un nuevo permiso ambiental a la minera Cuzcatl\u00e1n. Argumentaron a la Secretar\u00eda del Medio Ambiente y Recursos Naturales (Semarnat) que la filial de la canadiense Fortuna\u2026","rel":"","context":"En &quot;CINTILLO&quot;","block_context":{"text":"CINTILLO","link":"https:\/\/www.grieta.org.mx\/index.php\/category\/cintillo\/"},"img":{"alt_text":"","src":"https:\/\/i0.wp.com\/www.grieta.org.mx\/wp-content\/uploads\/2018\/03\/14524434_1106112876131411_958039263622046936_o.jpg?resize=350%2C200&ssl=1","width":350,"height":200,"srcset":"https:\/\/i0.wp.com\/www.grieta.org.mx\/wp-content\/uploads\/2018\/03\/14524434_1106112876131411_958039263622046936_o.jpg?resize=350%2C200&ssl=1 1x, https:\/\/i0.wp.com\/www.grieta.org.mx\/wp-content\/uploads\/2018\/03\/14524434_1106112876131411_958039263622046936_o.jpg?resize=525%2C300&ssl=1 1.5x, https:\/\/i0.wp.com\/www.grieta.org.mx\/wp-content\/uploads\/2018\/03\/14524434_1106112876131411_958039263622046936_o.jpg?resize=700%2C400&ssl=1 2x"},"classes":[]}],"_links":{"self":[{"href":"https:\/\/www.grieta.org.mx\/index.php\/wp-json\/wp\/v2\/posts\/40186","targetHints":{"allow":["GET"]}}],"collection":[{"href":"https:\/\/www.grieta.org.mx\/index.php\/wp-json\/wp\/v2\/posts"}],"about":[{"href":"https:\/\/www.grieta.org.mx\/index.php\/wp-json\/wp\/v2\/types\/post"}],"author":[{"embeddable":true,"href":"https:\/\/www.grieta.org.mx\/index.php\/wp-json\/wp\/v2\/users\/2"}],"replies":[{"embeddable":true,"href":"https:\/\/www.grieta.org.mx\/index.php\/wp-json\/wp\/v2\/comments?post=40186"}],"version-history":[{"count":1,"href":"https:\/\/www.grieta.org.mx\/index.php\/wp-json\/wp\/v2\/posts\/40186\/revisions"}],"predecessor-version":[{"id":40201,"href":"https:\/\/www.grieta.org.mx\/index.php\/wp-json\/wp\/v2\/posts\/40186\/revisions\/40201"}],"wp:featuredmedia":[{"embeddable":true,"href":"https:\/\/www.grieta.org.mx\/index.php\/wp-json\/wp\/v2\/media\/40187"}],"wp:attachment":[{"href":"https:\/\/www.grieta.org.mx\/index.php\/wp-json\/wp\/v2\/media?parent=40186"}],"wp:term":[{"taxonomy":"category","embeddable":true,"href":"https:\/\/www.grieta.org.mx\/index.php\/wp-json\/wp\/v2\/categories?post=40186"},{"taxonomy":"post_tag","embeddable":true,"href":"https:\/\/www.grieta.org.mx\/index.php\/wp-json\/wp\/v2\/tags?post=40186"}],"curies":[{"name":"wp","href":"https:\/\/api.w.org\/{rel}","templated":true}]}}