{"id":401,"date":"2015-08-13T02:44:48","date_gmt":"2015-08-13T02:44:48","guid":{"rendered":"http:\/\/50.22.11.12\/~grietaor\/?p=401"},"modified":"2016-03-01T02:55:04","modified_gmt":"2016-03-01T02:55:04","slug":"piden-a-eruviel-que-frene-represion-de-policias-en-contra-de-foto-periodistas-en-edomex","status":"publish","type":"post","link":"https:\/\/www.grieta.org.mx\/index.php\/2015\/08\/13\/piden-a-eruviel-que-frene-represion-de-policias-en-contra-de-foto-periodistas-en-edomex\/","title":{"rendered":"Piden a Eruviel que frene represi\u00f3n de polic\u00edas en contra de foto-periodistas en Edomex"},"content":{"rendered":"<p>TEXCOCO, M\u00e9x. 13 de agosto 2015.- Al gobernador Eruviel \u00c1vila Villegas se le pidi\u00f3 p\u00fablicamente en la cuarta velada de periodistas, que sus ministerios p\u00fablico, polic\u00edas y otros funcionarios p\u00fablicos, respeten el trabajo de los reporteros cuando acuden a cubrir notas policiacas, ya que muchas veces son detenidos, reprimidos y obligados a borrar las im\u00e1genes de hechos violentos.<\/p>\n<p>En el municipio de Texcoco, se cumpli\u00f3 con la cuarta velada de reporteros mexiquenses en memoria del foto-periodista, Rub\u00e9n Espinosa Becerril y de 88 comunicadores asesinados del a\u00f1o 2000 a la fecha.<\/p>\n<p>Ah\u00ed hicieron un llamado al gobernador Eruviel \u00c1vila Villegas, y al congreso Mexiquense, para que se instruya a las instituciones procuradoras de justicia para que no bloqueen y agredan a reporteros que acuden a cubrir la informaci\u00f3n sobre todo cuando se trata de hechos violentos.<\/p>\n<p>\u201cExigimos respeto a nuestro trabajo de informar, el respeto al derecho a la informaci\u00f3n que tiene todo ciudadano y que esta consagrado en la constituci\u00f3n\u201d, expresaron los informadores.<\/p>\n<p>Lamentaron que la Comisi\u00f3n de Derechos Humanos del Estado de M\u00e9xico, no se ha pronunciando ni ha emitido ninguna recomendaci\u00f3n por las quejas interpuestas por comunicadores en la entidad.<\/p>\n<p>Ah\u00ed los comunicadores que hicieron uso de la palabra dejaron en claro que: \u201cLos ataques a los representantes de los medios de una comunicaci\u00f3n provienen de los gobierno, no del crimen organizado o com\u00fan, por eso hay impunidad y no son resueltos\u201d.<\/p>\n<p>Esta ves en el kiosco del jard\u00edn municipal de Texcoco, se instal\u00f3 un f\u00e9retro, cruces de madera blancas, veladoras y flores; los periodistas durante la noche de este mi\u00e9rcoles realizaron una caminata en silencio por el jard\u00edn principal para despu\u00e9s regresar al kiosco.<\/p>\n<p>\u201cNi un periodista asesinado m\u00e1s\u201d y \u201cJusticia para Rub\u00e9n Espinosa\u201d, fue la consigna de los reporteros, quienes exigieron garant\u00edas a las autoridades de los tres niveles para el desempe\u00f1o de su labor period\u00edstica.<\/p>\n<p>\u201cUltimamente por el solo hecho de tomar fotograf\u00edas de alg\u00fan suceso, los polic\u00edas han detenido a los fot\u00f3grafos coartando nuestra libertad de expresi\u00f3n. Demandamos garant\u00edas para desempe\u00f1ar nuestra labor\u201d, expres\u00f3 Juan L\u00e1zaro, director del portal Reporteros en Movimiento.<\/p>\n<p>Asimismo, los reporteros Jes\u00fas Esquivel, Juan Manuel Vega, Mario Arvizu, Manuel Moreno, Vladimir Portugu\u00e9s, entre otros hicieron uso del micr\u00f3fono para exponer las dif\u00edciles condiciones en las que viven y trabajan los reporteros mexiquenses, para poder llevar las noticias a sus respectivos p\u00fablicos.<\/p>\n<p>Mario Arvizu record\u00f3 que hace unos d\u00edas, fue detenido Antonio Miranda, reportero del diario Adelante, por la polic\u00eda municipal de Texcoco y por un agente del ministerio p\u00fablico, cuando tom\u00f3 unas fotos despu\u00e9s de que hubo una balacera entre ladrones y uniformados.<\/p>\n<p>Durante la velada se pusieron audios de entrevistas hechas al fotoperiodista asesinado, Rub\u00e9n Espinosa en donde narra su determinaci\u00f3n de venirse a refugiar al Distrito Federal por la intimidaci\u00f3n que sufri\u00f3 en el estado de Veracruz.<\/p>\n<p>Las veladas period\u00edsticas comenzaron a realizarse el jueves 6 de agosto en Ecatepec, de ah\u00ed de manera voluntaria se unieron m\u00e1s representantes de los medios de comunicaci\u00f3n para replicarlas en Los Reyes La Paz, Nezahualc\u00f3yotl y Texcoco.<\/p>\n<p>Para este jueves la velada ser\u00e1 en Amecameca y ma\u00f1ana en Valle de Chalco, as\u00ed como en la ciudad de Toluca para el martes de la pr\u00f3xima semana.<\/p>\n<p><a href=\"http:\/\/reporterosenmovimiento.wordpress.com\/2015\/08\/13\/piden-a-eruviel-que-frene-represion-de-policias-en-contra-de-foto-periodistas-en-edomex\/\" target=\"_blank\">reporterosenmovimiento.wordpress.com\/2015\/08\/13\/piden-a-eruviel-que-frene-represion-de-policias-en-contra-de-foto-periodistas-en-edomex\/<\/a><\/p>\n","protected":false},"excerpt":{"rendered":"<p>TEXCOCO, M\u00e9x. 13 de agosto 2015.- Al gobernador Eruviel \u00c1vila Villegas se le pidi\u00f3 p\u00fablicamente en la cuarta velada de periodistas, que sus ministerios p\u00fablico, polic\u00edas y otros funcionarios p\u00fablicos, &hellip; <a href=\"https:\/\/www.grieta.org.mx\/index.php\/2015\/08\/13\/piden-a-eruviel-que-frene-represion-de-policias-en-contra-de-foto-periodistas-en-edomex\/\" class=\"more-link\">Leer m\u00e1s<\/a><\/p>\n","protected":false},"author":2,"featured_media":21928,"comment_status":"closed","ping_status":"open","sticky":false,"template":"","format":"standard","meta":{"ngg_post_thumbnail":0,"_jetpack_newsletter_access":"","_jetpack_dont_email_post_to_subs":false,"_jetpack_newsletter_tier_id":0,"_jetpack_memberships_contains_paywalled_content":false,"_jetpack_memberships_contains_paid_content":false,"footnotes":""},"categories":[80],"tags":[92,120],"class_list":["post-401","post","type-post","status-publish","format-standard","has-post-thumbnail","hentry","category-cintillo","tag-estado-de-mexico","tag-violencia-contra-periodistas","entry"],"jetpack_featured_media_url":"https:\/\/www.grieta.org.mx\/wp-content\/uploads\/2018\/03\/14524434_1106112876131411_958039263622046936_o.jpg","jetpack_sharing_enabled":true,"jetpack_shortlink":"https:\/\/wp.me\/p7ZJR4-6t","jetpack_likes_enabled":false,"jetpack-related-posts":[{"id":406,"url":"https:\/\/www.grieta.org.mx\/index.php\/2015\/08\/13\/protestan-en-edomex-por-el-multihomicidio-en-la-colonia-narvarte\/","url_meta":{"origin":401,"position":0},"title":"Protestan en Edomex por el multihomicidio en la colonia Narvarte","author":"grieta","date":"13 agosto, 2015","format":false,"excerpt":"13\/08\/15. Piden a Eruviel que frene represi\u00f3n de polic\u00edas en contra de foto-periodistas en EdomexReporteros en Movimiento 06\/08\/15. Reporteros del Valle de M\u00e9xico realizan velada en protesta por el asesinato de Rub\u00e9n EspinosaAgencia NVM","rel":"","context":"En &quot;Estado de M\u00e9xico&quot;","block_context":{"text":"Estado de M\u00e9xico","link":"https:\/\/www.grieta.org.mx\/index.php\/category\/noticias-nacionales\/estado-de-mexico\/"},"img":{"alt_text":"","src":"https:\/\/i0.wp.com\/www.grieta.org.mx\/wp-content\/uploads\/2018\/03\/14524434_1106112876131411_958039263622046936_o.jpg?resize=350%2C200&ssl=1","width":350,"height":200,"srcset":"https:\/\/i0.wp.com\/www.grieta.org.mx\/wp-content\/uploads\/2018\/03\/14524434_1106112876131411_958039263622046936_o.jpg?resize=350%2C200&ssl=1 1x, https:\/\/i0.wp.com\/www.grieta.org.mx\/wp-content\/uploads\/2018\/03\/14524434_1106112876131411_958039263622046936_o.jpg?resize=525%2C300&ssl=1 1.5x, https:\/\/i0.wp.com\/www.grieta.org.mx\/wp-content\/uploads\/2018\/03\/14524434_1106112876131411_958039263622046936_o.jpg?resize=700%2C400&ssl=1 2x"},"classes":[]},{"id":3372,"url":"https:\/\/www.grieta.org.mx\/index.php\/2015\/12\/17\/preso-politico-de-eruviel-avila-acusa-a-la-cndh-y-a-la-codhem-de-omision\/","url_meta":{"origin":401,"position":1},"title":"Preso pol\u00edtico de Eruviel \u00c1vila acusa a la CNDH y a la CODHEM de omisi\u00f3n","author":"grieta","date":"17 diciembre, 2015","format":false,"excerpt":"Veneranda Mendoza ECATEPEC, Edomex. (apro).- Desde su celda en el penal de Chiconautla, Jos\u00e9 Humbertus P\u00e9rez, presidente y representante legal del Frente Mexiquense en Defensa para una Vivienda Digna A.C., acus\u00f3 al gobernador Eruviel \u00c1vila de perseguirlo pol\u00edticamente y a las comisiones nacional y estatal de Derechos Humanos de negarse\u2026","rel":"","context":"En &quot;CINTILLO&quot;","block_context":{"text":"CINTILLO","link":"https:\/\/www.grieta.org.mx\/index.php\/category\/cintillo\/"},"img":{"alt_text":"","src":"https:\/\/i0.wp.com\/www.grieta.org.mx\/wp-content\/uploads\/2018\/03\/14524434_1106112876131411_958039263622046936_o.jpg?resize=350%2C200&ssl=1","width":350,"height":200,"srcset":"https:\/\/i0.wp.com\/www.grieta.org.mx\/wp-content\/uploads\/2018\/03\/14524434_1106112876131411_958039263622046936_o.jpg?resize=350%2C200&ssl=1 1x, https:\/\/i0.wp.com\/www.grieta.org.mx\/wp-content\/uploads\/2018\/03\/14524434_1106112876131411_958039263622046936_o.jpg?resize=525%2C300&ssl=1 1.5x, https:\/\/i0.wp.com\/www.grieta.org.mx\/wp-content\/uploads\/2018\/03\/14524434_1106112876131411_958039263622046936_o.jpg?resize=700%2C400&ssl=1 2x"},"classes":[]},{"id":20436,"url":"https:\/\/www.grieta.org.mx\/index.php\/2016\/08\/25\/maestros-corren-a-aurelio-nuno-de-ecatepec-bastion-del-pri-al-grito-de-fuera-fuera-fuera\/","url_meta":{"origin":401,"position":2},"title":"Maestros corren a Aurelio Nu\u00f1o de Ecatepec, basti\u00f3n del PRI, al grito de \u201c\u00a1Fuera, fuera, fuera!\u201d","author":"grieta","date":"25 agosto, 2016","format":false,"excerpt":"Ciudad de M\u00e9xico, 25 de agosto (SinEmbargo).\u2013 El Secretario de Educaci\u00f3n P\u00fablica, Aurelio Nu\u00f1o Mayer, fue abucheado este d\u00eda por miles de maestros durante una entrega de reconocimientos en Ecatepec, Estado de M\u00e9xico. Ecatepec es el municipio donde Eruviel \u00c1vila, Gobernador del Estado de M\u00e9xico, fue dos veces Alcalde. Se\u2026","rel":"","context":"En &quot;CINTILLO&quot;","block_context":{"text":"CINTILLO","link":"https:\/\/www.grieta.org.mx\/index.php\/category\/cintillo\/"},"img":{"alt_text":"","src":"https:\/\/i0.wp.com\/www.grieta.org.mx\/wp-content\/uploads\/2018\/03\/14524434_1106112876131411_958039263622046936_o.jpg?resize=350%2C200&ssl=1","width":350,"height":200,"srcset":"https:\/\/i0.wp.com\/www.grieta.org.mx\/wp-content\/uploads\/2018\/03\/14524434_1106112876131411_958039263622046936_o.jpg?resize=350%2C200&ssl=1 1x, https:\/\/i0.wp.com\/www.grieta.org.mx\/wp-content\/uploads\/2018\/03\/14524434_1106112876131411_958039263622046936_o.jpg?resize=525%2C300&ssl=1 1.5x, https:\/\/i0.wp.com\/www.grieta.org.mx\/wp-content\/uploads\/2018\/03\/14524434_1106112876131411_958039263622046936_o.jpg?resize=700%2C400&ssl=1 2x"},"classes":[]},{"id":5058,"url":"https:\/\/www.grieta.org.mx\/index.php\/2016\/03\/23\/eruviel-y-su-ley-del-garrote\/","url_meta":{"origin":401,"position":3},"title":"Eruviel y su ley del garrote","author":"grieta","date":"23 marzo, 2016","format":false,"excerpt":"Salvador Garc\u00eda Soto Bautizada por sus opositores como la \u201cLey Atenco\u201d, en alusi\u00f3n a los desalojos violentos en San Salvador Atenco en 2005 (cuando el presidente Enrique Pe\u00f1a Nieto era gobernador), el Congreso local del Estado de M\u00e9xico aprob\u00f3 la semana pasada una pol\u00e9mica ley, propuesta por el gobernador Eruviel\u2026","rel":"","context":"En &quot;CINTILLO&quot;","block_context":{"text":"CINTILLO","link":"https:\/\/www.grieta.org.mx\/index.php\/category\/cintillo\/"},"img":{"alt_text":"","src":"https:\/\/i0.wp.com\/www.grieta.org.mx\/wp-content\/uploads\/2018\/03\/14524434_1106112876131411_958039263622046936_o.jpg?resize=350%2C200&ssl=1","width":350,"height":200,"srcset":"https:\/\/i0.wp.com\/www.grieta.org.mx\/wp-content\/uploads\/2018\/03\/14524434_1106112876131411_958039263622046936_o.jpg?resize=350%2C200&ssl=1 1x, https:\/\/i0.wp.com\/www.grieta.org.mx\/wp-content\/uploads\/2018\/03\/14524434_1106112876131411_958039263622046936_o.jpg?resize=525%2C300&ssl=1 1.5x, https:\/\/i0.wp.com\/www.grieta.org.mx\/wp-content\/uploads\/2018\/03\/14524434_1106112876131411_958039263622046936_o.jpg?resize=700%2C400&ssl=1 2x"},"classes":[]},{"id":402,"url":"https:\/\/www.grieta.org.mx\/index.php\/2015\/08\/06\/reporteros-del-valle-de-mexico-realizan-velada-en-protesta-por-el-asesinato-de-ruben-espinosa\/","url_meta":{"origin":401,"position":4},"title":"Reporteros del Valle de M\u00e9xico realizan velada en protesta por el asesinato de Rub\u00e9n Espinosa","author":"grieta","date":"6 agosto, 2015","format":false,"excerpt":"Ecatepec, Edomex.- Reporteros de la zona metropolitana lanzaron un exhorto a las autoridades federales y de las diversas entidades del pa\u00eds a trabajar en el esclarecimiento de los m\u00e1s de 88 cr\u00edmenes que se ha cometido en contra de periodistas en M\u00e9xico del a\u00f1o 2000 a la fecha, y que\u2026","rel":"","context":"En &quot;CINTILLO&quot;","block_context":{"text":"CINTILLO","link":"https:\/\/www.grieta.org.mx\/index.php\/category\/cintillo\/"},"img":{"alt_text":"","src":"https:\/\/i0.wp.com\/www.grieta.org.mx\/wp-content\/uploads\/2018\/03\/14524434_1106112876131411_958039263622046936_o.jpg?resize=350%2C200&ssl=1","width":350,"height":200,"srcset":"https:\/\/i0.wp.com\/www.grieta.org.mx\/wp-content\/uploads\/2018\/03\/14524434_1106112876131411_958039263622046936_o.jpg?resize=350%2C200&ssl=1 1x, https:\/\/i0.wp.com\/www.grieta.org.mx\/wp-content\/uploads\/2018\/03\/14524434_1106112876131411_958039263622046936_o.jpg?resize=525%2C300&ssl=1 1.5x, https:\/\/i0.wp.com\/www.grieta.org.mx\/wp-content\/uploads\/2018\/03\/14524434_1106112876131411_958039263622046936_o.jpg?resize=700%2C400&ssl=1 2x"},"classes":[]},{"id":416,"url":"https:\/\/www.grieta.org.mx\/index.php\/2015\/06\/08\/liberadas-2-reporteras-luego-de-ser-detenidas-por-policias-de-ixtapaluca\/","url_meta":{"origin":401,"position":5},"title":"Liberadas 2 reporteras luego de ser detenidas por polic\u00edas de Ixtapaluca","author":"grieta","date":"8 junio, 2015","format":false,"excerpt":"Luego de ser detenidas ayer por m\u00e1s de 20 polic\u00edas municipales, junto con otras tres mujeres del PRD y acusadas de presuntos delitos electorales, las reporteras Claudia Garc\u00eda Fragoso y Teresa C\u00e1rdenas Garc\u00eda, fueron humilladas, golpeadas y encerradas m\u00e1s de 24 horas; adem\u00e1s, de recibir insultos como \u201cson unas perras\u201d\u2026","rel":"","context":"En &quot;CINTILLO&quot;","block_context":{"text":"CINTILLO","link":"https:\/\/www.grieta.org.mx\/index.php\/category\/cintillo\/"},"img":{"alt_text":"","src":"https:\/\/i0.wp.com\/www.grieta.org.mx\/wp-content\/uploads\/2018\/03\/14524434_1106112876131411_958039263622046936_o.jpg?resize=350%2C200&ssl=1","width":350,"height":200,"srcset":"https:\/\/i0.wp.com\/www.grieta.org.mx\/wp-content\/uploads\/2018\/03\/14524434_1106112876131411_958039263622046936_o.jpg?resize=350%2C200&ssl=1 1x, https:\/\/i0.wp.com\/www.grieta.org.mx\/wp-content\/uploads\/2018\/03\/14524434_1106112876131411_958039263622046936_o.jpg?resize=525%2C300&ssl=1 1.5x, https:\/\/i0.wp.com\/www.grieta.org.mx\/wp-content\/uploads\/2018\/03\/14524434_1106112876131411_958039263622046936_o.jpg?resize=700%2C400&ssl=1 2x"},"classes":[]}],"_links":{"self":[{"href":"https:\/\/www.grieta.org.mx\/index.php\/wp-json\/wp\/v2\/posts\/401","targetHints":{"allow":["GET"]}}],"collection":[{"href":"https:\/\/www.grieta.org.mx\/index.php\/wp-json\/wp\/v2\/posts"}],"about":[{"href":"https:\/\/www.grieta.org.mx\/index.php\/wp-json\/wp\/v2\/types\/post"}],"author":[{"embeddable":true,"href":"https:\/\/www.grieta.org.mx\/index.php\/wp-json\/wp\/v2\/users\/2"}],"replies":[{"embeddable":true,"href":"https:\/\/www.grieta.org.mx\/index.php\/wp-json\/wp\/v2\/comments?post=401"}],"version-history":[{"count":1,"href":"https:\/\/www.grieta.org.mx\/index.php\/wp-json\/wp\/v2\/posts\/401\/revisions"}],"predecessor-version":[{"id":403,"href":"https:\/\/www.grieta.org.mx\/index.php\/wp-json\/wp\/v2\/posts\/401\/revisions\/403"}],"wp:featuredmedia":[{"embeddable":true,"href":"https:\/\/www.grieta.org.mx\/index.php\/wp-json\/wp\/v2\/media\/21928"}],"wp:attachment":[{"href":"https:\/\/www.grieta.org.mx\/index.php\/wp-json\/wp\/v2\/media?parent=401"}],"wp:term":[{"taxonomy":"category","embeddable":true,"href":"https:\/\/www.grieta.org.mx\/index.php\/wp-json\/wp\/v2\/categories?post=401"},{"taxonomy":"post_tag","embeddable":true,"href":"https:\/\/www.grieta.org.mx\/index.php\/wp-json\/wp\/v2\/tags?post=401"}],"curies":[{"name":"wp","href":"https:\/\/api.w.org\/{rel}","templated":true}]}}