{"id":40099,"date":"2019-10-09T17:42:08","date_gmt":"2019-10-09T22:42:08","guid":{"rendered":"http:\/\/www.grieta.org.mx\/?p=40099"},"modified":"2019-10-10T17:51:30","modified_gmt":"2019-10-10T22:51:30","slug":"integrantes-del-fpdta-denuncian-amenazas-de-muerte-por-oponerse-a-colector-de-aguas-negras-en-puebla","status":"publish","type":"post","link":"https:\/\/www.grieta.org.mx\/index.php\/2019\/10\/09\/integrantes-del-fpdta-denuncian-amenazas-de-muerte-por-oponerse-a-colector-de-aguas-negras-en-puebla\/","title":{"rendered":"Integrantes del FPDTA denuncian amenazas de muerte por oponerse a colector de aguas negras en Puebla"},"content":{"rendered":"<p><a href=\"http:\/\/www.grieta.org.mx\/wp-content\/uploads\/2019\/10\/Estados1.jpg\"><img loading=\"lazy\" decoding=\"async\" data-attachment-id=\"40068\" data-permalink=\"https:\/\/www.grieta.org.mx\/estados1-2\/\" data-orig-file=\"https:\/\/www.grieta.org.mx\/wp-content\/uploads\/2019\/10\/Estados1.jpg\" data-orig-size=\"702,367\" data-comments-opened=\"0\" data-image-meta=\"{&quot;aperture&quot;:&quot;0&quot;,&quot;credit&quot;:&quot;&quot;,&quot;camera&quot;:&quot;&quot;,&quot;caption&quot;:&quot;&quot;,&quot;created_timestamp&quot;:&quot;0&quot;,&quot;copyright&quot;:&quot;&quot;,&quot;focal_length&quot;:&quot;0&quot;,&quot;iso&quot;:&quot;0&quot;,&quot;shutter_speed&quot;:&quot;0&quot;,&quot;title&quot;:&quot;&quot;,&quot;orientation&quot;:&quot;0&quot;}\" data-image-title=\"Estados1\" data-image-description=\"\" data-image-caption=\"\" data-medium-file=\"https:\/\/www.grieta.org.mx\/wp-content\/uploads\/2019\/10\/Estados1-300x157.jpg\" data-large-file=\"https:\/\/www.grieta.org.mx\/wp-content\/uploads\/2019\/10\/Estados1.jpg\" class=\"aligncenter wp-image-40068\" src=\"http:\/\/www.grieta.org.mx\/wp-content\/uploads\/2019\/10\/Estados1-300x157.jpg\" alt=\"\" width=\"800\" height=\"418\" srcset=\"https:\/\/www.grieta.org.mx\/wp-content\/uploads\/2019\/10\/Estados1-300x157.jpg 300w, https:\/\/www.grieta.org.mx\/wp-content\/uploads\/2019\/10\/Estados1.jpg 702w\" sizes=\"auto, (max-width: 800px) 100vw, 800px\" \/><\/a><\/p>\n<p>Ixtlix\u00f3chitl L\u00f3pez 9 \/ Proceso<\/p>\n<p>CIUDAD DE M\u00c9XICO (apro).- Integrantes del Frente de Pueblos en Defensa de la Tierra y el Agua (FPDTA) denunciaron amenazas de muerte por oponerse a la construcci\u00f3n del colector de aguas negras, con el que se pretende descargar los desechos industriales y pluviales del corredor industrial Hujotzingo al r\u00edo Metlapanapa, en el municipio de Juan C. Bonilla, en Puebla.<\/p>\n<p>En conferencia de prensa, los defensores del territorio advirtieron que la construcci\u00f3n del colector afectar\u00eda a m\u00e1s de 30 pueblos, comunidades y colonias de la regi\u00f3n cholulteca de Puebla que durante a\u00f1os han resguardado el afluente.<\/p>\n<p>Miguel L\u00f3pez Vegas, quien tambi\u00e9n es delegado del Concejo Ind\u00edgena de Gobierno (CIG), afirm\u00f3 que empresarios de armadoras de autos les advirtieron que una persona ya hab\u00eda sido asesinada por oponerse al Proyecto Integral Morelos (PIM), en referencia a Samir Flores, y que faltaba uno de Puebla.<\/p>\n<p>Explic\u00f3 que en la regi\u00f3n que defienden existen alrededor de 30 empresas que componen el corredor industrial Quetzalc\u00f3atl-Huejotzingo y que a su vez forman parte del PIM, al que Samir Flores se opon\u00eda cuando fue asesinado el 20 de febrero pasado. A la fecha ese crimen sigue sin esclarecerse.<\/p>\n<p>El activista se\u00f1al\u00f3 que, para echar andar el PIM \u2013consta de dos termoel\u00e9ctricas, un acueducto, torres de alta tensi\u00f3n y un gasoducto de m\u00e1s de 160 kil\u00f3metros de longitud que atraviesa los estados de Tlaxcala, Puebla y Morelos\u2013, el gobierno de Puebla y los empresarios de la zona han amenazado con \u00f3rdenes de aprehensi\u00f3n a los pobladores que se oponen a vender sus tierras para la construcci\u00f3n de este \u201cproyecto de despojo\u201d.<\/p>\n<p>Israel Mendoza, tambi\u00e9n defensor del territorio, indic\u00f3 que no existen permisos ni estudios de impacto ambiental para el corredor de aguas negras, y de permitirse su construcci\u00f3n \u2013asegur\u00f3\u2013 se estar\u00eda violando la NOM 001 de la Secretar\u00eda de Medio Ambiente y Recursos Naturales (Sermanat), que establece los l\u00edmites de contaminantes en descargas de aguas residuales, como plomo, cobre, ars\u00e9nico, cianuro, entre otros.<\/p>\n<p>\u201cTodo ese corredor industrial que quieren hacer a cielo abierto es un proyecto de muerte\u201d, sostuvo, y responsabiliz\u00f3 al gobierno de Puebla y a los empresarios del corredor textil, en caso de que algo llegue a sucederle a \u00e9l o a sus compa\u00f1eros.<\/p>\n<p>Alejandro Torres, comunicador comunitario, detall\u00f3 que han recibido mensajes de texto con amenazas y son objeto de hostigamiento por parte de la polic\u00eda municipal, el Ej\u00e9rcito y hasta la Guardia Nacional, cuyos elementos se mantienen resguardando el lugar por donde pasar\u00e1 el colector de aguas negras.<\/p>\n<p>El presidente municipal de Juan C. Bonilla, Joel Lozano, indic\u00f3 que tambi\u00e9n ha sido amenazado con la destituci\u00f3n y con problemas en la cuenta p\u00fablica, si respeta la voluntad del pueblo que se niega a la contaminaci\u00f3n del r\u00edo.<\/p>\n<p>Adem\u00e1s, agreg\u00f3, han amenazado con cerrar la Radio Comunitaria Ind\u00edgena de Zacatepec-Tlaxcalancingo 107.1, en la que colabora, y por medio de la cual la gente se mantiene informada.<\/p>\n<p>Por ello, hizo un llamado al presidente Andr\u00e9s Manuel L\u00f3pez Obrador para que garantice su seguridad y cumpla su promesa, realizada en campa\u00f1a, de cancelar el Proyecto Integral Morelos, as\u00ed como el proyecto de descarga de aguas industriales y pluviales en el r\u00edo Metlapanapa.<\/p>\n<p>Claudia Mart\u00ednez, directora del Colectivo Nacional Alerta Temprana de Periodistas y Activistas (Conapa), pidi\u00f3 implementar el Mecanismo de Protecci\u00f3n para Personas Defensoras de Derechos Humanos y Periodistas para los cuatro defensores del territorio que han sido amenazados en los \u00faltimos 15 d\u00edas.<\/p>\n<p>Asimismo, denunci\u00f3 que el organismo federal de protecci\u00f3n no est\u00e1 cumpliendo a cabalidad con las medidas cautelares para los defensores del territorio que ya han solicitado protecci\u00f3n, pues el director general adjunto de reacci\u00f3n r\u00e1pida y recepci\u00f3n de casos, Jorge Ruiz del \u00c1ngel, no responde a los llamados y los botones de p\u00e1nico no funcionan.<\/p>\n<p>Expres\u00f3 que ya han interpuesto recursos ante la Comisi\u00f3n Nacional de los Derechos Humanos para que emita medidas cautelares, pero hasta el momento s\u00f3lo ha dado respuesta a uno de ellos.<\/p>\n<p>En entrevista con Apro, Alejandro Torres, concejal del CIG, agreg\u00f3 que como parte de estos proyectos se planea implementar 42 desarrollos inmobiliarios, que servir\u00edan para dar hogar a los empleados del PIM y que acabar\u00e1n con las \u00e1reas de siembra.<\/p>\n<p>\u201cEste proyecto es integral, viene con el despojo completo y la esclavitud, porque al quitar la tierra f\u00e9rtil, al no producir el campo, nos veremos obligados a agarrar una de esas chambitas con las que las empresas ganan mucho dinero, pero que tienen explotado al trabajador. Te desintegras de tu comunidad, ya no participas, y eso rompe con los usos y costumbres de nuestros pueblos\u201d, manifest\u00f3.<\/p>\n<p>Adem\u00e1s, se\u00f1al\u00f3 que el pasado 14 de agosto la comunidad de Juan C. Bonilla acord\u00f3 en asamblea negar el permiso para la construcci\u00f3n del colector pluvial, pero en menos de una semana las autoridades violaron los acuerdos y pusieron elementos de las polic\u00edas local y Federal para resguardar la zona de obras y evitar que los pobladores se acercaran.<\/p>\n<p>Desde entonces, los habitantes han implementado una serie de protestas. Por ejemplo, ayer tomaron la presidencia municipal y declararon un plant\u00f3n permanente hasta obtener audiencia con las autoridades.<\/p>\n<p><a href=\"https:\/\/www.proceso.com.mx\/602566\/integrantes-del-fpdta-denuncian-amenazas-de-muerte-por-oponerse-a-colector-de-aguas-negras-en-puebla\">https:\/\/www.proceso.com.mx\/602566\/integrantes-del-fpdta-denuncian-amenazas-de-muerte-por-oponerse-a-colector-de-aguas-negras-en-puebla<\/a><\/p>\n","protected":false},"excerpt":{"rendered":"<p>Ixtlix\u00f3chitl L\u00f3pez 9 \/ Proceso CIUDAD DE M\u00c9XICO (apro).- Integrantes del Frente de Pueblos en Defensa de la Tierra y el Agua (FPDTA) denunciaron amenazas de muerte por oponerse a &hellip; <a href=\"https:\/\/www.grieta.org.mx\/index.php\/2019\/10\/09\/integrantes-del-fpdta-denuncian-amenazas-de-muerte-por-oponerse-a-colector-de-aguas-negras-en-puebla\/\" class=\"more-link\">Leer m\u00e1s<\/a><\/p>\n","protected":false},"author":1,"featured_media":40068,"comment_status":"closed","ping_status":"closed","sticky":false,"template":"","format":"standard","meta":{"ngg_post_thumbnail":0,"_jetpack_newsletter_access":"","_jetpack_dont_email_post_to_subs":false,"_jetpack_newsletter_tier_id":0,"_jetpack_memberships_contains_paywalled_content":false,"_jetpack_memberships_contains_paid_content":false,"footnotes":""},"categories":[80,1255,3,2,1253,44,26,1249],"tags":[425,510],"class_list":["post-40099","post","type-post","status-publish","format-standard","has-post-thumbnail","hentry","category-cintillo","category-contaminacion-del-agua-por-industria-en-puebla","category-megaproyectos","category-noticias-nacionales","category-privatizacion-del-agua-y-el-drenaje-en-puebla","category-proyecto-integral-morelos","category-puebla","category-rechazo-al-proyecto-interal-morelos-en-puebla","tag-contaminacion-agua","tag-proyecto-integral-morelos","entry"],"jetpack_featured_media_url":"https:\/\/www.grieta.org.mx\/wp-content\/uploads\/2019\/10\/Estados1.jpg","jetpack_sharing_enabled":true,"jetpack_shortlink":"https:\/\/wp.me\/p7ZJR4-aqL","jetpack_likes_enabled":false,"jetpack-related-posts":[{"id":43474,"url":"https:\/\/www.grieta.org.mx\/index.php\/2020\/01\/25\/comunicado-del-fpdta-por-la-libertad-de-miguel-lopez-vega-puebla\/","url_meta":{"origin":40099,"position":0},"title":"Comunicado del FPDTA por la libertad de Miguel L\u00f3pez Vega (Puebla)","author":"Admin","date":"25 enero, 2020","format":false,"excerpt":"Comunicado FPDTA 24 de enero de 2020 LIBERTAD PARA MIGUEL L\u00d3PEZ VEGA A los medios de comunicaci\u00f3n A la sociedad civil organizada Al Congreso Nacional Ind\u00edgena Al Ej\u00e9rcito Zapatista de Liberaci\u00f3n Nacional Los pueblos nahuas de las faldas del volc\u00e1n Popocat\u00e9petl manifestamos nuestra indignaci\u00f3n por el reciente encarcelamiento de nuestro\u2026","rel":"","context":"En &quot;CINTILLO&quot;","block_context":{"text":"CINTILLO","link":"https:\/\/www.grieta.org.mx\/index.php\/category\/cintillo\/"},"img":{"alt_text":"","src":"https:\/\/i0.wp.com\/www.grieta.org.mx\/wp-content\/uploads\/2020\/01\/20200125_104902_0000-1024x1024.png?resize=350%2C200&ssl=1","width":350,"height":200,"srcset":"https:\/\/i0.wp.com\/www.grieta.org.mx\/wp-content\/uploads\/2020\/01\/20200125_104902_0000-1024x1024.png?resize=350%2C200&ssl=1 1x, https:\/\/i0.wp.com\/www.grieta.org.mx\/wp-content\/uploads\/2020\/01\/20200125_104902_0000-1024x1024.png?resize=525%2C300&ssl=1 1.5x, https:\/\/i0.wp.com\/www.grieta.org.mx\/wp-content\/uploads\/2020\/01\/20200125_104902_0000-1024x1024.png?resize=700%2C400&ssl=1 2x"},"classes":[]},{"id":40933,"url":"https:\/\/www.grieta.org.mx\/index.php\/2019\/10\/10\/amenazan-de-muerte-a-tres-opositores-al-proyecto-integral-morelos-puebla\/","url_meta":{"origin":40099,"position":1},"title":"Amenazan de muerte a tres opositores al Proyecto Integral Morelos (Puebla)","author":"grieta","date":"10 octubre, 2019","format":false,"excerpt":"Indra Cirigo \/ Contral\u00ednea El Colectivo Nacional Alerta Temprana de Periodistas y Activistas (Conapa) denunci\u00f3 que el gobierno \u2013en sus tres niveles\u2013 est\u00e1 violando los derechos humanos de los defensores de la tierra que se oponen a la construcci\u00f3n del corredor industrial en los estados de Tlaxcala, Puebla y Morelos\u2026","rel":"","context":"En &quot;CINTILLO&quot;","block_context":{"text":"CINTILLO","link":"https:\/\/www.grieta.org.mx\/index.php\/category\/cintillo\/"},"img":{"alt_text":"","src":"https:\/\/i0.wp.com\/www.grieta.org.mx\/wp-content\/uploads\/2019\/11\/co.jpg?resize=350%2C200&ssl=1","width":350,"height":200,"srcset":"https:\/\/i0.wp.com\/www.grieta.org.mx\/wp-content\/uploads\/2019\/11\/co.jpg?resize=350%2C200&ssl=1 1x, https:\/\/i0.wp.com\/www.grieta.org.mx\/wp-content\/uploads\/2019\/11\/co.jpg?resize=525%2C300&ssl=1 1.5x"},"classes":[]},{"id":43751,"url":"https:\/\/www.grieta.org.mx\/index.php\/2019\/11\/18\/pretenden-llenar-al-pais-de-gasoductos-y-termoelectricas-juan-carlos-flores-del-frente-de-pueblos-de-morelos-puebla-y-tlaxcala-podcast\/","url_meta":{"origin":40099,"position":2},"title":"\u201cPretenden llenar al pa\u00eds de gasoductos y termoel\u00e9ctricas\u201d: Juan Carlos Flores, del Frente de Pueblos de Morelos, Puebla y Tlaxcala (PODCAST)","author":"grieta","date":"18 noviembre, 2019","format":false,"excerpt":"Redacci\u00f3n \/ Radio UdeG Guadalajara Juan Carlos Flores y otros integrantes del Frente de Pueblos en Defensa de la Tierra y el Agua de Morelos, Puebla y Tlaxcala (FPDTA), quienes mantienen una defensa en contra del Proyecto Integral Morelos (PIM), visitaron Juanacatl\u00e1n (Jalisco) donde la poblaci\u00f3n tambi\u00e9n resiste la imposici\u00f3n\u2026","rel":"","context":"En &quot;CINTILLO&quot;","block_context":{"text":"CINTILLO","link":"https:\/\/www.grieta.org.mx\/index.php\/category\/cintillo\/"},"img":{"alt_text":"","src":"https:\/\/i0.wp.com\/www.grieta.org.mx\/wp-content\/uploads\/2020\/01\/images-1.jpg?resize=350%2C200&ssl=1","width":350,"height":200,"srcset":"https:\/\/i0.wp.com\/www.grieta.org.mx\/wp-content\/uploads\/2020\/01\/images-1.jpg?resize=350%2C200&ssl=1 1x, https:\/\/i0.wp.com\/www.grieta.org.mx\/wp-content\/uploads\/2020\/01\/images-1.jpg?resize=525%2C300&ssl=1 1.5x"},"classes":[]},{"id":38016,"url":"https:\/\/www.grieta.org.mx\/index.php\/2019\/08\/14\/rechazan-construccion-de-colector-en-juan-c-bonilla-puebla\/","url_meta":{"origin":40099,"position":3},"title":"Rechazan construcci\u00f3n de colector en Juan C. Bonilla (Puebla)","author":"Admin","date":"14 agosto, 2019","format":false,"excerpt":"Cecilia Espinoza Galindo \/ Municipios Puebla Juan C. Bonilla, Pue.- Habitantes del municipio de Juan C Bonilla, contin\u00faan las protestas para evitar que la construcci\u00f3n de un colector pluvial de la zona industrial de Huejotzingo, modifique el cauce del r\u00edo Metlalpalapan. En una asamblea realizada este mi\u00e9rcoles en la comunidad\u2026","rel":"","context":"En &quot;CINTILLO&quot;","block_context":{"text":"CINTILLO","link":"https:\/\/www.grieta.org.mx\/index.php\/category\/cintillo\/"},"img":{"alt_text":"","src":"https:\/\/i0.wp.com\/www.grieta.org.mx\/wp-content\/uploads\/2019\/08\/img-20190814-wa0047.jpg?resize=350%2C200&ssl=1","width":350,"height":200,"srcset":"https:\/\/i0.wp.com\/www.grieta.org.mx\/wp-content\/uploads\/2019\/08\/img-20190814-wa0047.jpg?resize=350%2C200&ssl=1 1x, https:\/\/i0.wp.com\/www.grieta.org.mx\/wp-content\/uploads\/2019\/08\/img-20190814-wa0047.jpg?resize=525%2C300&ssl=1 1.5x, https:\/\/i0.wp.com\/www.grieta.org.mx\/wp-content\/uploads\/2019\/08\/img-20190814-wa0047.jpg?resize=700%2C400&ssl=1 2x, https:\/\/i0.wp.com\/www.grieta.org.mx\/wp-content\/uploads\/2019\/08\/img-20190814-wa0047.jpg?resize=1050%2C600&ssl=1 3x"},"classes":[]},{"id":39690,"url":"https:\/\/www.grieta.org.mx\/index.php\/2019\/09\/28\/pobladores-denuncian-obras-para-industrializar-tierras-cercanas-al-volcan-popocatepetl-puebla\/","url_meta":{"origin":40099,"position":4},"title":"Pobladores denuncian obras para industrializar tierras cercanas al volc\u00e1n Popocat\u00e9petl (Puebla)","author":"Admin","date":"28 septiembre, 2019","format":false,"excerpt":"Gabriela Hern\u00e1ndez \/ Proceso PUEBLA, Pue. (apro).- El Frente de Pueblos Morelos-Puebla-Tlaxcala (FPMPT) denunci\u00f3 que, con el respaldo de polic\u00edas estatales, federales y de la Guardia Nacional, este viernes se reiniciaron las obras para descargar desechos al r\u00edo Metlapanapa, con lo que se busca extender el corredor industrial de Huejotzingo\u2026","rel":"","context":"En &quot;CINTILLO&quot;","block_context":{"text":"CINTILLO","link":"https:\/\/www.grieta.org.mx\/index.php\/category\/cintillo\/"},"img":{"alt_text":"","src":"https:\/\/i0.wp.com\/www.grieta.org.mx\/wp-content\/uploads\/2019\/09\/https-_cdn.proceso.com_.mx_media_2019_09_Puebla-ok.jpg?resize=350%2C200&ssl=1","width":350,"height":200,"srcset":"https:\/\/i0.wp.com\/www.grieta.org.mx\/wp-content\/uploads\/2019\/09\/https-_cdn.proceso.com_.mx_media_2019_09_Puebla-ok.jpg?resize=350%2C200&ssl=1 1x, https:\/\/i0.wp.com\/www.grieta.org.mx\/wp-content\/uploads\/2019\/09\/https-_cdn.proceso.com_.mx_media_2019_09_Puebla-ok.jpg?resize=525%2C300&ssl=1 1.5x, https:\/\/i0.wp.com\/www.grieta.org.mx\/wp-content\/uploads\/2019\/09\/https-_cdn.proceso.com_.mx_media_2019_09_Puebla-ok.jpg?resize=700%2C400&ssl=1 2x, https:\/\/i0.wp.com\/www.grieta.org.mx\/wp-content\/uploads\/2019\/09\/https-_cdn.proceso.com_.mx_media_2019_09_Puebla-ok.jpg?resize=1050%2C600&ssl=1 3x"},"classes":[]},{"id":64035,"url":"https:\/\/www.grieta.org.mx\/index.php\/2022\/04\/20\/integrantes-del-fpdta-pmt-denuncian-que-fueron-victimas-de-allanamientos-en-su-casa-puebla\/","url_meta":{"origin":40099,"position":5},"title":"Integrantes del FPDTA-PMT denuncian que fueron v\u00edctimas de allanamientos en su casa (Puebla)","author":"Admin","date":"20 abril, 2022","format":false,"excerpt":"Diversas agrupaciones manifestaron que temen por la vida de los ambientalistas debido a la recurrencia de los allanamientos en su hogar y a las amenazas que han recibido CIUDAD DE M\u00c9XICO (apro).- Por tercera ocasi\u00f3n en lo que va de este mes de abril, Miryam Vargas Teutle y Juan Carlos\u2026","rel":"","context":"En &quot;CINTILLO&quot;","block_context":{"text":"CINTILLO","link":"https:\/\/www.grieta.org.mx\/index.php\/category\/cintillo\/"},"img":{"alt_text":"","src":"https:\/\/i0.wp.com\/www.grieta.org.mx\/wp-content\/uploads\/2022\/04\/f800x450-125518_176964_5050.jpg?resize=350%2C200&ssl=1","width":350,"height":200,"srcset":"https:\/\/i0.wp.com\/www.grieta.org.mx\/wp-content\/uploads\/2022\/04\/f800x450-125518_176964_5050.jpg?resize=350%2C200&ssl=1 1x, https:\/\/i0.wp.com\/www.grieta.org.mx\/wp-content\/uploads\/2022\/04\/f800x450-125518_176964_5050.jpg?resize=525%2C300&ssl=1 1.5x, https:\/\/i0.wp.com\/www.grieta.org.mx\/wp-content\/uploads\/2022\/04\/f800x450-125518_176964_5050.jpg?resize=700%2C400&ssl=1 2x"},"classes":[]}],"_links":{"self":[{"href":"https:\/\/www.grieta.org.mx\/index.php\/wp-json\/wp\/v2\/posts\/40099","targetHints":{"allow":["GET"]}}],"collection":[{"href":"https:\/\/www.grieta.org.mx\/index.php\/wp-json\/wp\/v2\/posts"}],"about":[{"href":"https:\/\/www.grieta.org.mx\/index.php\/wp-json\/wp\/v2\/types\/post"}],"author":[{"embeddable":true,"href":"https:\/\/www.grieta.org.mx\/index.php\/wp-json\/wp\/v2\/users\/1"}],"replies":[{"embeddable":true,"href":"https:\/\/www.grieta.org.mx\/index.php\/wp-json\/wp\/v2\/comments?post=40099"}],"version-history":[{"count":1,"href":"https:\/\/www.grieta.org.mx\/index.php\/wp-json\/wp\/v2\/posts\/40099\/revisions"}],"predecessor-version":[{"id":40100,"href":"https:\/\/www.grieta.org.mx\/index.php\/wp-json\/wp\/v2\/posts\/40099\/revisions\/40100"}],"wp:featuredmedia":[{"embeddable":true,"href":"https:\/\/www.grieta.org.mx\/index.php\/wp-json\/wp\/v2\/media\/40068"}],"wp:attachment":[{"href":"https:\/\/www.grieta.org.mx\/index.php\/wp-json\/wp\/v2\/media?parent=40099"}],"wp:term":[{"taxonomy":"category","embeddable":true,"href":"https:\/\/www.grieta.org.mx\/index.php\/wp-json\/wp\/v2\/categories?post=40099"},{"taxonomy":"post_tag","embeddable":true,"href":"https:\/\/www.grieta.org.mx\/index.php\/wp-json\/wp\/v2\/tags?post=40099"}],"curies":[{"name":"wp","href":"https:\/\/api.w.org\/{rel}","templated":true}]}}