{"id":40078,"date":"2019-10-09T14:02:43","date_gmt":"2019-10-09T19:02:43","guid":{"rendered":"http:\/\/www.grieta.org.mx\/?p=40078"},"modified":"2019-10-09T14:07:47","modified_gmt":"2019-10-09T19:07:47","slug":"mexico-mas-de-90-dias-de-perseguir-capturar-concentrar-y-deportar-migrantes","status":"publish","type":"post","link":"https:\/\/www.grieta.org.mx\/index.php\/2019\/10\/09\/mexico-mas-de-90-dias-de-perseguir-capturar-concentrar-y-deportar-migrantes\/","title":{"rendered":"M\u00e9xico: m\u00e1s de 90 d\u00edas de perseguir, capturar, concentrar y deportar migrantes."},"content":{"rendered":"<figure id=\"attachment_40082\" aria-describedby=\"caption-attachment-40082\" style=\"width: 800px\" class=\"wp-caption aligncenter\"><img loading=\"lazy\" decoding=\"async\" data-attachment-id=\"40082\" data-permalink=\"https:\/\/www.grieta.org.mx\/index.php\/2019\/10\/09\/mexico-mas-de-90-dias-de-perseguir-capturar-concentrar-y-deportar-migrantes\/secretaria-de-marina-encuentra-un-trailer-abandonado-con-200-migrantes-en-veracruz\/\" data-orig-file=\"https:\/\/www.grieta.org.mx\/wp-content\/uploads\/2019\/10\/Secretaria-de-Marina-encuentra-un-trailer-abandonado-con-200-migrantes-en-Veracruz.png\" data-orig-size=\"1280,800\" data-comments-opened=\"0\" data-image-meta=\"{&quot;aperture&quot;:&quot;0&quot;,&quot;credit&quot;:&quot;&quot;,&quot;camera&quot;:&quot;&quot;,&quot;caption&quot;:&quot;&quot;,&quot;created_timestamp&quot;:&quot;0&quot;,&quot;copyright&quot;:&quot;&quot;,&quot;focal_length&quot;:&quot;0&quot;,&quot;iso&quot;:&quot;0&quot;,&quot;shutter_speed&quot;:&quot;0&quot;,&quot;title&quot;:&quot;&quot;,&quot;orientation&quot;:&quot;0&quot;}\" data-image-title=\"Secretaria-de-Marina-encuentra-un-trailer-abandonado-con-200-migrantes-en-Veracruz\" data-image-description=\"\" data-image-caption=\"&lt;p&gt;Foto: Conexi\u00f3n Migrante&lt;\/p&gt;\n\" data-medium-file=\"https:\/\/www.grieta.org.mx\/wp-content\/uploads\/2019\/10\/Secretaria-de-Marina-encuentra-un-trailer-abandonado-con-200-migrantes-en-Veracruz-300x188.png\" data-large-file=\"https:\/\/www.grieta.org.mx\/wp-content\/uploads\/2019\/10\/Secretaria-de-Marina-encuentra-un-trailer-abandonado-con-200-migrantes-en-Veracruz-1024x640.png\" class=\"wp-image-40082\" src=\"http:\/\/www.grieta.org.mx\/wp-content\/uploads\/2019\/10\/Secretaria-de-Marina-encuentra-un-trailer-abandonado-con-200-migrantes-en-Veracruz-1024x640.png\" alt=\"\" width=\"800\" height=\"500\" srcset=\"https:\/\/www.grieta.org.mx\/wp-content\/uploads\/2019\/10\/Secretaria-de-Marina-encuentra-un-trailer-abandonado-con-200-migrantes-en-Veracruz-1024x640.png 1024w, https:\/\/www.grieta.org.mx\/wp-content\/uploads\/2019\/10\/Secretaria-de-Marina-encuentra-un-trailer-abandonado-con-200-migrantes-en-Veracruz-300x188.png 300w, https:\/\/www.grieta.org.mx\/wp-content\/uploads\/2019\/10\/Secretaria-de-Marina-encuentra-un-trailer-abandonado-con-200-migrantes-en-Veracruz-768x480.png 768w, https:\/\/www.grieta.org.mx\/wp-content\/uploads\/2019\/10\/Secretaria-de-Marina-encuentra-un-trailer-abandonado-con-200-migrantes-en-Veracruz-800x500.png 800w, https:\/\/www.grieta.org.mx\/wp-content\/uploads\/2019\/10\/Secretaria-de-Marina-encuentra-un-trailer-abandonado-con-200-migrantes-en-Veracruz.png 1280w\" sizes=\"auto, (max-width: 800px) 100vw, 800px\" \/><figcaption id=\"caption-attachment-40082\" class=\"wp-caption-text\">Foto: Conexi\u00f3n Migrante<\/figcaption><\/figure>\n<p>Colectivo Grieta \/ 08 de octubre 2019<\/p>\n<p>Seg\u00fan declaraciones recientes del titular de la Secretaria de Relaciones Exteriores, desde el primero de diciembre de 2018 y hasta el 11 de agosto del a\u00f1o en curso, se detuvieron m\u00e1s de 46,000 migrantes en su tr\u00e1nsito por el pa\u00eds. Casi la mitad de ellos, (cerca de 20,000) fueron detenidos despu\u00e9s del 8 de junio de este a\u00f1o, cuando M\u00e9xico pact\u00f3 con EEUU el control en la frontera sur para evitar la imposici\u00f3n de aranceles. La Secretaria de Relaciones Exteriores consider\u00f3 un logro plausible la reducci\u00f3n del flujo migratorio en un 39% en 53 d\u00edas, y de un 56% al cumplirse el plazo de 90 d\u00edas establecido por el gobierno de EEUU. La presidencia de EEUU ha expresado sus congratulaciones al gobierno de M\u00e9xico por su participaci\u00f3n en obstaculizar la llegada de migrantes a Estados Unidos. El discurso oficial y los medios de informaci\u00f3n, con algunas raras excepciones, llaman a estas detenciones &#8220;rescate&#8221; o &#8220;aseguramiento&#8221; de migrantes.<\/p>\n<p><img loading=\"lazy\" decoding=\"async\" data-attachment-id=\"40083\" data-permalink=\"https:\/\/www.grieta.org.mx\/index.php\/2019\/10\/09\/mexico-mas-de-90-dias-de-perseguir-capturar-concentrar-y-deportar-migrantes\/screenshot_2019-10-09-aseguran-a-160-migrantes-en-veracruz\/\" data-orig-file=\"https:\/\/www.grieta.org.mx\/wp-content\/uploads\/2019\/10\/Screenshot_2019-10-09-Aseguran-a-160-migrantes-en-Veracruz.png\" data-orig-size=\"912,772\" data-comments-opened=\"0\" data-image-meta=\"{&quot;aperture&quot;:&quot;0&quot;,&quot;credit&quot;:&quot;&quot;,&quot;camera&quot;:&quot;&quot;,&quot;caption&quot;:&quot;&quot;,&quot;created_timestamp&quot;:&quot;0&quot;,&quot;copyright&quot;:&quot;&quot;,&quot;focal_length&quot;:&quot;0&quot;,&quot;iso&quot;:&quot;0&quot;,&quot;shutter_speed&quot;:&quot;0&quot;,&quot;title&quot;:&quot;&quot;,&quot;orientation&quot;:&quot;0&quot;}\" data-image-title=\"Screenshot_2019-10-09 Aseguran a 160 migrantes en Veracruz\" data-image-description=\"\" data-image-caption=\"\" data-medium-file=\"https:\/\/www.grieta.org.mx\/wp-content\/uploads\/2019\/10\/Screenshot_2019-10-09-Aseguran-a-160-migrantes-en-Veracruz-300x254.png\" data-large-file=\"https:\/\/www.grieta.org.mx\/wp-content\/uploads\/2019\/10\/Screenshot_2019-10-09-Aseguran-a-160-migrantes-en-Veracruz.png\" class=\"aligncenter wp-image-40083\" src=\"http:\/\/www.grieta.org.mx\/wp-content\/uploads\/2019\/10\/Screenshot_2019-10-09-Aseguran-a-160-migrantes-en-Veracruz.png\" alt=\"\" width=\"700\" height=\"593\" srcset=\"https:\/\/www.grieta.org.mx\/wp-content\/uploads\/2019\/10\/Screenshot_2019-10-09-Aseguran-a-160-migrantes-en-Veracruz.png 912w, https:\/\/www.grieta.org.mx\/wp-content\/uploads\/2019\/10\/Screenshot_2019-10-09-Aseguran-a-160-migrantes-en-Veracruz-300x254.png 300w, https:\/\/www.grieta.org.mx\/wp-content\/uploads\/2019\/10\/Screenshot_2019-10-09-Aseguran-a-160-migrantes-en-Veracruz-768x650.png 768w, https:\/\/www.grieta.org.mx\/wp-content\/uploads\/2019\/10\/Screenshot_2019-10-09-Aseguran-a-160-migrantes-en-Veracruz-591x500.png 591w\" sizes=\"auto, (max-width: 700px) 100vw, 700px\" \/><\/p>\n<p>La detenci\u00f3n de migrantes implica un proceso de persecuci\u00f3n y criminalizaci\u00f3n en contra de quienes huyen de las condiciones de pobreza, inseguridad y represi\u00f3n en Centroam\u00e9rica, \u00c1frica y Asia. Generalmente estas detenciones van acompa\u00f1adas de violencia y abuso por parte de las fuerzas represivas. Seg\u00fan una denuncia de la A.C. &#8220;Instituto para las mujeres en la migraci\u00f3n&#8221; y de la Cl\u00ednica de Acci\u00f3n Legal del Programa Universitario de Derechos Humanos de la UNAM, las revisiones y detenciones que realizan las autoridades migratorias, o no migratorias, se basan en criterios discrecionales que a veces tienen que ver con juicios sobre procedencia &#8220;racial&#8221;, \u00e9tnica o idiom\u00e1tica. As\u00ed sucede en los retenes en donde se detiene a los camiones de pasajeros y se les solicita papeles a quienes &#8216;no parezcan mexicanos&#8217; a los ojos de las autoridades migratorias. Esto se desarrolla en el contexto de una clara pol\u00edtica de criminalizaci\u00f3n de los migrantes. Como pol\u00edtica de Estado, se hacen redadas, en las que participan a veces polic\u00edas, o militares, o miembros de la marina y de la Guardia Nacional, en hoteles, plazas p\u00fablicas, autobuses, trenes y carreteras.<\/p>\n<figure id=\"attachment_40084\" aria-describedby=\"caption-attachment-40084\" style=\"width: 700px\" class=\"wp-caption aligncenter\"><img loading=\"lazy\" decoding=\"async\" data-attachment-id=\"40084\" data-permalink=\"https:\/\/www.grieta.org.mx\/index.php\/2019\/10\/09\/mexico-mas-de-90-dias-de-perseguir-capturar-concentrar-y-deportar-migrantes\/policia_0\/\" data-orig-file=\"https:\/\/www.grieta.org.mx\/wp-content\/uploads\/2019\/10\/polic\u00eda_0.jpg\" data-orig-size=\"1170,600\" data-comments-opened=\"0\" data-image-meta=\"{&quot;aperture&quot;:&quot;3.5&quot;,&quot;credit&quot;:&quot;\\u00a9 F\\u00c9LIX M\\u00c1RQUEZ\/CUARTOSCURO.COM&quot;,&quot;camera&quot;:&quot;Canon EOS 5D&quot;,&quot;caption&quot;:&quot;PUENTE NACIONAL, VERACRUZ, 07NOVIEMBRE2012.- Elementos de la Polic\\u00eda Federal fueron agredidos la tarde de este mi\\u00e9rcoles sobre la carretera libre Veracruz - Huatusco cerca de la comunidad Los Conejos. Las primeras indagatorias los uniformados repelieron la agresi\\u00f3n, sin embargo, los hombres armados huyeron con rumbo desconocido. Es por eso que diversas corporaciones montaron un fuerte operativo de seguridad sin que hasta el momento las autoridades emitan comunicado al respecto para dar a conocer si los polic\\u00edas resultaron lesionados. \\nFOTO: F\\u00c9LIX M\\u00c1RQUEZ\/CUARTOSCURO.COM&quot;,&quot;created_timestamp&quot;:&quot;1352306475&quot;,&quot;copyright&quot;:&quot;\\u00a9 F\\u00c9LIX M\\u00c1RQUEZ\/CUARTOSCURO.COM&quot;,&quot;focal_length&quot;:&quot;200&quot;,&quot;iso&quot;:&quot;160&quot;,&quot;shutter_speed&quot;:&quot;0.0004&quot;,&quot;title&quot;:&quot;&quot;,&quot;orientation&quot;:&quot;1&quot;}\" data-image-title=\"polic\u00eda_0\" data-image-description=\"\" data-image-caption=\"&lt;p&gt;PUENTE NACIONAL, VERACRUZ, 07NOVIEMBRE2012.- Elementos de la Polic\u00eda Federal fueron agredidos la tarde de este mi\u00e9rcoles sobre la carretera libre Veracruz &amp;#8211; Huatusco cerca de la comunidad Los Conejos. Las primeras indagatorias los uniformados repelieron la agresi\u00f3n, sin embargo, los hombres armados huyeron con rumbo desconocido. Es por eso que diversas corporaciones montaron un fuerte operativo de seguridad sin que hasta el momento las autoridades emitan comunicado al respecto para dar a conocer si los polic\u00edas resultaron lesionados.&lt;br \/&gt;\nFOTO: F\u00c9LIX M\u00c1RQUEZ\/CUARTOSCURO.COM&lt;\/p&gt;\n\" data-medium-file=\"https:\/\/www.grieta.org.mx\/wp-content\/uploads\/2019\/10\/polic\u00eda_0-300x154.jpg\" data-large-file=\"https:\/\/www.grieta.org.mx\/wp-content\/uploads\/2019\/10\/polic\u00eda_0-1024x525.jpg\" class=\"wp-image-40084\" src=\"http:\/\/www.grieta.org.mx\/wp-content\/uploads\/2019\/10\/polic\u00eda_0-1024x525.jpg\" alt=\"\" width=\"700\" height=\"359\" srcset=\"https:\/\/www.grieta.org.mx\/wp-content\/uploads\/2019\/10\/polic\u00eda_0-1024x525.jpg 1024w, https:\/\/www.grieta.org.mx\/wp-content\/uploads\/2019\/10\/polic\u00eda_0-300x154.jpg 300w, https:\/\/www.grieta.org.mx\/wp-content\/uploads\/2019\/10\/polic\u00eda_0-768x394.jpg 768w, https:\/\/www.grieta.org.mx\/wp-content\/uploads\/2019\/10\/polic\u00eda_0-975x500.jpg 975w, https:\/\/www.grieta.org.mx\/wp-content\/uploads\/2019\/10\/polic\u00eda_0.jpg 1170w\" sizes=\"auto, (max-width: 700px) 100vw, 700px\" \/><figcaption id=\"caption-attachment-40084\" class=\"wp-caption-text\">FOTO: F\u00c9LIX M\u00c1RQUEZ \/ CUARTOSCURO<\/figcaption><\/figure>\n<p>La militarizaci\u00f3n en el proceso de persecuci\u00f3n, detenci\u00f3n y concentraci\u00f3n de migrantes no s\u00f3lo implica el despliegue de efectivos en las calles y carreteras del pa\u00eds, tambi\u00e9n ha ido acompa\u00f1ada de cambios en la titularidad de las delegaciones federales del Instituo Nacional de Migraci\u00f3n. En los estados de Veracruz y Tamaulipas, por ejemplo, mandos militares y ex navales han asumido el cargo, seg\u00fan inform\u00f3 Francisco Gardu\u00f1o Ya\u00f1ez, comisionado del Instituto Nacional de Migraci\u00f3n. En Veracruz, el contralmirante retirado de la Armada, Ra\u00fal Alberto Paredes Hern\u00e1ndez rindi\u00f3 protesta como delegado del Instituto Nacional de Migraci\u00f3n, en sustituci\u00f3n de Edgar Gonz\u00e1lez Su\u00e1rez.<br \/>\nAdem\u00e1s, la pol\u00edtica de criminalizaci\u00f3n de la migraci\u00f3n va acompa\u00f1ada del uso de tecnolog\u00eda para detectar el transporte ilegal de personas. En algunos retenes, por ejemplo en Zacatecas, se utilizan rayos X para analizar el contenido de los transportes.<\/p>\n<figure id=\"attachment_40085\" aria-describedby=\"caption-attachment-40085\" style=\"width: 700px\" class=\"wp-caption aligncenter\"><img loading=\"lazy\" decoding=\"async\" data-attachment-id=\"40085\" data-permalink=\"https:\/\/www.grieta.org.mx\/index.php\/2019\/10\/09\/mexico-mas-de-90-dias-de-perseguir-capturar-concentrar-y-deportar-migrantes\/migrantesrayosx\/\" data-orig-file=\"https:\/\/www.grieta.org.mx\/wp-content\/uploads\/2019\/10\/migrantesrayosx.jpg\" data-orig-size=\"750,425\" data-comments-opened=\"0\" data-image-meta=\"{&quot;aperture&quot;:&quot;0&quot;,&quot;credit&quot;:&quot;&quot;,&quot;camera&quot;:&quot;&quot;,&quot;caption&quot;:&quot;&quot;,&quot;created_timestamp&quot;:&quot;0&quot;,&quot;copyright&quot;:&quot;&quot;,&quot;focal_length&quot;:&quot;0&quot;,&quot;iso&quot;:&quot;0&quot;,&quot;shutter_speed&quot;:&quot;0&quot;,&quot;title&quot;:&quot;&quot;,&quot;orientation&quot;:&quot;0&quot;}\" data-image-title=\"migrantesrayosx\" data-image-description=\"\" data-image-caption=\"&lt;p&gt;Foto: La silla rota&lt;\/p&gt;\n\" data-medium-file=\"https:\/\/www.grieta.org.mx\/wp-content\/uploads\/2019\/10\/migrantesrayosx-300x170.jpg\" data-large-file=\"https:\/\/www.grieta.org.mx\/wp-content\/uploads\/2019\/10\/migrantesrayosx.jpg\" class=\"wp-image-40085\" src=\"http:\/\/www.grieta.org.mx\/wp-content\/uploads\/2019\/10\/migrantesrayosx.jpg\" alt=\"\" width=\"700\" height=\"397\" srcset=\"https:\/\/www.grieta.org.mx\/wp-content\/uploads\/2019\/10\/migrantesrayosx.jpg 750w, https:\/\/www.grieta.org.mx\/wp-content\/uploads\/2019\/10\/migrantesrayosx-300x170.jpg 300w\" sizes=\"auto, (max-width: 700px) 100vw, 700px\" \/><figcaption id=\"caption-attachment-40085\" class=\"wp-caption-text\">Foto: La silla rota<\/figcaption><\/figure>\n<p>La pol\u00edtica de persecusi\u00f3n y criminalizaci\u00f3n de migrantes se ha presentado, en su forma m\u00e1s extrema, como cacer\u00eda abierta: se document\u00f3 un caso el 14 de junio, apenas una semana despu\u00e9s del pacto con EEUU, en que un grupo de polic\u00edas federales abri\u00f3 fuego en contra de un grupo de 17 migrantes salvadore\u00f1os en el tramo de la carretera Villahermosa-Coatzacoalcos, en el municipio de Agua Dulce, Veracruz. Como resultado hubo dos personas lesionadas (un hombre y una mujer) y una mujer de 19 a\u00f1os asesinada. Seg\u00fan testigos, la camioneta en la que iban viajando los 17 salvadore\u00f1os fue perseguida por elementos de la Polic\u00eda Federal y el Instituto Nacional de Migraci\u00f3n.<br \/>\nOtro caso documentado es el que aconteci\u00f3 en Saltillo, Coahuila, donde elementos de la polic\u00eda federal asesinaron a Marco Tulio Perdomo Guzm\u00e1n de Honduras, seg\u00fan reporta una nota del 4 de agosto del diario Animal Pol\u00edtico. Ah\u00ed se afirma que: &#8220;La Fiscal\u00eda General de Coahuila reconoci\u00f3 que Marco Tulio Perdomo Guzm\u00e1n, el migrante hondure\u00f1o asesinado el pasado 31 de julio, es inocente pues nunca agredi\u00f3 al polic\u00eda que le dispar\u00f3 y que hubo un uso excesivo de fuerza letal.&#8221; En una nota previa, se da a conocer que &#8220;La Casa del Migrante de Saltillo inform\u00f3 en un comunicado que los oficiales persiguieron y dispararon contra el grupo de migrantes entre ellos familias con menores, que hab\u00edan dejado el albergue para intentar llegar a la frontera con Estados Unidos&#8221;. La primera respuesta de la Fiscal\u00eda General de Coahuila hab\u00eda sido que los polic\u00edas hab\u00edan repelido un ataque de los migrantes. Posteriormente se retractaron y reconocieron el car\u00e1cter de ejecuci\u00f3n extrajudicial.<\/p>\n<figure id=\"attachment_40086\" aria-describedby=\"caption-attachment-40086\" style=\"width: 550px\" class=\"wp-caption aligncenter\"><img loading=\"lazy\" decoding=\"async\" data-attachment-id=\"40086\" data-permalink=\"https:\/\/www.grieta.org.mx\/index.php\/2019\/10\/09\/mexico-mas-de-90-dias-de-perseguir-capturar-concentrar-y-deportar-migrantes\/captura-de-pantalla-2019-08-01-a-las-12-05-08-p-m\/\" data-orig-file=\"https:\/\/www.grieta.org.mx\/wp-content\/uploads\/2019\/10\/Captura-de-pantalla-2019-08-01-a-las-12.05.08-p.m.png\" data-orig-size=\"576,577\" data-comments-opened=\"0\" data-image-meta=\"{&quot;aperture&quot;:&quot;0&quot;,&quot;credit&quot;:&quot;&quot;,&quot;camera&quot;:&quot;&quot;,&quot;caption&quot;:&quot;&quot;,&quot;created_timestamp&quot;:&quot;0&quot;,&quot;copyright&quot;:&quot;&quot;,&quot;focal_length&quot;:&quot;0&quot;,&quot;iso&quot;:&quot;0&quot;,&quot;shutter_speed&quot;:&quot;0&quot;,&quot;title&quot;:&quot;&quot;,&quot;orientation&quot;:&quot;0&quot;}\" data-image-title=\"Captura-de-pantalla-2019-08-01-a-las-12.05.08-p.m\" data-image-description=\"\" data-image-caption=\"&lt;p&gt;Imagen tomada de Animal Pol\u00edtico&lt;\/p&gt;\n\" data-medium-file=\"https:\/\/www.grieta.org.mx\/wp-content\/uploads\/2019\/10\/Captura-de-pantalla-2019-08-01-a-las-12.05.08-p.m-300x300.png\" data-large-file=\"https:\/\/www.grieta.org.mx\/wp-content\/uploads\/2019\/10\/Captura-de-pantalla-2019-08-01-a-las-12.05.08-p.m.png\" class=\"wp-image-40086\" src=\"http:\/\/www.grieta.org.mx\/wp-content\/uploads\/2019\/10\/Captura-de-pantalla-2019-08-01-a-las-12.05.08-p.m.png\" alt=\"\" width=\"550\" height=\"551\" srcset=\"https:\/\/www.grieta.org.mx\/wp-content\/uploads\/2019\/10\/Captura-de-pantalla-2019-08-01-a-las-12.05.08-p.m.png 576w, https:\/\/www.grieta.org.mx\/wp-content\/uploads\/2019\/10\/Captura-de-pantalla-2019-08-01-a-las-12.05.08-p.m-150x150.png 150w, https:\/\/www.grieta.org.mx\/wp-content\/uploads\/2019\/10\/Captura-de-pantalla-2019-08-01-a-las-12.05.08-p.m-300x300.png 300w, https:\/\/www.grieta.org.mx\/wp-content\/uploads\/2019\/10\/Captura-de-pantalla-2019-08-01-a-las-12.05.08-p.m-130x130.png 130w, https:\/\/www.grieta.org.mx\/wp-content\/uploads\/2019\/10\/Captura-de-pantalla-2019-08-01-a-las-12.05.08-p.m-499x500.png 499w\" sizes=\"auto, (max-width: 550px) 100vw, 550px\" \/><figcaption id=\"caption-attachment-40086\" class=\"wp-caption-text\">Imagen tomada de Animal Pol\u00edtico<\/figcaption><\/figure>\n<p>La ruta migrante m\u00e1s corta, si se ingresa por Guatemala, atraviesa los estados de Chiapas, Tabasco, Veracruz y Tamaulipas. Hay retenes de autoridades migratorias y no migratorias, como la Guardia Nacional con 6,000 efectivos en Chiapas, y a lo largo de toda esa ruta. Diversas ONG&#8217;s han se\u00f1alado que esto, y la terrible inseguridad de esa ruta, obliga a que los migrantes empiecen a ensayar caminos m\u00e1s largos. As\u00ed consta en una nota del 10 de noviembre del 2018 de la BBC: &#8220;&#8216;Es m\u00e1s largo pero tambi\u00e9n m\u00e1s seguro&#8217;, le dice a BBC Mundo Rosenda Mari\u00f1o, una joven de 23 a\u00f1os que viaja desde Honduras con sus dos hijos. &#8216;Aunque se tarde m\u00e1s yo no voy a arriesgar a mis ni\u00f1os. De todos modos ya llevamos mucho caminando&#8217;.&#8221;<br \/>\nVarios de estos estados se encuentran se\u00f1alados como algunos de los m\u00e1s peligrosos. Sobre ello, el Movimiento Migrante Mesoamericano alert\u00f3 que Chiapas, Veracruz, Tabasco, Oaxaca y Coahuila, son los estados m\u00e1s peligrosos para los migrantes en su traslado rumbo a Estados Unidos, debido a que hay un aumento de violaciones y secuestros. Rub\u00e9n Figueroa, vocero de esta organizaci\u00f3n, tambi\u00e9n denunci\u00f3 que la nueva pol\u00edtica migratoria s\u00f3lo criminaliza a los migrantes y no tiene una pol\u00edtica que atienda la industria criminal de tr\u00e1fico de personas a la que se enfrentan los migrantes en su tr\u00e1nsito por el pa\u00eds. Seg\u00fan unanota de Intra America News, en estados como Veracruz y Tamaulipas, las redadas masivas realizadas por el Estado mexicano no son el \u00fanico problema con el que se encuentran los migrantes. La ONG M\u00e9dicos Sin Fronteras ha declarado que el 45% de las 2,315 personas que han atendido en el Noreste de M\u00e9xico, han sufrido alg\u00fan tipo de violencia durante la ruta migratoria. El secuestro, los asesinatos, los malos tratos y hasta la muerte, han sido las premisas de los testimonios de las personas que intentan cruzar la frontera de M\u00e9xico con EEUU.<\/p>\n<p>Despu\u00e9s de la detenci\u00f3n, son concentrados en campos cercados y vigilados conocidos como &#8216;estaciones migratorias&#8217; ubicadas a lo largo de la ruta, principalmente en los estados de Chiapas, Tabasco, Veracruz y Tamaulipas, como lo han constatado periodistas de distintos medios de comunicaci\u00f3n. En Tamaulipas polic\u00edas estatales y personal del Instituto Nacional de Migraci\u00f3n, concentran a migrantes centroamericanos en las instalaciones de Migraci\u00f3n en el Puente Internacional del municipio Miguel Alem\u00e1n, por ejemplo. En Tabasco, el INM, los concentra en una ubicaci\u00f3n que fue cedida por una instituci\u00f3n religiosa para funcionar como estaci\u00f3n migratoria, de la cual, los migrantes han intentado fugarse. &#8220;En testimonios, migrantes se\u00f1alaron que su evasi\u00f3n del lugar fue por falta de atenci\u00f3n adecuada, como retraso o falta de alimentos, desatenci\u00f3n m\u00e9dica, sanitaria y maltrato de los agentes que los atend\u00edan, por lo cual algunos pidieron incluso ser deportados.&#8221; En otra nota se recupera este testimonio: &#8220;\u00bfCu\u00e1l es la situaci\u00f3n en la Casa del Migrante, por qu\u00e9 optaron por fugarse? Porque estamos padeciendo con la comida. Nos est\u00e1n tratando como unos perros. Cuando vamos al sanitario, s\u00f3lo 5 minutos y dicen afuera, ya estuvo. Los ni\u00f1os est\u00e1n con calentura, est\u00e1n demasiado enfermos. Ayer a un se\u00f1or le dio un paro y se quedaron, como si no tuviera nada&#8221;. En Chiapas, son concentrados en la &#8216;Estaci\u00f3n Migratoria Siglo XXI&#8217; que est\u00e1 en Tapachula, de la cual tambi\u00e9n ha habido varios intentos de fuga. Por ejemplo, en abril, se registr\u00f3 una fuga masiva de m\u00e1s de 600 migrantes. &#8216;Operativos&#8217; de la poic\u00eda federal y el INM se dieron a la tarea de volver a capturar y concentrar a los migrantes.<br \/>\nSeg\u00fan m\u00faltiples denuncias, las condiciones de las estaciones migratorias son inhumanas e insuficientes para recibir a la cantidad de personas que est\u00e1n siendo concentradas en estos espacios. Los migrantes son detenidos y concentrados en condiciones de hacinamiento insostenible. Seg\u00fan una nota del diario La Opini\u00f3n, &#8220;Los inmigrantes dicen que no les dan comida, que no se pueden ba\u00f1ar, que est\u00e1n demasiado enfermos y no tienen medicina &#8216;ni para bajar la calentura&#8217;. En resumen: que &#8216;los tratan como perros&#8217; y por eso buscan la forma de escapar de los Centros de Detenci\u00f3n Migratoria, el epicentro de las deportaciones de indocumentados en este pa\u00eds.&#8221; Adem\u00e1s, se afirma que: &#8220;El n\u00famero de detenidos ha desbordado a los m\u00e1s 59 centros de detenci\u00f3n para personas migrantes: 32 estaciones migratorias, 15 estancias provisionales tipo A para una estancia m\u00e1xima de 48 horas y 12 estancias provisionales de tipo B para una estad\u00eda m\u00e1xima de 7 d\u00edas.&#8221;<br \/>\nAnte esta situaci\u00f3n de precariedad en que se encuentran los migrantes concentrados, y frente a los intentos repetidos de fuga, las autoridades mexicanas han decidido invertir dinero en mayor seguridad y vigilancia. Lo cual evidencia que para el Estado el problema no es que est\u00e9n hacinados y en condiciones inhumanas, sino que se fuguen. As\u00ed se constata, por ejemplo en una nota de MVS noticias:<\/p>\n<p>&#8220;El subsecretario para Am\u00e9rica Latina y el Caribe, Maximiliano Reyes Z\u00fa\u00f1iga anunci\u00f3 la remodelaci\u00f3n de las estaciones migratorias de Chiapas, Tabasco y Veracruz, para reforzar la seguridad y vigilancia de los migrantes asegurados, as\u00ed como los espacios para la atenci\u00f3n en estas instalaciones. En conferencia de prensa, inform\u00f3 que la estaci\u00f3n migratoria Siglo XXI, la m\u00e1s grande de Chiapas se reforzar\u00e1 la seguridad con la instalaci\u00f3n de nuevos accesos, ampliar las bardas perimetrales, as\u00ed como la instalaci\u00f3n de c\u00e1maras de vigilancia, adem\u00e1s de la ampliaci\u00f3n en \u00e1reas de salud, cocina, centro telef\u00f3nico y \u00e1rea l\u00fadica para menores\u2026 &#8221;<\/p>\n<p>Adem\u00e1s se afirma que los centros migratorios que se reforzar\u00e1n se ubican en Tenosique, Tabasco; Acayucan, Veracruz y Tapachula, Chiapas. Otros migrantes, en lugar de ser detenidos, son extorionados por miembros de la polic\u00eda federal, como sucede en Reynosa, Tamaulipas, seg\u00fan declar\u00f3 H\u00e9ctor Silva, director del albergue &#8216;Senda de Vida, la Casa del Migrante Nuestra Se\u00f1ora de Guadalupe&#8217;. Tambi\u00e9n afirm\u00f3 que personal del Instituto Nacional de Migraci\u00f3n (INM) cobra entre mil 200 y mil 500 d\u00f3lares para agilizar los tr\u00e1mites de asilo. La situaci\u00f3n de los migrantes deportados de EEUU hacia M\u00e9xico es igual de precaria. A un mes de que EEUU decidiera implementar el programa de &#8216;Migrantes retornados&#8217;, 4,000 personas han sido expulsados hacia Nuevo Laredo, Tamaulipas. Las autoridades migratorias lejos de atender su situaci\u00f3n migratoria los ha abandonado a su suerte.<\/p>\n<p>Despu\u00e9s de ser perseguidos, capturados, violentados, y concentrados los migrantes son deportados. Seg\u00fan una nota del 6 de septiembre de Pie de P\u00e1gina, el saldo es el siguiente: Al concluir los 90 d\u00edas de plazo que EEUU le impuso a M\u00e9xico para detener el flujo migratorio, el titular de la Secretar\u00eda de Relaciones Exteriores inform\u00f3:<br \/>\n&#8211; Se detuvieron 138,000 migrantes en tres meses.<br \/>\n&#8211; Se deportaron 134,000 migrantes.<br \/>\n&#8211; Se redujo el flujo de migrantes en tr\u00e1nsito por M\u00e9xico en 56%.<\/p>\n<p>La nota de Pie de P\u00e1gina tambi\u00e9n informa que &#8220;En la implementaci\u00f3n de este nuevo plan fronterizo, el gobierno de M\u00e9xico ech\u00f3 mano de 25 mil 454 elementos de la Guardia Nacional que han apoyado los operativos migratorios en el norte y el sur del pa\u00eds. A pesar de la documentaci\u00f3n constante que han hecho diferentes medios de comunicaci\u00f3n en cuanto al trato que est\u00e1n recibiendo los migrantes en su paso por M\u00e9xico, Ebrard Casaubon afirm\u00f3 que el despliegue de estos elementos ha sido &#8216;exitoso respecto a los Derechos Humanos&#8217;, pues en este periodo, s\u00f3lo se han presentado siete quejas ante la Comisi\u00f3n Nacional de Derechos Humanos en contra de dicha corporaci\u00f3n.&#8221;<\/p>\n<p>Luego de una larga tradici\u00f3n de la pol\u00edtica exterior mexicana en la que se protegi\u00f3 a los perseguidos durante el siglo XX, la violaci\u00f3n de los derechos humanos de los migrantes que pasan por M\u00e9xico se convirti\u00f3 en una divisa de los gobiernos neoliberales que lejos de protegerlos de los abusos y agresiones del crimen organizado convirtieron al Estado en c\u00f3mplice y part\u00edcipe de esos cr\u00edmenes contra hombres, mujeres y ni\u00f1@s. El terminar con esas pol\u00edtica deshonrosa para nuestro pa\u00eds es un imperativo y, sin embargo, el balance de tres meses de pol\u00edtica migratoria de la autodenominada &#8220;izquierda&#8221; en M\u00e9xico prueba que las pol\u00edticas persecutorias del actual gobierno se han incrementado como nunca antes en la historia reciente de nuestro pa\u00eds.<\/p>\n<p>Con informaci\u00f3n de:<br \/>\n<a href=\"https:\/\/www.proceso.com.mx\/596000\/la-sre-reporta-46-mil-616-migrantes-rescatados-desde-diciembre-pasado\">https:\/\/www.proceso.com.mx\/596000\/la-sre-reporta-46-mil-616-migrantes-rescatados-desde-diciembre-pasado<\/a><br \/>\n<a href=\"https:\/\/sanluispotosi.quadratin.com.mx\/politica\/acuerdo-mexico-eu-frena-flujo-ilegal-de-migrantes-un-39-en-53-dias-sre\/\">https:\/\/sanluispotosi.quadratin.com.mx\/politica\/acuerdo-mexico-eu-frena-flujo-ilegal-de-migrantes-un-39-en-53-dias-sre\/<\/a><br \/>\n<a href=\"https:\/\/enelcamino.piedepagina.mx\/mexico-deporto-a-la-mayoria-de-los-migrantes-detenidos-estos-3-meses-ebrard\/\">https:\/\/enelcamino.piedepagina.mx\/mexico-deporto-a-la-mayoria-de-los-migrantes-detenidos-estos-3-meses-ebrard\/<\/a><br \/>\n<a href=\"https:\/\/www.telemundo.com\/noticias\/2019\/08\/14\/mexico-ha-interceptado-19005-migrantes-en-peligro-tras-acuerdo-con-eeuu\">https:\/\/www.telemundo.com\/noticias\/2019\/08\/14\/mexico-ha-interceptado-19005-migrantes-en-peligro-tras-acuerdo-con-eeuu<\/a><br \/>\n<a href=\"https:\/\/www.contralinea.com.mx\/archivo-revista\/2019\/06\/04\/ebrard-informara-a-pompeo-31-mil-migrantes-detenidos-y-22-mil-deportados\/\">https:\/\/www.contralinea.com.mx\/archivo-revista\/2019\/06\/04\/ebrard-informara-a-pompeo-31-mil-migrantes-detenidos-y-22-mil-deportados\/<\/a><br \/>\n<a href=\"https:\/\/www.24-horas.mx\/2019\/08\/15\/en-promedio-rescatan-a-200-migrantes-por-dia\/\">https:\/\/www.24-horas.mx\/2019\/08\/15\/en-promedio-rescatan-a-200-migrantes-por-dia\/<\/a><br \/>\n<a href=\"https:\/\/diario.mx\/nacional\/duplica-mexico-arresto-de-migrantes-20190703-1535009.html\">https:\/\/diario.mx\/nacional\/duplica-mexico-arresto-de-migrantes-20190703-1535009.html<\/a><br \/>\n<a href=\"https:\/\/www.debate.com.mx\/migracion\/Gobierno-Federal-discrimina-con-revisiones-migratorias-20190818-0082.html\">https:\/\/www.debate.com.mx\/migracion\/Gobierno-Federal-discrimina-con-revisiones-migratorias-20190818-0082.html<\/a><br \/>\n<a href=\"https:\/\/hoy.com.do\/guardia-de-mexico-arrecia-caceria-contra-inmigrantes\/\">https:\/\/hoy.com.do\/guardia-de-mexico-arrecia-caceria-contra-inmigrantes\/<\/a><br \/>\n<a href=\"http:\/\/www.m.e-veracruz.mx\/nota\/2019-06-03\/migrantes\/operativo-contra-migrantes-en-coatzacoalcos-policia-federal-impide-que\">http:\/\/www.m.e-veracruz.mx\/nota\/2019-06-03\/migrantes\/operativo-contra-migrantes-en-coatzacoalcos-policia-federal-impide-que<\/a><br \/>\n<a href=\"https:\/\/veracruz.lasillarota.com\/estados\/cambios-en-inm-para-dar-resultados-a-peticiones-de-eu-inm-tamaulipas-veracruz-marina\/296084\">https:\/\/veracruz.lasillarota.com\/estados\/cambios-en-inm-para-dar-resultados-a-peticiones-de-eu-inm-tamaulipas-veracruz-marina\/296084<\/a><br \/>\n<a href=\"https:\/\/plumaslibres.com.mx\/2019\/07\/04\/designan-a-militar-naval-como-nuevo-delegado-de-migracion-de-veracruz\/\">https:\/\/plumaslibres.com.mx\/2019\/07\/04\/designan-a-militar-naval-como-nuevo-delegado-de-migracion-de-veracruz\/<\/a><br \/>\n<a href=\"https:\/\/conexionmigrante.com\/2019-\/07-\/02\/secretaria-de-marina-detiene-trailer-con-200-migrantes-indocumentados-en-veracruz\/\">https:\/\/conexionmigrante.com\/2019-\/07-\/02\/secretaria-de-marina-detiene-trailer-con-200-migrantes-indocumentados-en-veracruz\/<\/a><br \/>\n<a href=\"https:\/\/psn.si\/mil-migrantes-detenidos-veracruz\/2019\/06\/\">https:\/\/psn.si\/mil-migrantes-detenidos-veracruz\/2019\/06\/<\/a><br \/>\n<a href=\"https:\/\/imagendelgolfo.mx\/noticias-veracruz\/Xalapa\/41253014\/Investigan-a-policias-por-el-ataque-a-migrantes-salvadorenos-en-Veracruz.html\">https:\/\/imagendelgolfo.mx\/noticias-veracruz\/Xalapa\/41253014\/Investigan-a-policias-por-el-ataque-a-migrantes-salvadorenos-en-Veracruz.html<\/a><br \/>\n<a href=\"https:\/\/www.diariodemexico.com\/ataque-armado-migrantes-en-carretera-de-veracruz-deja-una-persona-muerta\">https:\/\/www.diariodemexico.com\/ataque-armado-migrantes-en-carretera-de-veracruz-deja-una-persona-muerta<\/a><br \/>\n<a href=\"https:\/\/m.excelsior.com.mx\/nacional\/ataque-a-migrantes-en-veracruz-hay-un-muerto\/1318722\">https:\/\/m.excelsior.com.mx\/nacional\/ataque-a-migrantes-en-veracruz-hay-un-muerto\/1318722<\/a><br \/>\n<a href=\"https:\/\/www.animalpolitico.com\/2019\/08\/migrante-asesinado-inocente-policia-fuerza-letal-fiscalia-coahuila\/\">https:\/\/www.animalpolitico.com\/2019\/08\/migrante-asesinado-inocente-policia-fuerza-letal-fiscalia-coahuila\/<\/a><br \/>\n<a href=\"https:\/\/www.animalpolitico.com\/2019\/08\/asesinan-migrante-saltillo-policias-agresion\/\">https:\/\/www.animalpolitico.com\/2019\/08\/asesinan-migrante-saltillo-policias-agresion\/<\/a><br \/>\n<a href=\"https:\/\/www.bbc.com\/mundo\/noticias-internacional-46166789\">https:\/\/www.bbc.com\/mundo\/noticias-internacional-46166789<\/a><br \/>\n<a href=\"https:\/\/lasillarota.com\/estados\/la-clandestinidad-la-apuesta-de-los-migrantes-para-cruzar-mexico-migrantes\/297547\">https:\/\/lasillarota.com\/estados\/la-clandestinidad-la-apuesta-de-los-migrantes-para-cruzar-mexico-migrantes\/297547<\/a><br \/>\n<a href=\"https:\/\/www.posta.com.mx\/tamaulipas\/denuncian-acoso-de-la-policia-federal-e-inm-migrantes-en-reynosa\">https:\/\/www.posta.com.mx\/tamaulipas\/denuncian-acoso-de-la-policia-federal-e-inm-migrantes-en-reynosa<\/a><br \/>\n<a href=\"https:\/\/elintranews.com\/usa\/2019\/07\/04\/el-calvario-que-viven-los-migrantes-en-mexico-redadas-secuestros-y-muerte\/\">https:\/\/elintranews.com\/usa\/2019\/07\/04\/el-calvario-que-viven-los-migrantes-en-mexico-redadas-secuestros-y-muerte\/<\/a><br \/>\n<a href=\"https:\/\/www.efe.com\/efe\/usa\/mexico\/msf-45-de-los-migrantes-atendidos-en-noreste-mexico-sufrieron-violencia\/50000100-4057767\">https:\/\/www.efe.com\/efe\/usa\/mexico\/msf-45-de-los-migrantes-atendidos-en-noreste-mexico-sufrieron-violencia\/50000100-4057767<\/a><br \/>\n<a href=\"https:\/\/www.milenio.com\/politica\/aumentan-violaciones-contra-hombres-y-mujeres-migrantes\">https:\/\/www.milenio.com\/politica\/aumentan-violaciones-contra-hombres-y-mujeres-migrantes<\/a><br \/>\n<a href=\"https:\/\/mundo.sputniknews.com\/america-latina\/201907131087997937-gobierno-mexicano-enfrenta-protestas-contra-politica-migratoria-en-frontera-sur\/\">https:\/\/mundo.sputniknews.com\/america-latina\/201907131087997937-gobierno-mexicano-enfrenta-protestas-contra-politica-migratoria-en-frontera-sur\/<\/a><br \/>\n<a href=\"http:\/\/www.ejecentral.com.mx\/trasladan-a-180-migrantes-a-oficinas-de-detencion-en-3-estados\/\">http:\/\/www.ejecentral.com.mx\/trasladan-a-180-migrantes-a-oficinas-de-detencion-en-3-estados\/<\/a><br \/>\n<a href=\"https:\/\/www.elsiglodetorreon.com.mx\/noticia\/1586881.los-regresan-a-estacion-migratoria-tras-fugarse-en-tabasco.html\">https:\/\/www.elsiglodetorreon.com.mx\/noticia\/1586881.los-regresan-a-estacion-migratoria-tras-fugarse-en-tabasco.html<\/a><br \/>\n<a href=\"https:\/\/heraldodemexico.com.mx\/estados\/migrantes-exhiben-condiciones-deplorables-de-estacion-migratoria-de-acayucan-veracruz\/\">https:\/\/heraldodemexico.com.mx\/estados\/migrantes-exhiben-condiciones-deplorables-de-estacion-migratoria-de-acayucan-veracruz\/<\/a><br \/>\n<a href=\"https:\/\/www.diariodemorelos.com\/noticias\/por-malos-tratos-en-albergue-reportan-fuga-masiva-de-migrantes\">https:\/\/www.diariodemorelos.com\/noticias\/por-malos-tratos-en-albergue-reportan-fuga-masiva-de-migrantes<\/a><br \/>\n<a href=\"https:\/\/www.tribuna.com.mx\/mexico\/Tras-fuga-mas-de-600-migrantes-son-buscados-por-el-INM-y-la-Policia-Federal--20190428-0107.html\">https:\/\/www.tribuna.com.mx\/mexico\/Tras-fuga-mas-de-600-migrantes-son-buscados-por-el-INM-y-la-Policia-Federal&#8211;20190428-0107.html<\/a><br \/>\n<a href=\"https:\/\/laopinion.com\/2019\/06\/18\/enfermos-y-hambrientos-desbordan-estaciones-migratorias-mexicanas\/\">https:\/\/laopinion.com\/2019\/06\/18\/enfermos-y-hambrientos-desbordan-estaciones-migratorias-mexicanas\/<\/a><br \/>\n<a href=\"https:\/\/mvsnoticias.com\/noticias\/estados\/reforzaran-seguridad-de-estaciones-migratorias-de-chiapas-tabasco-y-veracruz\/\">https:\/\/mvsnoticias.com\/noticias\/estados\/reforzaran-seguridad-de-estaciones-migratorias-de-chiapas-tabasco-y-veracruz\/<\/a><br \/>\n<a href=\"https:\/\/mvsnoticias.com\/noticias\/nacionales\/advierten-riesgo-de-que-migrantes-tomen-rutas-mas-peligrosas-hacia-la-frontera-norte\/\">https:\/\/mvsnoticias.com\/noticias\/nacionales\/advierten-riesgo-de-que-migrantes-tomen-rutas-mas-peligrosas-hacia-la-frontera-norte\/<\/a><br \/>\n<a href=\"https:\/\/www.razon.com.mx\/mexico\/veracruz-y-chiapas-zonas-de-mayor-riesgo-para-ellos\/\">https:\/\/www.razon.com.mx\/mexico\/veracruz-y-chiapas-zonas-de-mayor-riesgo-para-ellos\/<\/a><br \/>\n<a href=\"https:\/\/m.excelsior.com.mx\/nacional\/desalojan-a-migrantes-retornados-de-eu-del-inami\/1330895\">https:\/\/m.excelsior.com.mx\/nacional\/desalojan-a-migrantes-retornados-de-eu-del-inami\/1330895<\/a><br \/>\n<a href=\"https:\/\/www.eldiariodechihuahua.mx\/nacional\/eeuu-retorna-a-tamaulipas-a-280-migrantes-20190725-1543723.html\">https:\/\/www.eldiariodechihuahua.mx\/nacional\/eeuu-retorna-a-tamaulipas-a-280-migrantes-20190725-1543723.html<\/a><\/p>\n","protected":false},"excerpt":{"rendered":"<p>Colectivo Grieta \/ 08 de octubre 2019 Seg\u00fan declaraciones recientes del titular de la Secretaria de Relaciones Exteriores, desde el primero de diciembre de 2018 y hasta el 11 de &hellip; <a href=\"https:\/\/www.grieta.org.mx\/index.php\/2019\/10\/09\/mexico-mas-de-90-dias-de-perseguir-capturar-concentrar-y-deportar-migrantes\/\" class=\"more-link\">Leer m\u00e1s<\/a><\/p>\n","protected":false},"author":2,"featured_media":40082,"comment_status":"closed","ping_status":"closed","sticky":false,"template":"","format":"standard","meta":{"ngg_post_thumbnail":0,"_jetpack_newsletter_access":"","_jetpack_dont_email_post_to_subs":false,"_jetpack_newsletter_tier_id":0,"_jetpack_memberships_contains_paywalled_content":false,"_jetpack_memberships_contains_paid_content":false,"footnotes":""},"categories":[1860,80,1775,86,370,2124,2542,32,33,83,35],"tags":[1410,1194,2511,2869,2774],"class_list":["post-40078","post","type-post","status-publish","format-standard","has-post-thumbnail","hentry","category-caravana-de-poblaciones-migrantes-en-veracruz","category-cintillo","category-colectivo-grieta","category-migrantes","category-migrantes-analisis","category-migrantes-en-tamaulipas","category-persecucion-y-criminalizacion-de-migrantes-en-tabasco","category-tabasco","category-tamaulipas","category-temas-nacionales","category-veracruz","tag-abusos-contra-migrantes","tag-criminalizacion-de-migrantes","tag-deportacion-de-migrantes","tag-detenciones-masivas-de-migrantes","tag-extorsion-a-migrantes","entry"],"jetpack_featured_media_url":"https:\/\/www.grieta.org.mx\/wp-content\/uploads\/2019\/10\/Secretaria-de-Marina-encuentra-un-trailer-abandonado-con-200-migrantes-en-Veracruz.png","jetpack_sharing_enabled":true,"jetpack_shortlink":"https:\/\/wp.me\/p7ZJR4-aqq","jetpack_likes_enabled":false,"jetpack-related-posts":[{"id":33147,"url":"https:\/\/www.grieta.org.mx\/index.php\/2019\/05\/04\/mexico-emprende-caceria-contra-migrantes-que-viajan-en-la-bestia-veracruz-tabasco\/","url_meta":{"origin":40078,"position":0},"title":"M\u00e9xico emprende cacer\u00eda contra migrantes que viajan en la Bestia (Veracruz, Tabasco)","author":"grieta","date":"4 mayo, 2019","format":false,"excerpt":"Xiomara Orellana \/ La Prensa Tegucigalpa, Honduras. Desbordada est\u00e1 la situaci\u00f3n migratoria en M\u00e9xico, lo que ha obligado a los agentes del Instituto Nacional de Migraci\u00f3n (INM) a perseguir a los sin papeles que se encuentran a lo largo de las fronteras norte y sur en ese pa\u00eds. Las medidas\u2026","rel":"","context":"En &quot;CINTILLO&quot;","block_context":{"text":"CINTILLO","link":"https:\/\/www.grieta.org.mx\/index.php\/category\/cintillo\/"},"img":{"alt_text":"","src":"https:\/\/i0.wp.com\/www.grieta.org.mx\/wp-content\/uploads\/2019\/05\/dt.common.streams.StreamServer.cls_.jpg?resize=350%2C200&ssl=1","width":350,"height":200,"srcset":"https:\/\/i0.wp.com\/www.grieta.org.mx\/wp-content\/uploads\/2019\/05\/dt.common.streams.StreamServer.cls_.jpg?resize=350%2C200&ssl=1 1x, https:\/\/i0.wp.com\/www.grieta.org.mx\/wp-content\/uploads\/2019\/05\/dt.common.streams.StreamServer.cls_.jpg?resize=525%2C300&ssl=1 1.5x, https:\/\/i0.wp.com\/www.grieta.org.mx\/wp-content\/uploads\/2019\/05\/dt.common.streams.StreamServer.cls_.jpg?resize=700%2C400&ssl=1 2x"},"classes":[]},{"id":53560,"url":"https:\/\/www.grieta.org.mx\/index.php\/2020\/08\/13\/denuncian-abusos-del-inm-contra-migrantes-en-tabasco\/","url_meta":{"origin":40078,"position":1},"title":"Denuncian abusos del INM contra migrantes en Tabasco","author":"grieta","date":"13 agosto, 2020","format":false,"excerpt":"Nora Bucio \/ MVS Esta organizaci\u00f3n manifest\u00f3 su repudio contra la violencia, la criminalizaci\u00f3n y atropello perpetrado por las autoridades contra las personas migrantes. El Equipo de la 72, hogar refugio para personas migrantes, denunci\u00f3 que el Instituto Nacional de Migraci\u00f3n (INM), ingres\u00f3 de manera violenta a un \u00e1rea de\u2026","rel":"","context":"En &quot;CINTILLO&quot;","block_context":{"text":"CINTILLO","link":"https:\/\/www.grieta.org.mx\/index.php\/category\/cintillo\/"},"img":{"alt_text":"","src":"https:\/\/i0.wp.com\/www.grieta.org.mx\/wp-content\/uploads\/2020\/09\/60d21f8a-inm.jpg?resize=350%2C200&ssl=1","width":350,"height":200},"classes":[]},{"id":56843,"url":"https:\/\/www.grieta.org.mx\/index.php\/2021\/02\/04\/ataque-a-migrantes-en-tabasco-deja-un-muerto-y-dos-heridos-inm-estaria-implicado\/","url_meta":{"origin":40078,"position":2},"title":"Ataque a migrantes en Tabasco deja un muerto y dos heridos; INM estar\u00eda implicado","author":"grieta","date":"4 febrero, 2021","format":false,"excerpt":"Las v\u00edctimas del ataque dijeron que los disparos en su contra provinieron de un veh\u00edculo con logos del Instituto Nacional de Migraci\u00f3n Redacci\u00f3n \/ Conexi\u00f3n Migrante Un muerto y dos heridos fue el saldo del ataque que presuntos elementos del Instituto Nacional de Migraci\u00f3n (INM) realizaron contra una camioneta en\u2026","rel":"","context":"En &quot;CINTILLO&quot;","block_context":{"text":"CINTILLO","link":"https:\/\/www.grieta.org.mx\/index.php\/category\/cintillo\/"},"img":{"alt_text":"","src":"https:\/\/i0.wp.com\/www.grieta.org.mx\/wp-content\/uploads\/2021\/02\/Ataque-a-migrantes-en-Tabasco-deja-un-muerto-y-dos-heridos-Movimiento-Migrante-Mesoamericano.jpg?resize=350%2C200&ssl=1","width":350,"height":200,"srcset":"https:\/\/i0.wp.com\/www.grieta.org.mx\/wp-content\/uploads\/2021\/02\/Ataque-a-migrantes-en-Tabasco-deja-un-muerto-y-dos-heridos-Movimiento-Migrante-Mesoamericano.jpg?resize=350%2C200&ssl=1 1x, https:\/\/i0.wp.com\/www.grieta.org.mx\/wp-content\/uploads\/2021\/02\/Ataque-a-migrantes-en-Tabasco-deja-un-muerto-y-dos-heridos-Movimiento-Migrante-Mesoamericano.jpg?resize=525%2C300&ssl=1 1.5x, https:\/\/i0.wp.com\/www.grieta.org.mx\/wp-content\/uploads\/2021\/02\/Ataque-a-migrantes-en-Tabasco-deja-un-muerto-y-dos-heridos-Movimiento-Migrante-Mesoamericano.jpg?resize=700%2C400&ssl=1 2x, https:\/\/i0.wp.com\/www.grieta.org.mx\/wp-content\/uploads\/2021\/02\/Ataque-a-migrantes-en-Tabasco-deja-un-muerto-y-dos-heridos-Movimiento-Migrante-Mesoamericano.jpg?resize=1050%2C600&ssl=1 3x"},"classes":[]},{"id":34214,"url":"https:\/\/www.grieta.org.mx\/index.php\/2019\/05\/19\/caen-25-migrantes-en-vehiculo-clonado-del-inm-en-veracruz\/","url_meta":{"origin":40078,"position":3},"title":"Caen 25 migrantes en veh\u00edculo clonado del INM en Veracruz","author":"grieta","date":"19 mayo, 2019","format":false,"excerpt":"Redacci\u00f3n \/ La verdad de Tamaulipas Xalapa, Veracruz.- Elementos de la Polic\u00eda Federal aseguraron a un total de 25 indocumentados que eran trasladados en un veh\u00edculo del Instituto Nacional de Migraci\u00f3n (INM), en una de las rutas para cruzar a los Estados Unidos. Tras los hechos los efectivos federales detuvieron\u2026","rel":"","context":"En &quot;CINTILLO&quot;","block_context":{"text":"CINTILLO","link":"https:\/\/www.grieta.org.mx\/index.php\/category\/cintillo\/"},"img":{"alt_text":"","src":"https:\/\/i0.wp.com\/www.grieta.org.mx\/wp-content\/uploads\/2019\/06\/200520-caen-25-migrantes-en-vehiculo-clonado-del-inm-en-veracruz.jpg?resize=350%2C200&ssl=1","width":350,"height":200,"srcset":"https:\/\/i0.wp.com\/www.grieta.org.mx\/wp-content\/uploads\/2019\/06\/200520-caen-25-migrantes-en-vehiculo-clonado-del-inm-en-veracruz.jpg?resize=350%2C200&ssl=1 1x, https:\/\/i0.wp.com\/www.grieta.org.mx\/wp-content\/uploads\/2019\/06\/200520-caen-25-migrantes-en-vehiculo-clonado-del-inm-en-veracruz.jpg?resize=525%2C300&ssl=1 1.5x"},"classes":[]},{"id":34572,"url":"https:\/\/www.grieta.org.mx\/index.php\/2019\/05\/11\/109-migrantes-son-deportados-a-honduras-desde-minatitlan-veracruz\/","url_meta":{"origin":40078,"position":4},"title":"109 migrantes son deportados a Honduras desde Minatitl\u00e1n, Veracruz","author":"grieta","date":"11 mayo, 2019","format":false,"excerpt":"Redacci\u00f3n \/ Heraldo de M\u00e9xico De acuerdo con el Instituto Nacional de Migraci\u00f3n, los hondure\u00f1os contaban con una condici\u00f3n migratoria irregular en M\u00e9xico Este s\u00e1bado 11 de mayo, el Instituto Nacional de Migraci\u00f3n (INM) inform\u00f3 que se deportaron 109 migrantes de Honduras a su pa\u00eds de origen. A trav\u00e9s de\u2026","rel":"","context":"En &quot;CINTILLO&quot;","block_context":{"text":"CINTILLO","link":"https:\/\/www.grieta.org.mx\/index.php\/category\/cintillo\/"},"img":{"alt_text":"","src":"https:\/\/i0.wp.com\/www.grieta.org.mx\/wp-content\/uploads\/2019\/06\/deportan_109_migrantes_a_honduras.jpg?resize=350%2C200&ssl=1","width":350,"height":200,"srcset":"https:\/\/i0.wp.com\/www.grieta.org.mx\/wp-content\/uploads\/2019\/06\/deportan_109_migrantes_a_honduras.jpg?resize=350%2C200&ssl=1 1x, https:\/\/i0.wp.com\/www.grieta.org.mx\/wp-content\/uploads\/2019\/06\/deportan_109_migrantes_a_honduras.jpg?resize=525%2C300&ssl=1 1.5x"},"classes":[]},{"id":33140,"url":"https:\/\/www.grieta.org.mx\/index.php\/2019\/05\/02\/van-cinco-mil-300-migrantes-asegurados-en-veracruz-pf\/","url_meta":{"origin":40078,"position":5},"title":"Van cinco mil 300 migrantes asegurados en Veracruz: PF","author":"grieta","date":"2 mayo, 2019","format":false,"excerpt":"Danytza Flores \/ Diario de Xalapa Boca del R\u00edo, Ver.-La Polic\u00eda Federal inform\u00f3 que en el \u00faltimo mes ha rescatado y deportado a 5 mil 300 indocumentados en el estado de Veracruz. Los aseguramientos se han dado en la zona sur, principalmente en Las Choapas, Coatzacoalcos y Minatitl\u00e1n, report\u00f3 el\u2026","rel":"","context":"En &quot;CINTILLO&quot;","block_context":{"text":"CINTILLO","link":"https:\/\/www.grieta.org.mx\/index.php\/category\/cintillo\/"},"img":{"alt_text":"","src":"https:\/\/i0.wp.com\/www.grieta.org.mx\/wp-content\/uploads\/2019\/05\/PF.jpg?resize=350%2C200&ssl=1","width":350,"height":200,"srcset":"https:\/\/i0.wp.com\/www.grieta.org.mx\/wp-content\/uploads\/2019\/05\/PF.jpg?resize=350%2C200&ssl=1 1x, https:\/\/i0.wp.com\/www.grieta.org.mx\/wp-content\/uploads\/2019\/05\/PF.jpg?resize=525%2C300&ssl=1 1.5x, https:\/\/i0.wp.com\/www.grieta.org.mx\/wp-content\/uploads\/2019\/05\/PF.jpg?resize=700%2C400&ssl=1 2x"},"classes":[]}],"_links":{"self":[{"href":"https:\/\/www.grieta.org.mx\/index.php\/wp-json\/wp\/v2\/posts\/40078","targetHints":{"allow":["GET"]}}],"collection":[{"href":"https:\/\/www.grieta.org.mx\/index.php\/wp-json\/wp\/v2\/posts"}],"about":[{"href":"https:\/\/www.grieta.org.mx\/index.php\/wp-json\/wp\/v2\/types\/post"}],"author":[{"embeddable":true,"href":"https:\/\/www.grieta.org.mx\/index.php\/wp-json\/wp\/v2\/users\/2"}],"replies":[{"embeddable":true,"href":"https:\/\/www.grieta.org.mx\/index.php\/wp-json\/wp\/v2\/comments?post=40078"}],"version-history":[{"count":1,"href":"https:\/\/www.grieta.org.mx\/index.php\/wp-json\/wp\/v2\/posts\/40078\/revisions"}],"predecessor-version":[{"id":40088,"href":"https:\/\/www.grieta.org.mx\/index.php\/wp-json\/wp\/v2\/posts\/40078\/revisions\/40088"}],"wp:featuredmedia":[{"embeddable":true,"href":"https:\/\/www.grieta.org.mx\/index.php\/wp-json\/wp\/v2\/media\/40082"}],"wp:attachment":[{"href":"https:\/\/www.grieta.org.mx\/index.php\/wp-json\/wp\/v2\/media?parent=40078"}],"wp:term":[{"taxonomy":"category","embeddable":true,"href":"https:\/\/www.grieta.org.mx\/index.php\/wp-json\/wp\/v2\/categories?post=40078"},{"taxonomy":"post_tag","embeddable":true,"href":"https:\/\/www.grieta.org.mx\/index.php\/wp-json\/wp\/v2\/tags?post=40078"}],"curies":[{"name":"wp","href":"https:\/\/api.w.org\/{rel}","templated":true}]}}